{"id":1056,"date":"2012-06-05T20:04:47","date_gmt":"2012-06-05T20:04:47","guid":{"rendered":"http:\/\/blog.k-m.de\/de\/?p=1056"},"modified":"2021-03-24T09:45:08","modified_gmt":"2021-03-24T08:45:08","slug":"uber-medina-und-discospiegel-am-mikrofonstander","status":"publish","type":"post","link":"https:\/\/www.k-m.de\/brand\/de\/uber-medina-und-discospiegel-am-mikrofonstander\/","title":{"rendered":"\u00dcber Medina und Discospiegel am Mikrofonst\u00e4nder"},"content":{"rendered":"<p><strong>\u201eWie \u2013 Discospiegel auf den Mikrofonst\u00e4nder kleben?\u201c<br \/>\n<\/strong><a href=\"www.medina-music.de\" target=\"_blank\" rel=\"noopener\">Medina<\/a> sah mich verwundert an. \u201eNa ja, du hattest doch bei der letzten Tour dein Stage-Stativ auf diese Weise eigenh\u00e4ndig aufgepeppt. Da dachte ich mir, es w\u00e4re doch ganz lustig, w\u00e4hrend eines Interviews ein bisschen kreativ zu sein? Ich habe alles dabei.\u201c Stille. W\u00fcrde die d\u00e4nische Pop-Diva mitmachen?<\/p>\n<p>So die Einleitung des Interviews mit der d\u00e4nischen S\u00e4ngerin anl\u00e4sslich ihrers neuen Albums.<br \/>\nDas <strong>Musikerportal Bonedo<\/strong> hat das vollst\u00e4ndige Gespr\u00e4ch mit Medina <a href=\"http:\/\/www.bonedo.de\/artikel\/einzelansicht\/medina-interview-forever.html\" target=\"_blank\" rel=\"noopener\">hier<\/a> ver\u00f6ffentlicht.<\/p>\n<p>Nat\u00fcrlich machte Medina die &#8222;Kreativarbeit&#8220; mit:<\/p>\n<p style=\"padding-left: 30px;\">\u201eAlso brauche ich das Klebeband &#8230;\u201c Sie nahm das Projekt sofort und\u00a0ohne Umschweife in Angriff! Die Spiegel waren zwar\u00a0selbstklebend, \u201eaber ich brauch das Klebeband trotzdem \u2013 sonst h\u00e4lt das nicht richtig.\u201c Man merkt gleich, dass da jemand mit Erfahrung am Werk ist. \u201eIch werde ihn rrrrichtig h\u00fcbsch machen!\u201c<\/p>\n<p style=\"text-align: left;\">Das Mikrofonstativ ist jetzt \u00fcbrigens bei uns, wir nehmen uns diesen \u201aPrototypen\u2019 noch einmal vor, damit sich wirklich niemand schneiden kann. \ud83d\ude09<br \/>\nDanach gehts zur\u00fcck zu Bonedo, die das Unikat dann verlosen werden!<\/p>\n<p>Ein paar weitere Bilder von Ralf\/bonedo.de<\/p>\n<p><img loading=\"lazy\" decoding=\"async\" class=\"alignnone wp-image-1064 size-medium\" title=\"Medina_01_9ee940ceec_6e24af0d3d\" src=\"https:\/\/www.k-m.de\/brand\/wp-content\/uploads\/2012\/06\/Medina_01_9ee940ceec_6e24af0d3d-300x180.jpg\" alt=\"\" width=\"300\" height=\"180\" srcset=\"https:\/\/www.k-m.de\/brand\/wp-content\/uploads\/2012\/06\/Medina_01_9ee940ceec_6e24af0d3d-300x180.jpg 300w, https:\/\/www.k-m.de\/brand\/wp-content\/uploads\/2012\/06\/Medina_01_9ee940ceec_6e24af0d3d-800x480.jpg 800w, https:\/\/www.k-m.de\/brand\/wp-content\/uploads\/2012\/06\/Medina_01_9ee940ceec_6e24af0d3d-1200x720.jpg 1200w, https:\/\/www.k-m.de\/brand\/wp-content\/uploads\/2012\/06\/Medina_01_9ee940ceec_6e24af0d3d-500x300.jpg 500w, https:\/\/www.k-m.de\/brand\/wp-content\/uploads\/2012\/06\/Medina_01_9ee940ceec_6e24af0d3d.jpg 590w\" sizes=\"auto, (max-width: 300px) 100vw, 300px\" \/><\/p>\n<p>&nbsp;<\/p>\n<p><img loading=\"lazy\" decoding=\"async\" class=\"alignnone wp-image-1066 size-medium\" title=\"Medina_06_235199675d_25705b0e46\" src=\"https:\/\/www.k-m.de\/brand\/wp-content\/uploads\/2012\/06\/Medina_06_235199675d_25705b0e46-300x180.jpg\" alt=\"\" width=\"300\" height=\"180\" srcset=\"https:\/\/www.k-m.de\/brand\/wp-content\/uploads\/2012\/06\/Medina_06_235199675d_25705b0e46-300x180.jpg 300w, https:\/\/www.k-m.de\/brand\/wp-content\/uploads\/2012\/06\/Medina_06_235199675d_25705b0e46-800x480.jpg 800w, https:\/\/www.k-m.de\/brand\/wp-content\/uploads\/2012\/06\/Medina_06_235199675d_25705b0e46-1200x720.jpg 1200w, https:\/\/www.k-m.de\/brand\/wp-content\/uploads\/2012\/06\/Medina_06_235199675d_25705b0e46-500x300.jpg 500w, https:\/\/www.k-m.de\/brand\/wp-content\/uploads\/2012\/06\/Medina_06_235199675d_25705b0e46.jpg 590w\" sizes=\"auto, (max-width: 300px) 100vw, 300px\" \/><\/p>\n<p>&nbsp;<\/p>\n<p><img loading=\"lazy\" decoding=\"async\" class=\"alignnone wp-image-1067 size-medium\" title=\"Medina_07_82209d7589_c869590a77\" src=\"https:\/\/www.k-m.de\/brand\/wp-content\/uploads\/2012\/06\/Medina_07_82209d7589_c869590a77-300x180.jpg\" alt=\"\" width=\"300\" height=\"180\" srcset=\"https:\/\/www.k-m.de\/brand\/wp-content\/uploads\/2012\/06\/Medina_07_82209d7589_c869590a77-300x180.jpg 300w, https:\/\/www.k-m.de\/brand\/wp-content\/uploads\/2012\/06\/Medina_07_82209d7589_c869590a77-800x480.jpg 800w, https:\/\/www.k-m.de\/brand\/wp-content\/uploads\/2012\/06\/Medina_07_82209d7589_c869590a77-1200x720.jpg 1200w, https:\/\/www.k-m.de\/brand\/wp-content\/uploads\/2012\/06\/Medina_07_82209d7589_c869590a77-500x300.jpg 500w, https:\/\/www.k-m.de\/brand\/wp-content\/uploads\/2012\/06\/Medina_07_82209d7589_c869590a77.jpg 590w\" sizes=\"auto, (max-width: 300px) 100vw, 300px\" \/><\/p>\n<p>&nbsp;<\/p>\n<p>&nbsp;<\/p>\n","protected":false},"excerpt":{"rendered":"<p>\u201eWie \u2013 Discospiegel auf den Mikrofonst\u00e4nder kleben?\u201c Medina sah mich verwundert an. \u201eNa ja, du hattest doch bei der letzten<span class=\"read_more\">Mehr erfahren<\/span><\/p>\n","protected":false},"author":9,"featured_media":1057,"comment_status":"open","ping_status":"open","sticky":false,"template":"","format":"standard","meta":{"footnotes":""},"categories":[27],"tags":[150,265,88,266,267,268,269,123],"class_list":["post-1056","post","type-post","status-publish","format-standard","has-post-thumbnail","hentry","category-netz-fundstuecke","tag-bonedo","tag-danische-sangerin","tag-interview","tag-medina","tag-mikrofonstander","tag-musikerportal","tag-produktest","tag-stands-for-music"],"better_featured_image":{"id":1057,"alt_text":"","caption":"","description":"","media_type":"image","media_details":{"width":688,"height":420,"file":"2012\/06\/Medina-Interview-Forever-Bonedo-Mozilla-Firefox_2012-06-05_21-37-02.jpg","sizes":{"medium":{"file":"Medina-Interview-Forever-Bonedo-Mozilla-Firefox_2012-06-05_21-37-02-600x366.jpg","width":600,"height":366,"mime-type":"image\/jpeg","source_url":"https:\/\/www.k-m.de\/brand\/wp-content\/uploads\/2012\/06\/Medina-Interview-Forever-Bonedo-Mozilla-Firefox_2012-06-05_21-37-02-600x366.jpg"},"profile_24":{"file":"Medina-Interview-Forever-Bonedo-Mozilla-Firefox_2012-06-05_21-37-02-24x24.jpg","width":24,"height":24,"mime-type":"image\/jpeg","source_url":"https:\/\/www.k-m.de\/brand\/wp-content\/uploads\/2012\/06\/Medina-Interview-Forever-Bonedo-Mozilla-Firefox_2012-06-05_21-37-02-24x24.jpg"},"profile_48":{"file":"Medina-Interview-Forever-Bonedo-Mozilla-Firefox_2012-06-05_21-37-02-48x48.jpg","width":48,"height":48,"mime-type":"image\/jpeg","source_url":"https:\/\/www.k-m.de\/brand\/wp-content\/uploads\/2012\/06\/Medina-Interview-Forever-Bonedo-Mozilla-Firefox_2012-06-05_21-37-02-48x48.jpg"},"profile_96":{"file":"Medina-Interview-Forever-Bonedo-Mozilla-Firefox_2012-06-05_21-37-02-96x96.jpg","width":96,"height":96,"mime-type":"image\/jpeg","source_url":"https:\/\/www.k-m.de\/brand\/wp-content\/uploads\/2012\/06\/Medina-Interview-Forever-Bonedo-Mozilla-Firefox_2012-06-05_21-37-02-96x96.jpg"},"thumbnail":{"file":"Medina-Interview-Forever-Bonedo-Mozilla-Firefox_2012-06-05_21-37-02-800x480.jpg","width":800,"height":480,"mime-type":"image\/jpeg","source_url":"https:\/\/www.k-m.de\/brand\/wp-content\/uploads\/2012\/06\/Medina-Interview-Forever-Bonedo-Mozilla-Firefox_2012-06-05_21-37-02-800x480.jpg"},"post-thumbnail":{"file":"Medina-Interview-Forever-Bonedo-Mozilla-Firefox_2012-06-05_21-37-02-800x480.jpg","width":800,"height":480,"mime-type":"image\/jpeg","source_url":"https:\/\/www.k-m.de\/brand\/wp-content\/uploads\/2012\/06\/Medina-Interview-Forever-Bonedo-Mozilla-Firefox_2012-06-05_21-37-02-800x480.jpg"},"medium_cropped":{"file":"Medina-Interview-Forever-Bonedo-Mozilla-Firefox_2012-06-05_21-37-02-600x600.jpg","width":600,"height":600,"mime-type":"image\/jpeg","source_url":"https:\/\/www.k-m.de\/brand\/wp-content\/uploads\/2012\/06\/Medina-Interview-Forever-Bonedo-Mozilla-Firefox_2012-06-05_21-37-02-600x600.jpg"},"large_cropped":{"file":"Medina-Interview-Forever-Bonedo-Mozilla-Firefox_2012-06-05_21-37-02-1200x720.jpg","width":1200,"height":720,"mime-type":"image\/jpeg","source_url":"https:\/\/www.k-m.de\/brand\/wp-content\/uploads\/2012\/06\/Medina-Interview-Forever-Bonedo-Mozilla-Firefox_2012-06-05_21-37-02-1200x720.jpg"},"very_large_cropped":{"file":"Medina-Interview-Forever-Bonedo-Mozilla-Firefox_2012-06-05_21-37-02-1800x900.jpg","width":1800,"height":900,"mime-type":"image\/jpeg","source_url":"https:\/\/www.k-m.de\/brand\/wp-content\/uploads\/2012\/06\/Medina-Interview-Forever-Bonedo-Mozilla-Firefox_2012-06-05_21-37-02-1800x900.jpg"},"landingpage_thumb":{"file":"Medina-Interview-Forever-Bonedo-Mozilla-Firefox_2012-06-05_21-37-02-491x300.jpg","width":491,"height":300,"mime-type":"image\/jpeg","source_url":"https:\/\/www.k-m.de\/brand\/wp-content\/uploads\/2012\/06\/Medina-Interview-Forever-Bonedo-Mozilla-Firefox_2012-06-05_21-37-02-491x300.jpg"},"medium_old_300x183":{"file":"Medina-Interview-Forever-Bonedo-Mozilla-Firefox_2012-06-05_21-37-02-300x183.jpg","width":300,"height":183,"mime-type":"image\/jpeg","source_url":"https:\/\/www.k-m.de\/brand\/wp-content\/uploads\/2012\/06\/Medina-Interview-Forever-Bonedo-Mozilla-Firefox_2012-06-05_21-37-02-300x183.jpg"},"thumbnail_old_150x150":{"file":"Medina-Interview-Forever-Bonedo-Mozilla-Firefox_2012-06-05_21-37-02-150x150.jpg","width":150,"height":150,"mime-type":"image\/jpeg","source_url":"https:\/\/www.k-m.de\/brand\/wp-content\/uploads\/2012\/06\/Medina-Interview-Forever-Bonedo-Mozilla-Firefox_2012-06-05_21-37-02-150x150.jpg"}},"image_meta":{"aperture":"0","credit":"","camera":"","caption":"","created_timestamp":"0","copyright":"","focal_length":"0","iso":"0","shutter_speed":"0","title":"","orientation":"0","keywords":[]}},"post":null,"source_url":"https:\/\/www.k-m.de\/brand\/wp-content\/uploads\/2012\/06\/Medina-Interview-Forever-Bonedo-Mozilla-Firefox_2012-06-05_21-37-02.jpg"},"post_meta_fields":{"_vc_post_settings":["a:1:{s:10:\"vc_grid_id\";a:0:{}}"],"_wpml_media_featured":["1"],"_wpml_media_duplicate":["1"],"_edit_last":["9"],"_thumbnail_id":["1057"],"post_views_count":["6596"],"dsq_thread_id":["715498197"],"_aioseop_title":["\u00dcber Medina und Discospiegel am Mikrofonst\u00e4nder "],"_aioseop_description":["Die d\u00e4nische Pop-Diva Medina pimpt ihren Mikrofonst\u00e4nder! Kreativarbeit in Cooperation mit dem Musikerportal bonedo.de"],"_aioseop_keywords":["bonedo, Medina, Mikrofonst\u00e4nder, Pimp your mic stand, Produkttest, pop-diva"],"ratings_users":["0"],"ratings_score":["0"],"ratings_average":["0"],"_edit_lock":["1551545705:9"],"_wpb_vc_js_status":["false"],"_post_dealeronly":[""]},"yoast_head":"<!-- This site is optimized with the Yoast SEO Premium plugin v26.8 (Yoast SEO v27.4) - https:\/\/yoast.com\/product\/yoast-seo-premium-wordpress\/ -->\n<title>\u00dcber Medina und Discospiegel am Mikrofonst\u00e4nder - K\u00f6nig &amp; Meyer<\/title>\n<meta name=\"robots\" content=\"index, follow, max-snippet:-1, max-image-preview:large, max-video-preview:-1\" \/>\n<link rel=\"canonical\" href=\"https:\/\/www.k-m.de\/brand\/de\/uber-medina-und-discospiegel-am-mikrofonstander\/\" \/>\n<meta property=\"og:locale\" content=\"de_DE\" \/>\n<meta property=\"og:type\" content=\"article\" \/>\n<meta property=\"og:title\" content=\"\u00dcber Medina und Discospiegel am Mikrofonst\u00e4nder\" \/>\n<meta property=\"og:description\" content=\"\u201eWie \u2013 Discospiegel auf den Mikrofonst\u00e4nder kleben?\u201c Medina sah mich verwundert an. \u201eNa ja, du hattest doch bei der letztenMehr erfahren\" \/>\n<meta property=\"og:url\" content=\"https:\/\/www.k-m.de\/brand\/de\/uber-medina-und-discospiegel-am-mikrofonstander\/\" \/>\n<meta property=\"og:site_name\" content=\"K\u00f6nig &amp; Meyer\" \/>\n<meta property=\"article:published_time\" content=\"2012-06-05T20:04:47+00:00\" \/>\n<meta property=\"article:modified_time\" content=\"2021-03-24T08:45:08+00:00\" \/>\n<meta property=\"og:image\" content=\"https:\/\/www.k-m.de\/brand\/wp-content\/uploads\/2012\/06\/Medina-Interview-Forever-Bonedo-Mozilla-Firefox_2012-06-05_21-37-02.jpg\" \/>\n\t<meta property=\"og:image:width\" content=\"688\" \/>\n\t<meta property=\"og:image:height\" content=\"420\" \/>\n\t<meta property=\"og:image:type\" content=\"image\/jpeg\" \/>\n<meta name=\"author\" content=\"Sandra Scholtz\" \/>\n<meta name=\"twitter:card\" content=\"summary_large_image\" \/>\n<meta name=\"twitter:label1\" content=\"Verfasst von\" \/>\n\t<meta name=\"twitter:data1\" content=\"Sandra Scholtz\" \/>\n\t<meta name=\"twitter:label2\" content=\"Gesch\u00e4tzte Lesezeit\" \/>\n\t<meta name=\"twitter:data2\" content=\"1\u00a0Minute\" \/>\n<script type=\"application\/ld+json\" class=\"yoast-schema-graph\">{\"@context\":\"https:\\\/\\\/schema.org\",\"@graph\":[{\"@type\":\"Article\",\"@id\":\"https:\\\/\\\/www.k-m.de\\\/brand\\\/de\\\/uber-medina-und-discospiegel-am-mikrofonstander\\\/#article\",\"isPartOf\":{\"@id\":\"https:\\\/\\\/www.k-m.de\\\/brand\\\/de\\\/uber-medina-und-discospiegel-am-mikrofonstander\\\/\"},\"author\":{\"name\":\"Sandra Scholtz\",\"@id\":\"https:\\\/\\\/www.k-m.de\\\/brand\\\/de\\\/#\\\/schema\\\/person\\\/ec9984d920bbfdc597fe63f9d3d0dbcb\"},\"headline\":\"\u00dcber Medina und Discospiegel am Mikrofonst\u00e4nder\",\"datePublished\":\"2012-06-05T20:04:47+00:00\",\"dateModified\":\"2021-03-24T08:45:08+00:00\",\"mainEntityOfPage\":{\"@id\":\"https:\\\/\\\/www.k-m.de\\\/brand\\\/de\\\/uber-medina-und-discospiegel-am-mikrofonstander\\\/\"},\"wordCount\":199,\"commentCount\":0,\"publisher\":{\"@id\":\"https:\\\/\\\/www.k-m.de\\\/brand\\\/de\\\/#organization\"},\"image\":{\"@id\":\"https:\\\/\\\/www.k-m.de\\\/brand\\\/de\\\/uber-medina-und-discospiegel-am-mikrofonstander\\\/#primaryimage\"},\"thumbnailUrl\":\"https:\\\/\\\/www.k-m.de\\\/brand\\\/wp-content\\\/uploads\\\/2012\\\/06\\\/Medina-Interview-Forever-Bonedo-Mozilla-Firefox_2012-06-05_21-37-02.jpg\",\"keywords\":[\"bonedo\",\"d\u00e4nische S\u00e4ngerin\",\"interview\",\"medina\",\"Mikrofonst\u00e4nder\",\"musikerportal\",\"Produktest\",\"stands for music\"],\"articleSection\":[\"Netz-Fundst\u00fccke\"],\"inLanguage\":\"de\",\"potentialAction\":[{\"@type\":\"CommentAction\",\"name\":\"Comment\",\"target\":[\"https:\\\/\\\/www.k-m.de\\\/brand\\\/de\\\/uber-medina-und-discospiegel-am-mikrofonstander\\\/#respond\"]}]},{\"@type\":\"WebPage\",\"@id\":\"https:\\\/\\\/www.k-m.de\\\/brand\\\/de\\\/uber-medina-und-discospiegel-am-mikrofonstander\\\/\",\"url\":\"https:\\\/\\\/www.k-m.de\\\/brand\\\/de\\\/uber-medina-und-discospiegel-am-mikrofonstander\\\/\",\"name\":\"\u00dcber Medina und Discospiegel am Mikrofonst\u00e4nder - K\u00f6nig &amp; Meyer\",\"isPartOf\":{\"@id\":\"https:\\\/\\\/www.k-m.de\\\/brand\\\/de\\\/#website\"},\"primaryImageOfPage\":{\"@id\":\"https:\\\/\\\/www.k-m.de\\\/brand\\\/de\\\/uber-medina-und-discospiegel-am-mikrofonstander\\\/#primaryimage\"},\"image\":{\"@id\":\"https:\\\/\\\/www.k-m.de\\\/brand\\\/de\\\/uber-medina-und-discospiegel-am-mikrofonstander\\\/#primaryimage\"},\"thumbnailUrl\":\"https:\\\/\\\/www.k-m.de\\\/brand\\\/wp-content\\\/uploads\\\/2012\\\/06\\\/Medina-Interview-Forever-Bonedo-Mozilla-Firefox_2012-06-05_21-37-02.jpg\",\"datePublished\":\"2012-06-05T20:04:47+00:00\",\"dateModified\":\"2021-03-24T08:45:08+00:00\",\"breadcrumb\":{\"@id\":\"https:\\\/\\\/www.k-m.de\\\/brand\\\/de\\\/uber-medina-und-discospiegel-am-mikrofonstander\\\/#breadcrumb\"},\"inLanguage\":\"de\",\"potentialAction\":[{\"@type\":\"ReadAction\",\"target\":[\"https:\\\/\\\/www.k-m.de\\\/brand\\\/de\\\/uber-medina-und-discospiegel-am-mikrofonstander\\\/\"]}]},{\"@type\":\"ImageObject\",\"inLanguage\":\"de\",\"@id\":\"https:\\\/\\\/www.k-m.de\\\/brand\\\/de\\\/uber-medina-und-discospiegel-am-mikrofonstander\\\/#primaryimage\",\"url\":\"https:\\\/\\\/www.k-m.de\\\/brand\\\/wp-content\\\/uploads\\\/2012\\\/06\\\/Medina-Interview-Forever-Bonedo-Mozilla-Firefox_2012-06-05_21-37-02.jpg\",\"contentUrl\":\"https:\\\/\\\/www.k-m.de\\\/brand\\\/wp-content\\\/uploads\\\/2012\\\/06\\\/Medina-Interview-Forever-Bonedo-Mozilla-Firefox_2012-06-05_21-37-02.jpg\",\"width\":688,\"height\":420},{\"@type\":\"BreadcrumbList\",\"@id\":\"https:\\\/\\\/www.k-m.de\\\/brand\\\/de\\\/uber-medina-und-discospiegel-am-mikrofonstander\\\/#breadcrumb\",\"itemListElement\":[{\"@type\":\"ListItem\",\"position\":1,\"name\":\"Startseite\",\"item\":\"https:\\\/\\\/www.k-m.de\\\/brand\\\/de\\\/\"},{\"@type\":\"ListItem\",\"position\":2,\"name\":\"\u00dcber Medina und Discospiegel am Mikrofonst\u00e4nder\"}]},{\"@type\":\"WebSite\",\"@id\":\"https:\\\/\\\/www.k-m.de\\\/brand\\\/de\\\/#website\",\"url\":\"https:\\\/\\\/www.k-m.de\\\/brand\\\/de\\\/\",\"name\":\"K\u00f6nig & Meyer\",\"description\":\"K\u00f6nig &amp; Meyer ist ein weltweit f\u00fchrender Hersteller f\u00fcr Musikzubeh\u00f6r. Seit \u00fcber 65 Jahren steht K&amp;M f\u00fcr qualitativ hochwertige Produkte.\",\"publisher\":{\"@id\":\"https:\\\/\\\/www.k-m.de\\\/brand\\\/de\\\/#organization\"},\"potentialAction\":[{\"@type\":\"SearchAction\",\"target\":{\"@type\":\"EntryPoint\",\"urlTemplate\":\"https:\\\/\\\/www.k-m.de\\\/brand\\\/de\\\/?s={search_term_string}\"},\"query-input\":{\"@type\":\"PropertyValueSpecification\",\"valueRequired\":true,\"valueName\":\"search_term_string\"}}],\"inLanguage\":\"de\"},{\"@type\":\"Organization\",\"@id\":\"https:\\\/\\\/www.k-m.de\\\/brand\\\/de\\\/#organization\",\"name\":\"K\u00f6nig & Meyer\",\"url\":\"https:\\\/\\\/www.k-m.de\\\/brand\\\/de\\\/\",\"logo\":{\"@type\":\"ImageObject\",\"inLanguage\":\"de\",\"@id\":\"https:\\\/\\\/www.k-m.de\\\/brand\\\/de\\\/#\\\/schema\\\/logo\\\/image\\\/\",\"url\":\"https:\\\/\\\/www.k-m.de\\\/brand\\\/wp-content\\\/uploads\\\/2023\\\/01\\\/KM_1c.tif\",\"contentUrl\":\"https:\\\/\\\/www.k-m.de\\\/brand\\\/wp-content\\\/uploads\\\/2023\\\/01\\\/KM_1c.tif\",\"width\":1,\"height\":1,\"caption\":\"K\u00f6nig & Meyer\"},\"image\":{\"@id\":\"https:\\\/\\\/www.k-m.de\\\/brand\\\/de\\\/#\\\/schema\\\/logo\\\/image\\\/\"}},{\"@type\":\"Person\",\"@id\":\"https:\\\/\\\/www.k-m.de\\\/brand\\\/de\\\/#\\\/schema\\\/person\\\/ec9984d920bbfdc597fe63f9d3d0dbcb\",\"name\":\"Sandra Scholtz\",\"url\":\"https:\\\/\\\/www.k-m.de\\\/brand\\\/de\\\/author\\\/sandra-scholtz\\\/\"}]}<\/script>\n<!-- \/ Yoast SEO Premium plugin. -->","yoast_head_json":{"title":"\u00dcber Medina und Discospiegel am Mikrofonst\u00e4nder - K\u00f6nig &amp; Meyer","robots":{"index":"index","follow":"follow","max-snippet":"max-snippet:-1","max-image-preview":"max-image-preview:large","max-video-preview":"max-video-preview:-1"},"canonical":"https:\/\/www.k-m.de\/brand\/de\/uber-medina-und-discospiegel-am-mikrofonstander\/","og_locale":"de_DE","og_type":"article","og_title":"\u00dcber Medina und Discospiegel am Mikrofonst\u00e4nder","og_description":"\u201eWie \u2013 Discospiegel auf den Mikrofonst\u00e4nder kleben?\u201c Medina sah mich verwundert an. \u201eNa ja, du hattest doch bei der letztenMehr erfahren","og_url":"https:\/\/www.k-m.de\/brand\/de\/uber-medina-und-discospiegel-am-mikrofonstander\/","og_site_name":"K\u00f6nig &amp; Meyer","article_published_time":"2012-06-05T20:04:47+00:00","article_modified_time":"2021-03-24T08:45:08+00:00","og_image":[{"width":688,"height":420,"url":"https:\/\/www.k-m.de\/brand\/wp-content\/uploads\/2012\/06\/Medina-Interview-Forever-Bonedo-Mozilla-Firefox_2012-06-05_21-37-02.jpg","type":"image\/jpeg"}],"author":"Sandra Scholtz","twitter_card":"summary_large_image","twitter_misc":{"Verfasst von":"Sandra Scholtz","Gesch\u00e4tzte Lesezeit":"1\u00a0Minute"},"schema":{"@context":"https:\/\/schema.org","@graph":[{"@type":"Article","@id":"https:\/\/www.k-m.de\/brand\/de\/uber-medina-und-discospiegel-am-mikrofonstander\/#article","isPartOf":{"@id":"https:\/\/www.k-m.de\/brand\/de\/uber-medina-und-discospiegel-am-mikrofonstander\/"},"author":{"name":"Sandra Scholtz","@id":"https:\/\/www.k-m.de\/brand\/de\/#\/schema\/person\/ec9984d920bbfdc597fe63f9d3d0dbcb"},"headline":"\u00dcber Medina und Discospiegel am Mikrofonst\u00e4nder","datePublished":"2012-06-05T20:04:47+00:00","dateModified":"2021-03-24T08:45:08+00:00","mainEntityOfPage":{"@id":"https:\/\/www.k-m.de\/brand\/de\/uber-medina-und-discospiegel-am-mikrofonstander\/"},"wordCount":199,"commentCount":0,"publisher":{"@id":"https:\/\/www.k-m.de\/brand\/de\/#organization"},"image":{"@id":"https:\/\/www.k-m.de\/brand\/de\/uber-medina-und-discospiegel-am-mikrofonstander\/#primaryimage"},"thumbnailUrl":"https:\/\/www.k-m.de\/brand\/wp-content\/uploads\/2012\/06\/Medina-Interview-Forever-Bonedo-Mozilla-Firefox_2012-06-05_21-37-02.jpg","keywords":["bonedo","d\u00e4nische S\u00e4ngerin","interview","medina","Mikrofonst\u00e4nder","musikerportal","Produktest","stands for music"],"articleSection":["Netz-Fundst\u00fccke"],"inLanguage":"de","potentialAction":[{"@type":"CommentAction","name":"Comment","target":["https:\/\/www.k-m.de\/brand\/de\/uber-medina-und-discospiegel-am-mikrofonstander\/#respond"]}]},{"@type":"WebPage","@id":"https:\/\/www.k-m.de\/brand\/de\/uber-medina-und-discospiegel-am-mikrofonstander\/","url":"https:\/\/www.k-m.de\/brand\/de\/uber-medina-und-discospiegel-am-mikrofonstander\/","name":"\u00dcber Medina und Discospiegel am Mikrofonst\u00e4nder - K\u00f6nig &amp; Meyer","isPartOf":{"@id":"https:\/\/www.k-m.de\/brand\/de\/#website"},"primaryImageOfPage":{"@id":"https:\/\/www.k-m.de\/brand\/de\/uber-medina-und-discospiegel-am-mikrofonstander\/#primaryimage"},"image":{"@id":"https:\/\/www.k-m.de\/brand\/de\/uber-medina-und-discospiegel-am-mikrofonstander\/#primaryimage"},"thumbnailUrl":"https:\/\/www.k-m.de\/brand\/wp-content\/uploads\/2012\/06\/Medina-Interview-Forever-Bonedo-Mozilla-Firefox_2012-06-05_21-37-02.jpg","datePublished":"2012-06-05T20:04:47+00:00","dateModified":"2021-03-24T08:45:08+00:00","breadcrumb":{"@id":"https:\/\/www.k-m.de\/brand\/de\/uber-medina-und-discospiegel-am-mikrofonstander\/#breadcrumb"},"inLanguage":"de","potentialAction":[{"@type":"ReadAction","target":["https:\/\/www.k-m.de\/brand\/de\/uber-medina-und-discospiegel-am-mikrofonstander\/"]}]},{"@type":"ImageObject","inLanguage":"de","@id":"https:\/\/www.k-m.de\/brand\/de\/uber-medina-und-discospiegel-am-mikrofonstander\/#primaryimage","url":"https:\/\/www.k-m.de\/brand\/wp-content\/uploads\/2012\/06\/Medina-Interview-Forever-Bonedo-Mozilla-Firefox_2012-06-05_21-37-02.jpg","contentUrl":"https:\/\/www.k-m.de\/brand\/wp-content\/uploads\/2012\/06\/Medina-Interview-Forever-Bonedo-Mozilla-Firefox_2012-06-05_21-37-02.jpg","width":688,"height":420},{"@type":"BreadcrumbList","@id":"https:\/\/www.k-m.de\/brand\/de\/uber-medina-und-discospiegel-am-mikrofonstander\/#breadcrumb","itemListElement":[{"@type":"ListItem","position":1,"name":"Startseite","item":"https:\/\/www.k-m.de\/brand\/de\/"},{"@type":"ListItem","position":2,"name":"\u00dcber Medina und Discospiegel am Mikrofonst\u00e4nder"}]},{"@type":"WebSite","@id":"https:\/\/www.k-m.de\/brand\/de\/#website","url":"https:\/\/www.k-m.de\/brand\/de\/","name":"K\u00f6nig & Meyer","description":"K\u00f6nig &amp; Meyer ist ein weltweit f\u00fchrender Hersteller f\u00fcr Musikzubeh\u00f6r. Seit \u00fcber 65 Jahren steht K&amp;M f\u00fcr qualitativ hochwertige Produkte.","publisher":{"@id":"https:\/\/www.k-m.de\/brand\/de\/#organization"},"potentialAction":[{"@type":"SearchAction","target":{"@type":"EntryPoint","urlTemplate":"https:\/\/www.k-m.de\/brand\/de\/?s={search_term_string}"},"query-input":{"@type":"PropertyValueSpecification","valueRequired":true,"valueName":"search_term_string"}}],"inLanguage":"de"},{"@type":"Organization","@id":"https:\/\/www.k-m.de\/brand\/de\/#organization","name":"K\u00f6nig & Meyer","url":"https:\/\/www.k-m.de\/brand\/de\/","logo":{"@type":"ImageObject","inLanguage":"de","@id":"https:\/\/www.k-m.de\/brand\/de\/#\/schema\/logo\/image\/","url":"https:\/\/www.k-m.de\/brand\/wp-content\/uploads\/2023\/01\/KM_1c.tif","contentUrl":"https:\/\/www.k-m.de\/brand\/wp-content\/uploads\/2023\/01\/KM_1c.tif","width":1,"height":1,"caption":"K\u00f6nig & Meyer"},"image":{"@id":"https:\/\/www.k-m.de\/brand\/de\/#\/schema\/logo\/image\/"}},{"@type":"Person","@id":"https:\/\/www.k-m.de\/brand\/de\/#\/schema\/person\/ec9984d920bbfdc597fe63f9d3d0dbcb","name":"Sandra Scholtz","url":"https:\/\/www.k-m.de\/brand\/de\/author\/sandra-scholtz\/"}]}},"_links":{"self":[{"href":"https:\/\/www.k-m.de\/brand\/de\/wp-json\/wp\/v2\/posts\/1056","targetHints":{"allow":["GET"]}}],"collection":[{"href":"https:\/\/www.k-m.de\/brand\/de\/wp-json\/wp\/v2\/posts"}],"about":[{"href":"https:\/\/www.k-m.de\/brand\/de\/wp-json\/wp\/v2\/types\/post"}],"author":[{"embeddable":true,"href":"https:\/\/www.k-m.de\/brand\/de\/wp-json\/wp\/v2\/users\/9"}],"replies":[{"embeddable":true,"href":"https:\/\/www.k-m.de\/brand\/de\/wp-json\/wp\/v2\/comments?post=1056"}],"version-history":[{"count":3,"href":"https:\/\/www.k-m.de\/brand\/de\/wp-json\/wp\/v2\/posts\/1056\/revisions"}],"predecessor-version":[{"id":9946,"href":"https:\/\/www.k-m.de\/brand\/de\/wp-json\/wp\/v2\/posts\/1056\/revisions\/9946"}],"wp:featuredmedia":[{"embeddable":true,"href":"https:\/\/www.k-m.de\/brand\/de\/wp-json\/wp\/v2\/media\/1057"}],"wp:attachment":[{"href":"https:\/\/www.k-m.de\/brand\/de\/wp-json\/wp\/v2\/media?parent=1056"}],"wp:term":[{"taxonomy":"category","embeddable":true,"href":"https:\/\/www.k-m.de\/brand\/de\/wp-json\/wp\/v2\/categories?post=1056"},{"taxonomy":"post_tag","embeddable":true,"href":"https:\/\/www.k-m.de\/brand\/de\/wp-json\/wp\/v2\/tags?post=1056"}],"curies":[{"name":"wp","href":"https:\/\/api.w.org\/{rel}","templated":true}]}}