{"id":13287,"date":"2019-12-12T10:00:32","date_gmt":"2019-12-12T09:00:32","guid":{"rendered":"https:\/\/www.k-m.de\/brand\/?p=13287"},"modified":"2021-03-24T09:44:15","modified_gmt":"2021-03-24T08:44:15","slug":"besuchen-sie-uns-auf-der-namm-show-in-anaheim","status":"publish","type":"post","link":"https:\/\/www.k-m.de\/brand\/de\/besuchen-sie-uns-auf-der-namm-show-in-anaheim\/","title":{"rendered":"Besuchen Sie uns auf der NAMM Show in Anaheim"},"content":{"rendered":"<p>2020 startet wieder mit einer der wichtigsten Veranstaltungen der Musikbranche. Vom 16. bis 19. Januar 2020 findet die internationale NAMM Show wie jedes Jahr im kalifornischen Anaheim in den USA statt. Wir von K\u00f6nig &amp; Meyer freuen uns auf Ihren Besuch <a href=\"https:\/\/namm20.mapyourshow.com\/8_0\/floorplan\/index.cfm?st=keyword&amp;sv=K%C3%B6nig%20%26%20Meyer&amp;hallID=A&amp;selectedBooth=booth~14516\">an unserem Stand 14516 im Anaheim Convention Center ACC North, Level 1 in der Pro Audio Halle<\/a>. Hier pr\u00e4sentiert sich K\u00f6nig &amp; Meyer mit altbew\u00e4hrten Produkten, vielen Neuheiten und den Trends f\u00fcr 2020 im Bereich Musikzubeh\u00f6r.<\/p>\n<p>Die National Association of Music Merchants (NAMM) gibt es bereits seit 1901. Die Organisation und die verschiedenen NAMM Shows bringen jedes Jahr Branchenvertreter, Presse und Musiker aus der ganzen Welt zusammen, die sich \u00fcber die neuesten Produkte, Techniken und Innovationen in der Musikwelt informieren. In Anaheim, Kalifornien pr\u00e4sentieren sich \u00fcber 7,000 Marken und es finden hunderte von Konzerten, Musikveranstaltungen und Seminaren statt. Mehr Infos unter: <a href=\"http:\/\/www.namm.org\/\" target=\"_blank\" rel=\"nofollow noopener noreferrer\">www.namm.org<\/a><\/p>\n<p>&nbsp;<\/p>\n<h4 dir=\"auto\"><strong>\u00d6ffnungszeiten der NAMM Show:<\/strong><\/h4>\n<p>Donnerstag, Freitag und Samstag: 10:00 Uhr \u2013 18:00 Uhr<br \/>\nSonntag: 10:00 Uhr \u2013 17:00 Uhr<\/p>\n<p>&nbsp;<\/p>\n<h4 dir=\"auto\"><strong>Adresse:<\/strong><\/h4>\n<p>Anaheim Convention Center<br \/>\n800 West Katella Avenue<br \/>\nAnaheim, CA 92802<\/p>\n","protected":false},"excerpt":{"rendered":"<p>2020 startet wieder mit einer der wichtigsten Veranstaltungen der Musikbranche. Vom 16. bis 19. Januar 2020 findet die internationale NAMM<span class=\"read_more\">Mehr erfahren<\/span><\/p>\n","protected":false},"author":11,"featured_media":13276,"comment_status":"open","ping_status":"open","sticky":false,"template":"","format":"standard","meta":{"footnotes":""},"categories":[957,958],"tags":[1060,225,429,471,1125,1059],"class_list":["post-13287","post","type-post","status-publish","format-standard","has-post-thumbnail","hentry","category-firmennews","category-messenews","tag-koenigmeyer","tag-musikmesse-en","tag-namm-show","tag-neuheiten","tag-stand-2","tag-veranstaltung"],"better_featured_image":{"id":13276,"alt_text":"","caption":"","description":"","media_type":"image","media_details":{"width":1595,"height":1051,"file":"2019\/12\/Namm2.jpg","sizes":{"thumbnail":{"file":"Namm2-800x480.jpg","width":800,"height":480,"mime-type":"image\/jpeg","source_url":"https:\/\/www.k-m.de\/brand\/wp-content\/uploads\/2019\/12\/Namm2-800x480.jpg"},"medium":{"file":"Namm2-600x395.jpg","width":600,"height":395,"mime-type":"image\/jpeg","source_url":"https:\/\/www.k-m.de\/brand\/wp-content\/uploads\/2019\/12\/Namm2-600x395.jpg"},"medium_large":{"file":"Namm2-768x506.jpg","width":768,"height":506,"mime-type":"image\/jpeg","source_url":"https:\/\/www.k-m.de\/brand\/wp-content\/uploads\/2019\/12\/Namm2-768x506.jpg"},"large":{"file":"Namm2-1024x675.jpg","width":1024,"height":675,"mime-type":"image\/jpeg","source_url":"https:\/\/www.k-m.de\/brand\/wp-content\/uploads\/2019\/12\/Namm2-1024x675.jpg"},"post-thumbnail":{"file":"Namm2-800x480.jpg","width":800,"height":480,"mime-type":"image\/jpeg","source_url":"https:\/\/www.k-m.de\/brand\/wp-content\/uploads\/2019\/12\/Namm2-800x480.jpg"},"medium_cropped":{"file":"Namm2-600x600.jpg","width":600,"height":600,"mime-type":"image\/jpeg","source_url":"https:\/\/www.k-m.de\/brand\/wp-content\/uploads\/2019\/12\/Namm2-600x600.jpg"},"large_cropped":{"file":"Namm2-1200x720.jpg","width":1200,"height":720,"mime-type":"image\/jpeg","source_url":"https:\/\/www.k-m.de\/brand\/wp-content\/uploads\/2019\/12\/Namm2-1200x720.jpg"},"very_large_cropped":{"file":"Namm2-1800x900.jpg","width":1800,"height":900,"mime-type":"image\/jpeg","source_url":"https:\/\/www.k-m.de\/brand\/wp-content\/uploads\/2019\/12\/Namm2-1800x900.jpg"},"x_large_cropped":{"file":"Namm2-2200x1100.jpg","width":2200,"height":1100,"mime-type":"image\/jpeg","source_url":"https:\/\/www.k-m.de\/brand\/wp-content\/uploads\/2019\/12\/Namm2-2200x1100.jpg"},"landingpage_thumb":{"file":"Namm2-455x300.jpg","width":455,"height":300,"mime-type":"image\/jpeg","source_url":"https:\/\/www.k-m.de\/brand\/wp-content\/uploads\/2019\/12\/Namm2-455x300.jpg"},"profile_24":{"file":"Namm2-24x24.jpg","width":24,"height":24,"mime-type":"image\/jpeg","source_url":"https:\/\/www.k-m.de\/brand\/wp-content\/uploads\/2019\/12\/Namm2-24x24.jpg"},"profile_48":{"file":"Namm2-48x48.jpg","width":48,"height":48,"mime-type":"image\/jpeg","source_url":"https:\/\/www.k-m.de\/brand\/wp-content\/uploads\/2019\/12\/Namm2-48x48.jpg"},"profile_96":{"file":"Namm2-96x96.jpg","width":96,"height":96,"mime-type":"image\/jpeg","source_url":"https:\/\/www.k-m.de\/brand\/wp-content\/uploads\/2019\/12\/Namm2-96x96.jpg"},"profile_150":{"file":"Namm2-150x150.jpg","width":150,"height":150,"mime-type":"image\/jpeg","source_url":"https:\/\/www.k-m.de\/brand\/wp-content\/uploads\/2019\/12\/Namm2-150x150.jpg"},"profile_300":{"file":"Namm2-300x300.jpg","width":300,"height":300,"mime-type":"image\/jpeg","source_url":"https:\/\/www.k-m.de\/brand\/wp-content\/uploads\/2019\/12\/Namm2-300x300.jpg"}},"image_meta":{"aperture":"0","credit":"","camera":"","caption":"","created_timestamp":"0","copyright":"","focal_length":"0","iso":"0","shutter_speed":"0","title":"","orientation":"1","keywords":[]}},"post":null,"source_url":"https:\/\/www.k-m.de\/brand\/wp-content\/uploads\/2019\/12\/Namm2.jpg"},"post_meta_fields":{"_post_dealeronly":[""],"_vc_post_settings":["a:1:{s:10:\"vc_grid_id\";a:0:{}}"],"_edit_lock":["1595486486:18"],"_edit_last":["18"],"_wpml_media_featured":["1"],"_wpml_media_duplicate":["1"],"_thumbnail_id":["13276"],"_wpb_vc_js_status":["false"],"_yoast_wpseo_content_score":["60"],"_yoast_wpseo_primary_category":["958"],"_wp_old_date":["2019-12-10"]},"yoast_head":"<!-- This site is optimized with the Yoast SEO Premium plugin v26.8 (Yoast SEO v27.4) - https:\/\/yoast.com\/product\/yoast-seo-premium-wordpress\/ -->\n<title>Besuchen Sie uns auf der NAMM Show in Anaheim - K\u00f6nig &amp; Meyer<\/title>\n<meta name=\"robots\" content=\"index, follow, max-snippet:-1, max-image-preview:large, max-video-preview:-1\" \/>\n<link rel=\"canonical\" href=\"https:\/\/www.k-m.de\/brand\/de\/besuchen-sie-uns-auf-der-namm-show-in-anaheim\/\" \/>\n<meta property=\"og:locale\" content=\"de_DE\" \/>\n<meta property=\"og:type\" content=\"article\" \/>\n<meta property=\"og:title\" content=\"Besuchen Sie uns auf der NAMM Show in Anaheim\" \/>\n<meta property=\"og:description\" content=\"2020 startet wieder mit einer der wichtigsten Veranstaltungen der Musikbranche. Vom 16. bis 19. Januar 2020 findet die internationale NAMMMehr erfahren\" \/>\n<meta property=\"og:url\" content=\"https:\/\/www.k-m.de\/brand\/de\/besuchen-sie-uns-auf-der-namm-show-in-anaheim\/\" \/>\n<meta property=\"og:site_name\" content=\"K\u00f6nig &amp; Meyer\" \/>\n<meta property=\"article:published_time\" content=\"2019-12-12T09:00:32+00:00\" \/>\n<meta property=\"article:modified_time\" content=\"2021-03-24T08:44:15+00:00\" \/>\n<meta property=\"og:image\" content=\"https:\/\/www.k-m.de\/brand\/wp-content\/uploads\/2019\/12\/Namm2.jpg\" \/>\n\t<meta property=\"og:image:width\" content=\"1595\" \/>\n\t<meta property=\"og:image:height\" content=\"1051\" \/>\n\t<meta property=\"og:image:type\" content=\"image\/jpeg\" \/>\n<meta name=\"author\" content=\"GabrielaKoenig\" \/>\n<meta name=\"twitter:card\" content=\"summary_large_image\" \/>\n<meta name=\"twitter:label1\" content=\"Verfasst von\" \/>\n\t<meta name=\"twitter:data1\" content=\"GabrielaKoenig\" \/>\n\t<meta name=\"twitter:label2\" content=\"Gesch\u00e4tzte Lesezeit\" \/>\n\t<meta name=\"twitter:data2\" content=\"1\u00a0Minute\" \/>\n<script type=\"application\/ld+json\" class=\"yoast-schema-graph\">{\"@context\":\"https:\\\/\\\/schema.org\",\"@graph\":[{\"@type\":\"Article\",\"@id\":\"https:\\\/\\\/www.k-m.de\\\/brand\\\/de\\\/besuchen-sie-uns-auf-der-namm-show-in-anaheim\\\/#article\",\"isPartOf\":{\"@id\":\"https:\\\/\\\/www.k-m.de\\\/brand\\\/de\\\/besuchen-sie-uns-auf-der-namm-show-in-anaheim\\\/\"},\"author\":{\"name\":\"GabrielaKoenig\",\"@id\":\"https:\\\/\\\/www.k-m.de\\\/brand\\\/de\\\/#\\\/schema\\\/person\\\/3ff4ea52479c68168f700a9de51034c6\"},\"headline\":\"Besuchen Sie uns auf der NAMM Show in Anaheim\",\"datePublished\":\"2019-12-12T09:00:32+00:00\",\"dateModified\":\"2021-03-24T08:44:15+00:00\",\"mainEntityOfPage\":{\"@id\":\"https:\\\/\\\/www.k-m.de\\\/brand\\\/de\\\/besuchen-sie-uns-auf-der-namm-show-in-anaheim\\\/\"},\"wordCount\":176,\"commentCount\":0,\"publisher\":{\"@id\":\"https:\\\/\\\/www.k-m.de\\\/brand\\\/de\\\/#organization\"},\"image\":{\"@id\":\"https:\\\/\\\/www.k-m.de\\\/brand\\\/de\\\/besuchen-sie-uns-auf-der-namm-show-in-anaheim\\\/#primaryimage\"},\"thumbnailUrl\":\"https:\\\/\\\/www.k-m.de\\\/brand\\\/wp-content\\\/uploads\\\/2019\\\/12\\\/Namm2.jpg\",\"keywords\":[\"K\u00f6nig&amp;Meyer\",\"Musikmesse\",\"NAMM Show\",\"Neuheiten\",\"Stand\",\"Veranstaltung\"],\"articleSection\":[\"Firmennews\",\"Messe-News\"],\"inLanguage\":\"de\",\"potentialAction\":[{\"@type\":\"CommentAction\",\"name\":\"Comment\",\"target\":[\"https:\\\/\\\/www.k-m.de\\\/brand\\\/de\\\/besuchen-sie-uns-auf-der-namm-show-in-anaheim\\\/#respond\"]}]},{\"@type\":\"WebPage\",\"@id\":\"https:\\\/\\\/www.k-m.de\\\/brand\\\/de\\\/besuchen-sie-uns-auf-der-namm-show-in-anaheim\\\/\",\"url\":\"https:\\\/\\\/www.k-m.de\\\/brand\\\/de\\\/besuchen-sie-uns-auf-der-namm-show-in-anaheim\\\/\",\"name\":\"Besuchen Sie uns auf der NAMM Show in Anaheim - K\u00f6nig &amp; Meyer\",\"isPartOf\":{\"@id\":\"https:\\\/\\\/www.k-m.de\\\/brand\\\/de\\\/#website\"},\"primaryImageOfPage\":{\"@id\":\"https:\\\/\\\/www.k-m.de\\\/brand\\\/de\\\/besuchen-sie-uns-auf-der-namm-show-in-anaheim\\\/#primaryimage\"},\"image\":{\"@id\":\"https:\\\/\\\/www.k-m.de\\\/brand\\\/de\\\/besuchen-sie-uns-auf-der-namm-show-in-anaheim\\\/#primaryimage\"},\"thumbnailUrl\":\"https:\\\/\\\/www.k-m.de\\\/brand\\\/wp-content\\\/uploads\\\/2019\\\/12\\\/Namm2.jpg\",\"datePublished\":\"2019-12-12T09:00:32+00:00\",\"dateModified\":\"2021-03-24T08:44:15+00:00\",\"breadcrumb\":{\"@id\":\"https:\\\/\\\/www.k-m.de\\\/brand\\\/de\\\/besuchen-sie-uns-auf-der-namm-show-in-anaheim\\\/#breadcrumb\"},\"inLanguage\":\"de\",\"potentialAction\":[{\"@type\":\"ReadAction\",\"target\":[\"https:\\\/\\\/www.k-m.de\\\/brand\\\/de\\\/besuchen-sie-uns-auf-der-namm-show-in-anaheim\\\/\"]}]},{\"@type\":\"ImageObject\",\"inLanguage\":\"de\",\"@id\":\"https:\\\/\\\/www.k-m.de\\\/brand\\\/de\\\/besuchen-sie-uns-auf-der-namm-show-in-anaheim\\\/#primaryimage\",\"url\":\"https:\\\/\\\/www.k-m.de\\\/brand\\\/wp-content\\\/uploads\\\/2019\\\/12\\\/Namm2.jpg\",\"contentUrl\":\"https:\\\/\\\/www.k-m.de\\\/brand\\\/wp-content\\\/uploads\\\/2019\\\/12\\\/Namm2.jpg\",\"width\":1595,\"height\":1051},{\"@type\":\"BreadcrumbList\",\"@id\":\"https:\\\/\\\/www.k-m.de\\\/brand\\\/de\\\/besuchen-sie-uns-auf-der-namm-show-in-anaheim\\\/#breadcrumb\",\"itemListElement\":[{\"@type\":\"ListItem\",\"position\":1,\"name\":\"Startseite\",\"item\":\"https:\\\/\\\/www.k-m.de\\\/brand\\\/de\\\/\"},{\"@type\":\"ListItem\",\"position\":2,\"name\":\"Besuchen Sie uns auf der NAMM Show in Anaheim\"}]},{\"@type\":\"WebSite\",\"@id\":\"https:\\\/\\\/www.k-m.de\\\/brand\\\/de\\\/#website\",\"url\":\"https:\\\/\\\/www.k-m.de\\\/brand\\\/de\\\/\",\"name\":\"K\u00f6nig & Meyer\",\"description\":\"K\u00f6nig &amp; Meyer ist ein weltweit f\u00fchrender Hersteller f\u00fcr Musikzubeh\u00f6r. Seit \u00fcber 65 Jahren steht K&amp;M f\u00fcr qualitativ hochwertige Produkte.\",\"publisher\":{\"@id\":\"https:\\\/\\\/www.k-m.de\\\/brand\\\/de\\\/#organization\"},\"potentialAction\":[{\"@type\":\"SearchAction\",\"target\":{\"@type\":\"EntryPoint\",\"urlTemplate\":\"https:\\\/\\\/www.k-m.de\\\/brand\\\/de\\\/?s={search_term_string}\"},\"query-input\":{\"@type\":\"PropertyValueSpecification\",\"valueRequired\":true,\"valueName\":\"search_term_string\"}}],\"inLanguage\":\"de\"},{\"@type\":\"Organization\",\"@id\":\"https:\\\/\\\/www.k-m.de\\\/brand\\\/de\\\/#organization\",\"name\":\"K\u00f6nig & Meyer\",\"url\":\"https:\\\/\\\/www.k-m.de\\\/brand\\\/de\\\/\",\"logo\":{\"@type\":\"ImageObject\",\"inLanguage\":\"de\",\"@id\":\"https:\\\/\\\/www.k-m.de\\\/brand\\\/de\\\/#\\\/schema\\\/logo\\\/image\\\/\",\"url\":\"https:\\\/\\\/www.k-m.de\\\/brand\\\/wp-content\\\/uploads\\\/2023\\\/01\\\/KM_1c.tif\",\"contentUrl\":\"https:\\\/\\\/www.k-m.de\\\/brand\\\/wp-content\\\/uploads\\\/2023\\\/01\\\/KM_1c.tif\",\"width\":1,\"height\":1,\"caption\":\"K\u00f6nig & Meyer\"},\"image\":{\"@id\":\"https:\\\/\\\/www.k-m.de\\\/brand\\\/de\\\/#\\\/schema\\\/logo\\\/image\\\/\"}},{\"@type\":\"Person\",\"@id\":\"https:\\\/\\\/www.k-m.de\\\/brand\\\/de\\\/#\\\/schema\\\/person\\\/3ff4ea52479c68168f700a9de51034c6\",\"name\":\"GabrielaKoenig\",\"description\":\"CEO\",\"url\":\"https:\\\/\\\/www.k-m.de\\\/brand\\\/de\\\/author\\\/gabrielakoenig\\\/\"}]}<\/script>\n<!-- \/ Yoast SEO Premium plugin. -->","yoast_head_json":{"title":"Besuchen Sie uns auf der NAMM Show in Anaheim - K\u00f6nig &amp; Meyer","robots":{"index":"index","follow":"follow","max-snippet":"max-snippet:-1","max-image-preview":"max-image-preview:large","max-video-preview":"max-video-preview:-1"},"canonical":"https:\/\/www.k-m.de\/brand\/de\/besuchen-sie-uns-auf-der-namm-show-in-anaheim\/","og_locale":"de_DE","og_type":"article","og_title":"Besuchen Sie uns auf der NAMM Show in Anaheim","og_description":"2020 startet wieder mit einer der wichtigsten Veranstaltungen der Musikbranche. Vom 16. bis 19. Januar 2020 findet die internationale NAMMMehr erfahren","og_url":"https:\/\/www.k-m.de\/brand\/de\/besuchen-sie-uns-auf-der-namm-show-in-anaheim\/","og_site_name":"K\u00f6nig &amp; Meyer","article_published_time":"2019-12-12T09:00:32+00:00","article_modified_time":"2021-03-24T08:44:15+00:00","og_image":[{"width":1595,"height":1051,"url":"https:\/\/www.k-m.de\/brand\/wp-content\/uploads\/2019\/12\/Namm2.jpg","type":"image\/jpeg"}],"author":"GabrielaKoenig","twitter_card":"summary_large_image","twitter_misc":{"Verfasst von":"GabrielaKoenig","Gesch\u00e4tzte Lesezeit":"1\u00a0Minute"},"schema":{"@context":"https:\/\/schema.org","@graph":[{"@type":"Article","@id":"https:\/\/www.k-m.de\/brand\/de\/besuchen-sie-uns-auf-der-namm-show-in-anaheim\/#article","isPartOf":{"@id":"https:\/\/www.k-m.de\/brand\/de\/besuchen-sie-uns-auf-der-namm-show-in-anaheim\/"},"author":{"name":"GabrielaKoenig","@id":"https:\/\/www.k-m.de\/brand\/de\/#\/schema\/person\/3ff4ea52479c68168f700a9de51034c6"},"headline":"Besuchen Sie uns auf der NAMM Show in Anaheim","datePublished":"2019-12-12T09:00:32+00:00","dateModified":"2021-03-24T08:44:15+00:00","mainEntityOfPage":{"@id":"https:\/\/www.k-m.de\/brand\/de\/besuchen-sie-uns-auf-der-namm-show-in-anaheim\/"},"wordCount":176,"commentCount":0,"publisher":{"@id":"https:\/\/www.k-m.de\/brand\/de\/#organization"},"image":{"@id":"https:\/\/www.k-m.de\/brand\/de\/besuchen-sie-uns-auf-der-namm-show-in-anaheim\/#primaryimage"},"thumbnailUrl":"https:\/\/www.k-m.de\/brand\/wp-content\/uploads\/2019\/12\/Namm2.jpg","keywords":["K\u00f6nig&amp;Meyer","Musikmesse","NAMM Show","Neuheiten","Stand","Veranstaltung"],"articleSection":["Firmennews","Messe-News"],"inLanguage":"de","potentialAction":[{"@type":"CommentAction","name":"Comment","target":["https:\/\/www.k-m.de\/brand\/de\/besuchen-sie-uns-auf-der-namm-show-in-anaheim\/#respond"]}]},{"@type":"WebPage","@id":"https:\/\/www.k-m.de\/brand\/de\/besuchen-sie-uns-auf-der-namm-show-in-anaheim\/","url":"https:\/\/www.k-m.de\/brand\/de\/besuchen-sie-uns-auf-der-namm-show-in-anaheim\/","name":"Besuchen Sie uns auf der NAMM Show in Anaheim - K\u00f6nig &amp; Meyer","isPartOf":{"@id":"https:\/\/www.k-m.de\/brand\/de\/#website"},"primaryImageOfPage":{"@id":"https:\/\/www.k-m.de\/brand\/de\/besuchen-sie-uns-auf-der-namm-show-in-anaheim\/#primaryimage"},"image":{"@id":"https:\/\/www.k-m.de\/brand\/de\/besuchen-sie-uns-auf-der-namm-show-in-anaheim\/#primaryimage"},"thumbnailUrl":"https:\/\/www.k-m.de\/brand\/wp-content\/uploads\/2019\/12\/Namm2.jpg","datePublished":"2019-12-12T09:00:32+00:00","dateModified":"2021-03-24T08:44:15+00:00","breadcrumb":{"@id":"https:\/\/www.k-m.de\/brand\/de\/besuchen-sie-uns-auf-der-namm-show-in-anaheim\/#breadcrumb"},"inLanguage":"de","potentialAction":[{"@type":"ReadAction","target":["https:\/\/www.k-m.de\/brand\/de\/besuchen-sie-uns-auf-der-namm-show-in-anaheim\/"]}]},{"@type":"ImageObject","inLanguage":"de","@id":"https:\/\/www.k-m.de\/brand\/de\/besuchen-sie-uns-auf-der-namm-show-in-anaheim\/#primaryimage","url":"https:\/\/www.k-m.de\/brand\/wp-content\/uploads\/2019\/12\/Namm2.jpg","contentUrl":"https:\/\/www.k-m.de\/brand\/wp-content\/uploads\/2019\/12\/Namm2.jpg","width":1595,"height":1051},{"@type":"BreadcrumbList","@id":"https:\/\/www.k-m.de\/brand\/de\/besuchen-sie-uns-auf-der-namm-show-in-anaheim\/#breadcrumb","itemListElement":[{"@type":"ListItem","position":1,"name":"Startseite","item":"https:\/\/www.k-m.de\/brand\/de\/"},{"@type":"ListItem","position":2,"name":"Besuchen Sie uns auf der NAMM Show in Anaheim"}]},{"@type":"WebSite","@id":"https:\/\/www.k-m.de\/brand\/de\/#website","url":"https:\/\/www.k-m.de\/brand\/de\/","name":"K\u00f6nig & Meyer","description":"K\u00f6nig &amp; Meyer ist ein weltweit f\u00fchrender Hersteller f\u00fcr Musikzubeh\u00f6r. Seit \u00fcber 65 Jahren steht K&amp;M f\u00fcr qualitativ hochwertige Produkte.","publisher":{"@id":"https:\/\/www.k-m.de\/brand\/de\/#organization"},"potentialAction":[{"@type":"SearchAction","target":{"@type":"EntryPoint","urlTemplate":"https:\/\/www.k-m.de\/brand\/de\/?s={search_term_string}"},"query-input":{"@type":"PropertyValueSpecification","valueRequired":true,"valueName":"search_term_string"}}],"inLanguage":"de"},{"@type":"Organization","@id":"https:\/\/www.k-m.de\/brand\/de\/#organization","name":"K\u00f6nig & Meyer","url":"https:\/\/www.k-m.de\/brand\/de\/","logo":{"@type":"ImageObject","inLanguage":"de","@id":"https:\/\/www.k-m.de\/brand\/de\/#\/schema\/logo\/image\/","url":"https:\/\/www.k-m.de\/brand\/wp-content\/uploads\/2023\/01\/KM_1c.tif","contentUrl":"https:\/\/www.k-m.de\/brand\/wp-content\/uploads\/2023\/01\/KM_1c.tif","width":1,"height":1,"caption":"K\u00f6nig & Meyer"},"image":{"@id":"https:\/\/www.k-m.de\/brand\/de\/#\/schema\/logo\/image\/"}},{"@type":"Person","@id":"https:\/\/www.k-m.de\/brand\/de\/#\/schema\/person\/3ff4ea52479c68168f700a9de51034c6","name":"GabrielaKoenig","description":"CEO","url":"https:\/\/www.k-m.de\/brand\/de\/author\/gabrielakoenig\/"}]}},"_links":{"self":[{"href":"https:\/\/www.k-m.de\/brand\/de\/wp-json\/wp\/v2\/posts\/13287","targetHints":{"allow":["GET"]}}],"collection":[{"href":"https:\/\/www.k-m.de\/brand\/de\/wp-json\/wp\/v2\/posts"}],"about":[{"href":"https:\/\/www.k-m.de\/brand\/de\/wp-json\/wp\/v2\/types\/post"}],"author":[{"embeddable":true,"href":"https:\/\/www.k-m.de\/brand\/de\/wp-json\/wp\/v2\/users\/11"}],"replies":[{"embeddable":true,"href":"https:\/\/www.k-m.de\/brand\/de\/wp-json\/wp\/v2\/comments?post=13287"}],"version-history":[{"count":16,"href":"https:\/\/www.k-m.de\/brand\/de\/wp-json\/wp\/v2\/posts\/13287\/revisions"}],"predecessor-version":[{"id":13312,"href":"https:\/\/www.k-m.de\/brand\/de\/wp-json\/wp\/v2\/posts\/13287\/revisions\/13312"}],"wp:featuredmedia":[{"embeddable":true,"href":"https:\/\/www.k-m.de\/brand\/de\/wp-json\/wp\/v2\/media\/13276"}],"wp:attachment":[{"href":"https:\/\/www.k-m.de\/brand\/de\/wp-json\/wp\/v2\/media?parent=13287"}],"wp:term":[{"taxonomy":"category","embeddable":true,"href":"https:\/\/www.k-m.de\/brand\/de\/wp-json\/wp\/v2\/categories?post=13287"},{"taxonomy":"post_tag","embeddable":true,"href":"https:\/\/www.k-m.de\/brand\/de\/wp-json\/wp\/v2\/tags?post=13287"}],"curies":[{"name":"wp","href":"https:\/\/api.w.org\/{rel}","templated":true}]}}