{"id":1574,"date":"2012-10-09T07:24:52","date_gmt":"2012-10-09T07:24:52","guid":{"rendered":"http:\/\/blog.k-m.de\/de\/?p=1574"},"modified":"2024-04-21T14:42:27","modified_gmt":"2024-04-21T12:42:27","slug":"popmusik-akademisch","status":"publish","type":"post","link":"https:\/\/www.k-m.de\/brand\/de\/popmusik-akademisch\/","title":{"rendered":"Popmusik akademisch"},"content":{"rendered":"<p><strong>Popmusik studieren!?!<\/strong><\/p>\n<p>Doch das geht wirklich! An der Popakademie Baden-W\u00fcrttemberg ist dies seit neun Jahren m\u00f6glich. Inzwischen werden einige Studieng\u00e4nge angeboten \u2013 wie man sich das genau vorstellen kann beschreibt\u00a0 Max Micus in diesem ersten Blogbeitrag \u201ePopmusik akademisch!\u201c.<br \/>\nMax Micus ist an der Popakademie der \u201eManager Public Relations\u201c und k\u00fcnftig nun Gastblogger f\u00fcr den K\u00f6nig &amp; Meyer Corporate Blog.<br \/>\nViele von euch haben ganz bestimmt schon einmal von der <strong>Popakademie in Mannheim<\/strong> geh\u00f6rt.<br \/>\nPopmusik soll man jetzt studieren k\u00f6nnen?!\u00a0 \u201eDas ist doch ein Scherz\u201c, m\u00f6gen viele vor neun Jahren gedacht haben, als die Popakademie ihrem ersten Studiengang die Pforten ge\u00f6ffnet hat. Inzwischen sind viele der Absolventen als erfolgreiche Berufsmusiker aktiv oder im Management namhafter K\u00fcnstler t\u00e4tig. Dennoch k\u00f6nnen sich auch heute viele Leute gar nicht so genau vorstellen, was die Popakademie ist und wie so ein \u201ePopmusikstudium\u201c dort aussieht.<\/p>\n<p>&nbsp;<\/p>\n<p>Die Popakademie Baden-W\u00fcrttemberg, wie ihr offizieller Name lautet, wurde 2003 gegr\u00fcndet, um jungen Musikern und angehenden Musikmanagern eine professionelle, staatlich anerkannte akademische Ausbildung zu erm\u00f6glichen. Aber wie sieht so eine akademische Ausbildung aus? Beim Bachelorstudiengang <em>Musikbusiness<\/em> kann man sich noch vorstellen, dass Themen wie \u201eFinanzen, Kostenrechnung &amp; Controlling\u201c, \u201eMusikrecht\u201c und \u201eMarketing\u201c eine zentrale Rolle spielen. Beim Studiengang <em>Popmusikdesign <\/em>hat der ein oder andere dann aber doch Schwierigkeiten, sich Genaueres vorzustellen.<\/p>\n<p>Alle Studieng\u00e4nge der Popakademie, inzwischen gibt es sogar zwei Masterstudieng\u00e4nge, folgen einem Grundprinzip. Von Anfang an wird gro\u00dfer Wert darauf gelegt, dass sich die K\u00fcnstler \u00fcber die musikalischen Fertigkeiten hinaus auch mit den Themen des Musikbusiness auseinandersetzen. Ebenso stehen f\u00fcr die Businessstudierenden k\u00fcnstlerische F\u00e4cher wie Musiktheorie oder Popmusikgeschichte auf dem Programm. Die Verzahnung der beiden Studieng\u00e4nge soll den Studenten schon w\u00e4hrend ihrer Ausbildung ein Gef\u00fchl f\u00fcr einander vermitteln und dar\u00fcber hinaus Netzwerke entstehen lassen.<\/p>\n<p><em><br \/>\n<\/em><strong>Sehr gute musikalisches Fertigkeiten sind Voraussetzung<\/strong><\/p>\n<p>Der Studiengang <em>Popmusikdesign <\/em>richtet sich an gute Musiker, die ihr Hobby zum Beruf machen wollen: Musik machen. Doch wer als Musiker Geld verdienen m\u00f6chte, und zwar so viel, dass davon Miete und Lebensunterhalt finanziert werden kann, muss einen genauen Plan haben. Der Studiengang <em>Popmusikdesign <\/em>fokussiert daher neben der k\u00fcnstlerischen und musikalischen Profilsch\u00e4rfung auch die Weiterbildung in den wirtschaftlichen und kommunikativen Bereichen des Musikbusiness.<\/p>\n<p>&nbsp;<\/p>\n<p><strong>Musiker m\u00fcssen das Business verstehen \u2013 Manager die Musik<\/strong><\/p>\n<p>Die Studierenden verf\u00fcgen bereits zu Studienbeginn \u00fcber sehr gute musikalische Fertigkeiten, die sie zuvor in einer Aufnahmepr\u00fcfung unter Beweis stellen. An der Popakademie geht es dann darum, dem musikalischen Handwerk einen Feinschliff zu verpassen und mit diesem kreativ zu arbeiten, um eigene Stile zu entwickeln.<\/p>\n<p>In der Praxis sieht das dann so aus: W\u00e4hrend es f\u00fcr Gesang und Instrumente sowohl Individualunterricht als auch Bandcoachings gibt, geht es f\u00fcr Themen wie beispielsweise Musiktheorie, Musikrecht und Marketing in den H\u00f6rsaal. Aber auch Grundkenntnisse f\u00fcr die Gestaltung einer eigenen Homepages oder anderer Instrumente zur Selbstvermarktung werden vermittelt. Im musikalischen Bereich belegt jeder Musiker ein Haupt- und ein Nebenfach: Diese sind Singing\/Songwriting, Keyboard, E-Gitarre, E-Bass, Schlagzeug und Producing. Zu Studienbeginn stellen sich dann die Singer-\/Songwriter den anderen Musikern auf der \u201eBandb\u00f6rse\u201c vor. Hier lernen die Instrumentalisten und Producer die verschiedenen Musiker mit ihren Stilen kennen und bilden Bands, die im Laufe des Studiums gemeinsam arbeiten, auftreten und auch gepr\u00fcft werden. Die Bandbreite der Musikstile reicht von HipHop bis Heavy Metal, von Dubstep bis Deutschrock und Electro bis Easy Listening. So ziemlich alles ist vertreten.<\/p>\n<p>An der Popakademie geht es darum, Freir\u00e4ume f\u00fcr Kreativit\u00e4t zu schaffen, sich auszuprobieren, um eigene musikalische Wege beschreiten zu k\u00f6nnen. Es geht um K\u00fcnstler, die ihr Ding machen, um K\u00fcnstler die ihre eigenen Ideen kreieren und musikalisch verwirklichen wollen. Die erfahrenen Dozenten vermitteln hierbei \u201elediglich\u201c das Handwerk, sch\u00e4rfen das Bewusstsein zur eigenen Wahrnehmung oder geben Impulse zur Kreativit\u00e4t. Die Idee dabei ist ganz simpel: Nur wer das macht, was ihm wirklich Spa\u00df macht, und dazu das n\u00f6tige Branchen-Know-How hat, der kann auch langfristig erfolgreich sein.<\/p>\n<p>&nbsp;<\/p>\n<p><strong>Langfristiger Erfolg nur durch Authentizit\u00e4t und ein gutes Rundumpaket!<\/strong><\/p>\n<p>Im Bachelorstudiengang <em>Musikbusiness <\/em>stehen f\u00fcnf verschiedene Schwerpunkte zur Wahl: K\u00fcnstlerentwicklung, Marketing- und Vertriebsmanagement, Business Management, Community Management und Digital Innovation Management. In der Musikindustrie hat sich in den vergangenen Jahren viel ge\u00e4ndert. Das Internet und die Digitalisierung der Musik haben den Musikmarkt auf den Kopf gestellt. An der Popakademie will man die Manager von morgen gezielt auf aktuelle und kommende Herausforderungen vorbereiten. Ihr gro\u00dfer Vorteil: Von Beginn an arbeiten sie mit den Musikern der Popakademie zusammen und k\u00f6nnen sich direkt ausprobieren. Bei Projekten mit gro\u00dfen Unternehmen und kleinen StartUps der Musikbranche werden schon ab dem dritten Semester Kontakte in die Branche gekn\u00fcpft.<\/p>\n<p>Seit dem Wintersemester 2011\/12 gibt es neben den beiden Bachelorstudieng\u00e4ngen auch zwei Masterstudieng\u00e4nge Popular Music M.A. und Music &amp; Creative Industries M.A., die eine zus\u00e4tzliche Spezialisierung und Vertiefung erm\u00f6glichen.<\/p>\n<p>Die Musikbranche ist stark vernetzt. Verb\u00e4nde, Plattenfirmen, Agenturen und nat\u00fcrlich auch die Musiker arbeiten eng zusammen. So ist es f\u00fcr alle Beteiligten sehr wichtig, egal, ob Berufsgitarrist, K\u00fcnstlermanager oder Verbandsmitarbeiter,\u00a0 viele Kollegen zu kennen und sich ein eigenes Netzwerk aufzubauen. Der Netzwerkgedanke spielt an der Popakademie von Beginn an eine zentrale Rolle. Das fach- und semester\u00fcbergreifende Miteinander wird durch gemeinsames Arbeiten gef\u00f6rdert. Projektarbeiten, Kongresse, Tagungen und Praktika bieten zus\u00e4tzlich eine Masse an unmittelbaren Kontaktm\u00f6glichkeiten direkt in die Wirtschaft und die unterschiedlichen Musikszenen.<\/p>\n<p>&nbsp;<\/p>\n<p><strong>Ein Netzwerk in die Szenen und die ganze Musikbranche<\/strong><\/p>\n<p>\u00dcber den Studienbetrieb hinaus finden \u00fcber das Jahr verteilt eine Reihe spannender und unterhaltsamer Veranstaltungen an der Popakademie statt. Beim Future Music Camp und dem Kongress Zukunft Pop kommen jedes Jahr K\u00fcnstler, Spezialisten und Experten aus allen Bereichen der Musikbranche zusammen, um neue Ideen und Modelle zu erarbeiten. Veranstaltungen wie die International Songwriterweek oder das International Summercamp bringen Musiker aus vielen L\u00e4ndern zum gemeinsamen Musizieren und Kontaktkn\u00fcpfen zusammen. Wer einfach nur Lust auf gute Livemusik hat, sollte einen der regelm\u00e4\u00dfig stattfindenden Work In Progress Club-Konzerte besuchen. Hier zeigen die Studenten die Projekte, an denen sie gerade arbeiten und probieren ihre Songs vor Publikum aus. Der Eintritt ist immer frei! Die Termine hierzu findet ihr auf <a href=\"http:\/\/www.popakademie.de\" target=\"_blank\" rel=\"noopener\">www.popakademie.de<\/a><\/p>\n","protected":false},"excerpt":{"rendered":"<p>Popmusik studieren!?! Doch das geht wirklich! An der Popakademie Baden-W\u00fcrttemberg ist dies seit neun Jahren m\u00f6glich. Inzwischen werden einige Studieng\u00e4nge<span class=\"read_more\">Mehr erfahren<\/span><\/p>\n","protected":false},"author":13,"featured_media":10879,"comment_status":"open","ping_status":"open","sticky":false,"template":"","format":"standard","meta":{"footnotes":""},"categories":[10],"tags":[359,360,361,362,363,364],"class_list":["post-1574","post","type-post","status-publish","format-standard","has-post-thumbnail","hentry","category-news","tag-max-micus","tag-musik-als-beruf","tag-musikbusiness","tag-popakademie","tag-popakademie-mannheim","tag-popmusik-studieren"],"better_featured_image":{"id":10879,"alt_text":"Popakademie Ba-W\u00fc I Logo + Bild vom Haus + Studioeinblick","caption":"","description":"","media_type":"image","media_details":{"width":688,"height":420,"file":"2012\/10\/pop.jpg","sizes":{"thumbnail":{"file":"pop-800x480.jpg","width":800,"height":480,"mime-type":"image\/jpeg","source_url":"https:\/\/www.k-m.de\/brand\/wp-content\/uploads\/2012\/10\/pop-800x480.jpg"},"medium":{"file":"pop-600x366.jpg","width":600,"height":366,"mime-type":"image\/jpeg","source_url":"https:\/\/www.k-m.de\/brand\/wp-content\/uploads\/2012\/10\/pop-600x366.jpg"},"post-thumbnail":{"file":"pop-800x480.jpg","width":800,"height":480,"mime-type":"image\/jpeg","source_url":"https:\/\/www.k-m.de\/brand\/wp-content\/uploads\/2012\/10\/pop-800x480.jpg"},"medium_cropped":{"file":"pop-600x600.jpg","width":600,"height":600,"mime-type":"image\/jpeg","source_url":"https:\/\/www.k-m.de\/brand\/wp-content\/uploads\/2012\/10\/pop-600x600.jpg"},"large_cropped":{"file":"pop-1200x720.jpg","width":1200,"height":720,"mime-type":"image\/jpeg","source_url":"https:\/\/www.k-m.de\/brand\/wp-content\/uploads\/2012\/10\/pop-1200x720.jpg"},"very_large_cropped":{"file":"pop-1800x900.jpg","width":1800,"height":900,"mime-type":"image\/jpeg","source_url":"https:\/\/www.k-m.de\/brand\/wp-content\/uploads\/2012\/10\/pop-1800x900.jpg"},"x_large_cropped":{"file":"pop-2200x1100.jpg","width":2200,"height":1100,"mime-type":"image\/jpeg","source_url":"https:\/\/www.k-m.de\/brand\/wp-content\/uploads\/2012\/10\/pop-2200x1100.jpg"},"landingpage_thumb":{"file":"pop-491x300.jpg","width":491,"height":300,"mime-type":"image\/jpeg","source_url":"https:\/\/www.k-m.de\/brand\/wp-content\/uploads\/2012\/10\/pop-491x300.jpg"},"profile_24":{"file":"pop-24x24.jpg","width":24,"height":24,"mime-type":"image\/jpeg","source_url":"https:\/\/www.k-m.de\/brand\/wp-content\/uploads\/2012\/10\/pop-24x24.jpg"},"profile_48":{"file":"pop-48x48.jpg","width":48,"height":48,"mime-type":"image\/jpeg","source_url":"https:\/\/www.k-m.de\/brand\/wp-content\/uploads\/2012\/10\/pop-48x48.jpg"},"profile_96":{"file":"pop-96x96.jpg","width":96,"height":96,"mime-type":"image\/jpeg","source_url":"https:\/\/www.k-m.de\/brand\/wp-content\/uploads\/2012\/10\/pop-96x96.jpg"}},"image_meta":{"aperture":"0","credit":"","camera":"","caption":"","created_timestamp":"0","copyright":"","focal_length":"0","iso":"0","shutter_speed":"0","title":"","orientation":"0","keywords":[]}},"post":1574,"source_url":"https:\/\/www.k-m.de\/brand\/wp-content\/uploads\/2012\/10\/pop.jpg"},"post_meta_fields":{"_wpml_media_featured":["1"],"_wpml_media_duplicate":["1"],"_edit_last":["9"],"post_views_count":["2823"],"dsq_thread_id":["878561882"],"ratings_users":["0"],"ratings_score":["0"],"ratings_average":["0"],"_aioseop_title":["Popmusik akademisch"],"_aioseop_description":["Popmusik studieren!?!\nDoch das geht wirklich! An der Popakademie Baden-W\u00fcrttemberg ist dies seit neun Jahren m\u00f6glich."],"_aioseop_keywords":["K\u00f6nig & Meyer, Max Micus, Popakademie, Mannheim, popmusik studieren"],"_edit_lock":["1713703348:9"],"_wpb_vc_js_status":["false"],"_thumbnail_id":["10879"],"_post_dealeronly":[""],"_yoast_indexnow_last_ping":["1713703348"],"_wpml_word_count":["{\"total\":998,\"to_translate\":{\"en\":998,\"us\":998}}"]},"yoast_head":"<!-- This site is optimized with the Yoast SEO Premium plugin v26.8 (Yoast SEO v27.4) - https:\/\/yoast.com\/product\/yoast-seo-premium-wordpress\/ -->\n<title>Popmusik akademisch - K\u00f6nig &amp; Meyer<\/title>\n<meta name=\"robots\" content=\"index, follow, max-snippet:-1, max-image-preview:large, max-video-preview:-1\" \/>\n<link rel=\"canonical\" href=\"https:\/\/www.k-m.de\/brand\/de\/popmusik-akademisch\/\" \/>\n<meta property=\"og:locale\" content=\"de_DE\" \/>\n<meta property=\"og:type\" content=\"article\" \/>\n<meta property=\"og:title\" content=\"Popmusik akademisch\" \/>\n<meta property=\"og:description\" content=\"Popmusik studieren!?! Doch das geht wirklich! An der Popakademie Baden-W\u00fcrttemberg ist dies seit neun Jahren m\u00f6glich. Inzwischen werden einige Studieng\u00e4ngeMehr erfahren\" \/>\n<meta property=\"og:url\" content=\"https:\/\/www.k-m.de\/brand\/de\/popmusik-akademisch\/\" \/>\n<meta property=\"og:site_name\" content=\"K\u00f6nig &amp; Meyer\" \/>\n<meta property=\"article:published_time\" content=\"2012-10-09T07:24:52+00:00\" \/>\n<meta property=\"article:modified_time\" content=\"2024-04-21T12:42:27+00:00\" \/>\n<meta property=\"og:image\" content=\"https:\/\/www.k-m.de\/brand\/wp-content\/uploads\/2012\/10\/pop.jpg\" \/>\n\t<meta property=\"og:image:width\" content=\"688\" \/>\n\t<meta property=\"og:image:height\" content=\"420\" \/>\n\t<meta property=\"og:image:type\" content=\"image\/jpeg\" \/>\n<meta name=\"author\" content=\"Popakademie\" \/>\n<meta name=\"twitter:card\" content=\"summary_large_image\" \/>\n<meta name=\"twitter:label1\" content=\"Verfasst von\" \/>\n\t<meta name=\"twitter:data1\" content=\"Popakademie\" \/>\n\t<meta name=\"twitter:label2\" content=\"Gesch\u00e4tzte Lesezeit\" \/>\n\t<meta name=\"twitter:data2\" content=\"5\u00a0Minuten\" \/>\n<script type=\"application\/ld+json\" class=\"yoast-schema-graph\">{\"@context\":\"https:\\\/\\\/schema.org\",\"@graph\":[{\"@type\":\"Article\",\"@id\":\"https:\\\/\\\/www.k-m.de\\\/brand\\\/de\\\/popmusik-akademisch\\\/#article\",\"isPartOf\":{\"@id\":\"https:\\\/\\\/www.k-m.de\\\/brand\\\/de\\\/popmusik-akademisch\\\/\"},\"author\":{\"name\":\"Popakademie\",\"@id\":\"https:\\\/\\\/www.k-m.de\\\/brand\\\/de\\\/#\\\/schema\\\/person\\\/9c61631b826627485acacb54832e6822\"},\"headline\":\"Popmusik akademisch\",\"datePublished\":\"2012-10-09T07:24:52+00:00\",\"dateModified\":\"2024-04-21T12:42:27+00:00\",\"mainEntityOfPage\":{\"@id\":\"https:\\\/\\\/www.k-m.de\\\/brand\\\/de\\\/popmusik-akademisch\\\/\"},\"wordCount\":1055,\"commentCount\":0,\"publisher\":{\"@id\":\"https:\\\/\\\/www.k-m.de\\\/brand\\\/de\\\/#organization\"},\"image\":{\"@id\":\"https:\\\/\\\/www.k-m.de\\\/brand\\\/de\\\/popmusik-akademisch\\\/#primaryimage\"},\"thumbnailUrl\":\"https:\\\/\\\/www.k-m.de\\\/brand\\\/wp-content\\\/uploads\\\/2012\\\/10\\\/pop.jpg\",\"keywords\":[\"Max Micus\",\"Musik als Beruf\",\"Musikbusiness\",\"Popakademie\",\"Popakademie Mannheim\",\"popmusik studieren\"],\"articleSection\":[\"News\"],\"inLanguage\":\"de\",\"potentialAction\":[{\"@type\":\"CommentAction\",\"name\":\"Comment\",\"target\":[\"https:\\\/\\\/www.k-m.de\\\/brand\\\/de\\\/popmusik-akademisch\\\/#respond\"]}]},{\"@type\":\"WebPage\",\"@id\":\"https:\\\/\\\/www.k-m.de\\\/brand\\\/de\\\/popmusik-akademisch\\\/\",\"url\":\"https:\\\/\\\/www.k-m.de\\\/brand\\\/de\\\/popmusik-akademisch\\\/\",\"name\":\"Popmusik akademisch - K\u00f6nig &amp; Meyer\",\"isPartOf\":{\"@id\":\"https:\\\/\\\/www.k-m.de\\\/brand\\\/de\\\/#website\"},\"primaryImageOfPage\":{\"@id\":\"https:\\\/\\\/www.k-m.de\\\/brand\\\/de\\\/popmusik-akademisch\\\/#primaryimage\"},\"image\":{\"@id\":\"https:\\\/\\\/www.k-m.de\\\/brand\\\/de\\\/popmusik-akademisch\\\/#primaryimage\"},\"thumbnailUrl\":\"https:\\\/\\\/www.k-m.de\\\/brand\\\/wp-content\\\/uploads\\\/2012\\\/10\\\/pop.jpg\",\"datePublished\":\"2012-10-09T07:24:52+00:00\",\"dateModified\":\"2024-04-21T12:42:27+00:00\",\"breadcrumb\":{\"@id\":\"https:\\\/\\\/www.k-m.de\\\/brand\\\/de\\\/popmusik-akademisch\\\/#breadcrumb\"},\"inLanguage\":\"de\",\"potentialAction\":[{\"@type\":\"ReadAction\",\"target\":[\"https:\\\/\\\/www.k-m.de\\\/brand\\\/de\\\/popmusik-akademisch\\\/\"]}]},{\"@type\":\"ImageObject\",\"inLanguage\":\"de\",\"@id\":\"https:\\\/\\\/www.k-m.de\\\/brand\\\/de\\\/popmusik-akademisch\\\/#primaryimage\",\"url\":\"https:\\\/\\\/www.k-m.de\\\/brand\\\/wp-content\\\/uploads\\\/2012\\\/10\\\/pop.jpg\",\"contentUrl\":\"https:\\\/\\\/www.k-m.de\\\/brand\\\/wp-content\\\/uploads\\\/2012\\\/10\\\/pop.jpg\",\"width\":688,\"height\":420,\"caption\":\"Popakademie Ba-W\u00fc I Logo + Bild vom Haus + Studioeinblick\"},{\"@type\":\"BreadcrumbList\",\"@id\":\"https:\\\/\\\/www.k-m.de\\\/brand\\\/de\\\/popmusik-akademisch\\\/#breadcrumb\",\"itemListElement\":[{\"@type\":\"ListItem\",\"position\":1,\"name\":\"Startseite\",\"item\":\"https:\\\/\\\/www.k-m.de\\\/brand\\\/de\\\/\"},{\"@type\":\"ListItem\",\"position\":2,\"name\":\"Popmusik akademisch\"}]},{\"@type\":\"WebSite\",\"@id\":\"https:\\\/\\\/www.k-m.de\\\/brand\\\/de\\\/#website\",\"url\":\"https:\\\/\\\/www.k-m.de\\\/brand\\\/de\\\/\",\"name\":\"K\u00f6nig & Meyer\",\"description\":\"K\u00f6nig &amp; Meyer ist ein weltweit f\u00fchrender Hersteller f\u00fcr Musikzubeh\u00f6r. Seit \u00fcber 65 Jahren steht K&amp;M f\u00fcr qualitativ hochwertige Produkte.\",\"publisher\":{\"@id\":\"https:\\\/\\\/www.k-m.de\\\/brand\\\/de\\\/#organization\"},\"potentialAction\":[{\"@type\":\"SearchAction\",\"target\":{\"@type\":\"EntryPoint\",\"urlTemplate\":\"https:\\\/\\\/www.k-m.de\\\/brand\\\/de\\\/?s={search_term_string}\"},\"query-input\":{\"@type\":\"PropertyValueSpecification\",\"valueRequired\":true,\"valueName\":\"search_term_string\"}}],\"inLanguage\":\"de\"},{\"@type\":\"Organization\",\"@id\":\"https:\\\/\\\/www.k-m.de\\\/brand\\\/de\\\/#organization\",\"name\":\"K\u00f6nig & Meyer\",\"url\":\"https:\\\/\\\/www.k-m.de\\\/brand\\\/de\\\/\",\"logo\":{\"@type\":\"ImageObject\",\"inLanguage\":\"de\",\"@id\":\"https:\\\/\\\/www.k-m.de\\\/brand\\\/de\\\/#\\\/schema\\\/logo\\\/image\\\/\",\"url\":\"https:\\\/\\\/www.k-m.de\\\/brand\\\/wp-content\\\/uploads\\\/2023\\\/01\\\/KM_1c.tif\",\"contentUrl\":\"https:\\\/\\\/www.k-m.de\\\/brand\\\/wp-content\\\/uploads\\\/2023\\\/01\\\/KM_1c.tif\",\"width\":1,\"height\":1,\"caption\":\"K\u00f6nig & Meyer\"},\"image\":{\"@id\":\"https:\\\/\\\/www.k-m.de\\\/brand\\\/de\\\/#\\\/schema\\\/logo\\\/image\\\/\"}},{\"@type\":\"Person\",\"@id\":\"https:\\\/\\\/www.k-m.de\\\/brand\\\/de\\\/#\\\/schema\\\/person\\\/9c61631b826627485acacb54832e6822\",\"name\":\"Popakademie\",\"url\":\"https:\\\/\\\/www.k-m.de\\\/brand\\\/de\\\/author\\\/popakademie\\\/\"}]}<\/script>\n<!-- \/ Yoast SEO Premium plugin. -->","yoast_head_json":{"title":"Popmusik akademisch - K\u00f6nig &amp; Meyer","robots":{"index":"index","follow":"follow","max-snippet":"max-snippet:-1","max-image-preview":"max-image-preview:large","max-video-preview":"max-video-preview:-1"},"canonical":"https:\/\/www.k-m.de\/brand\/de\/popmusik-akademisch\/","og_locale":"de_DE","og_type":"article","og_title":"Popmusik akademisch","og_description":"Popmusik studieren!?! Doch das geht wirklich! An der Popakademie Baden-W\u00fcrttemberg ist dies seit neun Jahren m\u00f6glich. Inzwischen werden einige Studieng\u00e4ngeMehr erfahren","og_url":"https:\/\/www.k-m.de\/brand\/de\/popmusik-akademisch\/","og_site_name":"K\u00f6nig &amp; Meyer","article_published_time":"2012-10-09T07:24:52+00:00","article_modified_time":"2024-04-21T12:42:27+00:00","og_image":[{"width":688,"height":420,"url":"https:\/\/www.k-m.de\/brand\/wp-content\/uploads\/2012\/10\/pop.jpg","type":"image\/jpeg"}],"author":"Popakademie","twitter_card":"summary_large_image","twitter_misc":{"Verfasst von":"Popakademie","Gesch\u00e4tzte Lesezeit":"5\u00a0Minuten"},"schema":{"@context":"https:\/\/schema.org","@graph":[{"@type":"Article","@id":"https:\/\/www.k-m.de\/brand\/de\/popmusik-akademisch\/#article","isPartOf":{"@id":"https:\/\/www.k-m.de\/brand\/de\/popmusik-akademisch\/"},"author":{"name":"Popakademie","@id":"https:\/\/www.k-m.de\/brand\/de\/#\/schema\/person\/9c61631b826627485acacb54832e6822"},"headline":"Popmusik akademisch","datePublished":"2012-10-09T07:24:52+00:00","dateModified":"2024-04-21T12:42:27+00:00","mainEntityOfPage":{"@id":"https:\/\/www.k-m.de\/brand\/de\/popmusik-akademisch\/"},"wordCount":1055,"commentCount":0,"publisher":{"@id":"https:\/\/www.k-m.de\/brand\/de\/#organization"},"image":{"@id":"https:\/\/www.k-m.de\/brand\/de\/popmusik-akademisch\/#primaryimage"},"thumbnailUrl":"https:\/\/www.k-m.de\/brand\/wp-content\/uploads\/2012\/10\/pop.jpg","keywords":["Max Micus","Musik als Beruf","Musikbusiness","Popakademie","Popakademie Mannheim","popmusik studieren"],"articleSection":["News"],"inLanguage":"de","potentialAction":[{"@type":"CommentAction","name":"Comment","target":["https:\/\/www.k-m.de\/brand\/de\/popmusik-akademisch\/#respond"]}]},{"@type":"WebPage","@id":"https:\/\/www.k-m.de\/brand\/de\/popmusik-akademisch\/","url":"https:\/\/www.k-m.de\/brand\/de\/popmusik-akademisch\/","name":"Popmusik akademisch - K\u00f6nig &amp; Meyer","isPartOf":{"@id":"https:\/\/www.k-m.de\/brand\/de\/#website"},"primaryImageOfPage":{"@id":"https:\/\/www.k-m.de\/brand\/de\/popmusik-akademisch\/#primaryimage"},"image":{"@id":"https:\/\/www.k-m.de\/brand\/de\/popmusik-akademisch\/#primaryimage"},"thumbnailUrl":"https:\/\/www.k-m.de\/brand\/wp-content\/uploads\/2012\/10\/pop.jpg","datePublished":"2012-10-09T07:24:52+00:00","dateModified":"2024-04-21T12:42:27+00:00","breadcrumb":{"@id":"https:\/\/www.k-m.de\/brand\/de\/popmusik-akademisch\/#breadcrumb"},"inLanguage":"de","potentialAction":[{"@type":"ReadAction","target":["https:\/\/www.k-m.de\/brand\/de\/popmusik-akademisch\/"]}]},{"@type":"ImageObject","inLanguage":"de","@id":"https:\/\/www.k-m.de\/brand\/de\/popmusik-akademisch\/#primaryimage","url":"https:\/\/www.k-m.de\/brand\/wp-content\/uploads\/2012\/10\/pop.jpg","contentUrl":"https:\/\/www.k-m.de\/brand\/wp-content\/uploads\/2012\/10\/pop.jpg","width":688,"height":420,"caption":"Popakademie Ba-W\u00fc I Logo + Bild vom Haus + Studioeinblick"},{"@type":"BreadcrumbList","@id":"https:\/\/www.k-m.de\/brand\/de\/popmusik-akademisch\/#breadcrumb","itemListElement":[{"@type":"ListItem","position":1,"name":"Startseite","item":"https:\/\/www.k-m.de\/brand\/de\/"},{"@type":"ListItem","position":2,"name":"Popmusik akademisch"}]},{"@type":"WebSite","@id":"https:\/\/www.k-m.de\/brand\/de\/#website","url":"https:\/\/www.k-m.de\/brand\/de\/","name":"K\u00f6nig & Meyer","description":"K\u00f6nig &amp; Meyer ist ein weltweit f\u00fchrender Hersteller f\u00fcr Musikzubeh\u00f6r. Seit \u00fcber 65 Jahren steht K&amp;M f\u00fcr qualitativ hochwertige Produkte.","publisher":{"@id":"https:\/\/www.k-m.de\/brand\/de\/#organization"},"potentialAction":[{"@type":"SearchAction","target":{"@type":"EntryPoint","urlTemplate":"https:\/\/www.k-m.de\/brand\/de\/?s={search_term_string}"},"query-input":{"@type":"PropertyValueSpecification","valueRequired":true,"valueName":"search_term_string"}}],"inLanguage":"de"},{"@type":"Organization","@id":"https:\/\/www.k-m.de\/brand\/de\/#organization","name":"K\u00f6nig & Meyer","url":"https:\/\/www.k-m.de\/brand\/de\/","logo":{"@type":"ImageObject","inLanguage":"de","@id":"https:\/\/www.k-m.de\/brand\/de\/#\/schema\/logo\/image\/","url":"https:\/\/www.k-m.de\/brand\/wp-content\/uploads\/2023\/01\/KM_1c.tif","contentUrl":"https:\/\/www.k-m.de\/brand\/wp-content\/uploads\/2023\/01\/KM_1c.tif","width":1,"height":1,"caption":"K\u00f6nig & Meyer"},"image":{"@id":"https:\/\/www.k-m.de\/brand\/de\/#\/schema\/logo\/image\/"}},{"@type":"Person","@id":"https:\/\/www.k-m.de\/brand\/de\/#\/schema\/person\/9c61631b826627485acacb54832e6822","name":"Popakademie","url":"https:\/\/www.k-m.de\/brand\/de\/author\/popakademie\/"}]}},"_links":{"self":[{"href":"https:\/\/www.k-m.de\/brand\/de\/wp-json\/wp\/v2\/posts\/1574","targetHints":{"allow":["GET"]}}],"collection":[{"href":"https:\/\/www.k-m.de\/brand\/de\/wp-json\/wp\/v2\/posts"}],"about":[{"href":"https:\/\/www.k-m.de\/brand\/de\/wp-json\/wp\/v2\/types\/post"}],"author":[{"embeddable":true,"href":"https:\/\/www.k-m.de\/brand\/de\/wp-json\/wp\/v2\/users\/13"}],"replies":[{"embeddable":true,"href":"https:\/\/www.k-m.de\/brand\/de\/wp-json\/wp\/v2\/comments?post=1574"}],"version-history":[{"count":2,"href":"https:\/\/www.k-m.de\/brand\/de\/wp-json\/wp\/v2\/posts\/1574\/revisions"}],"predecessor-version":[{"id":9974,"href":"https:\/\/www.k-m.de\/brand\/de\/wp-json\/wp\/v2\/posts\/1574\/revisions\/9974"}],"wp:featuredmedia":[{"embeddable":true,"href":"https:\/\/www.k-m.de\/brand\/de\/wp-json\/wp\/v2\/media\/10879"}],"wp:attachment":[{"href":"https:\/\/www.k-m.de\/brand\/de\/wp-json\/wp\/v2\/media?parent=1574"}],"wp:term":[{"taxonomy":"category","embeddable":true,"href":"https:\/\/www.k-m.de\/brand\/de\/wp-json\/wp\/v2\/categories?post=1574"},{"taxonomy":"post_tag","embeddable":true,"href":"https:\/\/www.k-m.de\/brand\/de\/wp-json\/wp\/v2\/tags?post=1574"}],"curies":[{"name":"wp","href":"https:\/\/api.w.org\/{rel}","templated":true}]}}