{"id":16411,"date":"2021-10-10T08:09:38","date_gmt":"2021-10-10T06:09:38","guid":{"rendered":"https:\/\/www.k-m.de\/brand\/?p=16411"},"modified":"2022-01-09T15:34:38","modified_gmt":"2022-01-09T14:34:38","slug":"willkommen-im-km-team","status":"publish","type":"post","link":"https:\/\/www.k-m.de\/brand\/de\/willkommen-im-km-team\/","title":{"rendered":"Willkommen im K&#038;M-Team!"},"content":{"rendered":"<p><strong>Am Mittwoch, den 01. September 2021 durften wir neun neue Auszubildende an unserem Standort Wertheim begr\u00fc\u00dfen. Ihre Ausbildung bei K\u00f6nig &amp; Meyer hat endlich begonnen und sie sind nun Teil des K&amp;M Teams \u2013 auch hier nochmal herzlich willkommen!<\/strong><\/p>\n<p>Insgesamt bildet K&amp;M im Jahr 2021 f\u00fcnf <a href=\"https:\/\/www.k-m.de\/brand\/de\/koenig-meyer\/ausbildungsstellen\/\" target=\"_blank\" rel=\"noopener\">Ausbildungsberufe<\/a> aus:<\/p>\n<ul>\n<li>2x Fachkraft f\u00fcr Lagerlogistik<\/li>\n<li>2x Mechatroniker<\/li>\n<li>3x Feinwerkmechaniker<\/li>\n<li>1x Verfahrensmechaniker f\u00fcr Kunststoff-\/und Kautschuktechnik<\/li>\n<li>1x Zerspanungsmechaniker<\/li>\n<\/ul>\n<p>&nbsp;<\/p>\n\n\t\t<style type=\"text\/css\">\n\t\t\t#gallery-1 {\n\t\t\t\tmargin: auto;\n\t\t\t}\n\t\t\t#gallery-1 .gallery-item {\n\t\t\t\tfloat: left;\n\t\t\t\tmargin-top: 10px;\n\t\t\t\ttext-align: center;\n\t\t\t\twidth: 33%;\n\t\t\t}\n\t\t\t#gallery-1 img {\n\t\t\t\tborder: 2px solid #cfcfcf;\n\t\t\t}\n\t\t\t#gallery-1 .gallery-caption {\n\t\t\t\tmargin-left: 0;\n\t\t\t}\n\t\t\t\/* see gallery_shortcode() in wp-includes\/media.php *\/\n\t\t<\/style>\n\t\t<div id='gallery-1' class='gallery galleryid-16411 gallery-columns-3 gallery-size-full'><dl class='gallery-item'>\n\t\t\t<dt class='gallery-icon portrait'>\n\t\t\t\t<a href='https:\/\/www.k-m.de\/brand\/wp-content\/uploads\/2021\/10\/Aufsteller.jpg'><img loading=\"lazy\" decoding=\"async\" width=\"600\" height=\"800\" src=\"https:\/\/www.k-m.de\/brand\/wp-content\/uploads\/2021\/10\/Aufsteller.jpg\" class=\"attachment-full size-full\" alt=\"K&amp;M Aufsteller: Herzlich willkommen im Team\" srcset=\"https:\/\/www.k-m.de\/brand\/wp-content\/uploads\/2021\/10\/Aufsteller.jpg 600w, https:\/\/www.k-m.de\/brand\/wp-content\/uploads\/2021\/10\/Aufsteller-450x600.jpg 450w, https:\/\/www.k-m.de\/brand\/wp-content\/uploads\/2021\/10\/Aufsteller-576x768.jpg 576w, https:\/\/www.k-m.de\/brand\/wp-content\/uploads\/2021\/10\/Aufsteller-225x300.jpg 225w\" sizes=\"auto, (max-width: 600px) 100vw, 600px\" \/><\/a>\n\t\t\t<\/dt><\/dl><dl class='gallery-item'>\n\t\t\t<dt class='gallery-icon portrait'>\n\t\t\t\t<a href='https:\/\/www.k-m.de\/brand\/wp-content\/uploads\/2021\/10\/Shirt.jpg'><img loading=\"lazy\" decoding=\"async\" width=\"600\" height=\"800\" src=\"https:\/\/www.k-m.de\/brand\/wp-content\/uploads\/2021\/10\/Shirt.jpg\" class=\"attachment-full size-full\" alt=\"K&amp;M T-Shirt auf dem die Verpackung des Smartphonest\u00e4nders steht.\" srcset=\"https:\/\/www.k-m.de\/brand\/wp-content\/uploads\/2021\/10\/Shirt.jpg 600w, https:\/\/www.k-m.de\/brand\/wp-content\/uploads\/2021\/10\/Shirt-450x600.jpg 450w, https:\/\/www.k-m.de\/brand\/wp-content\/uploads\/2021\/10\/Shirt-576x768.jpg 576w, https:\/\/www.k-m.de\/brand\/wp-content\/uploads\/2021\/10\/Shirt-225x300.jpg 225w\" sizes=\"auto, (max-width: 600px) 100vw, 600px\" \/><\/a>\n\t\t\t<\/dt><\/dl><dl class='gallery-item'>\n\t\t\t<dt class='gallery-icon portrait'>\n\t\t\t\t<a href='https:\/\/www.k-m.de\/brand\/wp-content\/uploads\/2021\/10\/Vortrag.jpg'><img loading=\"lazy\" decoding=\"async\" width=\"600\" height=\"800\" src=\"https:\/\/www.k-m.de\/brand\/wp-content\/uploads\/2021\/10\/Vortrag.jpg\" class=\"attachment-full size-full\" alt=\"K\u00f6nig &amp; Meyer Pr\u00e4sentation per Beamer. Die Zuh\u00f6renden sitzen an einem U-f\u00f6rmigen Tisch und blicken auf die Pr\u00e4sentation an der Wand.\" srcset=\"https:\/\/www.k-m.de\/brand\/wp-content\/uploads\/2021\/10\/Vortrag.jpg 600w, https:\/\/www.k-m.de\/brand\/wp-content\/uploads\/2021\/10\/Vortrag-450x600.jpg 450w, https:\/\/www.k-m.de\/brand\/wp-content\/uploads\/2021\/10\/Vortrag-576x768.jpg 576w, https:\/\/www.k-m.de\/brand\/wp-content\/uploads\/2021\/10\/Vortrag-225x300.jpg 225w\" sizes=\"auto, (max-width: 600px) 100vw, 600px\" \/><\/a>\n\t\t\t<\/dt><\/dl><br style=\"clear: both\" \/>\n\t\t<\/div>\n\n<p>&nbsp;<\/p>\n<p>Nach dem Empfang und einer herzlichen Begr\u00fc\u00dfung von unserem Betriebsleiter und Ausbildungskoordinator Christof Vogel sowie unserem Jugendauszubildendenvertreter Philipp Diehm, stand eine kurzweilige Unternehmenspr\u00e4sentation auf dem Programm. Danach lernten unsere neuen Azubis ihre Ausbilder pers\u00f6nlich kennen.<\/p>\n<p>&nbsp;<\/p>\n\n\t\t<style type=\"text\/css\">\n\t\t\t#gallery-2 {\n\t\t\t\tmargin: auto;\n\t\t\t}\n\t\t\t#gallery-2 .gallery-item {\n\t\t\t\tfloat: left;\n\t\t\t\tmargin-top: 10px;\n\t\t\t\ttext-align: center;\n\t\t\t\twidth: 50%;\n\t\t\t}\n\t\t\t#gallery-2 img {\n\t\t\t\tborder: 2px solid #cfcfcf;\n\t\t\t}\n\t\t\t#gallery-2 .gallery-caption {\n\t\t\t\tmargin-left: 0;\n\t\t\t}\n\t\t\t\/* see gallery_shortcode() in wp-includes\/media.php *\/\n\t\t<\/style>\n\t\t<div id='gallery-2' class='gallery galleryid-16411 gallery-columns-2 gallery-size-full'><dl class='gallery-item'>\n\t\t\t<dt class='gallery-icon portrait'>\n\t\t\t\t<a href='https:\/\/www.k-m.de\/brand\/de\/essen\/'><img loading=\"lazy\" decoding=\"async\" width=\"600\" height=\"800\" src=\"https:\/\/www.k-m.de\/brand\/wp-content\/uploads\/2021\/10\/Essen.jpg\" class=\"attachment-full size-full\" alt=\"Apfelsaftschorlen und belegte Semmeln auf einem Tablet\" srcset=\"https:\/\/www.k-m.de\/brand\/wp-content\/uploads\/2021\/10\/Essen.jpg 600w, https:\/\/www.k-m.de\/brand\/wp-content\/uploads\/2021\/10\/Essen-450x600.jpg 450w, https:\/\/www.k-m.de\/brand\/wp-content\/uploads\/2021\/10\/Essen-576x768.jpg 576w, https:\/\/www.k-m.de\/brand\/wp-content\/uploads\/2021\/10\/Essen-225x300.jpg 225w\" sizes=\"auto, (max-width: 600px) 100vw, 600px\" \/><\/a>\n\t\t\t<\/dt><\/dl><dl class='gallery-item'>\n\t\t\t<dt class='gallery-icon portrait'>\n\t\t\t\t<a href='https:\/\/www.k-m.de\/brand\/de\/verhalten\/'><img loading=\"lazy\" decoding=\"async\" width=\"600\" height=\"800\" src=\"https:\/\/www.k-m.de\/brand\/wp-content\/uploads\/2021\/10\/Verhalten.jpg\" class=\"attachment-full size-full\" alt=\"K&amp;M Verhalten bei Notf\u00e4llen: Instruktionen auf dem Tablet\" srcset=\"https:\/\/www.k-m.de\/brand\/wp-content\/uploads\/2021\/10\/Verhalten.jpg 600w, https:\/\/www.k-m.de\/brand\/wp-content\/uploads\/2021\/10\/Verhalten-450x600.jpg 450w, https:\/\/www.k-m.de\/brand\/wp-content\/uploads\/2021\/10\/Verhalten-576x768.jpg 576w, https:\/\/www.k-m.de\/brand\/wp-content\/uploads\/2021\/10\/Verhalten-225x300.jpg 225w\" sizes=\"auto, (max-width: 600px) 100vw, 600px\" \/><\/a>\n\t\t\t<\/dt><\/dl><br style=\"clear: both\" \/><dl class='gallery-item'>\n\t\t\t<dt class='gallery-icon portrait'>\n\t\t\t\t<a href='https:\/\/www.k-m.de\/brand\/de\/lager\/'><img loading=\"lazy\" decoding=\"async\" width=\"600\" height=\"800\" src=\"https:\/\/www.k-m.de\/brand\/wp-content\/uploads\/2021\/10\/Lager.jpg\" class=\"attachment-full size-full\" alt=\"K&amp;M F\u00fchrung durch das LAger\" srcset=\"https:\/\/www.k-m.de\/brand\/wp-content\/uploads\/2021\/10\/Lager.jpg 600w, https:\/\/www.k-m.de\/brand\/wp-content\/uploads\/2021\/10\/Lager-450x600.jpg 450w, https:\/\/www.k-m.de\/brand\/wp-content\/uploads\/2021\/10\/Lager-576x768.jpg 576w, https:\/\/www.k-m.de\/brand\/wp-content\/uploads\/2021\/10\/Lager-225x300.jpg 225w\" sizes=\"auto, (max-width: 600px) 100vw, 600px\" \/><\/a>\n\t\t\t<\/dt><\/dl><dl class='gallery-item'>\n\t\t\t<dt class='gallery-icon portrait'>\n\t\t\t\t<a href='https:\/\/www.k-m.de\/brand\/de\/produktion\/'><img loading=\"lazy\" decoding=\"async\" width=\"600\" height=\"800\" src=\"https:\/\/www.k-m.de\/brand\/wp-content\/uploads\/2021\/10\/Produktion.jpg\" class=\"attachment-full size-full\" alt=\"F\u00fchrung durch die Produktion\" srcset=\"https:\/\/www.k-m.de\/brand\/wp-content\/uploads\/2021\/10\/Produktion.jpg 600w, https:\/\/www.k-m.de\/brand\/wp-content\/uploads\/2021\/10\/Produktion-450x600.jpg 450w, https:\/\/www.k-m.de\/brand\/wp-content\/uploads\/2021\/10\/Produktion-576x768.jpg 576w, https:\/\/www.k-m.de\/brand\/wp-content\/uploads\/2021\/10\/Produktion-225x300.jpg 225w\" sizes=\"auto, (max-width: 600px) 100vw, 600px\" \/><\/a>\n\t\t\t<\/dt><\/dl><br style=\"clear: both\" \/>\n\t\t<\/div>\n\n<p>&nbsp;<\/p>\n<p>Es folgte ein gemeinsames Fr\u00fchst\u00fcck, dem eine erste Unterweisung der Azubis folgte. Hier wurden Themen wie das Verhalten bei Notf\u00e4llen, Betriebsfahrzeuge und Datenschutz behandelt.<br \/>\nAnschlie\u00dfend f\u00fchrte Herr Vogel die Azubis durch die drei K&amp;M-Werke. Es ging von der Kunststoffspritzerei \u00fcber die Montage in das neue Logistikzentrum auf dem Reinhardshof. Gegen Nachmittag endete der erste Tag f\u00fcr unsere neuen Azubis.<\/p>\n<p>Wir w\u00fcnschen allen Auszubildenden einen tollen Start bei K&amp;M und viel Erfolg f\u00fcr alle anstehenden Pr\u00fcfungen!<\/p>\n<p>Wenn Du noch mehr \u00fcber die Ausbildung bei K\u00f6nig &amp; Meyer erfahren willst, schaue gerne in den letzten <a href=\"https:\/\/www.k-m.de\/brand\/de\/unsere-ausbildungsangebote-auf-einen-blick\/\" target=\"_blank\" rel=\"noopener\">K-Mag Artikel<\/a> rein oder besuche uns auf Instagram. Hier halten wir Dich st\u00e4ndig auf dem Laufenden.<\/p>\n<blockquote class=\"instagram-media\" style=\"background: #FFF; border: 0; border-radius: 3px; box-shadow: 0 0 1px 0 rgba(0,0,0,0.5),0 1px 10px 0 rgba(0,0,0,0.15); margin: 1px; max-width: 540px; min-width: 326px; padding: 0; width: calc(100% - 2px);\" data-instgrm-captioned=\"\" data-instgrm-permalink=\"https:\/\/www.instagram.com\/p\/CTTqh5QtNfI\/?utm_source=ig_embed&amp;utm_campaign=loading\" data-instgrm-version=\"14\">\n<div style=\"padding: 16px;\">\n<p>&nbsp;<\/p>\n<div style=\"display: flex; flex-direction: row; align-items: center;\">\n<div style=\"background-color: #f4f4f4; border-radius: 50%; flex-grow: 0; height: 40px; margin-right: 14px; width: 40px;\"><\/div>\n<div style=\"display: flex; flex-direction: column; flex-grow: 1; justify-content: center;\">\n<div style=\"background-color: #f4f4f4; border-radius: 4px; flex-grow: 0; height: 14px; margin-bottom: 6px; width: 100px;\"><\/div>\n<div style=\"background-color: #f4f4f4; border-radius: 4px; flex-grow: 0; height: 14px; width: 60px;\"><\/div>\n<\/div>\n<\/div>\n<div style=\"padding: 19% 0;\"><\/div>\n<div style=\"display: block; height: 50px; margin: 0 auto 12px; width: 50px;\"><\/div>\n<div style=\"padding-top: 8px;\">\n<div style=\"color: #3897f0; font-family: Arial,sans-serif; font-size: 14px; font-style: normal; font-weight: 550; line-height: 18px;\">View this post on Instagram<\/div>\n<\/div>\n<div style=\"padding: 12.5% 0;\"><\/div>\n<div style=\"display: flex; flex-direction: row; margin-bottom: 14px; align-items: center;\">\n<div>\n<div style=\"background-color: #f4f4f4; border-radius: 50%; height: 12.5px; width: 12.5px; transform: translateX(0px) translateY(7px);\"><\/div>\n<div style=\"background-color: #f4f4f4; height: 12.5px; transform: rotate(-45deg) translateX(3px) translateY(1px); width: 12.5px; flex-grow: 0; margin-right: 14px; margin-left: 2px;\"><\/div>\n<div style=\"background-color: #f4f4f4; border-radius: 50%; height: 12.5px; width: 12.5px; transform: translateX(9px) translateY(-18px);\"><\/div>\n<\/div>\n<div style=\"margin-left: 8px;\">\n<div style=\"background-color: #f4f4f4; border-radius: 50%; flex-grow: 0; height: 20px; width: 20px;\"><\/div>\n<div style=\"width: 0; height: 0; border-top: 2px solid transparent; border-left: 6px solid #f4f4f4; border-bottom: 2px solid transparent; transform: translateX(16px) translateY(-4px) rotate(30deg);\"><\/div>\n<\/div>\n<div style=\"margin-left: auto;\">\n<div style=\"width: 0px; border-top: 8px solid #F4F4F4; border-right: 8px solid transparent; transform: translateY(16px);\"><\/div>\n<div style=\"background-color: #f4f4f4; flex-grow: 0; height: 12px; width: 16px; transform: translateY(-4px);\"><\/div>\n<div style=\"width: 0; height: 0; border-top: 8px solid #F4F4F4; border-left: 8px solid transparent; transform: translateY(-4px) translateX(8px);\"><\/div>\n<\/div>\n<\/div>\n<div style=\"display: flex; flex-direction: column; flex-grow: 1; justify-content: center; margin-bottom: 24px;\">\n<div style=\"background-color: #f4f4f4; border-radius: 4px; flex-grow: 0; height: 14px; margin-bottom: 6px; width: 224px;\"><\/div>\n<div style=\"background-color: #f4f4f4; border-radius: 4px; flex-grow: 0; height: 14px; width: 144px;\"><\/div>\n<\/div>\n<p>&nbsp;<\/p>\n<p style=\"color: #c9c8cd; font-family: Arial,sans-serif; font-size: 14px; line-height: 17px; margin-bottom: 0; margin-top: 8px; overflow: hidden; padding: 8px 0 7px; text-align: center; text-overflow: ellipsis; white-space: nowrap;\"><a style=\"color: #c9c8cd; font-family: Arial,sans-serif; font-size: 14px; font-style: normal; font-weight: normal; line-height: 17px; text-decoration: none;\" href=\"https:\/\/www.instagram.com\/p\/CTTqh5QtNfI\/?utm_source=ig_embed&amp;utm_campaign=loading\" target=\"_blank\" rel=\"noopener\">Ein Beitrag geteilt von Ausbildung bei K\u00f6nig &amp; Meyer (@koenigundmeyer_ausbildung)<\/a><\/p>\n<\/div>\n<\/blockquote>\n<p><script async src=\"\/\/www.instagram.com\/embed.js\"><\/script><\/p>\n","protected":false},"excerpt":{"rendered":"<p>Am Mittwoch, den 01. September 2021 durften wir neun neue Auszubildende an unserem Standort Wertheim begr\u00fc\u00dfen. Ihre Ausbildung bei K\u00f6nig<span class=\"read_more\">Mehr erfahren<\/span><\/p>\n","protected":false},"author":28,"featured_media":16434,"comment_status":"open","ping_status":"open","sticky":false,"template":"","format":"standard","meta":{"footnotes":""},"categories":[1121],"tags":[1131,1132,1137,1135,1136,933,935,1133,310,1134],"class_list":["post-16411","post","type-post","status-publish","format-standard","has-post-thumbnail","hentry","category-azubi-news","tag-ausbildung-in-wertheim","tag-ausbildung-musikbranche","tag-ausbildungsberufe-wertheim","tag-ba-studium-wertheim","tag-industriekauffrau-werden-wertheim","tag-industriekaufmann-lernen-wertheim","tag-km-ausbildung","tag-kaufmaennische-ausbildung-wertheim","tag-konig-meyer-ausbildung","tag-technische-ausbildung-wertheim"],"better_featured_image":{"id":16434,"alt_text":"Sieben neue Azubis 2021: Gruppenfoto im Lager","caption":"","description":"","media_type":"image","media_details":{"width":2560,"height":1280,"file":"2021\/09\/Neue_Auszubildende_2021_Instagram-scaled-e1632897157473.jpg","sizes":{"medium":{"file":"Neue_Auszubildende_2021_Instagram-scaled-e1632897157473-600x300.jpg","width":600,"height":300,"mime-type":"image\/jpeg","source_url":"https:\/\/www.k-m.de\/brand\/wp-content\/uploads\/2021\/09\/Neue_Auszubildende_2021_Instagram-scaled-e1632897157473-600x300.jpg"},"large":{"file":"Neue_Auszubildende_2021_Instagram-scaled-e1632897157473-1024x512.jpg","width":1024,"height":512,"mime-type":"image\/jpeg","source_url":"https:\/\/www.k-m.de\/brand\/wp-content\/uploads\/2021\/09\/Neue_Auszubildende_2021_Instagram-scaled-e1632897157473-1024x512.jpg"},"thumbnail":{"file":"Neue_Auszubildende_2021_Instagram-scaled-e1632897157473-800x480.jpg","width":800,"height":480,"mime-type":"image\/jpeg","source_url":"https:\/\/www.k-m.de\/brand\/wp-content\/uploads\/2021\/09\/Neue_Auszubildende_2021_Instagram-scaled-e1632897157473-800x480.jpg"},"medium_large":{"file":"Neue_Auszubildende_2021_Instagram-scaled-e1632897157473-768x384.jpg","width":768,"height":384,"mime-type":"image\/jpeg","source_url":"https:\/\/www.k-m.de\/brand\/wp-content\/uploads\/2021\/09\/Neue_Auszubildende_2021_Instagram-scaled-e1632897157473-768x384.jpg"},"ug_big":{"file":"Neue_Auszubildende_2021_Instagram-scaled-e1632897157473-768x384.jpg","width":768,"height":384,"mime-type":"image\/jpeg","source_url":"https:\/\/www.k-m.de\/brand\/wp-content\/uploads\/2021\/09\/Neue_Auszubildende_2021_Instagram-scaled-e1632897157473-768x384.jpg"},"1536x1536":{"file":"Neue_Auszubildende_2021_Instagram-scaled-e1632897157473-1536x768.jpg","width":1536,"height":768,"mime-type":"image\/jpeg","source_url":"https:\/\/www.k-m.de\/brand\/wp-content\/uploads\/2021\/09\/Neue_Auszubildende_2021_Instagram-scaled-e1632897157473-1536x768.jpg"},"2048x2048":{"file":"Neue_Auszubildende_2021_Instagram-scaled-e1632897157473-2048x1024.jpg","width":2048,"height":1024,"mime-type":"image\/jpeg","source_url":"https:\/\/www.k-m.de\/brand\/wp-content\/uploads\/2021\/09\/Neue_Auszubildende_2021_Instagram-scaled-e1632897157473-2048x1024.jpg"},"post-thumbnail":{"file":"Neue_Auszubildende_2021_Instagram-scaled-e1632897157473-800x480.jpg","width":800,"height":480,"mime-type":"image\/jpeg","source_url":"https:\/\/www.k-m.de\/brand\/wp-content\/uploads\/2021\/09\/Neue_Auszubildende_2021_Instagram-scaled-e1632897157473-800x480.jpg"},"medium_cropped":{"file":"Neue_Auszubildende_2021_Instagram-scaled-e1632897157473-600x600.jpg","width":600,"height":600,"mime-type":"image\/jpeg","source_url":"https:\/\/www.k-m.de\/brand\/wp-content\/uploads\/2021\/09\/Neue_Auszubildende_2021_Instagram-scaled-e1632897157473-600x600.jpg"},"large_cropped":{"file":"Neue_Auszubildende_2021_Instagram-scaled-e1632897157473-1200x720.jpg","width":1200,"height":720,"mime-type":"image\/jpeg","source_url":"https:\/\/www.k-m.de\/brand\/wp-content\/uploads\/2021\/09\/Neue_Auszubildende_2021_Instagram-scaled-e1632897157473-1200x720.jpg"},"very_large":{"file":"Neue_Auszubildende_2021_Instagram-scaled-e1632897157473-1800x900.jpg","width":1800,"height":900,"mime-type":"image\/jpeg","source_url":"https:\/\/www.k-m.de\/brand\/wp-content\/uploads\/2021\/09\/Neue_Auszubildende_2021_Instagram-scaled-e1632897157473-1800x900.jpg"},"very_large_cropped":{"file":"Neue_Auszubildende_2021_Instagram-scaled-e1632897157473-1800x900.jpg","width":1800,"height":900,"mime-type":"image\/jpeg","source_url":"https:\/\/www.k-m.de\/brand\/wp-content\/uploads\/2021\/09\/Neue_Auszubildende_2021_Instagram-scaled-e1632897157473-1800x900.jpg"},"x_large_cropped":{"file":"Neue_Auszubildende_2021_Instagram-scaled-e1632897157473-2200x1100.jpg","width":2200,"height":1100,"mime-type":"image\/jpeg","source_url":"https:\/\/www.k-m.de\/brand\/wp-content\/uploads\/2021\/09\/Neue_Auszubildende_2021_Instagram-scaled-e1632897157473-2200x1100.jpg"},"job_pdf_cropped":{"file":"Neue_Auszubildende_2021_Instagram-scaled-e1632897157473-1800x600.jpg","width":1800,"height":600,"mime-type":"image\/jpeg","source_url":"https:\/\/www.k-m.de\/brand\/wp-content\/uploads\/2021\/09\/Neue_Auszubildende_2021_Instagram-scaled-e1632897157473-1800x600.jpg"},"landingpage_thumb":{"file":"Neue_Auszubildende_2021_Instagram-scaled-e1632897157473-600x300.jpg","width":600,"height":300,"mime-type":"image\/jpeg","source_url":"https:\/\/www.k-m.de\/brand\/wp-content\/uploads\/2021\/09\/Neue_Auszubildende_2021_Instagram-scaled-e1632897157473-600x300.jpg"},"profile_24":{"file":"Neue_Auszubildende_2021_Instagram-scaled-e1632897157473-24x24.jpg","width":24,"height":24,"mime-type":"image\/jpeg","source_url":"https:\/\/www.k-m.de\/brand\/wp-content\/uploads\/2021\/09\/Neue_Auszubildende_2021_Instagram-scaled-e1632897157473-24x24.jpg"},"profile_48":{"file":"Neue_Auszubildende_2021_Instagram-scaled-e1632897157473-48x48.jpg","width":48,"height":48,"mime-type":"image\/jpeg","source_url":"https:\/\/www.k-m.de\/brand\/wp-content\/uploads\/2021\/09\/Neue_Auszubildende_2021_Instagram-scaled-e1632897157473-48x48.jpg"},"profile_96":{"file":"Neue_Auszubildende_2021_Instagram-scaled-e1632897157473-96x96.jpg","width":96,"height":96,"mime-type":"image\/jpeg","source_url":"https:\/\/www.k-m.de\/brand\/wp-content\/uploads\/2021\/09\/Neue_Auszubildende_2021_Instagram-scaled-e1632897157473-96x96.jpg"},"profile_150":{"file":"Neue_Auszubildende_2021_Instagram-scaled-e1632897157473-150x150.jpg","width":150,"height":150,"mime-type":"image\/jpeg","source_url":"https:\/\/www.k-m.de\/brand\/wp-content\/uploads\/2021\/09\/Neue_Auszubildende_2021_Instagram-scaled-e1632897157473-150x150.jpg"},"profile_300":{"file":"Neue_Auszubildende_2021_Instagram-scaled-e1632897157473-300x300.jpg","width":300,"height":300,"mime-type":"image\/jpeg","source_url":"https:\/\/www.k-m.de\/brand\/wp-content\/uploads\/2021\/09\/Neue_Auszubildende_2021_Instagram-scaled-e1632897157473-300x300.jpg"}},"image_meta":{"aperture":"0","credit":"","camera":"","caption":"","created_timestamp":"0","copyright":"","focal_length":"0","iso":"0","shutter_speed":"0","title":"","orientation":"1","keywords":[]},"original_image":"Neue_Auszubildende_2021_Instagram.jpg"},"post":null,"source_url":"https:\/\/www.k-m.de\/brand\/wp-content\/uploads\/2021\/09\/Neue_Auszubildende_2021_Instagram-scaled-e1632897157473.jpg"},"post_meta_fields":{"_post_dealeronly":[""],"_edit_lock":["1668431406:28"],"_edit_last":["9"],"_wpml_media_featured":["1"],"_wpml_media_duplicate":["1"],"_wpb_vc_js_status":["false"],"_yoast_wpseo_estimated-reading-time-minutes":["2"],"_yoast_wpseo_primary_category":["1121"],"_thumbnail_id":["16434"],"_yoast_wpseo_content_score":["60"],"_wp_old_date":["2021-09-29"],"_yoast_wpseo_focuskw":["Ausbildung bei K\u00f6nig & Meyer in Wertheim"],"_yoast_wpseo_linkdex":["58"],"_yoast_wpseo_focuskeywords":["[{\"keyword\":\"Ausbildung Wertheim\",\"score\":\"ok\"},{\"keyword\":\"Ausbildungsstellen Wertheim\",\"score\":\"ok\"},{\"keyword\":\"Kaufm\u00e4nnische Ausbildung Wertheim\",\"score\":\"ok\"},{\"keyword\":\"Technische Ausbildung Wertheim\",\"score\":\"ok\"}]"],"_yoast_wpseo_keywordsynonyms":["[\"\",\"\",\"\",\"\",\"\"]"],"_yoast_wpseo_metadesc":["So empfangen wir unsere neuen Azubis. Wir freuen w\u00fcnschen euch einen tollen Start in eine spannende Ausbildung bei K\u00f6nig & Meyer!"],"_wpml_word_count":["291"]},"yoast_head":"<!-- This site is optimized with the Yoast SEO Premium plugin v26.8 (Yoast SEO v27.4) - https:\/\/yoast.com\/product\/yoast-seo-premium-wordpress\/ -->\n<title>Willkommen im K&amp;M-Team! - K\u00f6nig &amp; Meyer<\/title>\n<meta name=\"description\" content=\"So empfangen wir unsere neuen Azubis. Wir freuen w\u00fcnschen euch einen tollen Start in eine spannende Ausbildung bei K\u00f6nig &amp; Meyer!\" \/>\n<meta name=\"robots\" content=\"index, follow, max-snippet:-1, max-image-preview:large, max-video-preview:-1\" \/>\n<link rel=\"canonical\" href=\"https:\/\/www.k-m.de\/brand\/de\/willkommen-im-km-team\/\" \/>\n<meta property=\"og:locale\" content=\"de_DE\" \/>\n<meta property=\"og:type\" content=\"article\" \/>\n<meta property=\"og:title\" content=\"Willkommen im K&amp;M-Team!\" \/>\n<meta property=\"og:description\" content=\"So empfangen wir unsere neuen Azubis. Wir freuen w\u00fcnschen euch einen tollen Start in eine spannende Ausbildung bei K\u00f6nig &amp; Meyer!\" \/>\n<meta property=\"og:url\" content=\"https:\/\/www.k-m.de\/brand\/de\/willkommen-im-km-team\/\" \/>\n<meta property=\"og:site_name\" content=\"K\u00f6nig &amp; Meyer\" \/>\n<meta property=\"article:published_time\" content=\"2021-10-10T06:09:38+00:00\" \/>\n<meta property=\"article:modified_time\" content=\"2022-01-09T14:34:38+00:00\" \/>\n<meta property=\"og:image\" content=\"https:\/\/www.k-m.de\/brand\/wp-content\/uploads\/2021\/09\/Neue_Auszubildende_2021_Instagram-scaled-e1632897157473.jpg\" \/>\n\t<meta property=\"og:image:width\" content=\"2560\" \/>\n\t<meta property=\"og:image:height\" content=\"1280\" \/>\n\t<meta property=\"og:image:type\" content=\"image\/jpeg\" \/>\n<meta name=\"author\" content=\"Selina Friedlein\" \/>\n<meta name=\"twitter:card\" content=\"summary_large_image\" \/>\n<meta name=\"twitter:label1\" content=\"Verfasst von\" \/>\n\t<meta name=\"twitter:data1\" content=\"Selina Friedlein\" \/>\n\t<meta name=\"twitter:label2\" content=\"Gesch\u00e4tzte Lesezeit\" \/>\n\t<meta name=\"twitter:data2\" content=\"2\u00a0Minuten\" \/>\n<script type=\"application\/ld+json\" class=\"yoast-schema-graph\">{\"@context\":\"https:\\\/\\\/schema.org\",\"@graph\":[{\"@type\":\"Article\",\"@id\":\"https:\\\/\\\/www.k-m.de\\\/brand\\\/de\\\/willkommen-im-km-team\\\/#article\",\"isPartOf\":{\"@id\":\"https:\\\/\\\/www.k-m.de\\\/brand\\\/de\\\/willkommen-im-km-team\\\/\"},\"author\":{\"name\":\"Selina Friedlein\",\"@id\":\"https:\\\/\\\/www.k-m.de\\\/brand\\\/de\\\/#\\\/schema\\\/person\\\/23fca73fd16632c830ee1db9eb17c1f5\"},\"headline\":\"Willkommen im K&#038;M-Team!\",\"datePublished\":\"2021-10-10T06:09:38+00:00\",\"dateModified\":\"2022-01-09T14:34:38+00:00\",\"mainEntityOfPage\":{\"@id\":\"https:\\\/\\\/www.k-m.de\\\/brand\\\/de\\\/willkommen-im-km-team\\\/\"},\"wordCount\":269,\"commentCount\":0,\"publisher\":{\"@id\":\"https:\\\/\\\/www.k-m.de\\\/brand\\\/de\\\/#organization\"},\"image\":{\"@id\":\"https:\\\/\\\/www.k-m.de\\\/brand\\\/de\\\/willkommen-im-km-team\\\/#primaryimage\"},\"thumbnailUrl\":\"https:\\\/\\\/www.k-m.de\\\/brand\\\/wp-content\\\/uploads\\\/2021\\\/09\\\/Neue_Auszubildende_2021_Instagram-scaled-e1632897157473.jpg\",\"keywords\":[\"Ausbildung in Wertheim\",\"Ausbildung Musikbranche\",\"Ausbildungsberufe Wertheim\",\"BA Studium Wertheim\",\"Industriekauffrau werden Wertheim\",\"Industriekaufmann lernen Wertheim\",\"K&amp;M Ausbildung\",\"Kaufm\u00e4nnische Ausbildung Wertheim\",\"K\u00f6nig &amp; Meyer Ausbildung\",\"Technische Ausbildung Wertheim\"],\"articleSection\":[\"Azubi-News\"],\"inLanguage\":\"de\",\"potentialAction\":[{\"@type\":\"CommentAction\",\"name\":\"Comment\",\"target\":[\"https:\\\/\\\/www.k-m.de\\\/brand\\\/de\\\/willkommen-im-km-team\\\/#respond\"]}]},{\"@type\":\"WebPage\",\"@id\":\"https:\\\/\\\/www.k-m.de\\\/brand\\\/de\\\/willkommen-im-km-team\\\/\",\"url\":\"https:\\\/\\\/www.k-m.de\\\/brand\\\/de\\\/willkommen-im-km-team\\\/\",\"name\":\"Willkommen im K&M-Team! - K\u00f6nig &amp; Meyer\",\"isPartOf\":{\"@id\":\"https:\\\/\\\/www.k-m.de\\\/brand\\\/de\\\/#website\"},\"primaryImageOfPage\":{\"@id\":\"https:\\\/\\\/www.k-m.de\\\/brand\\\/de\\\/willkommen-im-km-team\\\/#primaryimage\"},\"image\":{\"@id\":\"https:\\\/\\\/www.k-m.de\\\/brand\\\/de\\\/willkommen-im-km-team\\\/#primaryimage\"},\"thumbnailUrl\":\"https:\\\/\\\/www.k-m.de\\\/brand\\\/wp-content\\\/uploads\\\/2021\\\/09\\\/Neue_Auszubildende_2021_Instagram-scaled-e1632897157473.jpg\",\"datePublished\":\"2021-10-10T06:09:38+00:00\",\"dateModified\":\"2022-01-09T14:34:38+00:00\",\"description\":\"So empfangen wir unsere neuen Azubis. Wir freuen w\u00fcnschen euch einen tollen Start in eine spannende Ausbildung bei K\u00f6nig & Meyer!\",\"breadcrumb\":{\"@id\":\"https:\\\/\\\/www.k-m.de\\\/brand\\\/de\\\/willkommen-im-km-team\\\/#breadcrumb\"},\"inLanguage\":\"de\",\"potentialAction\":[{\"@type\":\"ReadAction\",\"target\":[\"https:\\\/\\\/www.k-m.de\\\/brand\\\/de\\\/willkommen-im-km-team\\\/\"]}]},{\"@type\":\"ImageObject\",\"inLanguage\":\"de\",\"@id\":\"https:\\\/\\\/www.k-m.de\\\/brand\\\/de\\\/willkommen-im-km-team\\\/#primaryimage\",\"url\":\"https:\\\/\\\/www.k-m.de\\\/brand\\\/wp-content\\\/uploads\\\/2021\\\/09\\\/Neue_Auszubildende_2021_Instagram-scaled-e1632897157473.jpg\",\"contentUrl\":\"https:\\\/\\\/www.k-m.de\\\/brand\\\/wp-content\\\/uploads\\\/2021\\\/09\\\/Neue_Auszubildende_2021_Instagram-scaled-e1632897157473.jpg\",\"width\":2560,\"height\":1280,\"caption\":\"Sieben neue Azubis 2021: Gruppenfoto im Lager\"},{\"@type\":\"BreadcrumbList\",\"@id\":\"https:\\\/\\\/www.k-m.de\\\/brand\\\/de\\\/willkommen-im-km-team\\\/#breadcrumb\",\"itemListElement\":[{\"@type\":\"ListItem\",\"position\":1,\"name\":\"Startseite\",\"item\":\"https:\\\/\\\/www.k-m.de\\\/brand\\\/de\\\/\"},{\"@type\":\"ListItem\",\"position\":2,\"name\":\"Willkommen im K&#038;M-Team!\"}]},{\"@type\":\"WebSite\",\"@id\":\"https:\\\/\\\/www.k-m.de\\\/brand\\\/de\\\/#website\",\"url\":\"https:\\\/\\\/www.k-m.de\\\/brand\\\/de\\\/\",\"name\":\"K\u00f6nig & Meyer\",\"description\":\"K\u00f6nig &amp; Meyer ist ein weltweit f\u00fchrender Hersteller f\u00fcr Musikzubeh\u00f6r. Seit \u00fcber 65 Jahren steht K&amp;M f\u00fcr qualitativ hochwertige Produkte.\",\"publisher\":{\"@id\":\"https:\\\/\\\/www.k-m.de\\\/brand\\\/de\\\/#organization\"},\"potentialAction\":[{\"@type\":\"SearchAction\",\"target\":{\"@type\":\"EntryPoint\",\"urlTemplate\":\"https:\\\/\\\/www.k-m.de\\\/brand\\\/de\\\/?s={search_term_string}\"},\"query-input\":{\"@type\":\"PropertyValueSpecification\",\"valueRequired\":true,\"valueName\":\"search_term_string\"}}],\"inLanguage\":\"de\"},{\"@type\":\"Organization\",\"@id\":\"https:\\\/\\\/www.k-m.de\\\/brand\\\/de\\\/#organization\",\"name\":\"K\u00f6nig & Meyer\",\"url\":\"https:\\\/\\\/www.k-m.de\\\/brand\\\/de\\\/\",\"logo\":{\"@type\":\"ImageObject\",\"inLanguage\":\"de\",\"@id\":\"https:\\\/\\\/www.k-m.de\\\/brand\\\/de\\\/#\\\/schema\\\/logo\\\/image\\\/\",\"url\":\"https:\\\/\\\/www.k-m.de\\\/brand\\\/wp-content\\\/uploads\\\/2023\\\/01\\\/KM_1c.tif\",\"contentUrl\":\"https:\\\/\\\/www.k-m.de\\\/brand\\\/wp-content\\\/uploads\\\/2023\\\/01\\\/KM_1c.tif\",\"width\":1,\"height\":1,\"caption\":\"K\u00f6nig & Meyer\"},\"image\":{\"@id\":\"https:\\\/\\\/www.k-m.de\\\/brand\\\/de\\\/#\\\/schema\\\/logo\\\/image\\\/\"}},{\"@type\":\"Person\",\"@id\":\"https:\\\/\\\/www.k-m.de\\\/brand\\\/de\\\/#\\\/schema\\\/person\\\/23fca73fd16632c830ee1db9eb17c1f5\",\"name\":\"Selina Friedlein\",\"url\":\"https:\\\/\\\/www.k-m.de\\\/brand\\\/de\\\/author\\\/selina-friedlein\\\/\"}]}<\/script>\n<!-- \/ Yoast SEO Premium plugin. -->","yoast_head_json":{"title":"Willkommen im K&M-Team! - K\u00f6nig &amp; Meyer","description":"So empfangen wir unsere neuen Azubis. Wir freuen w\u00fcnschen euch einen tollen Start in eine spannende Ausbildung bei K\u00f6nig & Meyer!","robots":{"index":"index","follow":"follow","max-snippet":"max-snippet:-1","max-image-preview":"max-image-preview:large","max-video-preview":"max-video-preview:-1"},"canonical":"https:\/\/www.k-m.de\/brand\/de\/willkommen-im-km-team\/","og_locale":"de_DE","og_type":"article","og_title":"Willkommen im K&M-Team!","og_description":"So empfangen wir unsere neuen Azubis. Wir freuen w\u00fcnschen euch einen tollen Start in eine spannende Ausbildung bei K\u00f6nig & Meyer!","og_url":"https:\/\/www.k-m.de\/brand\/de\/willkommen-im-km-team\/","og_site_name":"K\u00f6nig &amp; Meyer","article_published_time":"2021-10-10T06:09:38+00:00","article_modified_time":"2022-01-09T14:34:38+00:00","og_image":[{"width":2560,"height":1280,"url":"https:\/\/www.k-m.de\/brand\/wp-content\/uploads\/2021\/09\/Neue_Auszubildende_2021_Instagram-scaled-e1632897157473.jpg","type":"image\/jpeg"}],"author":"Selina Friedlein","twitter_card":"summary_large_image","twitter_misc":{"Verfasst von":"Selina Friedlein","Gesch\u00e4tzte Lesezeit":"2\u00a0Minuten"},"schema":{"@context":"https:\/\/schema.org","@graph":[{"@type":"Article","@id":"https:\/\/www.k-m.de\/brand\/de\/willkommen-im-km-team\/#article","isPartOf":{"@id":"https:\/\/www.k-m.de\/brand\/de\/willkommen-im-km-team\/"},"author":{"name":"Selina Friedlein","@id":"https:\/\/www.k-m.de\/brand\/de\/#\/schema\/person\/23fca73fd16632c830ee1db9eb17c1f5"},"headline":"Willkommen im K&#038;M-Team!","datePublished":"2021-10-10T06:09:38+00:00","dateModified":"2022-01-09T14:34:38+00:00","mainEntityOfPage":{"@id":"https:\/\/www.k-m.de\/brand\/de\/willkommen-im-km-team\/"},"wordCount":269,"commentCount":0,"publisher":{"@id":"https:\/\/www.k-m.de\/brand\/de\/#organization"},"image":{"@id":"https:\/\/www.k-m.de\/brand\/de\/willkommen-im-km-team\/#primaryimage"},"thumbnailUrl":"https:\/\/www.k-m.de\/brand\/wp-content\/uploads\/2021\/09\/Neue_Auszubildende_2021_Instagram-scaled-e1632897157473.jpg","keywords":["Ausbildung in Wertheim","Ausbildung Musikbranche","Ausbildungsberufe Wertheim","BA Studium Wertheim","Industriekauffrau werden Wertheim","Industriekaufmann lernen Wertheim","K&amp;M Ausbildung","Kaufm\u00e4nnische Ausbildung Wertheim","K\u00f6nig &amp; Meyer Ausbildung","Technische Ausbildung Wertheim"],"articleSection":["Azubi-News"],"inLanguage":"de","potentialAction":[{"@type":"CommentAction","name":"Comment","target":["https:\/\/www.k-m.de\/brand\/de\/willkommen-im-km-team\/#respond"]}]},{"@type":"WebPage","@id":"https:\/\/www.k-m.de\/brand\/de\/willkommen-im-km-team\/","url":"https:\/\/www.k-m.de\/brand\/de\/willkommen-im-km-team\/","name":"Willkommen im K&M-Team! - K\u00f6nig &amp; Meyer","isPartOf":{"@id":"https:\/\/www.k-m.de\/brand\/de\/#website"},"primaryImageOfPage":{"@id":"https:\/\/www.k-m.de\/brand\/de\/willkommen-im-km-team\/#primaryimage"},"image":{"@id":"https:\/\/www.k-m.de\/brand\/de\/willkommen-im-km-team\/#primaryimage"},"thumbnailUrl":"https:\/\/www.k-m.de\/brand\/wp-content\/uploads\/2021\/09\/Neue_Auszubildende_2021_Instagram-scaled-e1632897157473.jpg","datePublished":"2021-10-10T06:09:38+00:00","dateModified":"2022-01-09T14:34:38+00:00","description":"So empfangen wir unsere neuen Azubis. Wir freuen w\u00fcnschen euch einen tollen Start in eine spannende Ausbildung bei K\u00f6nig & Meyer!","breadcrumb":{"@id":"https:\/\/www.k-m.de\/brand\/de\/willkommen-im-km-team\/#breadcrumb"},"inLanguage":"de","potentialAction":[{"@type":"ReadAction","target":["https:\/\/www.k-m.de\/brand\/de\/willkommen-im-km-team\/"]}]},{"@type":"ImageObject","inLanguage":"de","@id":"https:\/\/www.k-m.de\/brand\/de\/willkommen-im-km-team\/#primaryimage","url":"https:\/\/www.k-m.de\/brand\/wp-content\/uploads\/2021\/09\/Neue_Auszubildende_2021_Instagram-scaled-e1632897157473.jpg","contentUrl":"https:\/\/www.k-m.de\/brand\/wp-content\/uploads\/2021\/09\/Neue_Auszubildende_2021_Instagram-scaled-e1632897157473.jpg","width":2560,"height":1280,"caption":"Sieben neue Azubis 2021: Gruppenfoto im Lager"},{"@type":"BreadcrumbList","@id":"https:\/\/www.k-m.de\/brand\/de\/willkommen-im-km-team\/#breadcrumb","itemListElement":[{"@type":"ListItem","position":1,"name":"Startseite","item":"https:\/\/www.k-m.de\/brand\/de\/"},{"@type":"ListItem","position":2,"name":"Willkommen im K&#038;M-Team!"}]},{"@type":"WebSite","@id":"https:\/\/www.k-m.de\/brand\/de\/#website","url":"https:\/\/www.k-m.de\/brand\/de\/","name":"K\u00f6nig & Meyer","description":"K\u00f6nig &amp; Meyer ist ein weltweit f\u00fchrender Hersteller f\u00fcr Musikzubeh\u00f6r. Seit \u00fcber 65 Jahren steht K&amp;M f\u00fcr qualitativ hochwertige Produkte.","publisher":{"@id":"https:\/\/www.k-m.de\/brand\/de\/#organization"},"potentialAction":[{"@type":"SearchAction","target":{"@type":"EntryPoint","urlTemplate":"https:\/\/www.k-m.de\/brand\/de\/?s={search_term_string}"},"query-input":{"@type":"PropertyValueSpecification","valueRequired":true,"valueName":"search_term_string"}}],"inLanguage":"de"},{"@type":"Organization","@id":"https:\/\/www.k-m.de\/brand\/de\/#organization","name":"K\u00f6nig & Meyer","url":"https:\/\/www.k-m.de\/brand\/de\/","logo":{"@type":"ImageObject","inLanguage":"de","@id":"https:\/\/www.k-m.de\/brand\/de\/#\/schema\/logo\/image\/","url":"https:\/\/www.k-m.de\/brand\/wp-content\/uploads\/2023\/01\/KM_1c.tif","contentUrl":"https:\/\/www.k-m.de\/brand\/wp-content\/uploads\/2023\/01\/KM_1c.tif","width":1,"height":1,"caption":"K\u00f6nig & Meyer"},"image":{"@id":"https:\/\/www.k-m.de\/brand\/de\/#\/schema\/logo\/image\/"}},{"@type":"Person","@id":"https:\/\/www.k-m.de\/brand\/de\/#\/schema\/person\/23fca73fd16632c830ee1db9eb17c1f5","name":"Selina Friedlein","url":"https:\/\/www.k-m.de\/brand\/de\/author\/selina-friedlein\/"}]}},"_links":{"self":[{"href":"https:\/\/www.k-m.de\/brand\/de\/wp-json\/wp\/v2\/posts\/16411","targetHints":{"allow":["GET"]}}],"collection":[{"href":"https:\/\/www.k-m.de\/brand\/de\/wp-json\/wp\/v2\/posts"}],"about":[{"href":"https:\/\/www.k-m.de\/brand\/de\/wp-json\/wp\/v2\/types\/post"}],"author":[{"embeddable":true,"href":"https:\/\/www.k-m.de\/brand\/de\/wp-json\/wp\/v2\/users\/28"}],"replies":[{"embeddable":true,"href":"https:\/\/www.k-m.de\/brand\/de\/wp-json\/wp\/v2\/comments?post=16411"}],"version-history":[{"count":26,"href":"https:\/\/www.k-m.de\/brand\/de\/wp-json\/wp\/v2\/posts\/16411\/revisions"}],"predecessor-version":[{"id":16637,"href":"https:\/\/www.k-m.de\/brand\/de\/wp-json\/wp\/v2\/posts\/16411\/revisions\/16637"}],"wp:featuredmedia":[{"embeddable":true,"href":"https:\/\/www.k-m.de\/brand\/de\/wp-json\/wp\/v2\/media\/16434"}],"wp:attachment":[{"href":"https:\/\/www.k-m.de\/brand\/de\/wp-json\/wp\/v2\/media?parent=16411"}],"wp:term":[{"taxonomy":"category","embeddable":true,"href":"https:\/\/www.k-m.de\/brand\/de\/wp-json\/wp\/v2\/categories?post=16411"},{"taxonomy":"post_tag","embeddable":true,"href":"https:\/\/www.k-m.de\/brand\/de\/wp-json\/wp\/v2\/tags?post=16411"}],"curies":[{"name":"wp","href":"https:\/\/api.w.org\/{rel}","templated":true}]}}