{"id":2073,"date":"2013-01-31T08:34:53","date_gmt":"2013-01-31T07:34:53","guid":{"rendered":"http:\/\/blog.k-m.de\/de\/?p=2073"},"modified":"2024-04-21T14:43:12","modified_gmt":"2024-04-21T12:43:12","slug":"fotoshooting-mit-den-mannheimer-philharmonikern","status":"publish","type":"post","link":"https:\/\/www.k-m.de\/brand\/de\/fotoshooting-mit-den-mannheimer-philharmonikern\/","title":{"rendered":"Fotoshooting mit den Mannheimer Philharmonikern"},"content":{"rendered":"<p>Die <a href=\"http:\/\/www.mannheimer-philharmoniker.de\/deutsch\/Home.html\" target=\"_blank\" rel=\"noopener\">Mannheimer Philharmoniker<\/a> sind ein Orchester, besetzt mit Musikern aus Deutschland und Europa. Die Idee dahinter ist es jungen Talenten eine Karriereplattform zu bieten.<br \/>\n\u201eJunge Talente\u201c mag wom\u00f6glich etwas schwach klingen, aber was diese Musiker drauf haben ist beachtlich. Sie sind Profis. Das merkte auch das Team w\u00e4hrend der zwei Fotoshooting-Tage in Mannheim: Zum einem bez\u00fcglich des professionellen Verhaltens, welches sich in gro\u00dfem Engagement und viel Geduld zeigte und zum anderen, insbesondere, daran, weil die Philharmoniker ihre Instrumente zum Einsatz brachten. Das Live-Spiel war der Clou an der Sache, denn so erscheinen die Fotos nicht nur authentisch sondern sie sind es!<br \/>\nZudem sollte noch erw\u00e4hnt werden, dass die acht Musiker, die sich netterweise f\u00fcr das Shooting bereit erkl\u00e4rt hatten, auch wie Profis aussahen. Die elegante schwarze Abendrobe wurde mit roten Elementen aufgewertet\u00a0 \u2013 die Frauen trugen eine Blume als Accessoire, die Herren eine Sch\u00e4rpe oder Fliege.<\/p>\n<p>&nbsp;<\/p>\n<p>Perfektioniert wurde das Erscheinungsbild mit Hilfe einer Visagistin, die u.a. in unserer Fotogallerie (s. unten) mit ihrem Hund zu sehen ist. Dieser Vierbeiner \u00a0spazierte \u201efrei Schnauze\u201c durch die Requisiten und bereitete allen Anwesenden Freude. Doch auch so war es durchgehend eine sehr angenehme und fr\u00f6hliche Atmosph\u00e4re. Diese wurde zudem unterst\u00fctzt durch das sch\u00f6ne Fotostudio, ein ehemaliges Kino, das seinen Zauber vor allem riesigen Aquarien und einem gro\u00dfem Holzofen verdankt.<\/p>\n<p>&nbsp;<\/p>\n<p>Das Projekt hat beiden Seiten Spa\u00df gemacht \u2013 apropos Seiten, Saiten fanden sich auch auf dem Cello und den zwei Geigen. Diese Instrumente geh\u00f6rten drei der Philharmoniker. Die anderen f\u00fcnf Musiker brachten ihre Holz- und Blech-Blasinstrumente mit, wodurch noch zwei Klarinetten, eine Trompete und eine Posaune vertreten waren.<\/p>\n<p>Wir danken den Mannheimer Philharmonikern und nat\u00fcrlich dem gro\u00dfartigen Fotograf Tom Hahn f\u00fcr das tolle Shooting!<\/p>\n<p>&nbsp;<\/p>\n<p>&nbsp;<\/p>\n","protected":false},"excerpt":{"rendered":"<p>Die Mannheimer Philharmoniker sind ein Orchester, besetzt mit Musikern aus Deutschland und Europa. Die Idee dahinter ist es jungen Talenten<span class=\"read_more\">Mehr erfahren<\/span><\/p>\n","protected":false},"author":9,"featured_media":2091,"comment_status":"open","ping_status":"open","sticky":false,"template":"","format":"standard","meta":{"footnotes":""},"categories":[24],"tags":[386,421,430,431],"class_list":["post-2073","post","type-post","status-publish","format-standard","has-post-thumbnail","hentry","category-km-backstage","tag-fotoshooting","tag-mannheim","tag-mannheimer-philharmoniker","tag-tom-hahn"],"better_featured_image":{"id":2091,"alt_text":"","caption":"","description":"","media_type":"image","media_details":{"width":688,"height":420,"file":"2013\/01\/Shooting_Philharm_title.jpg","sizes":{"medium":{"file":"Shooting_Philharm_title-600x366.jpg","width":600,"height":366,"mime-type":"image\/jpeg","source_url":"https:\/\/www.k-m.de\/brand\/wp-content\/uploads\/2013\/01\/Shooting_Philharm_title-600x366.jpg"},"profile_24":{"file":"Shooting_Philharm_title-24x24.jpg","width":24,"height":24,"mime-type":"image\/jpeg","source_url":"https:\/\/www.k-m.de\/brand\/wp-content\/uploads\/2013\/01\/Shooting_Philharm_title-24x24.jpg"},"profile_48":{"file":"Shooting_Philharm_title-48x48.jpg","width":48,"height":48,"mime-type":"image\/jpeg","source_url":"https:\/\/www.k-m.de\/brand\/wp-content\/uploads\/2013\/01\/Shooting_Philharm_title-48x48.jpg"},"profile_96":{"file":"Shooting_Philharm_title-96x96.jpg","width":96,"height":96,"mime-type":"image\/jpeg","source_url":"https:\/\/www.k-m.de\/brand\/wp-content\/uploads\/2013\/01\/Shooting_Philharm_title-96x96.jpg"},"thumbnail":{"file":"Shooting_Philharm_title-800x480.jpg","width":800,"height":480,"mime-type":"image\/jpeg","source_url":"https:\/\/www.k-m.de\/brand\/wp-content\/uploads\/2013\/01\/Shooting_Philharm_title-800x480.jpg"},"post-thumbnail":{"file":"Shooting_Philharm_title-800x480.jpg","width":800,"height":480,"mime-type":"image\/jpeg","source_url":"https:\/\/www.k-m.de\/brand\/wp-content\/uploads\/2013\/01\/Shooting_Philharm_title-800x480.jpg"},"medium_cropped":{"file":"Shooting_Philharm_title-600x600.jpg","width":600,"height":600,"mime-type":"image\/jpeg","source_url":"https:\/\/www.k-m.de\/brand\/wp-content\/uploads\/2013\/01\/Shooting_Philharm_title-600x600.jpg"},"large_cropped":{"file":"Shooting_Philharm_title-1200x720.jpg","width":1200,"height":720,"mime-type":"image\/jpeg","source_url":"https:\/\/www.k-m.de\/brand\/wp-content\/uploads\/2013\/01\/Shooting_Philharm_title-1200x720.jpg"},"very_large_cropped":{"file":"Shooting_Philharm_title-1800x900.jpg","width":1800,"height":900,"mime-type":"image\/jpeg","source_url":"https:\/\/www.k-m.de\/brand\/wp-content\/uploads\/2013\/01\/Shooting_Philharm_title-1800x900.jpg"},"landingpage_thumb":{"file":"Shooting_Philharm_title-491x300.jpg","width":491,"height":300,"mime-type":"image\/jpeg","source_url":"https:\/\/www.k-m.de\/brand\/wp-content\/uploads\/2013\/01\/Shooting_Philharm_title-491x300.jpg"},"medium_old_300x183":{"file":"Shooting_Philharm_title-300x183.jpg","width":300,"height":183,"mime-type":"image\/jpeg","source_url":"https:\/\/www.k-m.de\/brand\/wp-content\/uploads\/2013\/01\/Shooting_Philharm_title-300x183.jpg"},"thumbnail_old_150x150":{"file":"Shooting_Philharm_title-150x150.jpg","width":150,"height":150,"mime-type":"image\/jpeg","source_url":"https:\/\/www.k-m.de\/brand\/wp-content\/uploads\/2013\/01\/Shooting_Philharm_title-150x150.jpg"}},"image_meta":{"aperture":"0","credit":"","camera":"","caption":"","created_timestamp":"0","copyright":"","focal_length":"0","iso":"0","shutter_speed":"0","title":"","orientation":"0","keywords":[]}},"post":null,"source_url":"https:\/\/www.k-m.de\/brand\/wp-content\/uploads\/2013\/01\/Shooting_Philharm_title.jpg"},"post_meta_fields":{"_wpml_media_featured":["1"],"_wpml_media_duplicate":["1"],"_edit_last":["9"],"post_views_count":["2297"],"_thumbnail_id":["2091"],"dsq_thread_id":["1056561639"],"ratings_users":["0"],"ratings_score":["0"],"ratings_average":["0"],"_aioseop_description":["Die Mannheimer Philharmoniker sind ein Orchester, besetzt mit Musikern aus Deutschland und Europa. Die Idee dahinter ist es jungen Talenten eine Karriereplattform zu bieten."],"_aioseop_title":["Fotoshooting mit den Mannheimer Philharmonikern"],"_aioseop_keywords":["Mannheimer Philharmoniker, Fotoshooting, Tom Hahn"],"_edit_lock":["1713703392:9"],"_wpb_vc_js_status":["false"],"_post_dealeronly":[""],"_yoast_indexnow_last_ping":["1713703392"],"_wpml_word_count":["{\"total\":297,\"to_translate\":{\"en\":297,\"us\":297}}"]},"yoast_head":"<!-- This site is optimized with the Yoast SEO Premium plugin v26.8 (Yoast SEO v27.4) - https:\/\/yoast.com\/product\/yoast-seo-premium-wordpress\/ -->\n<title>Fotoshooting mit den Mannheimer Philharmonikern - K\u00f6nig &amp; Meyer<\/title>\n<meta name=\"robots\" content=\"index, follow, max-snippet:-1, max-image-preview:large, max-video-preview:-1\" \/>\n<link rel=\"canonical\" href=\"https:\/\/www.k-m.de\/brand\/de\/fotoshooting-mit-den-mannheimer-philharmonikern\/\" \/>\n<meta property=\"og:locale\" content=\"de_DE\" \/>\n<meta property=\"og:type\" content=\"article\" \/>\n<meta property=\"og:title\" content=\"Fotoshooting mit den Mannheimer Philharmonikern\" \/>\n<meta property=\"og:description\" content=\"Die Mannheimer Philharmoniker sind ein Orchester, besetzt mit Musikern aus Deutschland und Europa. Die Idee dahinter ist es jungen TalentenMehr erfahren\" \/>\n<meta property=\"og:url\" content=\"https:\/\/www.k-m.de\/brand\/de\/fotoshooting-mit-den-mannheimer-philharmonikern\/\" \/>\n<meta property=\"og:site_name\" content=\"K\u00f6nig &amp; Meyer\" \/>\n<meta property=\"article:published_time\" content=\"2013-01-31T07:34:53+00:00\" \/>\n<meta property=\"article:modified_time\" content=\"2024-04-21T12:43:12+00:00\" \/>\n<meta property=\"og:image\" content=\"https:\/\/www.k-m.de\/brand\/wp-content\/uploads\/2013\/01\/Shooting_Philharm_title.jpg\" \/>\n\t<meta property=\"og:image:width\" content=\"688\" \/>\n\t<meta property=\"og:image:height\" content=\"420\" \/>\n\t<meta property=\"og:image:type\" content=\"image\/jpeg\" \/>\n<meta name=\"author\" content=\"Sandra Scholtz\" \/>\n<meta name=\"twitter:card\" content=\"summary_large_image\" \/>\n<meta name=\"twitter:label1\" content=\"Verfasst von\" \/>\n\t<meta name=\"twitter:data1\" content=\"Sandra Scholtz\" \/>\n\t<meta name=\"twitter:label2\" content=\"Gesch\u00e4tzte Lesezeit\" \/>\n\t<meta name=\"twitter:data2\" content=\"2\u00a0Minuten\" \/>\n<script type=\"application\/ld+json\" class=\"yoast-schema-graph\">{\"@context\":\"https:\\\/\\\/schema.org\",\"@graph\":[{\"@type\":\"Article\",\"@id\":\"https:\\\/\\\/www.k-m.de\\\/brand\\\/de\\\/fotoshooting-mit-den-mannheimer-philharmonikern\\\/#article\",\"isPartOf\":{\"@id\":\"https:\\\/\\\/www.k-m.de\\\/brand\\\/de\\\/fotoshooting-mit-den-mannheimer-philharmonikern\\\/\"},\"author\":{\"name\":\"Sandra Scholtz\",\"@id\":\"https:\\\/\\\/www.k-m.de\\\/brand\\\/de\\\/#\\\/schema\\\/person\\\/ec9984d920bbfdc597fe63f9d3d0dbcb\"},\"headline\":\"Fotoshooting mit den Mannheimer Philharmonikern\",\"datePublished\":\"2013-01-31T07:34:53+00:00\",\"dateModified\":\"2024-04-21T12:43:12+00:00\",\"mainEntityOfPage\":{\"@id\":\"https:\\\/\\\/www.k-m.de\\\/brand\\\/de\\\/fotoshooting-mit-den-mannheimer-philharmonikern\\\/\"},\"wordCount\":305,\"commentCount\":0,\"publisher\":{\"@id\":\"https:\\\/\\\/www.k-m.de\\\/brand\\\/de\\\/#organization\"},\"image\":{\"@id\":\"https:\\\/\\\/www.k-m.de\\\/brand\\\/de\\\/fotoshooting-mit-den-mannheimer-philharmonikern\\\/#primaryimage\"},\"thumbnailUrl\":\"https:\\\/\\\/www.k-m.de\\\/brand\\\/wp-content\\\/uploads\\\/2013\\\/01\\\/Shooting_Philharm_title.jpg\",\"keywords\":[\"Fotoshooting\",\"Mannheim\",\"Mannheimer Philharmoniker\",\"Tom Hahn\"],\"articleSection\":[\"Greetings from Wertheim\"],\"inLanguage\":\"de\",\"potentialAction\":[{\"@type\":\"CommentAction\",\"name\":\"Comment\",\"target\":[\"https:\\\/\\\/www.k-m.de\\\/brand\\\/de\\\/fotoshooting-mit-den-mannheimer-philharmonikern\\\/#respond\"]}]},{\"@type\":\"WebPage\",\"@id\":\"https:\\\/\\\/www.k-m.de\\\/brand\\\/de\\\/fotoshooting-mit-den-mannheimer-philharmonikern\\\/\",\"url\":\"https:\\\/\\\/www.k-m.de\\\/brand\\\/de\\\/fotoshooting-mit-den-mannheimer-philharmonikern\\\/\",\"name\":\"Fotoshooting mit den Mannheimer Philharmonikern - K\u00f6nig &amp; Meyer\",\"isPartOf\":{\"@id\":\"https:\\\/\\\/www.k-m.de\\\/brand\\\/de\\\/#website\"},\"primaryImageOfPage\":{\"@id\":\"https:\\\/\\\/www.k-m.de\\\/brand\\\/de\\\/fotoshooting-mit-den-mannheimer-philharmonikern\\\/#primaryimage\"},\"image\":{\"@id\":\"https:\\\/\\\/www.k-m.de\\\/brand\\\/de\\\/fotoshooting-mit-den-mannheimer-philharmonikern\\\/#primaryimage\"},\"thumbnailUrl\":\"https:\\\/\\\/www.k-m.de\\\/brand\\\/wp-content\\\/uploads\\\/2013\\\/01\\\/Shooting_Philharm_title.jpg\",\"datePublished\":\"2013-01-31T07:34:53+00:00\",\"dateModified\":\"2024-04-21T12:43:12+00:00\",\"breadcrumb\":{\"@id\":\"https:\\\/\\\/www.k-m.de\\\/brand\\\/de\\\/fotoshooting-mit-den-mannheimer-philharmonikern\\\/#breadcrumb\"},\"inLanguage\":\"de\",\"potentialAction\":[{\"@type\":\"ReadAction\",\"target\":[\"https:\\\/\\\/www.k-m.de\\\/brand\\\/de\\\/fotoshooting-mit-den-mannheimer-philharmonikern\\\/\"]}]},{\"@type\":\"ImageObject\",\"inLanguage\":\"de\",\"@id\":\"https:\\\/\\\/www.k-m.de\\\/brand\\\/de\\\/fotoshooting-mit-den-mannheimer-philharmonikern\\\/#primaryimage\",\"url\":\"https:\\\/\\\/www.k-m.de\\\/brand\\\/wp-content\\\/uploads\\\/2013\\\/01\\\/Shooting_Philharm_title.jpg\",\"contentUrl\":\"https:\\\/\\\/www.k-m.de\\\/brand\\\/wp-content\\\/uploads\\\/2013\\\/01\\\/Shooting_Philharm_title.jpg\",\"width\":688,\"height\":420},{\"@type\":\"BreadcrumbList\",\"@id\":\"https:\\\/\\\/www.k-m.de\\\/brand\\\/de\\\/fotoshooting-mit-den-mannheimer-philharmonikern\\\/#breadcrumb\",\"itemListElement\":[{\"@type\":\"ListItem\",\"position\":1,\"name\":\"Startseite\",\"item\":\"https:\\\/\\\/www.k-m.de\\\/brand\\\/de\\\/\"},{\"@type\":\"ListItem\",\"position\":2,\"name\":\"Fotoshooting mit den Mannheimer Philharmonikern\"}]},{\"@type\":\"WebSite\",\"@id\":\"https:\\\/\\\/www.k-m.de\\\/brand\\\/de\\\/#website\",\"url\":\"https:\\\/\\\/www.k-m.de\\\/brand\\\/de\\\/\",\"name\":\"K\u00f6nig & Meyer\",\"description\":\"K\u00f6nig &amp; Meyer ist ein weltweit f\u00fchrender Hersteller f\u00fcr Musikzubeh\u00f6r. Seit \u00fcber 65 Jahren steht K&amp;M f\u00fcr qualitativ hochwertige Produkte.\",\"publisher\":{\"@id\":\"https:\\\/\\\/www.k-m.de\\\/brand\\\/de\\\/#organization\"},\"potentialAction\":[{\"@type\":\"SearchAction\",\"target\":{\"@type\":\"EntryPoint\",\"urlTemplate\":\"https:\\\/\\\/www.k-m.de\\\/brand\\\/de\\\/?s={search_term_string}\"},\"query-input\":{\"@type\":\"PropertyValueSpecification\",\"valueRequired\":true,\"valueName\":\"search_term_string\"}}],\"inLanguage\":\"de\"},{\"@type\":\"Organization\",\"@id\":\"https:\\\/\\\/www.k-m.de\\\/brand\\\/de\\\/#organization\",\"name\":\"K\u00f6nig & Meyer\",\"url\":\"https:\\\/\\\/www.k-m.de\\\/brand\\\/de\\\/\",\"logo\":{\"@type\":\"ImageObject\",\"inLanguage\":\"de\",\"@id\":\"https:\\\/\\\/www.k-m.de\\\/brand\\\/de\\\/#\\\/schema\\\/logo\\\/image\\\/\",\"url\":\"https:\\\/\\\/www.k-m.de\\\/brand\\\/wp-content\\\/uploads\\\/2023\\\/01\\\/KM_1c.tif\",\"contentUrl\":\"https:\\\/\\\/www.k-m.de\\\/brand\\\/wp-content\\\/uploads\\\/2023\\\/01\\\/KM_1c.tif\",\"width\":1,\"height\":1,\"caption\":\"K\u00f6nig & Meyer\"},\"image\":{\"@id\":\"https:\\\/\\\/www.k-m.de\\\/brand\\\/de\\\/#\\\/schema\\\/logo\\\/image\\\/\"}},{\"@type\":\"Person\",\"@id\":\"https:\\\/\\\/www.k-m.de\\\/brand\\\/de\\\/#\\\/schema\\\/person\\\/ec9984d920bbfdc597fe63f9d3d0dbcb\",\"name\":\"Sandra Scholtz\",\"url\":\"https:\\\/\\\/www.k-m.de\\\/brand\\\/de\\\/author\\\/sandra-scholtz\\\/\"}]}<\/script>\n<!-- \/ Yoast SEO Premium plugin. -->","yoast_head_json":{"title":"Fotoshooting mit den Mannheimer Philharmonikern - K\u00f6nig &amp; Meyer","robots":{"index":"index","follow":"follow","max-snippet":"max-snippet:-1","max-image-preview":"max-image-preview:large","max-video-preview":"max-video-preview:-1"},"canonical":"https:\/\/www.k-m.de\/brand\/de\/fotoshooting-mit-den-mannheimer-philharmonikern\/","og_locale":"de_DE","og_type":"article","og_title":"Fotoshooting mit den Mannheimer Philharmonikern","og_description":"Die Mannheimer Philharmoniker sind ein Orchester, besetzt mit Musikern aus Deutschland und Europa. Die Idee dahinter ist es jungen TalentenMehr erfahren","og_url":"https:\/\/www.k-m.de\/brand\/de\/fotoshooting-mit-den-mannheimer-philharmonikern\/","og_site_name":"K\u00f6nig &amp; Meyer","article_published_time":"2013-01-31T07:34:53+00:00","article_modified_time":"2024-04-21T12:43:12+00:00","og_image":[{"width":688,"height":420,"url":"https:\/\/www.k-m.de\/brand\/wp-content\/uploads\/2013\/01\/Shooting_Philharm_title.jpg","type":"image\/jpeg"}],"author":"Sandra Scholtz","twitter_card":"summary_large_image","twitter_misc":{"Verfasst von":"Sandra Scholtz","Gesch\u00e4tzte Lesezeit":"2\u00a0Minuten"},"schema":{"@context":"https:\/\/schema.org","@graph":[{"@type":"Article","@id":"https:\/\/www.k-m.de\/brand\/de\/fotoshooting-mit-den-mannheimer-philharmonikern\/#article","isPartOf":{"@id":"https:\/\/www.k-m.de\/brand\/de\/fotoshooting-mit-den-mannheimer-philharmonikern\/"},"author":{"name":"Sandra Scholtz","@id":"https:\/\/www.k-m.de\/brand\/de\/#\/schema\/person\/ec9984d920bbfdc597fe63f9d3d0dbcb"},"headline":"Fotoshooting mit den Mannheimer Philharmonikern","datePublished":"2013-01-31T07:34:53+00:00","dateModified":"2024-04-21T12:43:12+00:00","mainEntityOfPage":{"@id":"https:\/\/www.k-m.de\/brand\/de\/fotoshooting-mit-den-mannheimer-philharmonikern\/"},"wordCount":305,"commentCount":0,"publisher":{"@id":"https:\/\/www.k-m.de\/brand\/de\/#organization"},"image":{"@id":"https:\/\/www.k-m.de\/brand\/de\/fotoshooting-mit-den-mannheimer-philharmonikern\/#primaryimage"},"thumbnailUrl":"https:\/\/www.k-m.de\/brand\/wp-content\/uploads\/2013\/01\/Shooting_Philharm_title.jpg","keywords":["Fotoshooting","Mannheim","Mannheimer Philharmoniker","Tom Hahn"],"articleSection":["Greetings from Wertheim"],"inLanguage":"de","potentialAction":[{"@type":"CommentAction","name":"Comment","target":["https:\/\/www.k-m.de\/brand\/de\/fotoshooting-mit-den-mannheimer-philharmonikern\/#respond"]}]},{"@type":"WebPage","@id":"https:\/\/www.k-m.de\/brand\/de\/fotoshooting-mit-den-mannheimer-philharmonikern\/","url":"https:\/\/www.k-m.de\/brand\/de\/fotoshooting-mit-den-mannheimer-philharmonikern\/","name":"Fotoshooting mit den Mannheimer Philharmonikern - K\u00f6nig &amp; Meyer","isPartOf":{"@id":"https:\/\/www.k-m.de\/brand\/de\/#website"},"primaryImageOfPage":{"@id":"https:\/\/www.k-m.de\/brand\/de\/fotoshooting-mit-den-mannheimer-philharmonikern\/#primaryimage"},"image":{"@id":"https:\/\/www.k-m.de\/brand\/de\/fotoshooting-mit-den-mannheimer-philharmonikern\/#primaryimage"},"thumbnailUrl":"https:\/\/www.k-m.de\/brand\/wp-content\/uploads\/2013\/01\/Shooting_Philharm_title.jpg","datePublished":"2013-01-31T07:34:53+00:00","dateModified":"2024-04-21T12:43:12+00:00","breadcrumb":{"@id":"https:\/\/www.k-m.de\/brand\/de\/fotoshooting-mit-den-mannheimer-philharmonikern\/#breadcrumb"},"inLanguage":"de","potentialAction":[{"@type":"ReadAction","target":["https:\/\/www.k-m.de\/brand\/de\/fotoshooting-mit-den-mannheimer-philharmonikern\/"]}]},{"@type":"ImageObject","inLanguage":"de","@id":"https:\/\/www.k-m.de\/brand\/de\/fotoshooting-mit-den-mannheimer-philharmonikern\/#primaryimage","url":"https:\/\/www.k-m.de\/brand\/wp-content\/uploads\/2013\/01\/Shooting_Philharm_title.jpg","contentUrl":"https:\/\/www.k-m.de\/brand\/wp-content\/uploads\/2013\/01\/Shooting_Philharm_title.jpg","width":688,"height":420},{"@type":"BreadcrumbList","@id":"https:\/\/www.k-m.de\/brand\/de\/fotoshooting-mit-den-mannheimer-philharmonikern\/#breadcrumb","itemListElement":[{"@type":"ListItem","position":1,"name":"Startseite","item":"https:\/\/www.k-m.de\/brand\/de\/"},{"@type":"ListItem","position":2,"name":"Fotoshooting mit den Mannheimer Philharmonikern"}]},{"@type":"WebSite","@id":"https:\/\/www.k-m.de\/brand\/de\/#website","url":"https:\/\/www.k-m.de\/brand\/de\/","name":"K\u00f6nig & Meyer","description":"K\u00f6nig &amp; Meyer ist ein weltweit f\u00fchrender Hersteller f\u00fcr Musikzubeh\u00f6r. Seit \u00fcber 65 Jahren steht K&amp;M f\u00fcr qualitativ hochwertige Produkte.","publisher":{"@id":"https:\/\/www.k-m.de\/brand\/de\/#organization"},"potentialAction":[{"@type":"SearchAction","target":{"@type":"EntryPoint","urlTemplate":"https:\/\/www.k-m.de\/brand\/de\/?s={search_term_string}"},"query-input":{"@type":"PropertyValueSpecification","valueRequired":true,"valueName":"search_term_string"}}],"inLanguage":"de"},{"@type":"Organization","@id":"https:\/\/www.k-m.de\/brand\/de\/#organization","name":"K\u00f6nig & Meyer","url":"https:\/\/www.k-m.de\/brand\/de\/","logo":{"@type":"ImageObject","inLanguage":"de","@id":"https:\/\/www.k-m.de\/brand\/de\/#\/schema\/logo\/image\/","url":"https:\/\/www.k-m.de\/brand\/wp-content\/uploads\/2023\/01\/KM_1c.tif","contentUrl":"https:\/\/www.k-m.de\/brand\/wp-content\/uploads\/2023\/01\/KM_1c.tif","width":1,"height":1,"caption":"K\u00f6nig & Meyer"},"image":{"@id":"https:\/\/www.k-m.de\/brand\/de\/#\/schema\/logo\/image\/"}},{"@type":"Person","@id":"https:\/\/www.k-m.de\/brand\/de\/#\/schema\/person\/ec9984d920bbfdc597fe63f9d3d0dbcb","name":"Sandra Scholtz","url":"https:\/\/www.k-m.de\/brand\/de\/author\/sandra-scholtz\/"}]}},"_links":{"self":[{"href":"https:\/\/www.k-m.de\/brand\/de\/wp-json\/wp\/v2\/posts\/2073","targetHints":{"allow":["GET"]}}],"collection":[{"href":"https:\/\/www.k-m.de\/brand\/de\/wp-json\/wp\/v2\/posts"}],"about":[{"href":"https:\/\/www.k-m.de\/brand\/de\/wp-json\/wp\/v2\/types\/post"}],"author":[{"embeddable":true,"href":"https:\/\/www.k-m.de\/brand\/de\/wp-json\/wp\/v2\/users\/9"}],"replies":[{"embeddable":true,"href":"https:\/\/www.k-m.de\/brand\/de\/wp-json\/wp\/v2\/comments?post=2073"}],"version-history":[{"count":2,"href":"https:\/\/www.k-m.de\/brand\/de\/wp-json\/wp\/v2\/posts\/2073\/revisions"}],"predecessor-version":[{"id":8217,"href":"https:\/\/www.k-m.de\/brand\/de\/wp-json\/wp\/v2\/posts\/2073\/revisions\/8217"}],"wp:featuredmedia":[{"embeddable":true,"href":"https:\/\/www.k-m.de\/brand\/de\/wp-json\/wp\/v2\/media\/2091"}],"wp:attachment":[{"href":"https:\/\/www.k-m.de\/brand\/de\/wp-json\/wp\/v2\/media?parent=2073"}],"wp:term":[{"taxonomy":"category","embeddable":true,"href":"https:\/\/www.k-m.de\/brand\/de\/wp-json\/wp\/v2\/categories?post=2073"},{"taxonomy":"post_tag","embeddable":true,"href":"https:\/\/www.k-m.de\/brand\/de\/wp-json\/wp\/v2\/tags?post=2073"}],"curies":[{"name":"wp","href":"https:\/\/api.w.org\/{rel}","templated":true}]}}