{"id":2094,"date":"2013-02-06T10:26:33","date_gmt":"2013-02-06T10:26:33","guid":{"rendered":"http:\/\/blog.k-m.de\/de\/?p=2094"},"modified":"2024-04-21T14:43:53","modified_gmt":"2024-04-21T12:43:53","slug":"kongresse-und-tagungen-kommunikation-ist-alles","status":"publish","type":"post","link":"https:\/\/www.k-m.de\/brand\/de\/kongresse-und-tagungen-kommunikation-ist-alles\/","title":{"rendered":"Kongresse und Tagungen\u2013 Kommunikation ist alles"},"content":{"rendered":"<p><strong>Kommunikation ist alles.<\/strong> Das hat man mir im Studium erz\u00e4hlt. Kein Wunder. War ein Kommunikationsstudium. Tats\u00e4chlich scheint aber einiges an dieser Aussage zu stimmen. Von Paul Watzlawick, der den Meisten aus dem Deutschunterricht bekannt sein d\u00fcrfte, wissen wir: \u201eMan kann nicht nicht kommunizieren\u201c Soll bedeuten, dass wir immer kommunizieren, sobald wir eine andere Person wahrnehmen. Allein durch unser Verhalten. Denn da wir uns nicht nicht verhalten k\u00f6nnen, kommunizieren wir.<\/p>\n<p>&nbsp;<\/p>\n<p><strong>Kommunikation findet also fast immer und \u00fcberall statt<\/strong>. Und sie genie\u00dft einen durchaus guten Ruf. Mit ihrer Hilfe erf\u00fcllen wir W\u00fcnsche und l\u00f6sen Probleme. Wer gut kommunizieren kann, hat es leichter im Alltag, leichter im Beruf. Unternehmen, die es verstehen, mit ihren Kunden einen Dialog zu f\u00fchren, oder wenigstens das Gef\u00fchl vermitteln, dass sie ihre Kunden verstehen, sind erfolgreicher als Andere. Kommunikation gilt im Kleinen wie im Gro\u00dfen als Schl\u00fcssel zum Erfolg. Andersherum kann gro\u00dfer Schaden entstehen, wenn schlecht kommuniziert wird. Oder gar nicht. Ach ne. Das geht ja nicht\u2026<\/p>\n<p><strong>Kurzum: Kommunikation ist wichtig.<\/strong> So gibt es in Deutschland fast zu jedem Thema spezielle Tagungen oder Kongresse, auf denen Wissen ausgetauscht wird, Neuigkeiten vorgestellt oder aktuelle Herausforderungen besprochen werden. Ob Tagung f\u00fcr bayerische Fremdsprachenlehrer, Internationalen Modellbauerkongress, Tagung f\u00fcr B\u00e4ckereitechnologie oder Kommunikationskongress. Jedes Thema, jede Branche, ja selbst jedes Hobby kann mindestens eine Veranstaltung aufweisen, die sich mit den jeweiligen Bed\u00fcrfnissen auseinandersetzt.<\/p>\n<p>&nbsp;<\/p>\n<h3><strong>Vize-Weltmeister Deutschland<\/strong><\/h3>\n<p>Deutschland ist, was Kongresse und Tagungen betrifft, Vize-Weltmeister. Nur die USA bringen es fertig, noch mehr Kongresse, Tagungen und Events zu veranstalten. Das Meeting- &amp; EventBarometer 2012 des German Convention Bureau konnte 2011 den eigenen Rekord der Veranstaltungsbranche mit \u00fcber 338 Millionen Teilnehmern verzeichnen. Deutschlandweit wurden im Jahr 2011 \u00fcber 2,72 Millionen Veranstaltungen (mit mind. 50 Teilnehmern) in 6.614 Tagungs- und Veranstaltungsst\u00e4tten gez\u00e4hlt. T\u00e4glich finden also durchschnittlich 7.452 Kongresse und Tagungen in Deutschland statt.<\/p>\n<p>Das scheint mir auf den ersten Blick zu viel. Und ich bin mir ziemlich sicher: Das ist es auch! Denn Kongresse, Tagungen und \u00e4hnliche Veranstaltungen dienen nicht immer in erster Linie dem Zweck, die Kommunikation zu f\u00f6rdern. Hinter dem Kongress- und Tagungswesen steht nat\u00fcrlich eine enorme Wirtschaftskraft. Allein die Anzahl der beinahe t\u00e4glich eingehenden Einladungen in meinem Postfach zu unterschiedlichsten Veranstaltungen ist beeindruckend. Noch beeindruckender sind dann die Preise, beginnend bei wenigen hundert Euro bis hin zu vierstelligen Summen. Es gibt aber gen\u00fcgend Kongresse, die sich nicht in erster Linie wirtschaftlichen Interessen verschrieben haben.<\/p>\n<p>&nbsp;<\/p>\n<p><strong>Was muss ein guter Kongress, eine gute Tagung leisten?<\/strong> Viele Einladungen werben mit prominenten Keynote-Speakern, was sich h\u00e4ufig unmittelbar im Preis bemerkbar macht. Was erwarten wir \u00fcberhaupt von einem Kongress? Wie eingangs beschrieben, wollen wir uns mit Hilfe der Kommunikation beispielsweise aktuellen Herausforderungen stellen. Besonders die Musikbranche, und somit will ich langsam mal den Bogen zur Musik schlagen, hat mehr als genug Probleme, \u00e4hm\u2026, ich meine nat\u00fcrlich Herausforderungen, die es zu besprechen gilt. Die ganze Branche ist dringend auf der Suche nach L\u00f6sungen zu neuen Urheberrechtsmodellen, fairen Vertriebsmodellen, angemessener Verteilung von Kulturf\u00f6rdermitteln und vielem mehr. J\u00e4hrlich gibt es jede Menge Veranstaltungen, die sich genau mit diesen Herausforderungen auseinandersetzen. Und doch haben wir oft das Gef\u00fchl, dass zu wenig passiert.<\/p>\n<p>&nbsp;<\/p>\n<p><strong>Was erwarten wir beispielsweise von einem Kongress, auf dem \u00fcber notwendige \u00c4nderungen im Urheberrecht diskutiert wird?<\/strong> Wir erwarten \u00c4nderung in irgendeiner Form und sind dann vielleicht entt\u00e4uscht, dass nichts passiert. Ich glaube, dass selbst ein guter Kongress nicht in der Lage ist, die gew\u00fcnschten \u00c4nderungen unmittelbar herbeizuf\u00fchren. Aber ein guter Kongress ist in der Lage unsere Einstellung zu \u00e4ndern, uns zu inspirieren, den eigenen Horizont zu erweitern und neue Sichtweisen zu gewinnen. Und das wiederum f\u00fchrt letztendlich, wenn auch nicht von heute auf Morgen, zu Ver\u00e4nderungen.<\/p>\n<p>Es ist auch nicht entscheidend, bei einem Kongress so viele Vortr\u00e4ge und Workshops wie m\u00f6glich mitzunehmen. Ganz entscheidend ist n\u00e4mlich, was sich am Rande einer Veranstaltung abspielt. Denn hier gibt es die M\u00f6glichkeit, mit Akteuren, Referenten und anderen Besuchern bei Kaffee und Kuchen, Sektchen oder Bierchen ins Gespr\u00e4ch zu kommen. Solche Gespr\u00e4che und neue Kontakte sind ebenso wichtig, wie Vortr\u00e4ge und Workshops.<\/p>\n<p><strong>In der Musikbranche gibt es eine Reihe von Conventions, Kongressen und Veranstaltungen<\/strong>, die sich mit allen wichtigen Themen auseinandersetzen. Eine Veranstaltung der Popakademie, die garantiert nicht kommerziell ist, m\u00f6chte ich heute vorstellen:<\/p>\n<p>Das <a href=\"http:\/\/www.futuremusiccamp.com\/\" target=\"_blank\" rel=\"noopener\"><strong>Future Music Camp<\/strong> <\/a>der Popakademie Baden-W\u00fcrttemberg legt seinen Fokus auf die digitale Musikbranche. 2009 als das erste \u201eBarcamp\u201c f\u00fcr die digitale Musikwirtschaft gestartet, ist es mittlerweile als eine Mischform mit Konferenz- und Barcampelementen fest in der Branche etabliert. Einmal j\u00e4hrlich l\u00e4dt die Popakademie Baden-W\u00fcrttemberg zum Future Music Camp nach Mannheim. Die Idee dieses Events ist es, sich gezielt auf ausgew\u00e4hlte aktuelle Highlights der Musik- und Entertainmentwirtschaft\u00a0 zu beschr\u00e4nken. So werden neuartige Gesch\u00e4ftsmodelle und technische Innovationen vorgestellt und diskutiert. Spannend ist, dass viele Themen im Vorhinein hier aber gar nicht feststehen.<\/p>\n<p>Die Barcamp-Elemente des Future Music Camps erm\u00f6glichen den Teilnehmern das direkte Mitbestimmen der Themen. Themenvorschl\u00e4ge k\u00f6nnen sowohl beim Camp direkt als auch vorab eingereicht werden. Welche Themen und Workshops sich durchsetzen, stimmen die Teilnehmer dann am Veranstaltungstag ab. Im Jahr 2012 waren es schon \u00fcber 400 Teilnehmer, die aus der gesamten Bundesrepublik nach Mannheim kamen. Die Vorbereitungen f\u00fcr das Future Music Camp 2013 am 26. und 27. April laufen aktuell auf Hochtouren. Die Teilnahme am Camp steht jedem offen.<\/p>\n<p>Es ist zwar eine Anmeldung vorab erforderlich, diese ist aber kostenlos.<\/p>\n<p>&nbsp;<\/p>\n<p>Ebenso wichtig wie Umfeld und Themen sind die Akteure. Welche Leute treffe ich auf einem Future Music Camp? Das Tolle an dieser Veranstaltung ist, dass mit diesem Event schon fr\u00fch die Aufmerksamkeit der Musikbranche gesichert werden konnte. Hier tummeln sich Studenten, junge Kreative, Gr\u00fcnder sowie Vertreter von gro\u00dfen und kleinen Firmen und Institutionen. Im Prinzip ein Querschnitt der digitalen Musikszene. Wer sich \u00fcber die bisherigen Teilnehmer ein Bild machen m\u00f6chte, kann einen Blick auf die vergangenen Camps werfen m\u00f6chte. Auf www.futuremusiccamp.de haben wir zahlreiche Presseberichte, Infos zu Teilnehmern und Themen hinterlegt.<\/p>\n<p>Was mich pers\u00f6nlich bei meinem ersten Future Music Camp besonders beeindruckt hat, ist die Atmosph\u00e4re. Es geht locker her \u2013 nahezu gem\u00fctlich. Mit einer ganzen Menge alter M\u00f6bel, Sessel und Sofas entsteht eine Art riesiges Wohnzimmer \u2013 in und um die Popakademie herum. So bleibt zwischen Vortr\u00e4gen und Workshops genug Zeit f\u00fcr lockeren Plausch und Meinungsaustausch am Rande der Veranstaltung. Hier bekommt der Begriff \u201eNetzwerken\u201c, der in kommunikationsstarken Branchen \u00a0oft ein wenig bedeutungsleer daher kommt, ein echtes Fundament.<\/p>\n<p>&nbsp;<\/p>\n<p><strong>Wer kennt sie nicht, diese Anfragen bei Xing oder LinkedIn von v\u00f6llig fremden Menschen<\/strong>: \u201eSehr geehrter Herr Micus, ich w\u00fcrde mich freuen, Sie in meinem Netzwerk begr\u00fc\u00dfen zu d\u00fcrfen.\u201c Aus reiner Neugier klicke ich \u00a0auf \u201ehinzuf\u00fcgen\u201c. Vielleicht kommt ja noch eine spannende Geschichte hinterher? Meistens Fehlanzeige. Echte Kontakte, echte Netzwerke entstehen eben nicht im ersten Schritt in der digitalen Welt. Hier tauschen wir lediglich digitale Visitenkarten. Echtes Netzwerken basiert auf Kommunikation. Auf Meinungsgleichheiten und \u2013unterschieden. Auf Sympathie und Neugier. Und eben diese Kommunikation finden wir auf guten Kongressen, Tagungen und Events.<\/p>\n<p>Egal ob digitale Musikszene beim Future Music Camp oder Konferenz des \u00f6rtlichen Hasenz\u00fcchtervereins. Das alles sind Plattformen f\u00fcr Kommunikation. Sowohl im eigenen als auch im Interesse aller, sollte man sich wenigstens ein bis zwei Veranstaltungen im Jahr aussuchen, um sich selbst und ein St\u00fcck weit seine Branche nach vorn zu bringen. Denn wir alle wissen: <strong>Kommunikation ist alles<\/strong>.<\/p>\n<p>Und jetzt kommt ihr ins Spiel. Welchen Event der Musikbranche kennt oder besucht ihr, der eure Einstellungen \u00e4ndert, der euch inspiriert, der euch neue Sichtweisen gewinnen l\u00e4sst, bei dem ihr nette Gespr\u00e4che f\u00fchren und Kontakte kn\u00fcpfen k\u00f6nnt oder, worauf es letztendlich ankommt, der etwas ver\u00e4ndert? Wir werden eure Vorschl\u00e4ge sammeln und hier in unserem Blog vorstellen.<\/p>\n","protected":false},"excerpt":{"rendered":"<p>Kommunikation ist alles. Das hat man mir im Studium erz\u00e4hlt. Kein Wunder. War ein Kommunikationsstudium. Tats\u00e4chlich scheint aber einiges an<span class=\"read_more\">Mehr erfahren<\/span><\/p>\n","protected":false},"author":13,"featured_media":2100,"comment_status":"open","ping_status":"open","sticky":false,"template":"","format":"standard","meta":{"footnotes":""},"categories":[10],"tags":[432,433,362,128],"class_list":["post-2094","post","type-post","status-publish","format-standard","has-post-thumbnail","hentry","category-news","tag-futur-music-camp","tag-kommunikation","tag-popakademie","tag-social-media"],"better_featured_image":{"id":2100,"alt_text":"","caption":"","description":"","media_type":"image","media_details":{"width":688,"height":420,"file":"2013\/02\/pop.jpg","sizes":{"medium":{"file":"pop-600x366.jpg","width":600,"height":366,"mime-type":"image\/jpeg","source_url":"https:\/\/www.k-m.de\/brand\/wp-content\/uploads\/2013\/02\/pop-600x366.jpg"},"profile_24":{"file":"pop-24x24.jpg","width":24,"height":24,"mime-type":"image\/jpeg","source_url":"https:\/\/www.k-m.de\/brand\/wp-content\/uploads\/2013\/02\/pop-24x24.jpg"},"profile_48":{"file":"pop-48x48.jpg","width":48,"height":48,"mime-type":"image\/jpeg","source_url":"https:\/\/www.k-m.de\/brand\/wp-content\/uploads\/2013\/02\/pop-48x48.jpg"},"profile_96":{"file":"pop-96x96.jpg","width":96,"height":96,"mime-type":"image\/jpeg","source_url":"https:\/\/www.k-m.de\/brand\/wp-content\/uploads\/2013\/02\/pop-96x96.jpg"},"thumbnail":{"file":"pop-800x480.jpg","width":800,"height":480,"mime-type":"image\/jpeg","source_url":"https:\/\/www.k-m.de\/brand\/wp-content\/uploads\/2013\/02\/pop-800x480.jpg"},"post-thumbnail":{"file":"pop-800x480.jpg","width":800,"height":480,"mime-type":"image\/jpeg","source_url":"https:\/\/www.k-m.de\/brand\/wp-content\/uploads\/2013\/02\/pop-800x480.jpg"},"medium_cropped":{"file":"pop-600x600.jpg","width":600,"height":600,"mime-type":"image\/jpeg","source_url":"https:\/\/www.k-m.de\/brand\/wp-content\/uploads\/2013\/02\/pop-600x600.jpg"},"large_cropped":{"file":"pop-1200x720.jpg","width":1200,"height":720,"mime-type":"image\/jpeg","source_url":"https:\/\/www.k-m.de\/brand\/wp-content\/uploads\/2013\/02\/pop-1200x720.jpg"},"very_large_cropped":{"file":"pop-1800x900.jpg","width":1800,"height":900,"mime-type":"image\/jpeg","source_url":"https:\/\/www.k-m.de\/brand\/wp-content\/uploads\/2013\/02\/pop-1800x900.jpg"},"landingpage_thumb":{"file":"pop-491x300.jpg","width":491,"height":300,"mime-type":"image\/jpeg","source_url":"https:\/\/www.k-m.de\/brand\/wp-content\/uploads\/2013\/02\/pop-491x300.jpg"},"medium_old_300x183":{"file":"pop-300x183.jpg","width":300,"height":183,"mime-type":"image\/jpeg","source_url":"https:\/\/www.k-m.de\/brand\/wp-content\/uploads\/2013\/02\/pop-300x183.jpg"},"thumbnail_old_150x150":{"file":"pop-150x150.jpg","width":150,"height":150,"mime-type":"image\/jpeg","source_url":"https:\/\/www.k-m.de\/brand\/wp-content\/uploads\/2013\/02\/pop-150x150.jpg"}},"image_meta":{"aperture":"0","credit":"","camera":"","caption":"","created_timestamp":"0","copyright":"","focal_length":"0","iso":"0","shutter_speed":"0","title":"","orientation":"0","keywords":[]}},"post":null,"source_url":"https:\/\/www.k-m.de\/brand\/wp-content\/uploads\/2013\/02\/pop.jpg"},"post_meta_fields":{"_wpml_media_featured":["1"],"_wpml_media_duplicate":["1"],"_edit_last":["9"],"post_views_count":["2566"],"_thumbnail_id":["2100"],"dsq_thread_id":["1068230752"],"ratings_users":["0"],"ratings_score":["0"],"ratings_average":["0"],"_aioseop_description":["Kommunikation ist alles. Das hat man mir im Studium erz\u00e4hlt. Kein Wunder. Man kann nicht nicht kommunizieren."],"_aioseop_title":["Kongresse und Tagungen\u2013 Kommunikation ist alles"],"_aioseop_keywords":["Futur music camp, kommuikation, K\u00f6nig & Meyer, Popakadmie"],"_edit_lock":["1713703434:9"],"_wpb_vc_js_status":["false"],"_post_dealeronly":[""],"_yoast_indexnow_last_ping":["1713703434"],"_wpml_word_count":["1564"]},"yoast_head":"<!-- This site is optimized with the Yoast SEO Premium plugin v26.8 (Yoast SEO v27.4) - https:\/\/yoast.com\/product\/yoast-seo-premium-wordpress\/ -->\n<title>Kongresse und Tagungen\u2013 Kommunikation ist alles - K\u00f6nig &amp; Meyer<\/title>\n<meta name=\"robots\" content=\"index, follow, max-snippet:-1, max-image-preview:large, max-video-preview:-1\" \/>\n<link rel=\"canonical\" href=\"https:\/\/www.k-m.de\/brand\/de\/kongresse-und-tagungen-kommunikation-ist-alles\/\" \/>\n<meta property=\"og:locale\" content=\"de_DE\" \/>\n<meta property=\"og:type\" content=\"article\" \/>\n<meta property=\"og:title\" content=\"Kongresse und Tagungen\u2013 Kommunikation ist alles\" \/>\n<meta property=\"og:description\" content=\"Kommunikation ist alles. Das hat man mir im Studium erz\u00e4hlt. Kein Wunder. War ein Kommunikationsstudium. Tats\u00e4chlich scheint aber einiges anMehr erfahren\" \/>\n<meta property=\"og:url\" content=\"https:\/\/www.k-m.de\/brand\/de\/kongresse-und-tagungen-kommunikation-ist-alles\/\" \/>\n<meta property=\"og:site_name\" content=\"K\u00f6nig &amp; Meyer\" \/>\n<meta property=\"article:published_time\" content=\"2013-02-06T10:26:33+00:00\" \/>\n<meta property=\"article:modified_time\" content=\"2024-04-21T12:43:53+00:00\" \/>\n<meta property=\"og:image\" content=\"https:\/\/www.k-m.de\/brand\/wp-content\/uploads\/2013\/02\/pop.jpg\" \/>\n\t<meta property=\"og:image:width\" content=\"688\" \/>\n\t<meta property=\"og:image:height\" content=\"420\" \/>\n\t<meta property=\"og:image:type\" content=\"image\/jpeg\" \/>\n<meta name=\"author\" content=\"Popakademie\" \/>\n<meta name=\"twitter:card\" content=\"summary_large_image\" \/>\n<meta name=\"twitter:label1\" content=\"Verfasst von\" \/>\n\t<meta name=\"twitter:data1\" content=\"Popakademie\" \/>\n\t<meta name=\"twitter:label2\" content=\"Gesch\u00e4tzte Lesezeit\" \/>\n\t<meta name=\"twitter:data2\" content=\"7\u00a0Minuten\" \/>\n<script type=\"application\/ld+json\" class=\"yoast-schema-graph\">{\"@context\":\"https:\\\/\\\/schema.org\",\"@graph\":[{\"@type\":\"Article\",\"@id\":\"https:\\\/\\\/www.k-m.de\\\/brand\\\/de\\\/kongresse-und-tagungen-kommunikation-ist-alles\\\/#article\",\"isPartOf\":{\"@id\":\"https:\\\/\\\/www.k-m.de\\\/brand\\\/de\\\/kongresse-und-tagungen-kommunikation-ist-alles\\\/\"},\"author\":{\"name\":\"Popakademie\",\"@id\":\"https:\\\/\\\/www.k-m.de\\\/brand\\\/de\\\/#\\\/schema\\\/person\\\/9c61631b826627485acacb54832e6822\"},\"headline\":\"Kongresse und Tagungen\u2013 Kommunikation ist alles\",\"datePublished\":\"2013-02-06T10:26:33+00:00\",\"dateModified\":\"2024-04-21T12:43:53+00:00\",\"mainEntityOfPage\":{\"@id\":\"https:\\\/\\\/www.k-m.de\\\/brand\\\/de\\\/kongresse-und-tagungen-kommunikation-ist-alles\\\/\"},\"wordCount\":1323,\"commentCount\":0,\"publisher\":{\"@id\":\"https:\\\/\\\/www.k-m.de\\\/brand\\\/de\\\/#organization\"},\"image\":{\"@id\":\"https:\\\/\\\/www.k-m.de\\\/brand\\\/de\\\/kongresse-und-tagungen-kommunikation-ist-alles\\\/#primaryimage\"},\"thumbnailUrl\":\"https:\\\/\\\/www.k-m.de\\\/brand\\\/wp-content\\\/uploads\\\/2013\\\/02\\\/pop.jpg\",\"keywords\":[\"futur music camp\",\"kommunikation\",\"Popakademie\",\"social media\"],\"articleSection\":[\"News\"],\"inLanguage\":\"de\",\"potentialAction\":[{\"@type\":\"CommentAction\",\"name\":\"Comment\",\"target\":[\"https:\\\/\\\/www.k-m.de\\\/brand\\\/de\\\/kongresse-und-tagungen-kommunikation-ist-alles\\\/#respond\"]}]},{\"@type\":\"WebPage\",\"@id\":\"https:\\\/\\\/www.k-m.de\\\/brand\\\/de\\\/kongresse-und-tagungen-kommunikation-ist-alles\\\/\",\"url\":\"https:\\\/\\\/www.k-m.de\\\/brand\\\/de\\\/kongresse-und-tagungen-kommunikation-ist-alles\\\/\",\"name\":\"Kongresse und Tagungen\u2013 Kommunikation ist alles - K\u00f6nig &amp; Meyer\",\"isPartOf\":{\"@id\":\"https:\\\/\\\/www.k-m.de\\\/brand\\\/de\\\/#website\"},\"primaryImageOfPage\":{\"@id\":\"https:\\\/\\\/www.k-m.de\\\/brand\\\/de\\\/kongresse-und-tagungen-kommunikation-ist-alles\\\/#primaryimage\"},\"image\":{\"@id\":\"https:\\\/\\\/www.k-m.de\\\/brand\\\/de\\\/kongresse-und-tagungen-kommunikation-ist-alles\\\/#primaryimage\"},\"thumbnailUrl\":\"https:\\\/\\\/www.k-m.de\\\/brand\\\/wp-content\\\/uploads\\\/2013\\\/02\\\/pop.jpg\",\"datePublished\":\"2013-02-06T10:26:33+00:00\",\"dateModified\":\"2024-04-21T12:43:53+00:00\",\"breadcrumb\":{\"@id\":\"https:\\\/\\\/www.k-m.de\\\/brand\\\/de\\\/kongresse-und-tagungen-kommunikation-ist-alles\\\/#breadcrumb\"},\"inLanguage\":\"de\",\"potentialAction\":[{\"@type\":\"ReadAction\",\"target\":[\"https:\\\/\\\/www.k-m.de\\\/brand\\\/de\\\/kongresse-und-tagungen-kommunikation-ist-alles\\\/\"]}]},{\"@type\":\"ImageObject\",\"inLanguage\":\"de\",\"@id\":\"https:\\\/\\\/www.k-m.de\\\/brand\\\/de\\\/kongresse-und-tagungen-kommunikation-ist-alles\\\/#primaryimage\",\"url\":\"https:\\\/\\\/www.k-m.de\\\/brand\\\/wp-content\\\/uploads\\\/2013\\\/02\\\/pop.jpg\",\"contentUrl\":\"https:\\\/\\\/www.k-m.de\\\/brand\\\/wp-content\\\/uploads\\\/2013\\\/02\\\/pop.jpg\",\"width\":688,\"height\":420},{\"@type\":\"BreadcrumbList\",\"@id\":\"https:\\\/\\\/www.k-m.de\\\/brand\\\/de\\\/kongresse-und-tagungen-kommunikation-ist-alles\\\/#breadcrumb\",\"itemListElement\":[{\"@type\":\"ListItem\",\"position\":1,\"name\":\"Startseite\",\"item\":\"https:\\\/\\\/www.k-m.de\\\/brand\\\/de\\\/\"},{\"@type\":\"ListItem\",\"position\":2,\"name\":\"Kongresse und Tagungen\u2013 Kommunikation ist alles\"}]},{\"@type\":\"WebSite\",\"@id\":\"https:\\\/\\\/www.k-m.de\\\/brand\\\/de\\\/#website\",\"url\":\"https:\\\/\\\/www.k-m.de\\\/brand\\\/de\\\/\",\"name\":\"K\u00f6nig & Meyer\",\"description\":\"K\u00f6nig &amp; Meyer ist ein weltweit f\u00fchrender Hersteller f\u00fcr Musikzubeh\u00f6r. Seit \u00fcber 65 Jahren steht K&amp;M f\u00fcr qualitativ hochwertige Produkte.\",\"publisher\":{\"@id\":\"https:\\\/\\\/www.k-m.de\\\/brand\\\/de\\\/#organization\"},\"potentialAction\":[{\"@type\":\"SearchAction\",\"target\":{\"@type\":\"EntryPoint\",\"urlTemplate\":\"https:\\\/\\\/www.k-m.de\\\/brand\\\/de\\\/?s={search_term_string}\"},\"query-input\":{\"@type\":\"PropertyValueSpecification\",\"valueRequired\":true,\"valueName\":\"search_term_string\"}}],\"inLanguage\":\"de\"},{\"@type\":\"Organization\",\"@id\":\"https:\\\/\\\/www.k-m.de\\\/brand\\\/de\\\/#organization\",\"name\":\"K\u00f6nig & Meyer\",\"url\":\"https:\\\/\\\/www.k-m.de\\\/brand\\\/de\\\/\",\"logo\":{\"@type\":\"ImageObject\",\"inLanguage\":\"de\",\"@id\":\"https:\\\/\\\/www.k-m.de\\\/brand\\\/de\\\/#\\\/schema\\\/logo\\\/image\\\/\",\"url\":\"https:\\\/\\\/www.k-m.de\\\/brand\\\/wp-content\\\/uploads\\\/2023\\\/01\\\/KM_1c.tif\",\"contentUrl\":\"https:\\\/\\\/www.k-m.de\\\/brand\\\/wp-content\\\/uploads\\\/2023\\\/01\\\/KM_1c.tif\",\"width\":1,\"height\":1,\"caption\":\"K\u00f6nig & Meyer\"},\"image\":{\"@id\":\"https:\\\/\\\/www.k-m.de\\\/brand\\\/de\\\/#\\\/schema\\\/logo\\\/image\\\/\"}},{\"@type\":\"Person\",\"@id\":\"https:\\\/\\\/www.k-m.de\\\/brand\\\/de\\\/#\\\/schema\\\/person\\\/9c61631b826627485acacb54832e6822\",\"name\":\"Popakademie\",\"url\":\"https:\\\/\\\/www.k-m.de\\\/brand\\\/de\\\/author\\\/popakademie\\\/\"}]}<\/script>\n<!-- \/ Yoast SEO Premium plugin. -->","yoast_head_json":{"title":"Kongresse und Tagungen\u2013 Kommunikation ist alles - K\u00f6nig &amp; Meyer","robots":{"index":"index","follow":"follow","max-snippet":"max-snippet:-1","max-image-preview":"max-image-preview:large","max-video-preview":"max-video-preview:-1"},"canonical":"https:\/\/www.k-m.de\/brand\/de\/kongresse-und-tagungen-kommunikation-ist-alles\/","og_locale":"de_DE","og_type":"article","og_title":"Kongresse und Tagungen\u2013 Kommunikation ist alles","og_description":"Kommunikation ist alles. Das hat man mir im Studium erz\u00e4hlt. Kein Wunder. War ein Kommunikationsstudium. Tats\u00e4chlich scheint aber einiges anMehr erfahren","og_url":"https:\/\/www.k-m.de\/brand\/de\/kongresse-und-tagungen-kommunikation-ist-alles\/","og_site_name":"K\u00f6nig &amp; Meyer","article_published_time":"2013-02-06T10:26:33+00:00","article_modified_time":"2024-04-21T12:43:53+00:00","og_image":[{"width":688,"height":420,"url":"https:\/\/www.k-m.de\/brand\/wp-content\/uploads\/2013\/02\/pop.jpg","type":"image\/jpeg"}],"author":"Popakademie","twitter_card":"summary_large_image","twitter_misc":{"Verfasst von":"Popakademie","Gesch\u00e4tzte Lesezeit":"7\u00a0Minuten"},"schema":{"@context":"https:\/\/schema.org","@graph":[{"@type":"Article","@id":"https:\/\/www.k-m.de\/brand\/de\/kongresse-und-tagungen-kommunikation-ist-alles\/#article","isPartOf":{"@id":"https:\/\/www.k-m.de\/brand\/de\/kongresse-und-tagungen-kommunikation-ist-alles\/"},"author":{"name":"Popakademie","@id":"https:\/\/www.k-m.de\/brand\/de\/#\/schema\/person\/9c61631b826627485acacb54832e6822"},"headline":"Kongresse und Tagungen\u2013 Kommunikation ist alles","datePublished":"2013-02-06T10:26:33+00:00","dateModified":"2024-04-21T12:43:53+00:00","mainEntityOfPage":{"@id":"https:\/\/www.k-m.de\/brand\/de\/kongresse-und-tagungen-kommunikation-ist-alles\/"},"wordCount":1323,"commentCount":0,"publisher":{"@id":"https:\/\/www.k-m.de\/brand\/de\/#organization"},"image":{"@id":"https:\/\/www.k-m.de\/brand\/de\/kongresse-und-tagungen-kommunikation-ist-alles\/#primaryimage"},"thumbnailUrl":"https:\/\/www.k-m.de\/brand\/wp-content\/uploads\/2013\/02\/pop.jpg","keywords":["futur music camp","kommunikation","Popakademie","social media"],"articleSection":["News"],"inLanguage":"de","potentialAction":[{"@type":"CommentAction","name":"Comment","target":["https:\/\/www.k-m.de\/brand\/de\/kongresse-und-tagungen-kommunikation-ist-alles\/#respond"]}]},{"@type":"WebPage","@id":"https:\/\/www.k-m.de\/brand\/de\/kongresse-und-tagungen-kommunikation-ist-alles\/","url":"https:\/\/www.k-m.de\/brand\/de\/kongresse-und-tagungen-kommunikation-ist-alles\/","name":"Kongresse und Tagungen\u2013 Kommunikation ist alles - K\u00f6nig &amp; Meyer","isPartOf":{"@id":"https:\/\/www.k-m.de\/brand\/de\/#website"},"primaryImageOfPage":{"@id":"https:\/\/www.k-m.de\/brand\/de\/kongresse-und-tagungen-kommunikation-ist-alles\/#primaryimage"},"image":{"@id":"https:\/\/www.k-m.de\/brand\/de\/kongresse-und-tagungen-kommunikation-ist-alles\/#primaryimage"},"thumbnailUrl":"https:\/\/www.k-m.de\/brand\/wp-content\/uploads\/2013\/02\/pop.jpg","datePublished":"2013-02-06T10:26:33+00:00","dateModified":"2024-04-21T12:43:53+00:00","breadcrumb":{"@id":"https:\/\/www.k-m.de\/brand\/de\/kongresse-und-tagungen-kommunikation-ist-alles\/#breadcrumb"},"inLanguage":"de","potentialAction":[{"@type":"ReadAction","target":["https:\/\/www.k-m.de\/brand\/de\/kongresse-und-tagungen-kommunikation-ist-alles\/"]}]},{"@type":"ImageObject","inLanguage":"de","@id":"https:\/\/www.k-m.de\/brand\/de\/kongresse-und-tagungen-kommunikation-ist-alles\/#primaryimage","url":"https:\/\/www.k-m.de\/brand\/wp-content\/uploads\/2013\/02\/pop.jpg","contentUrl":"https:\/\/www.k-m.de\/brand\/wp-content\/uploads\/2013\/02\/pop.jpg","width":688,"height":420},{"@type":"BreadcrumbList","@id":"https:\/\/www.k-m.de\/brand\/de\/kongresse-und-tagungen-kommunikation-ist-alles\/#breadcrumb","itemListElement":[{"@type":"ListItem","position":1,"name":"Startseite","item":"https:\/\/www.k-m.de\/brand\/de\/"},{"@type":"ListItem","position":2,"name":"Kongresse und Tagungen\u2013 Kommunikation ist alles"}]},{"@type":"WebSite","@id":"https:\/\/www.k-m.de\/brand\/de\/#website","url":"https:\/\/www.k-m.de\/brand\/de\/","name":"K\u00f6nig & Meyer","description":"K\u00f6nig &amp; Meyer ist ein weltweit f\u00fchrender Hersteller f\u00fcr Musikzubeh\u00f6r. Seit \u00fcber 65 Jahren steht K&amp;M f\u00fcr qualitativ hochwertige Produkte.","publisher":{"@id":"https:\/\/www.k-m.de\/brand\/de\/#organization"},"potentialAction":[{"@type":"SearchAction","target":{"@type":"EntryPoint","urlTemplate":"https:\/\/www.k-m.de\/brand\/de\/?s={search_term_string}"},"query-input":{"@type":"PropertyValueSpecification","valueRequired":true,"valueName":"search_term_string"}}],"inLanguage":"de"},{"@type":"Organization","@id":"https:\/\/www.k-m.de\/brand\/de\/#organization","name":"K\u00f6nig & Meyer","url":"https:\/\/www.k-m.de\/brand\/de\/","logo":{"@type":"ImageObject","inLanguage":"de","@id":"https:\/\/www.k-m.de\/brand\/de\/#\/schema\/logo\/image\/","url":"https:\/\/www.k-m.de\/brand\/wp-content\/uploads\/2023\/01\/KM_1c.tif","contentUrl":"https:\/\/www.k-m.de\/brand\/wp-content\/uploads\/2023\/01\/KM_1c.tif","width":1,"height":1,"caption":"K\u00f6nig & Meyer"},"image":{"@id":"https:\/\/www.k-m.de\/brand\/de\/#\/schema\/logo\/image\/"}},{"@type":"Person","@id":"https:\/\/www.k-m.de\/brand\/de\/#\/schema\/person\/9c61631b826627485acacb54832e6822","name":"Popakademie","url":"https:\/\/www.k-m.de\/brand\/de\/author\/popakademie\/"}]}},"_links":{"self":[{"href":"https:\/\/www.k-m.de\/brand\/de\/wp-json\/wp\/v2\/posts\/2094","targetHints":{"allow":["GET"]}}],"collection":[{"href":"https:\/\/www.k-m.de\/brand\/de\/wp-json\/wp\/v2\/posts"}],"about":[{"href":"https:\/\/www.k-m.de\/brand\/de\/wp-json\/wp\/v2\/types\/post"}],"author":[{"embeddable":true,"href":"https:\/\/www.k-m.de\/brand\/de\/wp-json\/wp\/v2\/users\/13"}],"replies":[{"embeddable":true,"href":"https:\/\/www.k-m.de\/brand\/de\/wp-json\/wp\/v2\/comments?post=2094"}],"version-history":[{"count":2,"href":"https:\/\/www.k-m.de\/brand\/de\/wp-json\/wp\/v2\/posts\/2094\/revisions"}],"predecessor-version":[{"id":8003,"href":"https:\/\/www.k-m.de\/brand\/de\/wp-json\/wp\/v2\/posts\/2094\/revisions\/8003"}],"wp:featuredmedia":[{"embeddable":true,"href":"https:\/\/www.k-m.de\/brand\/de\/wp-json\/wp\/v2\/media\/2100"}],"wp:attachment":[{"href":"https:\/\/www.k-m.de\/brand\/de\/wp-json\/wp\/v2\/media?parent=2094"}],"wp:term":[{"taxonomy":"category","embeddable":true,"href":"https:\/\/www.k-m.de\/brand\/de\/wp-json\/wp\/v2\/categories?post=2094"},{"taxonomy":"post_tag","embeddable":true,"href":"https:\/\/www.k-m.de\/brand\/de\/wp-json\/wp\/v2\/tags?post=2094"}],"curies":[{"name":"wp","href":"https:\/\/api.w.org\/{rel}","templated":true}]}}