{"id":2375,"date":"2013-05-02T11:36:48","date_gmt":"2013-05-02T11:36:48","guid":{"rendered":"http:\/\/blog.k-m.de\/de\/?p=2375"},"modified":"2021-03-24T09:44:47","modified_gmt":"2021-03-24T08:44:47","slug":"unsere-events-der-musikmesse-2013","status":"publish","type":"post","link":"https:\/\/www.k-m.de\/brand\/de\/unsere-events-der-musikmesse-2013\/","title":{"rendered":"Unsere Events der Musikmesse 2013"},"content":{"rendered":"<p><strong>Wir boten in Frankfurt wieder zahlreiche musikalische Events f\u00fcr Auge, Ohr oder die Autogrammsammlung.<\/strong><\/p>\n<p>Am <strong>Mittwoch <\/strong>rockten, bereits zum dritten Mal, \u201e<a href=\"http:\/\/www.the-jerks.de\/\" target=\"_blank\" rel=\"noopener\"><strong><span style=\"text-decoration: underline;\">The Jerks<\/span><\/strong><\/a>\u201c f\u00fcr uns auf der Agora Stage. Schon nach kurzer Zeit hatte sich eine gr\u00f6\u00dfere Menschenmenge vor der B\u00fchne eingefunden, die viel Applaus spendete!<\/p>\n<p><strong>Donnerstag<\/strong> durften dann \u201e<a href=\"https:\/\/www.facebook.com\/electricloveofficial?ref=ts&amp;fref=ts\" target=\"_blank\" rel=\"noopener\"><strong><span style=\"text-decoration: underline;\">Electric Love<\/span><\/strong><\/a>\u201c auf der Agora auftreten. Auch sie hatten das zahlreiche Publikum schnell im Griff. So schaffte es die Band ohne M\u00fche das Publikum -gr\u00f6\u00dftenteils Fachbesucher- zum begeisterten Mitklatschen zu bewegen!<\/p>\n<p>&nbsp;<\/p>\n<p><a href=\"http:\/\/www.ingopohlmann.de\/\" target=\"_blank\" rel=\"noopener\"><strong><span style=\"text-decoration: underline;\">Ingo Pohlmann<\/span><\/strong> <\/a>war <strong>Freitag und Samstag<\/strong> nachmittags bei uns am Stand, um seinen Fans \u201eRede und Antwort\u201c zu stehen, die von ihm mitentwickelte <a href=\"http:\/\/produkte.k-m.de\/de\/product?info=1304&amp;x94cd9=je3l9n84l2k9k3b46b7nlhup12\" target=\"_blank\" rel=\"noopener\">Gitarrenspielhilfe \u00bbPohlmann\u00ab<\/a> vorzuf\u00fchren und etliche Autogramme zu schreiben. H\u00f6hepunkt f\u00fcr unsere (weibliche) Standbesatzung war dann sein \u201eExklusiv-Konzert\u201c.<br \/>\nAm Samstag wurde er zudem von seinem Manager <strong>Henning Wehland<\/strong> (<a href=\"http:\/\/www.k-m.de\/de\/bandsundkuenstler\/h-blockx.html\" target=\"_blank\" rel=\"noopener\">H-Blockx<\/a>, <a href=\"http:\/\/www.k-m.de\/de\/bandsundkuenstler\/soehne-mannheims.html\" target=\"_blank\" rel=\"noopener\">S\u00f6hne Mannheims<\/a>, Juror von \u201eThe Voice Kids\u201c) begleitet.<\/p>\n<p>Am <strong>Freitag<\/strong> erwarteten wir auch noch die wohl erfolgreichste Volksmusikgruppe, die schon mit 14 Echos ausgezeichnet wurde: Die <strong><a href=\"http:\/\/www.k-m.de\/de\/bandsundkuenstler\/kastelrutherspatzen.html\" target=\"_blank\" rel=\"noopener\"><span style=\"text-decoration: underline;\">Kastelruther Spatzen<\/span><\/a>. <\/strong>Unser Messestand war so schon fr\u00fchzeitig von etlichen Volksmusikliebhabern \u201abelagert\u2019 und ab 15.00 Uhr schrieben dann <strong>R\u00fcdiger<\/strong> (Hemmelmann) und <strong>Kurt<\/strong> (Dasser) Autogramme.<\/p>\n<p>&nbsp;<\/p>\n<p>\u201e<a href=\"http:\/\/www.k-m.de\/de\/bandsundkuenstler\/Glasperlenspiel.html\" target=\"_blank\" rel=\"noopener\"><strong><span style=\"text-decoration: underline;\">Glasperlenspiel<\/span><\/strong><\/a>\u201c &#8211; das n\u00e4chste Highlight an unserem Hauptstand. Das Pop-Duo, welches erfolgreich beim Bundesvision Song Contest teilgenommen und sich nicht nur mit dem Song \u201eEcht\u201c wochenlang in den Charts gehalten hat, d\u00fcrfen wir zum Kreis unserer Endorser z\u00e4hlen. Am <strong>Samstagmittag<\/strong> signierten <strong>Caro und Daniel<\/strong> weit \u00fcber 100 Poster sowie viele CDs und standen f\u00fcr pers\u00f6nliche Fotos mit den Fans zur Verf\u00fcgung.<\/p>\n<p>W\u00e4hren der Messe wurden wir zudem noch von den folgenden <strong>K\u00fcnstlern\/Musikern<\/strong> besucht:<br \/>\nAxel Ritt (Grave Digger), Mike \u201eGomezz\u201c Gommeringer (<a href=\"http:\/\/www.k-m.de\/de\/bandsundkuenstler\/reamonn.html\" target=\"_blank\" rel=\"noopener\">Reamonn<\/a>, <a href=\"http:\/\/www.k-m.de\/de\/bandsundkuenstler\/stereolove.html\" target=\"_blank\" rel=\"noopener\">Stereolove<\/a>), Vivien-Eileen (S\u00e4ngerin, <a href=\"http:\/\/photos.k-m.de\/de\/photogallery\/ID\/22\" target=\"_blank\" rel=\"noopener\">Model<\/a> und ehem. Aloha from Hell), Finn Martin, J\u00fcrgen Stiehle (<a href=\"http:\/\/www.k-m.de\/de\/bandsundkuenstler\/diehappy.html\" target=\"_blank\" rel=\"noopener\">Die Happy<\/a>), <a href=\"http:\/\/www.k-m.de\/de\/bandsundkuenstler\/luxuslaerm.html\" target=\"_blank\" rel=\"noopener\">Luxusl\u00e4rm<\/a>, Thorsten Becker (Callejon), die Mannheimer Philharmoniker.<\/p>\n<p>&nbsp;<\/p>\n<p>Wer war vor Ort? Wie haben euch die Events gefallen?<\/p>\n","protected":false},"excerpt":{"rendered":"<p>Wir boten in Frankfurt wieder zahlreiche musikalische Events f\u00fcr Auge, Ohr oder die Autogrammsammlung. Am Mittwoch rockten, bereits zum dritten<span class=\"read_more\">Mehr erfahren<\/span><\/p>\n","protected":false},"author":8,"featured_media":2408,"comment_status":"open","ping_status":"open","sticky":false,"template":"","format":"standard","meta":{"footnotes":""},"categories":[13],"tags":[504,79,505,506,225,178,507,508,123,509],"class_list":["post-2375","post","type-post","status-publish","format-standard","has-post-thumbnail","hentry","category-endorser","tag-electric-love","tag-endorser-en","tag-glasperlenspiel","tag-kastelruther-patzen","tag-musikmesse-en","tag-musikmesse-frankfurt","tag-pohlmann","tag-produktneuheiten","tag-stands-for-music","tag-the-jerks"],"better_featured_image":{"id":2408,"alt_text":"","caption":"","description":"","media_type":"image","media_details":{"width":2048,"height":1536,"file":"2013\/04\/901787_10151333258701010_1734591124_o.jpg","sizes":{"medium":{"file":"901787_10151333258701010_1734591124_o-600x450.jpg","width":600,"height":450,"mime-type":"image\/jpeg","source_url":"https:\/\/www.k-m.de\/brand\/wp-content\/uploads\/2013\/04\/901787_10151333258701010_1734591124_o-600x450.jpg"},"profile_24":{"file":"901787_10151333258701010_1734591124_o-24x24.jpg","width":24,"height":24,"mime-type":"image\/jpeg","source_url":"https:\/\/www.k-m.de\/brand\/wp-content\/uploads\/2013\/04\/901787_10151333258701010_1734591124_o-24x24.jpg"},"profile_48":{"file":"901787_10151333258701010_1734591124_o-48x48.jpg","width":48,"height":48,"mime-type":"image\/jpeg","source_url":"https:\/\/www.k-m.de\/brand\/wp-content\/uploads\/2013\/04\/901787_10151333258701010_1734591124_o-48x48.jpg"},"profile_96":{"file":"901787_10151333258701010_1734591124_o-96x96.jpg","width":96,"height":96,"mime-type":"image\/jpeg","source_url":"https:\/\/www.k-m.de\/brand\/wp-content\/uploads\/2013\/04\/901787_10151333258701010_1734591124_o-96x96.jpg"},"thumbnail":{"file":"901787_10151333258701010_1734591124_o-800x480.jpg","width":800,"height":480,"mime-type":"image\/jpeg","source_url":"https:\/\/www.k-m.de\/brand\/wp-content\/uploads\/2013\/04\/901787_10151333258701010_1734591124_o-800x480.jpg"},"medium_large":{"file":"901787_10151333258701010_1734591124_o-768x576.jpg","width":768,"height":576,"mime-type":"image\/jpeg","source_url":"https:\/\/www.k-m.de\/brand\/wp-content\/uploads\/2013\/04\/901787_10151333258701010_1734591124_o-768x576.jpg"},"large":{"file":"901787_10151333258701010_1734591124_o-1024x768.jpg","width":1024,"height":768,"mime-type":"image\/jpeg","source_url":"https:\/\/www.k-m.de\/brand\/wp-content\/uploads\/2013\/04\/901787_10151333258701010_1734591124_o-1024x768.jpg"},"post-thumbnail":{"file":"901787_10151333258701010_1734591124_o-800x480.jpg","width":800,"height":480,"mime-type":"image\/jpeg","source_url":"https:\/\/www.k-m.de\/brand\/wp-content\/uploads\/2013\/04\/901787_10151333258701010_1734591124_o-800x480.jpg"},"medium_cropped":{"file":"901787_10151333258701010_1734591124_o-600x600.jpg","width":600,"height":600,"mime-type":"image\/jpeg","source_url":"https:\/\/www.k-m.de\/brand\/wp-content\/uploads\/2013\/04\/901787_10151333258701010_1734591124_o-600x600.jpg"},"large_cropped":{"file":"901787_10151333258701010_1734591124_o-1200x720.jpg","width":1200,"height":720,"mime-type":"image\/jpeg","source_url":"https:\/\/www.k-m.de\/brand\/wp-content\/uploads\/2013\/04\/901787_10151333258701010_1734591124_o-1200x720.jpg"},"very_large":{"file":"901787_10151333258701010_1734591124_o-1600x1200.jpg","width":1600,"height":1200,"mime-type":"image\/jpeg","source_url":"https:\/\/www.k-m.de\/brand\/wp-content\/uploads\/2013\/04\/901787_10151333258701010_1734591124_o-1600x1200.jpg"},"very_large_cropped":{"file":"901787_10151333258701010_1734591124_o-1800x900.jpg","width":1800,"height":900,"mime-type":"image\/jpeg","source_url":"https:\/\/www.k-m.de\/brand\/wp-content\/uploads\/2013\/04\/901787_10151333258701010_1734591124_o-1800x900.jpg"},"landingpage_thumb":{"file":"901787_10151333258701010_1734591124_o-400x300.jpg","width":400,"height":300,"mime-type":"image\/jpeg","source_url":"https:\/\/www.k-m.de\/brand\/wp-content\/uploads\/2013\/04\/901787_10151333258701010_1734591124_o-400x300.jpg"},"medium_old_300x225":{"file":"901787_10151333258701010_1734591124_o-300x225.jpg","width":300,"height":225,"mime-type":"image\/jpeg","source_url":"https:\/\/www.k-m.de\/brand\/wp-content\/uploads\/2013\/04\/901787_10151333258701010_1734591124_o-300x225.jpg"},"thumbnail_old_150x150":{"file":"901787_10151333258701010_1734591124_o-150x150.jpg","width":150,"height":150,"mime-type":"image\/jpeg","source_url":"https:\/\/www.k-m.de\/brand\/wp-content\/uploads\/2013\/04\/901787_10151333258701010_1734591124_o-150x150.jpg"}},"image_meta":{"aperture":"0","credit":"","camera":"","caption":"","created_timestamp":"0","copyright":"","focal_length":"0","iso":"0","shutter_speed":"0","title":"","orientation":"0","keywords":[]}},"post":null,"source_url":"https:\/\/www.k-m.de\/brand\/wp-content\/uploads\/2013\/04\/901787_10151333258701010_1734591124_o.jpg"},"post_meta_fields":{"_vc_post_settings":["a:1:{s:10:\"vc_grid_id\";a:0:{}}"],"_wpml_media_featured":["1"],"_wpml_media_duplicate":["1"],"_edit_last":["9"],"post_views_count":["2151"],"_thumbnail_id":["2408"],"dsq_thread_id":["1254430316"],"_aioseop_description":["Wir boten in Frankfurt wieder zahlreiche musikalische Events f\u00fcr Auge, Ohr oder die Autogrammsammlung."],"_aioseop_title":["Unsere Events der Musikmesse 2013"],"ratings_users":["0"],"ratings_score":["0"],"ratings_average":["0"],"_aioseop_keywords":["electric love, Endorser, Glasperlenspiel, Kastelruther Spatzen, Musikmesse, Messe Frankfurt, Polmann, Produktneuheiten"],"_edit_lock":["1546095964:9"],"_wpb_vc_js_status":["false"],"_post_dealeronly":[""]},"yoast_head":"<!-- This site is optimized with the Yoast SEO Premium plugin v26.8 (Yoast SEO v27.4) - https:\/\/yoast.com\/product\/yoast-seo-premium-wordpress\/ -->\n<title>Unsere Events der Musikmesse 2013 - K\u00f6nig &amp; Meyer<\/title>\n<meta name=\"robots\" content=\"index, follow, max-snippet:-1, max-image-preview:large, max-video-preview:-1\" \/>\n<link rel=\"canonical\" href=\"https:\/\/www.k-m.de\/brand\/de\/unsere-events-der-musikmesse-2013\/\" \/>\n<meta property=\"og:locale\" content=\"de_DE\" \/>\n<meta property=\"og:type\" content=\"article\" \/>\n<meta property=\"og:title\" content=\"Unsere Events der Musikmesse 2013\" \/>\n<meta property=\"og:description\" content=\"Wir boten in Frankfurt wieder zahlreiche musikalische Events f\u00fcr Auge, Ohr oder die Autogrammsammlung. Am Mittwoch rockten, bereits zum drittenMehr erfahren\" \/>\n<meta property=\"og:url\" content=\"https:\/\/www.k-m.de\/brand\/de\/unsere-events-der-musikmesse-2013\/\" \/>\n<meta property=\"og:site_name\" content=\"K\u00f6nig &amp; Meyer\" \/>\n<meta property=\"article:published_time\" content=\"2013-05-02T11:36:48+00:00\" \/>\n<meta property=\"article:modified_time\" content=\"2021-03-24T08:44:47+00:00\" \/>\n<meta property=\"og:image\" content=\"https:\/\/www.k-m.de\/brand\/wp-content\/uploads\/2013\/04\/901787_10151333258701010_1734591124_o.jpg\" \/>\n\t<meta property=\"og:image:width\" content=\"2048\" \/>\n\t<meta property=\"og:image:height\" content=\"1536\" \/>\n\t<meta property=\"og:image:type\" content=\"image\/jpeg\" \/>\n<meta name=\"author\" content=\"Jochen Erbacher\" \/>\n<meta name=\"twitter:card\" content=\"summary_large_image\" \/>\n<meta name=\"twitter:label1\" content=\"Verfasst von\" \/>\n\t<meta name=\"twitter:data1\" content=\"Jochen Erbacher\" \/>\n\t<meta name=\"twitter:label2\" content=\"Gesch\u00e4tzte Lesezeit\" \/>\n\t<meta name=\"twitter:data2\" content=\"2\u00a0Minuten\" \/>\n<script type=\"application\/ld+json\" class=\"yoast-schema-graph\">{\"@context\":\"https:\\\/\\\/schema.org\",\"@graph\":[{\"@type\":\"Article\",\"@id\":\"https:\\\/\\\/www.k-m.de\\\/brand\\\/de\\\/unsere-events-der-musikmesse-2013\\\/#article\",\"isPartOf\":{\"@id\":\"https:\\\/\\\/www.k-m.de\\\/brand\\\/de\\\/unsere-events-der-musikmesse-2013\\\/\"},\"author\":{\"name\":\"Jochen Erbacher\",\"@id\":\"https:\\\/\\\/www.k-m.de\\\/brand\\\/de\\\/#\\\/schema\\\/person\\\/757049d99d124ef3c0ce893688780209\"},\"headline\":\"Unsere Events der Musikmesse 2013\",\"datePublished\":\"2013-05-02T11:36:48+00:00\",\"dateModified\":\"2021-03-24T08:44:47+00:00\",\"mainEntityOfPage\":{\"@id\":\"https:\\\/\\\/www.k-m.de\\\/brand\\\/de\\\/unsere-events-der-musikmesse-2013\\\/\"},\"wordCount\":322,\"commentCount\":0,\"publisher\":{\"@id\":\"https:\\\/\\\/www.k-m.de\\\/brand\\\/de\\\/#organization\"},\"image\":{\"@id\":\"https:\\\/\\\/www.k-m.de\\\/brand\\\/de\\\/unsere-events-der-musikmesse-2013\\\/#primaryimage\"},\"thumbnailUrl\":\"https:\\\/\\\/www.k-m.de\\\/brand\\\/wp-content\\\/uploads\\\/2013\\\/04\\\/901787_10151333258701010_1734591124_o.jpg\",\"keywords\":[\"electric love\",\"Endorser\",\"Glasperlenspiel\",\"Kastelruther Patzen\",\"Musikmesse\",\"Musikmesse Frankfurt\",\"Pohlmann\",\"Produktneuheiten\",\"stands for music\",\"the jerks\"],\"articleSection\":[\"Endorser-News\"],\"inLanguage\":\"de\",\"potentialAction\":[{\"@type\":\"CommentAction\",\"name\":\"Comment\",\"target\":[\"https:\\\/\\\/www.k-m.de\\\/brand\\\/de\\\/unsere-events-der-musikmesse-2013\\\/#respond\"]}]},{\"@type\":\"WebPage\",\"@id\":\"https:\\\/\\\/www.k-m.de\\\/brand\\\/de\\\/unsere-events-der-musikmesse-2013\\\/\",\"url\":\"https:\\\/\\\/www.k-m.de\\\/brand\\\/de\\\/unsere-events-der-musikmesse-2013\\\/\",\"name\":\"Unsere Events der Musikmesse 2013 - K\u00f6nig &amp; Meyer\",\"isPartOf\":{\"@id\":\"https:\\\/\\\/www.k-m.de\\\/brand\\\/de\\\/#website\"},\"primaryImageOfPage\":{\"@id\":\"https:\\\/\\\/www.k-m.de\\\/brand\\\/de\\\/unsere-events-der-musikmesse-2013\\\/#primaryimage\"},\"image\":{\"@id\":\"https:\\\/\\\/www.k-m.de\\\/brand\\\/de\\\/unsere-events-der-musikmesse-2013\\\/#primaryimage\"},\"thumbnailUrl\":\"https:\\\/\\\/www.k-m.de\\\/brand\\\/wp-content\\\/uploads\\\/2013\\\/04\\\/901787_10151333258701010_1734591124_o.jpg\",\"datePublished\":\"2013-05-02T11:36:48+00:00\",\"dateModified\":\"2021-03-24T08:44:47+00:00\",\"breadcrumb\":{\"@id\":\"https:\\\/\\\/www.k-m.de\\\/brand\\\/de\\\/unsere-events-der-musikmesse-2013\\\/#breadcrumb\"},\"inLanguage\":\"de\",\"potentialAction\":[{\"@type\":\"ReadAction\",\"target\":[\"https:\\\/\\\/www.k-m.de\\\/brand\\\/de\\\/unsere-events-der-musikmesse-2013\\\/\"]}]},{\"@type\":\"ImageObject\",\"inLanguage\":\"de\",\"@id\":\"https:\\\/\\\/www.k-m.de\\\/brand\\\/de\\\/unsere-events-der-musikmesse-2013\\\/#primaryimage\",\"url\":\"https:\\\/\\\/www.k-m.de\\\/brand\\\/wp-content\\\/uploads\\\/2013\\\/04\\\/901787_10151333258701010_1734591124_o.jpg\",\"contentUrl\":\"https:\\\/\\\/www.k-m.de\\\/brand\\\/wp-content\\\/uploads\\\/2013\\\/04\\\/901787_10151333258701010_1734591124_o.jpg\",\"width\":2048,\"height\":1536},{\"@type\":\"BreadcrumbList\",\"@id\":\"https:\\\/\\\/www.k-m.de\\\/brand\\\/de\\\/unsere-events-der-musikmesse-2013\\\/#breadcrumb\",\"itemListElement\":[{\"@type\":\"ListItem\",\"position\":1,\"name\":\"Startseite\",\"item\":\"https:\\\/\\\/www.k-m.de\\\/brand\\\/de\\\/\"},{\"@type\":\"ListItem\",\"position\":2,\"name\":\"Unsere Events der Musikmesse 2013\"}]},{\"@type\":\"WebSite\",\"@id\":\"https:\\\/\\\/www.k-m.de\\\/brand\\\/de\\\/#website\",\"url\":\"https:\\\/\\\/www.k-m.de\\\/brand\\\/de\\\/\",\"name\":\"K\u00f6nig & Meyer\",\"description\":\"K\u00f6nig &amp; Meyer ist ein weltweit f\u00fchrender Hersteller f\u00fcr Musikzubeh\u00f6r. Seit \u00fcber 65 Jahren steht K&amp;M f\u00fcr qualitativ hochwertige Produkte.\",\"publisher\":{\"@id\":\"https:\\\/\\\/www.k-m.de\\\/brand\\\/de\\\/#organization\"},\"potentialAction\":[{\"@type\":\"SearchAction\",\"target\":{\"@type\":\"EntryPoint\",\"urlTemplate\":\"https:\\\/\\\/www.k-m.de\\\/brand\\\/de\\\/?s={search_term_string}\"},\"query-input\":{\"@type\":\"PropertyValueSpecification\",\"valueRequired\":true,\"valueName\":\"search_term_string\"}}],\"inLanguage\":\"de\"},{\"@type\":\"Organization\",\"@id\":\"https:\\\/\\\/www.k-m.de\\\/brand\\\/de\\\/#organization\",\"name\":\"K\u00f6nig & Meyer\",\"url\":\"https:\\\/\\\/www.k-m.de\\\/brand\\\/de\\\/\",\"logo\":{\"@type\":\"ImageObject\",\"inLanguage\":\"de\",\"@id\":\"https:\\\/\\\/www.k-m.de\\\/brand\\\/de\\\/#\\\/schema\\\/logo\\\/image\\\/\",\"url\":\"https:\\\/\\\/www.k-m.de\\\/brand\\\/wp-content\\\/uploads\\\/2023\\\/01\\\/KM_1c.tif\",\"contentUrl\":\"https:\\\/\\\/www.k-m.de\\\/brand\\\/wp-content\\\/uploads\\\/2023\\\/01\\\/KM_1c.tif\",\"width\":1,\"height\":1,\"caption\":\"K\u00f6nig & Meyer\"},\"image\":{\"@id\":\"https:\\\/\\\/www.k-m.de\\\/brand\\\/de\\\/#\\\/schema\\\/logo\\\/image\\\/\"}},{\"@type\":\"Person\",\"@id\":\"https:\\\/\\\/www.k-m.de\\\/brand\\\/de\\\/#\\\/schema\\\/person\\\/757049d99d124ef3c0ce893688780209\",\"name\":\"Jochen Erbacher\",\"url\":\"https:\\\/\\\/www.k-m.de\\\/brand\\\/de\\\/author\\\/jochen-erbacher\\\/\"}]}<\/script>\n<!-- \/ Yoast SEO Premium plugin. -->","yoast_head_json":{"title":"Unsere Events der Musikmesse 2013 - K\u00f6nig &amp; Meyer","robots":{"index":"index","follow":"follow","max-snippet":"max-snippet:-1","max-image-preview":"max-image-preview:large","max-video-preview":"max-video-preview:-1"},"canonical":"https:\/\/www.k-m.de\/brand\/de\/unsere-events-der-musikmesse-2013\/","og_locale":"de_DE","og_type":"article","og_title":"Unsere Events der Musikmesse 2013","og_description":"Wir boten in Frankfurt wieder zahlreiche musikalische Events f\u00fcr Auge, Ohr oder die Autogrammsammlung. Am Mittwoch rockten, bereits zum drittenMehr erfahren","og_url":"https:\/\/www.k-m.de\/brand\/de\/unsere-events-der-musikmesse-2013\/","og_site_name":"K\u00f6nig &amp; Meyer","article_published_time":"2013-05-02T11:36:48+00:00","article_modified_time":"2021-03-24T08:44:47+00:00","og_image":[{"width":2048,"height":1536,"url":"https:\/\/www.k-m.de\/brand\/wp-content\/uploads\/2013\/04\/901787_10151333258701010_1734591124_o.jpg","type":"image\/jpeg"}],"author":"Jochen Erbacher","twitter_card":"summary_large_image","twitter_misc":{"Verfasst von":"Jochen Erbacher","Gesch\u00e4tzte Lesezeit":"2\u00a0Minuten"},"schema":{"@context":"https:\/\/schema.org","@graph":[{"@type":"Article","@id":"https:\/\/www.k-m.de\/brand\/de\/unsere-events-der-musikmesse-2013\/#article","isPartOf":{"@id":"https:\/\/www.k-m.de\/brand\/de\/unsere-events-der-musikmesse-2013\/"},"author":{"name":"Jochen Erbacher","@id":"https:\/\/www.k-m.de\/brand\/de\/#\/schema\/person\/757049d99d124ef3c0ce893688780209"},"headline":"Unsere Events der Musikmesse 2013","datePublished":"2013-05-02T11:36:48+00:00","dateModified":"2021-03-24T08:44:47+00:00","mainEntityOfPage":{"@id":"https:\/\/www.k-m.de\/brand\/de\/unsere-events-der-musikmesse-2013\/"},"wordCount":322,"commentCount":0,"publisher":{"@id":"https:\/\/www.k-m.de\/brand\/de\/#organization"},"image":{"@id":"https:\/\/www.k-m.de\/brand\/de\/unsere-events-der-musikmesse-2013\/#primaryimage"},"thumbnailUrl":"https:\/\/www.k-m.de\/brand\/wp-content\/uploads\/2013\/04\/901787_10151333258701010_1734591124_o.jpg","keywords":["electric love","Endorser","Glasperlenspiel","Kastelruther Patzen","Musikmesse","Musikmesse Frankfurt","Pohlmann","Produktneuheiten","stands for music","the jerks"],"articleSection":["Endorser-News"],"inLanguage":"de","potentialAction":[{"@type":"CommentAction","name":"Comment","target":["https:\/\/www.k-m.de\/brand\/de\/unsere-events-der-musikmesse-2013\/#respond"]}]},{"@type":"WebPage","@id":"https:\/\/www.k-m.de\/brand\/de\/unsere-events-der-musikmesse-2013\/","url":"https:\/\/www.k-m.de\/brand\/de\/unsere-events-der-musikmesse-2013\/","name":"Unsere Events der Musikmesse 2013 - K\u00f6nig &amp; Meyer","isPartOf":{"@id":"https:\/\/www.k-m.de\/brand\/de\/#website"},"primaryImageOfPage":{"@id":"https:\/\/www.k-m.de\/brand\/de\/unsere-events-der-musikmesse-2013\/#primaryimage"},"image":{"@id":"https:\/\/www.k-m.de\/brand\/de\/unsere-events-der-musikmesse-2013\/#primaryimage"},"thumbnailUrl":"https:\/\/www.k-m.de\/brand\/wp-content\/uploads\/2013\/04\/901787_10151333258701010_1734591124_o.jpg","datePublished":"2013-05-02T11:36:48+00:00","dateModified":"2021-03-24T08:44:47+00:00","breadcrumb":{"@id":"https:\/\/www.k-m.de\/brand\/de\/unsere-events-der-musikmesse-2013\/#breadcrumb"},"inLanguage":"de","potentialAction":[{"@type":"ReadAction","target":["https:\/\/www.k-m.de\/brand\/de\/unsere-events-der-musikmesse-2013\/"]}]},{"@type":"ImageObject","inLanguage":"de","@id":"https:\/\/www.k-m.de\/brand\/de\/unsere-events-der-musikmesse-2013\/#primaryimage","url":"https:\/\/www.k-m.de\/brand\/wp-content\/uploads\/2013\/04\/901787_10151333258701010_1734591124_o.jpg","contentUrl":"https:\/\/www.k-m.de\/brand\/wp-content\/uploads\/2013\/04\/901787_10151333258701010_1734591124_o.jpg","width":2048,"height":1536},{"@type":"BreadcrumbList","@id":"https:\/\/www.k-m.de\/brand\/de\/unsere-events-der-musikmesse-2013\/#breadcrumb","itemListElement":[{"@type":"ListItem","position":1,"name":"Startseite","item":"https:\/\/www.k-m.de\/brand\/de\/"},{"@type":"ListItem","position":2,"name":"Unsere Events der Musikmesse 2013"}]},{"@type":"WebSite","@id":"https:\/\/www.k-m.de\/brand\/de\/#website","url":"https:\/\/www.k-m.de\/brand\/de\/","name":"K\u00f6nig & Meyer","description":"K\u00f6nig &amp; Meyer ist ein weltweit f\u00fchrender Hersteller f\u00fcr Musikzubeh\u00f6r. Seit \u00fcber 65 Jahren steht K&amp;M f\u00fcr qualitativ hochwertige Produkte.","publisher":{"@id":"https:\/\/www.k-m.de\/brand\/de\/#organization"},"potentialAction":[{"@type":"SearchAction","target":{"@type":"EntryPoint","urlTemplate":"https:\/\/www.k-m.de\/brand\/de\/?s={search_term_string}"},"query-input":{"@type":"PropertyValueSpecification","valueRequired":true,"valueName":"search_term_string"}}],"inLanguage":"de"},{"@type":"Organization","@id":"https:\/\/www.k-m.de\/brand\/de\/#organization","name":"K\u00f6nig & Meyer","url":"https:\/\/www.k-m.de\/brand\/de\/","logo":{"@type":"ImageObject","inLanguage":"de","@id":"https:\/\/www.k-m.de\/brand\/de\/#\/schema\/logo\/image\/","url":"https:\/\/www.k-m.de\/brand\/wp-content\/uploads\/2023\/01\/KM_1c.tif","contentUrl":"https:\/\/www.k-m.de\/brand\/wp-content\/uploads\/2023\/01\/KM_1c.tif","width":1,"height":1,"caption":"K\u00f6nig & Meyer"},"image":{"@id":"https:\/\/www.k-m.de\/brand\/de\/#\/schema\/logo\/image\/"}},{"@type":"Person","@id":"https:\/\/www.k-m.de\/brand\/de\/#\/schema\/person\/757049d99d124ef3c0ce893688780209","name":"Jochen Erbacher","url":"https:\/\/www.k-m.de\/brand\/de\/author\/jochen-erbacher\/"}]}},"_links":{"self":[{"href":"https:\/\/www.k-m.de\/brand\/de\/wp-json\/wp\/v2\/posts\/2375","targetHints":{"allow":["GET"]}}],"collection":[{"href":"https:\/\/www.k-m.de\/brand\/de\/wp-json\/wp\/v2\/posts"}],"about":[{"href":"https:\/\/www.k-m.de\/brand\/de\/wp-json\/wp\/v2\/types\/post"}],"author":[{"embeddable":true,"href":"https:\/\/www.k-m.de\/brand\/de\/wp-json\/wp\/v2\/users\/8"}],"replies":[{"embeddable":true,"href":"https:\/\/www.k-m.de\/brand\/de\/wp-json\/wp\/v2\/comments?post=2375"}],"version-history":[{"count":3,"href":"https:\/\/www.k-m.de\/brand\/de\/wp-json\/wp\/v2\/posts\/2375\/revisions"}],"predecessor-version":[{"id":7979,"href":"https:\/\/www.k-m.de\/brand\/de\/wp-json\/wp\/v2\/posts\/2375\/revisions\/7979"}],"wp:featuredmedia":[{"embeddable":true,"href":"https:\/\/www.k-m.de\/brand\/de\/wp-json\/wp\/v2\/media\/2408"}],"wp:attachment":[{"href":"https:\/\/www.k-m.de\/brand\/de\/wp-json\/wp\/v2\/media?parent=2375"}],"wp:term":[{"taxonomy":"category","embeddable":true,"href":"https:\/\/www.k-m.de\/brand\/de\/wp-json\/wp\/v2\/categories?post=2375"},{"taxonomy":"post_tag","embeddable":true,"href":"https:\/\/www.k-m.de\/brand\/de\/wp-json\/wp\/v2\/tags?post=2375"}],"curies":[{"name":"wp","href":"https:\/\/api.w.org\/{rel}","templated":true}]}}