{"id":2678,"date":"2013-07-01T12:52:42","date_gmt":"2013-07-01T12:52:42","guid":{"rendered":"http:\/\/blog.k-m.de\/de\/?p=2678"},"modified":"2021-03-24T09:44:46","modified_gmt":"2021-03-24T08:44:46","slug":"jubilaumsradtour-10-jahre-km-fahrradtour","status":"publish","type":"post","link":"https:\/\/www.k-m.de\/brand\/de\/jubilaumsradtour-10-jahre-km-fahrradtour\/","title":{"rendered":"Jubil\u00e4umsradtour &#8211; 10 Jahre K&#038;M Fahrradtour"},"content":{"rendered":"<p>42 gest\u00e4hlte Waden trafen sich bei optimalem Fahrradwetter am traditionellen Startort, dem \u201eL\u00f6wenbiergarten\u201c in Bestenheid.<\/p>\n<p>Die Radtour f\u00fchrte in diesem Jahr nach <strong>Bayern<\/strong>. Auf der alten Eisenbahnbr\u00fccke \u00fcberquerten die Radler den Main und fuhren auf der M\u00fchlenstra\u00dfe im S\u00fcdostspessart durch das Hasel- und Schleifbachtal. Ein leichter aber langer Anstieg brachte die Radler hoch zum Baumgartshof und nach Esselbach. Von dort aus f\u00fchrte eine herrliche, spektakul\u00e4re Abfahrt bis zum \u201eWagengrund\u201c.<\/p>\n<p>Nun stand den K&amp;M- Radlern das \u00a0\u201eAlpe d\u2019Huez\u201c der diesj\u00e4hrigen Ausfahrt bevor. Auf einem steilen, frisch aufgesch\u00fctteten, Schotterweg ging es der Halbzeitrast entgegen. In Marienbrunn konnte man sich beim <strong>Gesch\u00e4ftsf\u00fchrer H. Wolz<\/strong> bei Kaffee, Kuchen und einem Bierchen f\u00fcr die R\u00fcckfahrt st\u00e4rken. \u00dcber einen H\u00fcgel mit einer herrlichen Aussicht ging es relativ entspannt, meist abw\u00e4rts, dem Maintal entgegen. Ersch\u00f6pft und zufrieden lie\u00dfen die Radler den sportlichen Tag im Biergarten ausklingen.<\/p>\n<p>Die 21 K&amp;M Radler legten ca. <strong>50 Kilometer und 500 H\u00f6henmeter<\/strong> zur\u00fcck!<\/p>\n<p>&nbsp;<\/p>\n","protected":false},"excerpt":{"rendered":"<p>42 gest\u00e4hlte Waden trafen sich bei optimalem Fahrradwetter am traditionellen Startort, dem \u201eL\u00f6wenbiergarten\u201c in Bestenheid. Die Radtour f\u00fchrte in diesem<span class=\"read_more\">Mehr erfahren<\/span><\/p>\n","protected":false},"author":9,"featured_media":2680,"comment_status":"open","ping_status":"open","sticky":false,"template":"","format":"standard","meta":{"footnotes":""},"categories":[24],"tags":[576,577,578,579],"class_list":["post-2678","post","type-post","status-publish","format-standard","has-post-thumbnail","hentry","category-km-backstage","tag-fahrradtour","tag-geschaftsfuhrer-wolz","tag-jubilaumsradtour","tag-konig-meyer-tour"],"better_featured_image":{"id":2680,"alt_text":"","caption":"","description":"","media_type":"image","media_details":{"width":688,"height":420,"file":"2013\/07\/Unbenannt-11.jpg","sizes":{"medium":{"file":"Unbenannt-11-600x366.jpg","width":600,"height":366,"mime-type":"image\/jpeg","source_url":"https:\/\/www.k-m.de\/brand\/wp-content\/uploads\/2013\/07\/Unbenannt-11-600x366.jpg"},"profile_24":{"file":"Unbenannt-11-24x24.jpg","width":24,"height":24,"mime-type":"image\/jpeg","source_url":"https:\/\/www.k-m.de\/brand\/wp-content\/uploads\/2013\/07\/Unbenannt-11-24x24.jpg"},"profile_48":{"file":"Unbenannt-11-48x48.jpg","width":48,"height":48,"mime-type":"image\/jpeg","source_url":"https:\/\/www.k-m.de\/brand\/wp-content\/uploads\/2013\/07\/Unbenannt-11-48x48.jpg"},"profile_96":{"file":"Unbenannt-11-96x96.jpg","width":96,"height":96,"mime-type":"image\/jpeg","source_url":"https:\/\/www.k-m.de\/brand\/wp-content\/uploads\/2013\/07\/Unbenannt-11-96x96.jpg"},"thumbnail":{"file":"Unbenannt-11-800x480.jpg","width":800,"height":480,"mime-type":"image\/jpeg","source_url":"https:\/\/www.k-m.de\/brand\/wp-content\/uploads\/2013\/07\/Unbenannt-11-800x480.jpg"},"post-thumbnail":{"file":"Unbenannt-11-800x480.jpg","width":800,"height":480,"mime-type":"image\/jpeg","source_url":"https:\/\/www.k-m.de\/brand\/wp-content\/uploads\/2013\/07\/Unbenannt-11-800x480.jpg"},"medium_cropped":{"file":"Unbenannt-11-600x600.jpg","width":600,"height":600,"mime-type":"image\/jpeg","source_url":"https:\/\/www.k-m.de\/brand\/wp-content\/uploads\/2013\/07\/Unbenannt-11-600x600.jpg"},"large_cropped":{"file":"Unbenannt-11-1200x720.jpg","width":1200,"height":720,"mime-type":"image\/jpeg","source_url":"https:\/\/www.k-m.de\/brand\/wp-content\/uploads\/2013\/07\/Unbenannt-11-1200x720.jpg"},"very_large_cropped":{"file":"Unbenannt-11-1800x900.jpg","width":1800,"height":900,"mime-type":"image\/jpeg","source_url":"https:\/\/www.k-m.de\/brand\/wp-content\/uploads\/2013\/07\/Unbenannt-11-1800x900.jpg"},"landingpage_thumb":{"file":"Unbenannt-11-491x300.jpg","width":491,"height":300,"mime-type":"image\/jpeg","source_url":"https:\/\/www.k-m.de\/brand\/wp-content\/uploads\/2013\/07\/Unbenannt-11-491x300.jpg"},"medium_old_300x183":{"file":"Unbenannt-11-300x183.jpg","width":300,"height":183,"mime-type":"image\/jpeg","source_url":"https:\/\/www.k-m.de\/brand\/wp-content\/uploads\/2013\/07\/Unbenannt-11-300x183.jpg"},"thumbnail_old_150x150":{"file":"Unbenannt-11-150x150.jpg","width":150,"height":150,"mime-type":"image\/jpeg","source_url":"https:\/\/www.k-m.de\/brand\/wp-content\/uploads\/2013\/07\/Unbenannt-11-150x150.jpg"}},"image_meta":{"aperture":"0","credit":"","camera":"","caption":"","created_timestamp":"0","copyright":"","focal_length":"0","iso":"0","shutter_speed":"0","title":"","orientation":"1","keywords":[]}},"post":null,"source_url":"https:\/\/www.k-m.de\/brand\/wp-content\/uploads\/2013\/07\/Unbenannt-11.jpg"},"post_meta_fields":{"_vc_post_settings":["a:1:{s:10:\"vc_grid_id\";a:0:{}}"],"_wpml_media_featured":["1"],"_wpml_media_duplicate":["1"],"_edit_last":["9"],"dsq_thread_id":["1454795940"],"_thumbnail_id":["2680"],"post_views_count":["1942"],"ratings_users":["0"],"ratings_score":["0"],"ratings_average":["0"],"_aioseop_title":["Jubil\u00e4umsradtour - 10 Jahre K&M Fahrradtour"],"_aioseop_keywords":["Fahrradtour, K\u00f6nig & Meyer Tour, Jubil\u00e4um K\u00f6nig & Meyer"],"_aioseop_description":["Mit einem Rekordteilnehmerfeld von 21 Radfahrern ging die 10. K&M-Radtour am 28.06.2013 an den Start."],"_edit_lock":["1545138873:9"],"_wpb_vc_js_status":["false"],"_post_dealeronly":[""]},"yoast_head":"<!-- This site is optimized with the Yoast SEO Premium plugin v26.8 (Yoast SEO v27.4) - https:\/\/yoast.com\/product\/yoast-seo-premium-wordpress\/ -->\n<title>Jubil\u00e4umsradtour - 10 Jahre K&amp;M Fahrradtour - K\u00f6nig &amp; Meyer<\/title>\n<meta name=\"robots\" content=\"index, follow, max-snippet:-1, max-image-preview:large, max-video-preview:-1\" \/>\n<link rel=\"canonical\" href=\"https:\/\/www.k-m.de\/brand\/de\/jubilaumsradtour-10-jahre-km-fahrradtour\/\" \/>\n<meta property=\"og:locale\" content=\"de_DE\" \/>\n<meta property=\"og:type\" content=\"article\" \/>\n<meta property=\"og:title\" content=\"Jubil\u00e4umsradtour - 10 Jahre K&amp;M Fahrradtour\" \/>\n<meta property=\"og:description\" content=\"42 gest\u00e4hlte Waden trafen sich bei optimalem Fahrradwetter am traditionellen Startort, dem \u201eL\u00f6wenbiergarten\u201c in Bestenheid. Die Radtour f\u00fchrte in diesemMehr erfahren\" \/>\n<meta property=\"og:url\" content=\"https:\/\/www.k-m.de\/brand\/de\/jubilaumsradtour-10-jahre-km-fahrradtour\/\" \/>\n<meta property=\"og:site_name\" content=\"K\u00f6nig &amp; Meyer\" \/>\n<meta property=\"article:published_time\" content=\"2013-07-01T12:52:42+00:00\" \/>\n<meta property=\"article:modified_time\" content=\"2021-03-24T08:44:46+00:00\" \/>\n<meta property=\"og:image\" content=\"https:\/\/www.k-m.de\/brand\/wp-content\/uploads\/2013\/07\/Unbenannt-11.jpg\" \/>\n\t<meta property=\"og:image:width\" content=\"688\" \/>\n\t<meta property=\"og:image:height\" content=\"420\" \/>\n\t<meta property=\"og:image:type\" content=\"image\/jpeg\" \/>\n<meta name=\"author\" content=\"Sandra Scholtz\" \/>\n<meta name=\"twitter:card\" content=\"summary_large_image\" \/>\n<meta name=\"twitter:label1\" content=\"Verfasst von\" \/>\n\t<meta name=\"twitter:data1\" content=\"Sandra Scholtz\" \/>\n\t<meta name=\"twitter:label2\" content=\"Gesch\u00e4tzte Lesezeit\" \/>\n\t<meta name=\"twitter:data2\" content=\"1\u00a0Minute\" \/>\n<script type=\"application\/ld+json\" class=\"yoast-schema-graph\">{\"@context\":\"https:\\\/\\\/schema.org\",\"@graph\":[{\"@type\":\"Article\",\"@id\":\"https:\\\/\\\/www.k-m.de\\\/brand\\\/de\\\/jubilaumsradtour-10-jahre-km-fahrradtour\\\/#article\",\"isPartOf\":{\"@id\":\"https:\\\/\\\/www.k-m.de\\\/brand\\\/de\\\/jubilaumsradtour-10-jahre-km-fahrradtour\\\/\"},\"author\":{\"name\":\"Sandra Scholtz\",\"@id\":\"https:\\\/\\\/www.k-m.de\\\/brand\\\/de\\\/#\\\/schema\\\/person\\\/ec9984d920bbfdc597fe63f9d3d0dbcb\"},\"headline\":\"Jubil\u00e4umsradtour &#8211; 10 Jahre K&#038;M Fahrradtour\",\"datePublished\":\"2013-07-01T12:52:42+00:00\",\"dateModified\":\"2021-03-24T08:44:46+00:00\",\"mainEntityOfPage\":{\"@id\":\"https:\\\/\\\/www.k-m.de\\\/brand\\\/de\\\/jubilaumsradtour-10-jahre-km-fahrradtour\\\/\"},\"wordCount\":182,\"commentCount\":0,\"publisher\":{\"@id\":\"https:\\\/\\\/www.k-m.de\\\/brand\\\/de\\\/#organization\"},\"image\":{\"@id\":\"https:\\\/\\\/www.k-m.de\\\/brand\\\/de\\\/jubilaumsradtour-10-jahre-km-fahrradtour\\\/#primaryimage\"},\"thumbnailUrl\":\"https:\\\/\\\/www.k-m.de\\\/brand\\\/wp-content\\\/uploads\\\/2013\\\/07\\\/Unbenannt-11.jpg\",\"keywords\":[\"Fahrradtour\",\"Gesch\u00e4ftsf\u00fchrer Wolz\",\"Jubil\u00e4umsradtour\",\"K\u00f6nig &amp; Meyer Tour\"],\"articleSection\":[\"Greetings from Wertheim\"],\"inLanguage\":\"de\",\"potentialAction\":[{\"@type\":\"CommentAction\",\"name\":\"Comment\",\"target\":[\"https:\\\/\\\/www.k-m.de\\\/brand\\\/de\\\/jubilaumsradtour-10-jahre-km-fahrradtour\\\/#respond\"]}]},{\"@type\":\"WebPage\",\"@id\":\"https:\\\/\\\/www.k-m.de\\\/brand\\\/de\\\/jubilaumsradtour-10-jahre-km-fahrradtour\\\/\",\"url\":\"https:\\\/\\\/www.k-m.de\\\/brand\\\/de\\\/jubilaumsradtour-10-jahre-km-fahrradtour\\\/\",\"name\":\"Jubil\u00e4umsradtour - 10 Jahre K&M Fahrradtour - K\u00f6nig &amp; Meyer\",\"isPartOf\":{\"@id\":\"https:\\\/\\\/www.k-m.de\\\/brand\\\/de\\\/#website\"},\"primaryImageOfPage\":{\"@id\":\"https:\\\/\\\/www.k-m.de\\\/brand\\\/de\\\/jubilaumsradtour-10-jahre-km-fahrradtour\\\/#primaryimage\"},\"image\":{\"@id\":\"https:\\\/\\\/www.k-m.de\\\/brand\\\/de\\\/jubilaumsradtour-10-jahre-km-fahrradtour\\\/#primaryimage\"},\"thumbnailUrl\":\"https:\\\/\\\/www.k-m.de\\\/brand\\\/wp-content\\\/uploads\\\/2013\\\/07\\\/Unbenannt-11.jpg\",\"datePublished\":\"2013-07-01T12:52:42+00:00\",\"dateModified\":\"2021-03-24T08:44:46+00:00\",\"breadcrumb\":{\"@id\":\"https:\\\/\\\/www.k-m.de\\\/brand\\\/de\\\/jubilaumsradtour-10-jahre-km-fahrradtour\\\/#breadcrumb\"},\"inLanguage\":\"de\",\"potentialAction\":[{\"@type\":\"ReadAction\",\"target\":[\"https:\\\/\\\/www.k-m.de\\\/brand\\\/de\\\/jubilaumsradtour-10-jahre-km-fahrradtour\\\/\"]}]},{\"@type\":\"ImageObject\",\"inLanguage\":\"de\",\"@id\":\"https:\\\/\\\/www.k-m.de\\\/brand\\\/de\\\/jubilaumsradtour-10-jahre-km-fahrradtour\\\/#primaryimage\",\"url\":\"https:\\\/\\\/www.k-m.de\\\/brand\\\/wp-content\\\/uploads\\\/2013\\\/07\\\/Unbenannt-11.jpg\",\"contentUrl\":\"https:\\\/\\\/www.k-m.de\\\/brand\\\/wp-content\\\/uploads\\\/2013\\\/07\\\/Unbenannt-11.jpg\",\"width\":688,\"height\":420},{\"@type\":\"BreadcrumbList\",\"@id\":\"https:\\\/\\\/www.k-m.de\\\/brand\\\/de\\\/jubilaumsradtour-10-jahre-km-fahrradtour\\\/#breadcrumb\",\"itemListElement\":[{\"@type\":\"ListItem\",\"position\":1,\"name\":\"Startseite\",\"item\":\"https:\\\/\\\/www.k-m.de\\\/brand\\\/de\\\/\"},{\"@type\":\"ListItem\",\"position\":2,\"name\":\"Jubil\u00e4umsradtour &#8211; 10 Jahre K&#038;M Fahrradtour\"}]},{\"@type\":\"WebSite\",\"@id\":\"https:\\\/\\\/www.k-m.de\\\/brand\\\/de\\\/#website\",\"url\":\"https:\\\/\\\/www.k-m.de\\\/brand\\\/de\\\/\",\"name\":\"K\u00f6nig & Meyer\",\"description\":\"K\u00f6nig &amp; Meyer ist ein weltweit f\u00fchrender Hersteller f\u00fcr Musikzubeh\u00f6r. Seit \u00fcber 65 Jahren steht K&amp;M f\u00fcr qualitativ hochwertige Produkte.\",\"publisher\":{\"@id\":\"https:\\\/\\\/www.k-m.de\\\/brand\\\/de\\\/#organization\"},\"potentialAction\":[{\"@type\":\"SearchAction\",\"target\":{\"@type\":\"EntryPoint\",\"urlTemplate\":\"https:\\\/\\\/www.k-m.de\\\/brand\\\/de\\\/?s={search_term_string}\"},\"query-input\":{\"@type\":\"PropertyValueSpecification\",\"valueRequired\":true,\"valueName\":\"search_term_string\"}}],\"inLanguage\":\"de\"},{\"@type\":\"Organization\",\"@id\":\"https:\\\/\\\/www.k-m.de\\\/brand\\\/de\\\/#organization\",\"name\":\"K\u00f6nig & Meyer\",\"url\":\"https:\\\/\\\/www.k-m.de\\\/brand\\\/de\\\/\",\"logo\":{\"@type\":\"ImageObject\",\"inLanguage\":\"de\",\"@id\":\"https:\\\/\\\/www.k-m.de\\\/brand\\\/de\\\/#\\\/schema\\\/logo\\\/image\\\/\",\"url\":\"https:\\\/\\\/www.k-m.de\\\/brand\\\/wp-content\\\/uploads\\\/2023\\\/01\\\/KM_1c.tif\",\"contentUrl\":\"https:\\\/\\\/www.k-m.de\\\/brand\\\/wp-content\\\/uploads\\\/2023\\\/01\\\/KM_1c.tif\",\"width\":1,\"height\":1,\"caption\":\"K\u00f6nig & Meyer\"},\"image\":{\"@id\":\"https:\\\/\\\/www.k-m.de\\\/brand\\\/de\\\/#\\\/schema\\\/logo\\\/image\\\/\"}},{\"@type\":\"Person\",\"@id\":\"https:\\\/\\\/www.k-m.de\\\/brand\\\/de\\\/#\\\/schema\\\/person\\\/ec9984d920bbfdc597fe63f9d3d0dbcb\",\"name\":\"Sandra Scholtz\",\"url\":\"https:\\\/\\\/www.k-m.de\\\/brand\\\/de\\\/author\\\/sandra-scholtz\\\/\"}]}<\/script>\n<!-- \/ Yoast SEO Premium plugin. -->","yoast_head_json":{"title":"Jubil\u00e4umsradtour - 10 Jahre K&M Fahrradtour - K\u00f6nig &amp; Meyer","robots":{"index":"index","follow":"follow","max-snippet":"max-snippet:-1","max-image-preview":"max-image-preview:large","max-video-preview":"max-video-preview:-1"},"canonical":"https:\/\/www.k-m.de\/brand\/de\/jubilaumsradtour-10-jahre-km-fahrradtour\/","og_locale":"de_DE","og_type":"article","og_title":"Jubil\u00e4umsradtour - 10 Jahre K&M Fahrradtour","og_description":"42 gest\u00e4hlte Waden trafen sich bei optimalem Fahrradwetter am traditionellen Startort, dem \u201eL\u00f6wenbiergarten\u201c in Bestenheid. Die Radtour f\u00fchrte in diesemMehr erfahren","og_url":"https:\/\/www.k-m.de\/brand\/de\/jubilaumsradtour-10-jahre-km-fahrradtour\/","og_site_name":"K\u00f6nig &amp; Meyer","article_published_time":"2013-07-01T12:52:42+00:00","article_modified_time":"2021-03-24T08:44:46+00:00","og_image":[{"width":688,"height":420,"url":"https:\/\/www.k-m.de\/brand\/wp-content\/uploads\/2013\/07\/Unbenannt-11.jpg","type":"image\/jpeg"}],"author":"Sandra Scholtz","twitter_card":"summary_large_image","twitter_misc":{"Verfasst von":"Sandra Scholtz","Gesch\u00e4tzte Lesezeit":"1\u00a0Minute"},"schema":{"@context":"https:\/\/schema.org","@graph":[{"@type":"Article","@id":"https:\/\/www.k-m.de\/brand\/de\/jubilaumsradtour-10-jahre-km-fahrradtour\/#article","isPartOf":{"@id":"https:\/\/www.k-m.de\/brand\/de\/jubilaumsradtour-10-jahre-km-fahrradtour\/"},"author":{"name":"Sandra Scholtz","@id":"https:\/\/www.k-m.de\/brand\/de\/#\/schema\/person\/ec9984d920bbfdc597fe63f9d3d0dbcb"},"headline":"Jubil\u00e4umsradtour &#8211; 10 Jahre K&#038;M Fahrradtour","datePublished":"2013-07-01T12:52:42+00:00","dateModified":"2021-03-24T08:44:46+00:00","mainEntityOfPage":{"@id":"https:\/\/www.k-m.de\/brand\/de\/jubilaumsradtour-10-jahre-km-fahrradtour\/"},"wordCount":182,"commentCount":0,"publisher":{"@id":"https:\/\/www.k-m.de\/brand\/de\/#organization"},"image":{"@id":"https:\/\/www.k-m.de\/brand\/de\/jubilaumsradtour-10-jahre-km-fahrradtour\/#primaryimage"},"thumbnailUrl":"https:\/\/www.k-m.de\/brand\/wp-content\/uploads\/2013\/07\/Unbenannt-11.jpg","keywords":["Fahrradtour","Gesch\u00e4ftsf\u00fchrer Wolz","Jubil\u00e4umsradtour","K\u00f6nig &amp; Meyer Tour"],"articleSection":["Greetings from Wertheim"],"inLanguage":"de","potentialAction":[{"@type":"CommentAction","name":"Comment","target":["https:\/\/www.k-m.de\/brand\/de\/jubilaumsradtour-10-jahre-km-fahrradtour\/#respond"]}]},{"@type":"WebPage","@id":"https:\/\/www.k-m.de\/brand\/de\/jubilaumsradtour-10-jahre-km-fahrradtour\/","url":"https:\/\/www.k-m.de\/brand\/de\/jubilaumsradtour-10-jahre-km-fahrradtour\/","name":"Jubil\u00e4umsradtour - 10 Jahre K&M Fahrradtour - K\u00f6nig &amp; Meyer","isPartOf":{"@id":"https:\/\/www.k-m.de\/brand\/de\/#website"},"primaryImageOfPage":{"@id":"https:\/\/www.k-m.de\/brand\/de\/jubilaumsradtour-10-jahre-km-fahrradtour\/#primaryimage"},"image":{"@id":"https:\/\/www.k-m.de\/brand\/de\/jubilaumsradtour-10-jahre-km-fahrradtour\/#primaryimage"},"thumbnailUrl":"https:\/\/www.k-m.de\/brand\/wp-content\/uploads\/2013\/07\/Unbenannt-11.jpg","datePublished":"2013-07-01T12:52:42+00:00","dateModified":"2021-03-24T08:44:46+00:00","breadcrumb":{"@id":"https:\/\/www.k-m.de\/brand\/de\/jubilaumsradtour-10-jahre-km-fahrradtour\/#breadcrumb"},"inLanguage":"de","potentialAction":[{"@type":"ReadAction","target":["https:\/\/www.k-m.de\/brand\/de\/jubilaumsradtour-10-jahre-km-fahrradtour\/"]}]},{"@type":"ImageObject","inLanguage":"de","@id":"https:\/\/www.k-m.de\/brand\/de\/jubilaumsradtour-10-jahre-km-fahrradtour\/#primaryimage","url":"https:\/\/www.k-m.de\/brand\/wp-content\/uploads\/2013\/07\/Unbenannt-11.jpg","contentUrl":"https:\/\/www.k-m.de\/brand\/wp-content\/uploads\/2013\/07\/Unbenannt-11.jpg","width":688,"height":420},{"@type":"BreadcrumbList","@id":"https:\/\/www.k-m.de\/brand\/de\/jubilaumsradtour-10-jahre-km-fahrradtour\/#breadcrumb","itemListElement":[{"@type":"ListItem","position":1,"name":"Startseite","item":"https:\/\/www.k-m.de\/brand\/de\/"},{"@type":"ListItem","position":2,"name":"Jubil\u00e4umsradtour &#8211; 10 Jahre K&#038;M Fahrradtour"}]},{"@type":"WebSite","@id":"https:\/\/www.k-m.de\/brand\/de\/#website","url":"https:\/\/www.k-m.de\/brand\/de\/","name":"K\u00f6nig & Meyer","description":"K\u00f6nig &amp; Meyer ist ein weltweit f\u00fchrender Hersteller f\u00fcr Musikzubeh\u00f6r. Seit \u00fcber 65 Jahren steht K&amp;M f\u00fcr qualitativ hochwertige Produkte.","publisher":{"@id":"https:\/\/www.k-m.de\/brand\/de\/#organization"},"potentialAction":[{"@type":"SearchAction","target":{"@type":"EntryPoint","urlTemplate":"https:\/\/www.k-m.de\/brand\/de\/?s={search_term_string}"},"query-input":{"@type":"PropertyValueSpecification","valueRequired":true,"valueName":"search_term_string"}}],"inLanguage":"de"},{"@type":"Organization","@id":"https:\/\/www.k-m.de\/brand\/de\/#organization","name":"K\u00f6nig & Meyer","url":"https:\/\/www.k-m.de\/brand\/de\/","logo":{"@type":"ImageObject","inLanguage":"de","@id":"https:\/\/www.k-m.de\/brand\/de\/#\/schema\/logo\/image\/","url":"https:\/\/www.k-m.de\/brand\/wp-content\/uploads\/2023\/01\/KM_1c.tif","contentUrl":"https:\/\/www.k-m.de\/brand\/wp-content\/uploads\/2023\/01\/KM_1c.tif","width":1,"height":1,"caption":"K\u00f6nig & Meyer"},"image":{"@id":"https:\/\/www.k-m.de\/brand\/de\/#\/schema\/logo\/image\/"}},{"@type":"Person","@id":"https:\/\/www.k-m.de\/brand\/de\/#\/schema\/person\/ec9984d920bbfdc597fe63f9d3d0dbcb","name":"Sandra Scholtz","url":"https:\/\/www.k-m.de\/brand\/de\/author\/sandra-scholtz\/"}]}},"_links":{"self":[{"href":"https:\/\/www.k-m.de\/brand\/de\/wp-json\/wp\/v2\/posts\/2678","targetHints":{"allow":["GET"]}}],"collection":[{"href":"https:\/\/www.k-m.de\/brand\/de\/wp-json\/wp\/v2\/posts"}],"about":[{"href":"https:\/\/www.k-m.de\/brand\/de\/wp-json\/wp\/v2\/types\/post"}],"author":[{"embeddable":true,"href":"https:\/\/www.k-m.de\/brand\/de\/wp-json\/wp\/v2\/users\/9"}],"replies":[{"embeddable":true,"href":"https:\/\/www.k-m.de\/brand\/de\/wp-json\/wp\/v2\/comments?post=2678"}],"version-history":[{"count":1,"href":"https:\/\/www.k-m.de\/brand\/de\/wp-json\/wp\/v2\/posts\/2678\/revisions"}],"predecessor-version":[{"id":8124,"href":"https:\/\/www.k-m.de\/brand\/de\/wp-json\/wp\/v2\/posts\/2678\/revisions\/8124"}],"wp:featuredmedia":[{"embeddable":true,"href":"https:\/\/www.k-m.de\/brand\/de\/wp-json\/wp\/v2\/media\/2680"}],"wp:attachment":[{"href":"https:\/\/www.k-m.de\/brand\/de\/wp-json\/wp\/v2\/media?parent=2678"}],"wp:term":[{"taxonomy":"category","embeddable":true,"href":"https:\/\/www.k-m.de\/brand\/de\/wp-json\/wp\/v2\/categories?post=2678"},{"taxonomy":"post_tag","embeddable":true,"href":"https:\/\/www.k-m.de\/brand\/de\/wp-json\/wp\/v2\/tags?post=2678"}],"curies":[{"name":"wp","href":"https:\/\/api.w.org\/{rel}","templated":true}]}}