{"id":2837,"date":"2013-09-04T12:36:23","date_gmt":"2013-09-04T10:36:23","guid":{"rendered":"http:\/\/blog.k-m.de\/de\/?p=2837"},"modified":"2021-03-26T11:57:02","modified_gmt":"2021-03-26T10:57:02","slug":"erfinder-unter-sich-pohlmann-trifft-auf-raab","status":"publish","type":"post","link":"https:\/\/www.k-m.de\/brand\/de\/erfinder-unter-sich-pohlmann-trifft-auf-raab\/","title":{"rendered":"Erfinder unter sich &#8211; Pohlmann trifft auf Raab"},"content":{"rendered":"<p>Am 02. September, in der ersten <strong>TV Total Sendung<\/strong> nach der Sommerpause, war<strong> Ingo Pohlmann zu Gast bei Stefan Raab<\/strong>.<br \/>\nIngo hatte nicht nur seinen neuen Song \u201eAtem\u201c im Gep\u00e4ck, sondern auch seine Gitarrenspielhilfe \u00bbPohlmann\u00ab. Diese wurde, <a href=\"https:\/\/www.k-m.de\/brand\/de\/der-pohlmann-aus-2-turstoppern-wird-eine-gitarrenspielhilfe\/\" target=\"_blank\" rel=\"noopener\">wie beschrieben<\/a>, mit uns nach seiner Idee bzw. seinem \u201eT\u00fcrstopper-Prototyp\u201c, entwickelt.<\/p>\n<p>In der Sendung stellt Ingo seinen \u00bbPohlmann\u00ab vor. Mit Enthusiasmus sowie \u00fcberzeugendem Einsatz der Spielhilfe entlockt er Stefan lobende Worte, mit denen sich dieser zudem outet bereits Besitzer und Fan des Produkts zu sein:<\/p>\n<ul>\n<li>\u201eDas ist ne tolle Idee, weil man hat nicht immer ein Gurt um den Nacken\u201c<\/li>\n<li>\u201eDas macht man sich an G\u00fcrtel und dann legt man einfach die Gitarre drauf\u2026<br \/>\nDas ist wirklich toll\u201c<\/li>\n<li>\u201eDas ist sehr n\u00fctzlich, das hab ich auch immer neben meinem Gitarrenst\u00e4nder liegen\u201c<\/li>\n<li>\u201eKann ich sehr empfehlen\u201c<\/li>\n<\/ul>\n<p>Diese Worte kommen zudem noch von einem Mann der selbst Erfinder ist!<\/p>\n<p><img loading=\"lazy\" decoding=\"async\" class=\"wp-image-9772 aligncenter\" src=\"https:\/\/www.k-m.de\/brand\/wp-content\/uploads\/2013\/09\/raab_als_dusch_designer_erinnert_an_die_fruehen_jahre_von_frogdesign_evo_580x326-1.jpg\" alt=\"\" width=\"399\" height=\"223\" srcset=\"https:\/\/www.k-m.de\/brand\/wp-content\/uploads\/2013\/09\/raab_als_dusch_designer_erinnert_an_die_fruehen_jahre_von_frogdesign_evo_580x326-1.jpg 580w, https:\/\/www.k-m.de\/brand\/wp-content\/uploads\/2013\/09\/raab_als_dusch_designer_erinnert_an_die_fruehen_jahre_von_frogdesign_evo_580x326-1-537x300.jpg 537w\" sizes=\"auto, (max-width: 399px) 100vw, 399px\" \/><br \/>\nJa, Stefan Raab ist nicht nur selbst Musiker, nat\u00fcrlich Moderator und ein Allrounder in s\u00e4mtlichen Disziplinen, sondern brachte vor kurzem seine Erfindung \u201eDoosh\u201c auf den Markt. Der Duschkopf speziell f\u00fcr Frauen soll ein komfortables Duschen erm\u00f6glichen, bei dem die Haare trocken bleiben. \u201eKlare Anforderungen brauchen klare L\u00f6sungen\u201c, so sagt er selbstbewusst und l\u00e4sst seine Erfindung im Spot mit Lena Meyer-Landrut bewerben.<\/p>\n<p>Den Besuch von Ingo (&amp;) Pohlmann auf Stefans TV Total Couch k\u00f6nnt ihr euch hier ansehen: <a href=\"http:\/\/www.myspass.de\/myspass\/shows\/tvshows\/tv-total\/Pohlmann-im-Talk--\/14538\/\" target=\"_blank\" rel=\"noopener\">http:\/\/www.myspass.de\/myspass\/shows\/tvshows\/tv-total\/Pohlmann-im-Talk&#8211;\/14538\/<\/a><\/p>\n<h3>Weitere Blog-Artikel zu Ingo Pohlmann und der Gitarrenspielhilfe<\/h3>\n<p>&nbsp;<\/p>\n<p><img loading=\"lazy\" decoding=\"async\" class=\"wp-image-9769 aligncenter\" src=\"https:\/\/www.k-m.de\/brand\/wp-content\/uploads\/2013\/09\/885649_10151558248643968_1006893716_o-1-600x400.jpg\" alt=\"\" width=\"400\" height=\"267\" srcset=\"https:\/\/www.k-m.de\/brand\/wp-content\/uploads\/2013\/09\/885649_10151558248643968_1006893716_o-1-600x400.jpg 600w, https:\/\/www.k-m.de\/brand\/wp-content\/uploads\/2013\/09\/885649_10151558248643968_1006893716_o-1-768x512.jpg 768w, https:\/\/www.k-m.de\/brand\/wp-content\/uploads\/2013\/09\/885649_10151558248643968_1006893716_o-1-1024x683.jpg 1024w, https:\/\/www.k-m.de\/brand\/wp-content\/uploads\/2013\/09\/885649_10151558248643968_1006893716_o-1-450x300.jpg 450w, https:\/\/www.k-m.de\/brand\/wp-content\/uploads\/2013\/09\/885649_10151558248643968_1006893716_o-1.jpg 1080w\" sizes=\"auto, (max-width: 400px) 100vw, 400px\" \/><a href=\"https:\/\/www.k-m.de\/brand\/de\/der-pohlmann-aus-2-turstoppern-wird-eine-gitarrenspielhilfe\/\" target=\"_blank\" rel=\"noopener\">Der \u00bbPohlmann\u00ab \u2013 aus 2 T\u00fcrstoppern wird eine Gitarrenspielhilfe<\/a><\/p>\n<p>&nbsp;<\/p>\n<p><img loading=\"lazy\" decoding=\"async\" class=\"wp-image-9765 aligncenter\" src=\"https:\/\/www.k-m.de\/brand\/wp-content\/uploads\/2013\/09\/MO_Pohlman_Shooting-688x516-1-600x450.jpg\" alt=\"\" width=\"400\" height=\"300\" srcset=\"https:\/\/www.k-m.de\/brand\/wp-content\/uploads\/2013\/09\/MO_Pohlman_Shooting-688x516-1-600x450.jpg 600w, https:\/\/www.k-m.de\/brand\/wp-content\/uploads\/2013\/09\/MO_Pohlman_Shooting-688x516-1-400x300.jpg 400w, https:\/\/www.k-m.de\/brand\/wp-content\/uploads\/2013\/09\/MO_Pohlman_Shooting-688x516-1.jpg 688w\" sizes=\"auto, (max-width: 400px) 100vw, 400px\" \/><a href=\"https:\/\/www.k-m.de\/brand\/de\/gitarrenspielhilfe-pohlmann-mit-ihrem-bekannten-namensgeber-abgelichtet\/\" target=\"_blank\" rel=\"noopener\">Die Gitarrenspielhilfe \u00bbPohlmann\u00ab mit ihrem bekannten Namensgeber abgelichtet.<\/a><\/p>\n<p>&nbsp;<\/p>\n<p><em>Anmerkung der Redaktion im M\u00e4rz 2021: 8 Jahre lang war der Artikel im K&amp;M Sortiment.<\/em><\/p>\n<p>&nbsp;<\/p>\n","protected":false},"excerpt":{"rendered":"<p>Am 02. September, in der ersten TV Total Sendung nach der Sommerpause, war Ingo Pohlmann zu Gast bei Stefan Raab.<span class=\"read_more\">Mehr erfahren<\/span><\/p>\n","protected":false},"author":9,"featured_media":2845,"comment_status":"open","ping_status":"open","sticky":false,"template":"","format":"standard","meta":{"footnotes":""},"categories":[13,394],"tags":[525,565,507,601,602],"class_list":["post-2837","post","type-post","status-publish","format-standard","has-post-thumbnail","hentry","category-endorser","category-know-how","tag-gitarrenspielhilfe","tag-ingo-pohlmann","tag-pohlmann","tag-stefan-raab","tag-tv-total"],"better_featured_image":{"id":2845,"alt_text":"","caption":"","description":"","media_type":"image","media_details":{"width":642,"height":364,"file":"2013\/09\/1234165_10151567180721010_1499773370_n.png","sizes":{"medium":{"file":"1234165_10151567180721010_1499773370_n-600x340.png","width":600,"height":340,"mime-type":"image\/png","source_url":"https:\/\/www.k-m.de\/brand\/wp-content\/uploads\/2013\/09\/1234165_10151567180721010_1499773370_n-600x340.png"},"profile_24":{"file":"1234165_10151567180721010_1499773370_n-24x24.png","width":24,"height":24,"mime-type":"image\/png","source_url":"https:\/\/www.k-m.de\/brand\/wp-content\/uploads\/2013\/09\/1234165_10151567180721010_1499773370_n-24x24.png"},"profile_48":{"file":"1234165_10151567180721010_1499773370_n-48x48.png","width":48,"height":48,"mime-type":"image\/png","source_url":"https:\/\/www.k-m.de\/brand\/wp-content\/uploads\/2013\/09\/1234165_10151567180721010_1499773370_n-48x48.png"},"profile_96":{"file":"1234165_10151567180721010_1499773370_n-96x96.png","width":96,"height":96,"mime-type":"image\/png","source_url":"https:\/\/www.k-m.de\/brand\/wp-content\/uploads\/2013\/09\/1234165_10151567180721010_1499773370_n-96x96.png"},"thumbnail":{"file":"1234165_10151567180721010_1499773370_n-800x480.png","width":800,"height":480,"mime-type":"image\/png","source_url":"https:\/\/www.k-m.de\/brand\/wp-content\/uploads\/2013\/09\/1234165_10151567180721010_1499773370_n-800x480.png"},"post-thumbnail":{"file":"1234165_10151567180721010_1499773370_n-800x480.png","width":800,"height":480,"mime-type":"image\/png","source_url":"https:\/\/www.k-m.de\/brand\/wp-content\/uploads\/2013\/09\/1234165_10151567180721010_1499773370_n-800x480.png"},"medium_cropped":{"file":"1234165_10151567180721010_1499773370_n-600x600.png","width":600,"height":600,"mime-type":"image\/png","source_url":"https:\/\/www.k-m.de\/brand\/wp-content\/uploads\/2013\/09\/1234165_10151567180721010_1499773370_n-600x600.png"},"large_cropped":{"file":"1234165_10151567180721010_1499773370_n-1200x720.png","width":1200,"height":720,"mime-type":"image\/png","source_url":"https:\/\/www.k-m.de\/brand\/wp-content\/uploads\/2013\/09\/1234165_10151567180721010_1499773370_n-1200x720.png"},"very_large_cropped":{"file":"1234165_10151567180721010_1499773370_n-1800x900.png","width":1800,"height":900,"mime-type":"image\/png","source_url":"https:\/\/www.k-m.de\/brand\/wp-content\/uploads\/2013\/09\/1234165_10151567180721010_1499773370_n-1800x900.png"},"landingpage_thumb":{"file":"1234165_10151567180721010_1499773370_n-529x300.png","width":529,"height":300,"mime-type":"image\/png","source_url":"https:\/\/www.k-m.de\/brand\/wp-content\/uploads\/2013\/09\/1234165_10151567180721010_1499773370_n-529x300.png"},"medium_old_300x170":{"file":"1234165_10151567180721010_1499773370_n-300x170.png","width":300,"height":170,"mime-type":"image\/png","source_url":"https:\/\/www.k-m.de\/brand\/wp-content\/uploads\/2013\/09\/1234165_10151567180721010_1499773370_n-300x170.png"},"thumbnail_old_150x150":{"file":"1234165_10151567180721010_1499773370_n-150x150.png","width":150,"height":150,"mime-type":"image\/png","source_url":"https:\/\/www.k-m.de\/brand\/wp-content\/uploads\/2013\/09\/1234165_10151567180721010_1499773370_n-150x150.png"}},"image_meta":{"aperture":"0","credit":"","camera":"","caption":"","created_timestamp":"0","copyright":"","focal_length":"0","iso":"0","shutter_speed":"0","title":"","orientation":"0","keywords":[]}},"post":null,"source_url":"https:\/\/www.k-m.de\/brand\/wp-content\/uploads\/2013\/09\/1234165_10151567180721010_1499773370_n.png"},"post_meta_fields":{"_vc_post_settings":["a:1:{s:10:\"vc_grid_id\";a:0:{}}"],"_wpml_media_featured":["1"],"_wpml_media_duplicate":["1"],"_edit_last":["9"],"post_views_count":["2691"],"dsq_thread_id":["1708817023"],"_thumbnail_id":["2845"],"_aioseop_description":["Ingo Pohlmann war zu Gast bei Stefan Raab. Er hatte nicht nur seinen neuen Song \u201eAtem\u201c im Gep\u00e4ck, sondern auch seine Gitarrenspielhilfe \u00bbPohlmann\u00ab!"],"_aioseop_keywords":["Ingo Pohlmann, Stefan Raab, Gitarrenspielhilfe \u00bbPohlmann\u00ab, K\u00f6nig & Meyer, Erfinder Pohlmann, TV Total"],"_aioseop_title":["Erfinder unter sich - Pohlmann trifft auf Raab"],"_edit_lock":["1755335542:9"],"_wpb_vc_js_status":["false"],"_post_dealeronly":[""],"_post_knowhow_products":["14580-000-55"],"_yoast_wpseo_content_score":["90"],"_yoast_wpseo_estimated-reading-time-minutes":["2"]},"yoast_head":"<!-- This site is optimized with the Yoast SEO Premium plugin v26.8 (Yoast SEO v27.4) - https:\/\/yoast.com\/product\/yoast-seo-premium-wordpress\/ -->\n<title>Erfinder unter sich - Pohlmann trifft auf Raab - K\u00f6nig &amp; Meyer<\/title>\n<meta name=\"robots\" content=\"index, follow, max-snippet:-1, max-image-preview:large, max-video-preview:-1\" \/>\n<link rel=\"canonical\" href=\"https:\/\/www.k-m.de\/brand\/de\/erfinder-unter-sich-pohlmann-trifft-auf-raab\/\" \/>\n<meta property=\"og:locale\" content=\"de_DE\" \/>\n<meta property=\"og:type\" content=\"article\" \/>\n<meta property=\"og:title\" content=\"Erfinder unter sich - Pohlmann trifft auf Raab\" \/>\n<meta property=\"og:description\" content=\"Am 02. September, in der ersten TV Total Sendung nach der Sommerpause, war Ingo Pohlmann zu Gast bei Stefan Raab.Mehr erfahren\" \/>\n<meta property=\"og:url\" content=\"https:\/\/www.k-m.de\/brand\/de\/erfinder-unter-sich-pohlmann-trifft-auf-raab\/\" \/>\n<meta property=\"og:site_name\" content=\"K\u00f6nig &amp; Meyer\" \/>\n<meta property=\"article:published_time\" content=\"2013-09-04T10:36:23+00:00\" \/>\n<meta property=\"article:modified_time\" content=\"2021-03-26T10:57:02+00:00\" \/>\n<meta property=\"og:image\" content=\"https:\/\/www.k-m.de\/brand\/wp-content\/uploads\/2013\/09\/1234165_10151567180721010_1499773370_n.png\" \/>\n\t<meta property=\"og:image:width\" content=\"642\" \/>\n\t<meta property=\"og:image:height\" content=\"364\" \/>\n\t<meta property=\"og:image:type\" content=\"image\/png\" \/>\n<meta name=\"author\" content=\"Sandra Scholtz\" \/>\n<meta name=\"twitter:card\" content=\"summary_large_image\" \/>\n<meta name=\"twitter:label1\" content=\"Verfasst von\" \/>\n\t<meta name=\"twitter:data1\" content=\"Sandra Scholtz\" \/>\n\t<meta name=\"twitter:label2\" content=\"Gesch\u00e4tzte Lesezeit\" \/>\n\t<meta name=\"twitter:data2\" content=\"2\u00a0Minuten\" \/>\n<script type=\"application\/ld+json\" class=\"yoast-schema-graph\">{\"@context\":\"https:\\\/\\\/schema.org\",\"@graph\":[{\"@type\":\"Article\",\"@id\":\"https:\\\/\\\/www.k-m.de\\\/brand\\\/de\\\/erfinder-unter-sich-pohlmann-trifft-auf-raab\\\/#article\",\"isPartOf\":{\"@id\":\"https:\\\/\\\/www.k-m.de\\\/brand\\\/de\\\/erfinder-unter-sich-pohlmann-trifft-auf-raab\\\/\"},\"author\":{\"name\":\"Sandra Scholtz\",\"@id\":\"https:\\\/\\\/www.k-m.de\\\/brand\\\/de\\\/#\\\/schema\\\/person\\\/ec9984d920bbfdc597fe63f9d3d0dbcb\"},\"headline\":\"Erfinder unter sich &#8211; Pohlmann trifft auf Raab\",\"datePublished\":\"2013-09-04T10:36:23+00:00\",\"dateModified\":\"2021-03-26T10:57:02+00:00\",\"mainEntityOfPage\":{\"@id\":\"https:\\\/\\\/www.k-m.de\\\/brand\\\/de\\\/erfinder-unter-sich-pohlmann-trifft-auf-raab\\\/\"},\"wordCount\":293,\"commentCount\":0,\"publisher\":{\"@id\":\"https:\\\/\\\/www.k-m.de\\\/brand\\\/de\\\/#organization\"},\"image\":{\"@id\":\"https:\\\/\\\/www.k-m.de\\\/brand\\\/de\\\/erfinder-unter-sich-pohlmann-trifft-auf-raab\\\/#primaryimage\"},\"thumbnailUrl\":\"https:\\\/\\\/www.k-m.de\\\/brand\\\/wp-content\\\/uploads\\\/2013\\\/09\\\/1234165_10151567180721010_1499773370_n.png\",\"keywords\":[\"Gitarrenspielhilfe\",\"Ingo Pohlmann\",\"Pohlmann\",\"Stefan Raab\",\"TV Total\"],\"articleSection\":[\"Endorser-News\",\"Produkt Know-How\"],\"inLanguage\":\"de\",\"potentialAction\":[{\"@type\":\"CommentAction\",\"name\":\"Comment\",\"target\":[\"https:\\\/\\\/www.k-m.de\\\/brand\\\/de\\\/erfinder-unter-sich-pohlmann-trifft-auf-raab\\\/#respond\"]}]},{\"@type\":\"WebPage\",\"@id\":\"https:\\\/\\\/www.k-m.de\\\/brand\\\/de\\\/erfinder-unter-sich-pohlmann-trifft-auf-raab\\\/\",\"url\":\"https:\\\/\\\/www.k-m.de\\\/brand\\\/de\\\/erfinder-unter-sich-pohlmann-trifft-auf-raab\\\/\",\"name\":\"Erfinder unter sich - Pohlmann trifft auf Raab - K\u00f6nig &amp; Meyer\",\"isPartOf\":{\"@id\":\"https:\\\/\\\/www.k-m.de\\\/brand\\\/de\\\/#website\"},\"primaryImageOfPage\":{\"@id\":\"https:\\\/\\\/www.k-m.de\\\/brand\\\/de\\\/erfinder-unter-sich-pohlmann-trifft-auf-raab\\\/#primaryimage\"},\"image\":{\"@id\":\"https:\\\/\\\/www.k-m.de\\\/brand\\\/de\\\/erfinder-unter-sich-pohlmann-trifft-auf-raab\\\/#primaryimage\"},\"thumbnailUrl\":\"https:\\\/\\\/www.k-m.de\\\/brand\\\/wp-content\\\/uploads\\\/2013\\\/09\\\/1234165_10151567180721010_1499773370_n.png\",\"datePublished\":\"2013-09-04T10:36:23+00:00\",\"dateModified\":\"2021-03-26T10:57:02+00:00\",\"breadcrumb\":{\"@id\":\"https:\\\/\\\/www.k-m.de\\\/brand\\\/de\\\/erfinder-unter-sich-pohlmann-trifft-auf-raab\\\/#breadcrumb\"},\"inLanguage\":\"de\",\"potentialAction\":[{\"@type\":\"ReadAction\",\"target\":[\"https:\\\/\\\/www.k-m.de\\\/brand\\\/de\\\/erfinder-unter-sich-pohlmann-trifft-auf-raab\\\/\"]}]},{\"@type\":\"ImageObject\",\"inLanguage\":\"de\",\"@id\":\"https:\\\/\\\/www.k-m.de\\\/brand\\\/de\\\/erfinder-unter-sich-pohlmann-trifft-auf-raab\\\/#primaryimage\",\"url\":\"https:\\\/\\\/www.k-m.de\\\/brand\\\/wp-content\\\/uploads\\\/2013\\\/09\\\/1234165_10151567180721010_1499773370_n.png\",\"contentUrl\":\"https:\\\/\\\/www.k-m.de\\\/brand\\\/wp-content\\\/uploads\\\/2013\\\/09\\\/1234165_10151567180721010_1499773370_n.png\",\"width\":642,\"height\":364},{\"@type\":\"BreadcrumbList\",\"@id\":\"https:\\\/\\\/www.k-m.de\\\/brand\\\/de\\\/erfinder-unter-sich-pohlmann-trifft-auf-raab\\\/#breadcrumb\",\"itemListElement\":[{\"@type\":\"ListItem\",\"position\":1,\"name\":\"Startseite\",\"item\":\"https:\\\/\\\/www.k-m.de\\\/brand\\\/de\\\/\"},{\"@type\":\"ListItem\",\"position\":2,\"name\":\"Erfinder unter sich &#8211; Pohlmann trifft auf Raab\"}]},{\"@type\":\"WebSite\",\"@id\":\"https:\\\/\\\/www.k-m.de\\\/brand\\\/de\\\/#website\",\"url\":\"https:\\\/\\\/www.k-m.de\\\/brand\\\/de\\\/\",\"name\":\"K\u00f6nig & Meyer\",\"description\":\"K\u00f6nig &amp; Meyer ist ein weltweit f\u00fchrender Hersteller f\u00fcr Musikzubeh\u00f6r. Seit \u00fcber 65 Jahren steht K&amp;M f\u00fcr qualitativ hochwertige Produkte.\",\"publisher\":{\"@id\":\"https:\\\/\\\/www.k-m.de\\\/brand\\\/de\\\/#organization\"},\"potentialAction\":[{\"@type\":\"SearchAction\",\"target\":{\"@type\":\"EntryPoint\",\"urlTemplate\":\"https:\\\/\\\/www.k-m.de\\\/brand\\\/de\\\/?s={search_term_string}\"},\"query-input\":{\"@type\":\"PropertyValueSpecification\",\"valueRequired\":true,\"valueName\":\"search_term_string\"}}],\"inLanguage\":\"de\"},{\"@type\":\"Organization\",\"@id\":\"https:\\\/\\\/www.k-m.de\\\/brand\\\/de\\\/#organization\",\"name\":\"K\u00f6nig & Meyer\",\"url\":\"https:\\\/\\\/www.k-m.de\\\/brand\\\/de\\\/\",\"logo\":{\"@type\":\"ImageObject\",\"inLanguage\":\"de\",\"@id\":\"https:\\\/\\\/www.k-m.de\\\/brand\\\/de\\\/#\\\/schema\\\/logo\\\/image\\\/\",\"url\":\"https:\\\/\\\/www.k-m.de\\\/brand\\\/wp-content\\\/uploads\\\/2023\\\/01\\\/KM_1c.tif\",\"contentUrl\":\"https:\\\/\\\/www.k-m.de\\\/brand\\\/wp-content\\\/uploads\\\/2023\\\/01\\\/KM_1c.tif\",\"width\":1,\"height\":1,\"caption\":\"K\u00f6nig & Meyer\"},\"image\":{\"@id\":\"https:\\\/\\\/www.k-m.de\\\/brand\\\/de\\\/#\\\/schema\\\/logo\\\/image\\\/\"}},{\"@type\":\"Person\",\"@id\":\"https:\\\/\\\/www.k-m.de\\\/brand\\\/de\\\/#\\\/schema\\\/person\\\/ec9984d920bbfdc597fe63f9d3d0dbcb\",\"name\":\"Sandra Scholtz\",\"url\":\"https:\\\/\\\/www.k-m.de\\\/brand\\\/de\\\/author\\\/sandra-scholtz\\\/\"}]}<\/script>\n<!-- \/ Yoast SEO Premium plugin. -->","yoast_head_json":{"title":"Erfinder unter sich - Pohlmann trifft auf Raab - K\u00f6nig &amp; Meyer","robots":{"index":"index","follow":"follow","max-snippet":"max-snippet:-1","max-image-preview":"max-image-preview:large","max-video-preview":"max-video-preview:-1"},"canonical":"https:\/\/www.k-m.de\/brand\/de\/erfinder-unter-sich-pohlmann-trifft-auf-raab\/","og_locale":"de_DE","og_type":"article","og_title":"Erfinder unter sich - Pohlmann trifft auf Raab","og_description":"Am 02. September, in der ersten TV Total Sendung nach der Sommerpause, war Ingo Pohlmann zu Gast bei Stefan Raab.Mehr erfahren","og_url":"https:\/\/www.k-m.de\/brand\/de\/erfinder-unter-sich-pohlmann-trifft-auf-raab\/","og_site_name":"K\u00f6nig &amp; Meyer","article_published_time":"2013-09-04T10:36:23+00:00","article_modified_time":"2021-03-26T10:57:02+00:00","og_image":[{"width":642,"height":364,"url":"https:\/\/www.k-m.de\/brand\/wp-content\/uploads\/2013\/09\/1234165_10151567180721010_1499773370_n.png","type":"image\/png"}],"author":"Sandra Scholtz","twitter_card":"summary_large_image","twitter_misc":{"Verfasst von":"Sandra Scholtz","Gesch\u00e4tzte Lesezeit":"2\u00a0Minuten"},"schema":{"@context":"https:\/\/schema.org","@graph":[{"@type":"Article","@id":"https:\/\/www.k-m.de\/brand\/de\/erfinder-unter-sich-pohlmann-trifft-auf-raab\/#article","isPartOf":{"@id":"https:\/\/www.k-m.de\/brand\/de\/erfinder-unter-sich-pohlmann-trifft-auf-raab\/"},"author":{"name":"Sandra Scholtz","@id":"https:\/\/www.k-m.de\/brand\/de\/#\/schema\/person\/ec9984d920bbfdc597fe63f9d3d0dbcb"},"headline":"Erfinder unter sich &#8211; Pohlmann trifft auf Raab","datePublished":"2013-09-04T10:36:23+00:00","dateModified":"2021-03-26T10:57:02+00:00","mainEntityOfPage":{"@id":"https:\/\/www.k-m.de\/brand\/de\/erfinder-unter-sich-pohlmann-trifft-auf-raab\/"},"wordCount":293,"commentCount":0,"publisher":{"@id":"https:\/\/www.k-m.de\/brand\/de\/#organization"},"image":{"@id":"https:\/\/www.k-m.de\/brand\/de\/erfinder-unter-sich-pohlmann-trifft-auf-raab\/#primaryimage"},"thumbnailUrl":"https:\/\/www.k-m.de\/brand\/wp-content\/uploads\/2013\/09\/1234165_10151567180721010_1499773370_n.png","keywords":["Gitarrenspielhilfe","Ingo Pohlmann","Pohlmann","Stefan Raab","TV Total"],"articleSection":["Endorser-News","Produkt Know-How"],"inLanguage":"de","potentialAction":[{"@type":"CommentAction","name":"Comment","target":["https:\/\/www.k-m.de\/brand\/de\/erfinder-unter-sich-pohlmann-trifft-auf-raab\/#respond"]}]},{"@type":"WebPage","@id":"https:\/\/www.k-m.de\/brand\/de\/erfinder-unter-sich-pohlmann-trifft-auf-raab\/","url":"https:\/\/www.k-m.de\/brand\/de\/erfinder-unter-sich-pohlmann-trifft-auf-raab\/","name":"Erfinder unter sich - Pohlmann trifft auf Raab - K\u00f6nig &amp; Meyer","isPartOf":{"@id":"https:\/\/www.k-m.de\/brand\/de\/#website"},"primaryImageOfPage":{"@id":"https:\/\/www.k-m.de\/brand\/de\/erfinder-unter-sich-pohlmann-trifft-auf-raab\/#primaryimage"},"image":{"@id":"https:\/\/www.k-m.de\/brand\/de\/erfinder-unter-sich-pohlmann-trifft-auf-raab\/#primaryimage"},"thumbnailUrl":"https:\/\/www.k-m.de\/brand\/wp-content\/uploads\/2013\/09\/1234165_10151567180721010_1499773370_n.png","datePublished":"2013-09-04T10:36:23+00:00","dateModified":"2021-03-26T10:57:02+00:00","breadcrumb":{"@id":"https:\/\/www.k-m.de\/brand\/de\/erfinder-unter-sich-pohlmann-trifft-auf-raab\/#breadcrumb"},"inLanguage":"de","potentialAction":[{"@type":"ReadAction","target":["https:\/\/www.k-m.de\/brand\/de\/erfinder-unter-sich-pohlmann-trifft-auf-raab\/"]}]},{"@type":"ImageObject","inLanguage":"de","@id":"https:\/\/www.k-m.de\/brand\/de\/erfinder-unter-sich-pohlmann-trifft-auf-raab\/#primaryimage","url":"https:\/\/www.k-m.de\/brand\/wp-content\/uploads\/2013\/09\/1234165_10151567180721010_1499773370_n.png","contentUrl":"https:\/\/www.k-m.de\/brand\/wp-content\/uploads\/2013\/09\/1234165_10151567180721010_1499773370_n.png","width":642,"height":364},{"@type":"BreadcrumbList","@id":"https:\/\/www.k-m.de\/brand\/de\/erfinder-unter-sich-pohlmann-trifft-auf-raab\/#breadcrumb","itemListElement":[{"@type":"ListItem","position":1,"name":"Startseite","item":"https:\/\/www.k-m.de\/brand\/de\/"},{"@type":"ListItem","position":2,"name":"Erfinder unter sich &#8211; Pohlmann trifft auf Raab"}]},{"@type":"WebSite","@id":"https:\/\/www.k-m.de\/brand\/de\/#website","url":"https:\/\/www.k-m.de\/brand\/de\/","name":"K\u00f6nig & Meyer","description":"K\u00f6nig &amp; Meyer ist ein weltweit f\u00fchrender Hersteller f\u00fcr Musikzubeh\u00f6r. Seit \u00fcber 65 Jahren steht K&amp;M f\u00fcr qualitativ hochwertige Produkte.","publisher":{"@id":"https:\/\/www.k-m.de\/brand\/de\/#organization"},"potentialAction":[{"@type":"SearchAction","target":{"@type":"EntryPoint","urlTemplate":"https:\/\/www.k-m.de\/brand\/de\/?s={search_term_string}"},"query-input":{"@type":"PropertyValueSpecification","valueRequired":true,"valueName":"search_term_string"}}],"inLanguage":"de"},{"@type":"Organization","@id":"https:\/\/www.k-m.de\/brand\/de\/#organization","name":"K\u00f6nig & Meyer","url":"https:\/\/www.k-m.de\/brand\/de\/","logo":{"@type":"ImageObject","inLanguage":"de","@id":"https:\/\/www.k-m.de\/brand\/de\/#\/schema\/logo\/image\/","url":"https:\/\/www.k-m.de\/brand\/wp-content\/uploads\/2023\/01\/KM_1c.tif","contentUrl":"https:\/\/www.k-m.de\/brand\/wp-content\/uploads\/2023\/01\/KM_1c.tif","width":1,"height":1,"caption":"K\u00f6nig & Meyer"},"image":{"@id":"https:\/\/www.k-m.de\/brand\/de\/#\/schema\/logo\/image\/"}},{"@type":"Person","@id":"https:\/\/www.k-m.de\/brand\/de\/#\/schema\/person\/ec9984d920bbfdc597fe63f9d3d0dbcb","name":"Sandra Scholtz","url":"https:\/\/www.k-m.de\/brand\/de\/author\/sandra-scholtz\/"}]}},"_links":{"self":[{"href":"https:\/\/www.k-m.de\/brand\/de\/wp-json\/wp\/v2\/posts\/2837","targetHints":{"allow":["GET"]}}],"collection":[{"href":"https:\/\/www.k-m.de\/brand\/de\/wp-json\/wp\/v2\/posts"}],"about":[{"href":"https:\/\/www.k-m.de\/brand\/de\/wp-json\/wp\/v2\/types\/post"}],"author":[{"embeddable":true,"href":"https:\/\/www.k-m.de\/brand\/de\/wp-json\/wp\/v2\/users\/9"}],"replies":[{"embeddable":true,"href":"https:\/\/www.k-m.de\/brand\/de\/wp-json\/wp\/v2\/comments?post=2837"}],"version-history":[{"count":16,"href":"https:\/\/www.k-m.de\/brand\/de\/wp-json\/wp\/v2\/posts\/2837\/revisions"}],"predecessor-version":[{"id":15734,"href":"https:\/\/www.k-m.de\/brand\/de\/wp-json\/wp\/v2\/posts\/2837\/revisions\/15734"}],"wp:featuredmedia":[{"embeddable":true,"href":"https:\/\/www.k-m.de\/brand\/de\/wp-json\/wp\/v2\/media\/2845"}],"wp:attachment":[{"href":"https:\/\/www.k-m.de\/brand\/de\/wp-json\/wp\/v2\/media?parent=2837"}],"wp:term":[{"taxonomy":"category","embeddable":true,"href":"https:\/\/www.k-m.de\/brand\/de\/wp-json\/wp\/v2\/categories?post=2837"},{"taxonomy":"post_tag","embeddable":true,"href":"https:\/\/www.k-m.de\/brand\/de\/wp-json\/wp\/v2\/tags?post=2837"}],"curies":[{"name":"wp","href":"https:\/\/api.w.org\/{rel}","templated":true}]}}