{"id":3195,"date":"2014-02-26T15:19:01","date_gmt":"2014-02-26T14:19:01","guid":{"rendered":"http:\/\/blog.k-m.de\/de\/?p=3195"},"modified":"2021-03-24T09:44:45","modified_gmt":"2021-03-24T08:44:45","slug":"autogrammstunde-mit-wolf-hoffmann-von-accept","status":"publish","type":"post","link":"https:\/\/www.k-m.de\/brand\/de\/autogrammstunde-mit-wolf-hoffmann-von-accept\/","title":{"rendered":"Autogrammstunde mit Wolf Hoffmann von ACCEPT"},"content":{"rendered":"<div>Mit den Alben \u201eBlood of the Nation\u201c und \u201eStalingrad\u201c in 2010 und 2012 haben<a href=\"http:\/\/k-m.de\/de\/bandsundkuenstler\/accept.html\" target=\"_blank\" rel=\"noopener\"> ACCEPT<\/a> ein furioses Comeback hingelegt und ihren Status als eine der besten deutschen Rock-Bands auch nach 40 Jahren Bandgeschichte untermauern k\u00f6nnen. Die Band hat \u00fcber 17 Millionen Alben weltweit verkauft und 13 Studio-Alben, 14 Live-Alben und Compilations sowie viele Singles und EP\u00b4s ver\u00f6ffentlicht.<br \/>\nWolf Hoffmann, Leadgitarrist und einer der Songschreiber bei ACCEPT, kommt am Samstag den 15. M\u00e4rz auf unseren Messestand auf der Musikmesse. Die Autogrammstunde beginnt um 14.00 Uhr (Halle 3.0 am Stand C39).<\/div>\n","protected":false},"excerpt":{"rendered":"<p>Mit den Alben \u201eBlood of the Nation\u201c und \u201eStalingrad\u201c in 2010 und 2012 haben ACCEPT ein furioses Comeback hingelegt und<span class=\"read_more\">Mehr erfahren<\/span><\/p>\n","protected":false},"author":9,"featured_media":3197,"comment_status":"open","ping_status":"open","sticky":false,"template":"","format":"standard","meta":{"footnotes":""},"categories":[13,24],"tags":[671,672,79,244,225,673],"class_list":["post-3195","post","type-post","status-publish","format-standard","has-post-thumbnail","hentry","category-endorser","category-km-backstage","tag-accept","tag-autogrammstunde","tag-endorser-en","tag-frankfurt-en","tag-musikmesse-en","tag-wolf-hoffmann"],"better_featured_image":{"id":3197,"alt_text":"","caption":"","description":"","media_type":"image","media_details":{"width":688,"height":420,"file":"2014\/02\/Accept.jpg","sizes":{"medium":{"file":"Accept-600x366.jpg","width":600,"height":366,"mime-type":"image\/jpeg","source_url":"https:\/\/www.k-m.de\/brand\/wp-content\/uploads\/2014\/02\/Accept-600x366.jpg"},"profile_24":{"file":"Accept-24x24.jpg","width":24,"height":24,"mime-type":"image\/jpeg","source_url":"https:\/\/www.k-m.de\/brand\/wp-content\/uploads\/2014\/02\/Accept-24x24.jpg"},"profile_48":{"file":"Accept-48x48.jpg","width":48,"height":48,"mime-type":"image\/jpeg","source_url":"https:\/\/www.k-m.de\/brand\/wp-content\/uploads\/2014\/02\/Accept-48x48.jpg"},"profile_96":{"file":"Accept-96x96.jpg","width":96,"height":96,"mime-type":"image\/jpeg","source_url":"https:\/\/www.k-m.de\/brand\/wp-content\/uploads\/2014\/02\/Accept-96x96.jpg"},"thumbnail":{"file":"Accept-800x480.jpg","width":800,"height":480,"mime-type":"image\/jpeg","source_url":"https:\/\/www.k-m.de\/brand\/wp-content\/uploads\/2014\/02\/Accept-800x480.jpg"},"post-thumbnail":{"file":"Accept-800x480.jpg","width":800,"height":480,"mime-type":"image\/jpeg","source_url":"https:\/\/www.k-m.de\/brand\/wp-content\/uploads\/2014\/02\/Accept-800x480.jpg"},"medium_cropped":{"file":"Accept-600x600.jpg","width":600,"height":600,"mime-type":"image\/jpeg","source_url":"https:\/\/www.k-m.de\/brand\/wp-content\/uploads\/2014\/02\/Accept-600x600.jpg"},"large_cropped":{"file":"Accept-1200x720.jpg","width":1200,"height":720,"mime-type":"image\/jpeg","source_url":"https:\/\/www.k-m.de\/brand\/wp-content\/uploads\/2014\/02\/Accept-1200x720.jpg"},"very_large_cropped":{"file":"Accept-1800x900.jpg","width":1800,"height":900,"mime-type":"image\/jpeg","source_url":"https:\/\/www.k-m.de\/brand\/wp-content\/uploads\/2014\/02\/Accept-1800x900.jpg"},"landingpage_thumb":{"file":"Accept-491x300.jpg","width":491,"height":300,"mime-type":"image\/jpeg","source_url":"https:\/\/www.k-m.de\/brand\/wp-content\/uploads\/2014\/02\/Accept-491x300.jpg"},"medium_old_300x183":{"file":"Accept-300x183.jpg","width":300,"height":183,"mime-type":"image\/jpeg","source_url":"https:\/\/www.k-m.de\/brand\/wp-content\/uploads\/2014\/02\/Accept-300x183.jpg"},"thumbnail_old_150x150":{"file":"Accept-150x150.jpg","width":150,"height":150,"mime-type":"image\/jpeg","source_url":"https:\/\/www.k-m.de\/brand\/wp-content\/uploads\/2014\/02\/Accept-150x150.jpg"}},"image_meta":{"aperture":"0","credit":"","camera":"","caption":"","created_timestamp":"0","copyright":"","focal_length":"0","iso":"0","shutter_speed":"0","title":"","orientation":"1","keywords":[]}},"post":null,"source_url":"https:\/\/www.k-m.de\/brand\/wp-content\/uploads\/2014\/02\/Accept.jpg"},"post_meta_fields":{"_vc_post_settings":["a:1:{s:10:\"vc_grid_id\";a:0:{}}"],"_wpml_media_featured":["1"],"_wpml_media_duplicate":["1"],"_edit_last":["9"],"_aioseop_title":["Autogrammstunde mit Wolf Hoffmann von ACCEPT"],"_aioseop_description":["Wolf Hoffmann, Leadgitarrist und einer der Songschreiber bei ACCEPT, kommt am Samstag den 15. M\u00e4rz auf unseren Messestand auf der Musikmesse."],"post_views_count":["1956"],"_thumbnail_id":["3197"],"dsq_thread_id":["2766740436"],"_aioseop_keywords":["Accept, Musikmesse, Endorser, Wolf Hoffmann, Autogrammstunde, Frankfurt"],"_edit_lock":["1545138973:9"],"_wpb_vc_js_status":["false"],"_post_dealeronly":[""]},"yoast_head":"<!-- This site is optimized with the Yoast SEO Premium plugin v26.8 (Yoast SEO v27.4) - https:\/\/yoast.com\/product\/yoast-seo-premium-wordpress\/ -->\n<title>Autogrammstunde mit Wolf Hoffmann von ACCEPT - K\u00f6nig &amp; Meyer<\/title>\n<meta name=\"robots\" content=\"index, follow, max-snippet:-1, max-image-preview:large, max-video-preview:-1\" \/>\n<link rel=\"canonical\" href=\"https:\/\/www.k-m.de\/brand\/de\/autogrammstunde-mit-wolf-hoffmann-von-accept\/\" \/>\n<meta property=\"og:locale\" content=\"de_DE\" \/>\n<meta property=\"og:type\" content=\"article\" \/>\n<meta property=\"og:title\" content=\"Autogrammstunde mit Wolf Hoffmann von ACCEPT\" \/>\n<meta property=\"og:description\" content=\"Mit den Alben \u201eBlood of the Nation\u201c und \u201eStalingrad\u201c in 2010 und 2012 haben ACCEPT ein furioses Comeback hingelegt undMehr erfahren\" \/>\n<meta property=\"og:url\" content=\"https:\/\/www.k-m.de\/brand\/de\/autogrammstunde-mit-wolf-hoffmann-von-accept\/\" \/>\n<meta property=\"og:site_name\" content=\"K\u00f6nig &amp; Meyer\" \/>\n<meta property=\"article:published_time\" content=\"2014-02-26T14:19:01+00:00\" \/>\n<meta property=\"article:modified_time\" content=\"2021-03-24T08:44:45+00:00\" \/>\n<meta property=\"og:image\" content=\"https:\/\/www.k-m.de\/brand\/wp-content\/uploads\/2014\/02\/Accept.jpg\" \/>\n\t<meta property=\"og:image:width\" content=\"688\" \/>\n\t<meta property=\"og:image:height\" content=\"420\" \/>\n\t<meta property=\"og:image:type\" content=\"image\/jpeg\" \/>\n<meta name=\"author\" content=\"Sandra Scholtz\" \/>\n<meta name=\"twitter:card\" content=\"summary_large_image\" \/>\n<meta name=\"twitter:label1\" content=\"Verfasst von\" \/>\n\t<meta name=\"twitter:data1\" content=\"Sandra Scholtz\" \/>\n<script type=\"application\/ld+json\" class=\"yoast-schema-graph\">{\"@context\":\"https:\\\/\\\/schema.org\",\"@graph\":[{\"@type\":\"Article\",\"@id\":\"https:\\\/\\\/www.k-m.de\\\/brand\\\/de\\\/autogrammstunde-mit-wolf-hoffmann-von-accept\\\/#article\",\"isPartOf\":{\"@id\":\"https:\\\/\\\/www.k-m.de\\\/brand\\\/de\\\/autogrammstunde-mit-wolf-hoffmann-von-accept\\\/\"},\"author\":{\"name\":\"Sandra Scholtz\",\"@id\":\"https:\\\/\\\/www.k-m.de\\\/brand\\\/de\\\/#\\\/schema\\\/person\\\/ec9984d920bbfdc597fe63f9d3d0dbcb\"},\"headline\":\"Autogrammstunde mit Wolf Hoffmann von ACCEPT\",\"datePublished\":\"2014-02-26T14:19:01+00:00\",\"dateModified\":\"2021-03-24T08:44:45+00:00\",\"mainEntityOfPage\":{\"@id\":\"https:\\\/\\\/www.k-m.de\\\/brand\\\/de\\\/autogrammstunde-mit-wolf-hoffmann-von-accept\\\/\"},\"wordCount\":90,\"commentCount\":0,\"publisher\":{\"@id\":\"https:\\\/\\\/www.k-m.de\\\/brand\\\/de\\\/#organization\"},\"image\":{\"@id\":\"https:\\\/\\\/www.k-m.de\\\/brand\\\/de\\\/autogrammstunde-mit-wolf-hoffmann-von-accept\\\/#primaryimage\"},\"thumbnailUrl\":\"https:\\\/\\\/www.k-m.de\\\/brand\\\/wp-content\\\/uploads\\\/2014\\\/02\\\/Accept.jpg\",\"keywords\":[\"Accept\",\"Autogrammstunde\",\"Endorser\",\"Frankfurt\",\"Musikmesse\",\"Wolf Hoffmann\"],\"articleSection\":[\"Endorser-News\",\"Greetings from Wertheim\"],\"inLanguage\":\"de\",\"potentialAction\":[{\"@type\":\"CommentAction\",\"name\":\"Comment\",\"target\":[\"https:\\\/\\\/www.k-m.de\\\/brand\\\/de\\\/autogrammstunde-mit-wolf-hoffmann-von-accept\\\/#respond\"]}]},{\"@type\":\"WebPage\",\"@id\":\"https:\\\/\\\/www.k-m.de\\\/brand\\\/de\\\/autogrammstunde-mit-wolf-hoffmann-von-accept\\\/\",\"url\":\"https:\\\/\\\/www.k-m.de\\\/brand\\\/de\\\/autogrammstunde-mit-wolf-hoffmann-von-accept\\\/\",\"name\":\"Autogrammstunde mit Wolf Hoffmann von ACCEPT - K\u00f6nig &amp; Meyer\",\"isPartOf\":{\"@id\":\"https:\\\/\\\/www.k-m.de\\\/brand\\\/de\\\/#website\"},\"primaryImageOfPage\":{\"@id\":\"https:\\\/\\\/www.k-m.de\\\/brand\\\/de\\\/autogrammstunde-mit-wolf-hoffmann-von-accept\\\/#primaryimage\"},\"image\":{\"@id\":\"https:\\\/\\\/www.k-m.de\\\/brand\\\/de\\\/autogrammstunde-mit-wolf-hoffmann-von-accept\\\/#primaryimage\"},\"thumbnailUrl\":\"https:\\\/\\\/www.k-m.de\\\/brand\\\/wp-content\\\/uploads\\\/2014\\\/02\\\/Accept.jpg\",\"datePublished\":\"2014-02-26T14:19:01+00:00\",\"dateModified\":\"2021-03-24T08:44:45+00:00\",\"breadcrumb\":{\"@id\":\"https:\\\/\\\/www.k-m.de\\\/brand\\\/de\\\/autogrammstunde-mit-wolf-hoffmann-von-accept\\\/#breadcrumb\"},\"inLanguage\":\"de\",\"potentialAction\":[{\"@type\":\"ReadAction\",\"target\":[\"https:\\\/\\\/www.k-m.de\\\/brand\\\/de\\\/autogrammstunde-mit-wolf-hoffmann-von-accept\\\/\"]}]},{\"@type\":\"ImageObject\",\"inLanguage\":\"de\",\"@id\":\"https:\\\/\\\/www.k-m.de\\\/brand\\\/de\\\/autogrammstunde-mit-wolf-hoffmann-von-accept\\\/#primaryimage\",\"url\":\"https:\\\/\\\/www.k-m.de\\\/brand\\\/wp-content\\\/uploads\\\/2014\\\/02\\\/Accept.jpg\",\"contentUrl\":\"https:\\\/\\\/www.k-m.de\\\/brand\\\/wp-content\\\/uploads\\\/2014\\\/02\\\/Accept.jpg\",\"width\":688,\"height\":420},{\"@type\":\"BreadcrumbList\",\"@id\":\"https:\\\/\\\/www.k-m.de\\\/brand\\\/de\\\/autogrammstunde-mit-wolf-hoffmann-von-accept\\\/#breadcrumb\",\"itemListElement\":[{\"@type\":\"ListItem\",\"position\":1,\"name\":\"Startseite\",\"item\":\"https:\\\/\\\/www.k-m.de\\\/brand\\\/de\\\/\"},{\"@type\":\"ListItem\",\"position\":2,\"name\":\"Autogrammstunde mit Wolf Hoffmann von ACCEPT\"}]},{\"@type\":\"WebSite\",\"@id\":\"https:\\\/\\\/www.k-m.de\\\/brand\\\/de\\\/#website\",\"url\":\"https:\\\/\\\/www.k-m.de\\\/brand\\\/de\\\/\",\"name\":\"K\u00f6nig & Meyer\",\"description\":\"K\u00f6nig &amp; Meyer ist ein weltweit f\u00fchrender Hersteller f\u00fcr Musikzubeh\u00f6r. Seit \u00fcber 65 Jahren steht K&amp;M f\u00fcr qualitativ hochwertige Produkte.\",\"publisher\":{\"@id\":\"https:\\\/\\\/www.k-m.de\\\/brand\\\/de\\\/#organization\"},\"potentialAction\":[{\"@type\":\"SearchAction\",\"target\":{\"@type\":\"EntryPoint\",\"urlTemplate\":\"https:\\\/\\\/www.k-m.de\\\/brand\\\/de\\\/?s={search_term_string}\"},\"query-input\":{\"@type\":\"PropertyValueSpecification\",\"valueRequired\":true,\"valueName\":\"search_term_string\"}}],\"inLanguage\":\"de\"},{\"@type\":\"Organization\",\"@id\":\"https:\\\/\\\/www.k-m.de\\\/brand\\\/de\\\/#organization\",\"name\":\"K\u00f6nig & Meyer\",\"url\":\"https:\\\/\\\/www.k-m.de\\\/brand\\\/de\\\/\",\"logo\":{\"@type\":\"ImageObject\",\"inLanguage\":\"de\",\"@id\":\"https:\\\/\\\/www.k-m.de\\\/brand\\\/de\\\/#\\\/schema\\\/logo\\\/image\\\/\",\"url\":\"https:\\\/\\\/www.k-m.de\\\/brand\\\/wp-content\\\/uploads\\\/2023\\\/01\\\/KM_1c.tif\",\"contentUrl\":\"https:\\\/\\\/www.k-m.de\\\/brand\\\/wp-content\\\/uploads\\\/2023\\\/01\\\/KM_1c.tif\",\"width\":1,\"height\":1,\"caption\":\"K\u00f6nig & Meyer\"},\"image\":{\"@id\":\"https:\\\/\\\/www.k-m.de\\\/brand\\\/de\\\/#\\\/schema\\\/logo\\\/image\\\/\"}},{\"@type\":\"Person\",\"@id\":\"https:\\\/\\\/www.k-m.de\\\/brand\\\/de\\\/#\\\/schema\\\/person\\\/ec9984d920bbfdc597fe63f9d3d0dbcb\",\"name\":\"Sandra Scholtz\",\"url\":\"https:\\\/\\\/www.k-m.de\\\/brand\\\/de\\\/author\\\/sandra-scholtz\\\/\"}]}<\/script>\n<!-- \/ Yoast SEO Premium plugin. -->","yoast_head_json":{"title":"Autogrammstunde mit Wolf Hoffmann von ACCEPT - K\u00f6nig &amp; Meyer","robots":{"index":"index","follow":"follow","max-snippet":"max-snippet:-1","max-image-preview":"max-image-preview:large","max-video-preview":"max-video-preview:-1"},"canonical":"https:\/\/www.k-m.de\/brand\/de\/autogrammstunde-mit-wolf-hoffmann-von-accept\/","og_locale":"de_DE","og_type":"article","og_title":"Autogrammstunde mit Wolf Hoffmann von ACCEPT","og_description":"Mit den Alben \u201eBlood of the Nation\u201c und \u201eStalingrad\u201c in 2010 und 2012 haben ACCEPT ein furioses Comeback hingelegt undMehr erfahren","og_url":"https:\/\/www.k-m.de\/brand\/de\/autogrammstunde-mit-wolf-hoffmann-von-accept\/","og_site_name":"K\u00f6nig &amp; Meyer","article_published_time":"2014-02-26T14:19:01+00:00","article_modified_time":"2021-03-24T08:44:45+00:00","og_image":[{"width":688,"height":420,"url":"https:\/\/www.k-m.de\/brand\/wp-content\/uploads\/2014\/02\/Accept.jpg","type":"image\/jpeg"}],"author":"Sandra Scholtz","twitter_card":"summary_large_image","twitter_misc":{"Verfasst von":"Sandra Scholtz"},"schema":{"@context":"https:\/\/schema.org","@graph":[{"@type":"Article","@id":"https:\/\/www.k-m.de\/brand\/de\/autogrammstunde-mit-wolf-hoffmann-von-accept\/#article","isPartOf":{"@id":"https:\/\/www.k-m.de\/brand\/de\/autogrammstunde-mit-wolf-hoffmann-von-accept\/"},"author":{"name":"Sandra Scholtz","@id":"https:\/\/www.k-m.de\/brand\/de\/#\/schema\/person\/ec9984d920bbfdc597fe63f9d3d0dbcb"},"headline":"Autogrammstunde mit Wolf Hoffmann von ACCEPT","datePublished":"2014-02-26T14:19:01+00:00","dateModified":"2021-03-24T08:44:45+00:00","mainEntityOfPage":{"@id":"https:\/\/www.k-m.de\/brand\/de\/autogrammstunde-mit-wolf-hoffmann-von-accept\/"},"wordCount":90,"commentCount":0,"publisher":{"@id":"https:\/\/www.k-m.de\/brand\/de\/#organization"},"image":{"@id":"https:\/\/www.k-m.de\/brand\/de\/autogrammstunde-mit-wolf-hoffmann-von-accept\/#primaryimage"},"thumbnailUrl":"https:\/\/www.k-m.de\/brand\/wp-content\/uploads\/2014\/02\/Accept.jpg","keywords":["Accept","Autogrammstunde","Endorser","Frankfurt","Musikmesse","Wolf Hoffmann"],"articleSection":["Endorser-News","Greetings from Wertheim"],"inLanguage":"de","potentialAction":[{"@type":"CommentAction","name":"Comment","target":["https:\/\/www.k-m.de\/brand\/de\/autogrammstunde-mit-wolf-hoffmann-von-accept\/#respond"]}]},{"@type":"WebPage","@id":"https:\/\/www.k-m.de\/brand\/de\/autogrammstunde-mit-wolf-hoffmann-von-accept\/","url":"https:\/\/www.k-m.de\/brand\/de\/autogrammstunde-mit-wolf-hoffmann-von-accept\/","name":"Autogrammstunde mit Wolf Hoffmann von ACCEPT - K\u00f6nig &amp; Meyer","isPartOf":{"@id":"https:\/\/www.k-m.de\/brand\/de\/#website"},"primaryImageOfPage":{"@id":"https:\/\/www.k-m.de\/brand\/de\/autogrammstunde-mit-wolf-hoffmann-von-accept\/#primaryimage"},"image":{"@id":"https:\/\/www.k-m.de\/brand\/de\/autogrammstunde-mit-wolf-hoffmann-von-accept\/#primaryimage"},"thumbnailUrl":"https:\/\/www.k-m.de\/brand\/wp-content\/uploads\/2014\/02\/Accept.jpg","datePublished":"2014-02-26T14:19:01+00:00","dateModified":"2021-03-24T08:44:45+00:00","breadcrumb":{"@id":"https:\/\/www.k-m.de\/brand\/de\/autogrammstunde-mit-wolf-hoffmann-von-accept\/#breadcrumb"},"inLanguage":"de","potentialAction":[{"@type":"ReadAction","target":["https:\/\/www.k-m.de\/brand\/de\/autogrammstunde-mit-wolf-hoffmann-von-accept\/"]}]},{"@type":"ImageObject","inLanguage":"de","@id":"https:\/\/www.k-m.de\/brand\/de\/autogrammstunde-mit-wolf-hoffmann-von-accept\/#primaryimage","url":"https:\/\/www.k-m.de\/brand\/wp-content\/uploads\/2014\/02\/Accept.jpg","contentUrl":"https:\/\/www.k-m.de\/brand\/wp-content\/uploads\/2014\/02\/Accept.jpg","width":688,"height":420},{"@type":"BreadcrumbList","@id":"https:\/\/www.k-m.de\/brand\/de\/autogrammstunde-mit-wolf-hoffmann-von-accept\/#breadcrumb","itemListElement":[{"@type":"ListItem","position":1,"name":"Startseite","item":"https:\/\/www.k-m.de\/brand\/de\/"},{"@type":"ListItem","position":2,"name":"Autogrammstunde mit Wolf Hoffmann von ACCEPT"}]},{"@type":"WebSite","@id":"https:\/\/www.k-m.de\/brand\/de\/#website","url":"https:\/\/www.k-m.de\/brand\/de\/","name":"K\u00f6nig & Meyer","description":"K\u00f6nig &amp; Meyer ist ein weltweit f\u00fchrender Hersteller f\u00fcr Musikzubeh\u00f6r. Seit \u00fcber 65 Jahren steht K&amp;M f\u00fcr qualitativ hochwertige Produkte.","publisher":{"@id":"https:\/\/www.k-m.de\/brand\/de\/#organization"},"potentialAction":[{"@type":"SearchAction","target":{"@type":"EntryPoint","urlTemplate":"https:\/\/www.k-m.de\/brand\/de\/?s={search_term_string}"},"query-input":{"@type":"PropertyValueSpecification","valueRequired":true,"valueName":"search_term_string"}}],"inLanguage":"de"},{"@type":"Organization","@id":"https:\/\/www.k-m.de\/brand\/de\/#organization","name":"K\u00f6nig & Meyer","url":"https:\/\/www.k-m.de\/brand\/de\/","logo":{"@type":"ImageObject","inLanguage":"de","@id":"https:\/\/www.k-m.de\/brand\/de\/#\/schema\/logo\/image\/","url":"https:\/\/www.k-m.de\/brand\/wp-content\/uploads\/2023\/01\/KM_1c.tif","contentUrl":"https:\/\/www.k-m.de\/brand\/wp-content\/uploads\/2023\/01\/KM_1c.tif","width":1,"height":1,"caption":"K\u00f6nig & Meyer"},"image":{"@id":"https:\/\/www.k-m.de\/brand\/de\/#\/schema\/logo\/image\/"}},{"@type":"Person","@id":"https:\/\/www.k-m.de\/brand\/de\/#\/schema\/person\/ec9984d920bbfdc597fe63f9d3d0dbcb","name":"Sandra Scholtz","url":"https:\/\/www.k-m.de\/brand\/de\/author\/sandra-scholtz\/"}]}},"_links":{"self":[{"href":"https:\/\/www.k-m.de\/brand\/de\/wp-json\/wp\/v2\/posts\/3195","targetHints":{"allow":["GET"]}}],"collection":[{"href":"https:\/\/www.k-m.de\/brand\/de\/wp-json\/wp\/v2\/posts"}],"about":[{"href":"https:\/\/www.k-m.de\/brand\/de\/wp-json\/wp\/v2\/types\/post"}],"author":[{"embeddable":true,"href":"https:\/\/www.k-m.de\/brand\/de\/wp-json\/wp\/v2\/users\/9"}],"replies":[{"embeddable":true,"href":"https:\/\/www.k-m.de\/brand\/de\/wp-json\/wp\/v2\/comments?post=3195"}],"version-history":[{"count":1,"href":"https:\/\/www.k-m.de\/brand\/de\/wp-json\/wp\/v2\/posts\/3195\/revisions"}],"predecessor-version":[{"id":7796,"href":"https:\/\/www.k-m.de\/brand\/de\/wp-json\/wp\/v2\/posts\/3195\/revisions\/7796"}],"wp:featuredmedia":[{"embeddable":true,"href":"https:\/\/www.k-m.de\/brand\/de\/wp-json\/wp\/v2\/media\/3197"}],"wp:attachment":[{"href":"https:\/\/www.k-m.de\/brand\/de\/wp-json\/wp\/v2\/media?parent=3195"}],"wp:term":[{"taxonomy":"category","embeddable":true,"href":"https:\/\/www.k-m.de\/brand\/de\/wp-json\/wp\/v2\/categories?post=3195"},{"taxonomy":"post_tag","embeddable":true,"href":"https:\/\/www.k-m.de\/brand\/de\/wp-json\/wp\/v2\/tags?post=3195"}],"curies":[{"name":"wp","href":"https:\/\/api.w.org\/{rel}","templated":true}]}}