{"id":3260,"date":"2014-07-12T11:13:07","date_gmt":"2014-07-12T11:13:07","guid":{"rendered":"http:\/\/blog.k-m.de\/de\/?p=3260"},"modified":"2021-03-24T09:44:45","modified_gmt":"2021-03-24T08:44:45","slug":"konig-meyer-sportlich-unterwegs","status":"publish","type":"post","link":"https:\/\/www.k-m.de\/brand\/de\/konig-meyer-sportlich-unterwegs\/","title":{"rendered":"K\u00f6nig &#038; Meyer sportlich unterwegs"},"content":{"rendered":"<p dir=\"ltr\"><strong>Am 27. Juni trafen sich 19 K\u00f6nig &amp; Meyer Mitarbeiter, darunter auch ein bereits pensionierter, zur j\u00e4hrlichen Radtour.<br \/>\n<\/strong> Bei perfektem Wetter f\u00fcr solch sportliche Outdoor Aktivit\u00e4ten trafen sich die motivierten Radfahrer an ihrem traditionellen Startort, dem \u201eL\u00f6wenbiergarten\u201c in Bestenheid.\u00a0Die Tour f\u00fchrte in diesem Jahr auf dem bekannten Maintal-Radweg mainabw\u00e4rts bis zur Ortschaft Stadtprozelten. Dort stand der sportlichen Truppe die erste echte Aufgabe bevor. Auf einer steilen Rampe musste das bekannte Ausflugsziel, die Henneburg, erklommen werden. Anschlie\u00dfend ging es auf H\u00f6he der Henneburg weiter. Ein wundersch\u00f6ner Waldweg mit herrlicher Aussicht auf den Main f\u00fchrte in Richtung Faulbach. Nach einem kleinen Anstieg zur Ortschaft Breitenbrunn wartete nach nun gut 20 Kilometern die erste Rast auf die Biker. In der \u201ekleinen M\u00fchle\u201c konnten die Energiereserven aufgef\u00fcllt und Kr\u00e4fte f\u00fcr die weitere Tour gesammelt werden.<\/p>\n<p>Vorbei an der Kneippanlage von Altenbuch fuhren die Radler durch ein Waldst\u00fcck hinauf zum \u201eSandacker\u201c, einer gro\u00dfen Waldkreuzung an der viele Wege abzweigen. Auf einer langen Schotterabfahrt ging es weiter Richtung \u201eKartause- Gr\u00fcnau\u201c. Bei der Abfahrt kam es zu einer kleinen Panne, bei der Gesch\u00e4ftsf\u00fchrer Heiko Wolz mit einem Fahrradschlauch einem gestrandeten Mitarbeiter aushelfen musste. Die letzte Rast vor dem Ziel wurde an der \u201eKartause- Gr\u00fcnau\u201c gemacht. Von dort ging es zur\u00fcck auf den Maintal-Radweg. In Wertheim bogen die Radfahrer auf den Taubertal-Radweg ab und fuhren bis zum Ziel nach Reicholzheim.<\/p>\n<p dir=\"ltr\">An der Tauber warteten schon die K\u00f6nig &amp; Meyer-Angler mit deftigem Gulasch auf die K&amp;M-Truppe. Hier lie\u00dfen die K&amp;M\u00b4ler bei bestem Wetter am Lagerfeuer den sch\u00f6nen Tag ausklingen!<\/p>\n\n","protected":false},"excerpt":{"rendered":"<p>Am 27. Juni trafen sich 19 K\u00f6nig &amp; Meyer Mitarbeiter, darunter auch ein bereits pensionierter, zur j\u00e4hrlichen Radtour. Bei perfektem<span class=\"read_more\">Mehr erfahren<\/span><\/p>\n","protected":false},"author":9,"featured_media":3264,"comment_status":"open","ping_status":"open","sticky":false,"template":"","format":"standard","meta":{"footnotes":""},"categories":[24],"tags":[678,679,680,681,38,682,683,684,595],"class_list":["post-3260","post","type-post","status-publish","format-standard","has-post-thumbnail","hentry","category-km-backstage","tag-aschafenburg","tag-bestenheid","tag-betriebsausflug","tag-km","tag-koenig-meyer","tag-maintal","tag-radtour","tag-taubertal","tag-wertheim"],"better_featured_image":{"id":3264,"alt_text":"Radtour 2014 I Gruppenbild am Berg","caption":"","description":"","media_type":"image","media_details":{"width":688,"height":420,"file":"2014\/07\/Radtour2014.jpg","sizes":{"medium":{"file":"Radtour2014-600x366.jpg","width":600,"height":366,"mime-type":"image\/jpeg","source_url":"https:\/\/www.k-m.de\/brand\/wp-content\/uploads\/2014\/07\/Radtour2014-600x366.jpg"},"profile_24":{"file":"Radtour2014-24x24.jpg","width":24,"height":24,"mime-type":"image\/jpeg","source_url":"https:\/\/www.k-m.de\/brand\/wp-content\/uploads\/2014\/07\/Radtour2014-24x24.jpg"},"profile_48":{"file":"Radtour2014-48x48.jpg","width":48,"height":48,"mime-type":"image\/jpeg","source_url":"https:\/\/www.k-m.de\/brand\/wp-content\/uploads\/2014\/07\/Radtour2014-48x48.jpg"},"profile_96":{"file":"Radtour2014-96x96.jpg","width":96,"height":96,"mime-type":"image\/jpeg","source_url":"https:\/\/www.k-m.de\/brand\/wp-content\/uploads\/2014\/07\/Radtour2014-96x96.jpg"},"thumbnail":{"file":"Radtour2014-800x480.jpg","width":800,"height":480,"mime-type":"image\/jpeg","source_url":"https:\/\/www.k-m.de\/brand\/wp-content\/uploads\/2014\/07\/Radtour2014-800x480.jpg"},"post-thumbnail":{"file":"Radtour2014-800x480.jpg","width":800,"height":480,"mime-type":"image\/jpeg","source_url":"https:\/\/www.k-m.de\/brand\/wp-content\/uploads\/2014\/07\/Radtour2014-800x480.jpg"},"medium_cropped":{"file":"Radtour2014-600x600.jpg","width":600,"height":600,"mime-type":"image\/jpeg","source_url":"https:\/\/www.k-m.de\/brand\/wp-content\/uploads\/2014\/07\/Radtour2014-600x600.jpg"},"large_cropped":{"file":"Radtour2014-1200x720.jpg","width":1200,"height":720,"mime-type":"image\/jpeg","source_url":"https:\/\/www.k-m.de\/brand\/wp-content\/uploads\/2014\/07\/Radtour2014-1200x720.jpg"},"very_large_cropped":{"file":"Radtour2014-1800x900.jpg","width":1800,"height":900,"mime-type":"image\/jpeg","source_url":"https:\/\/www.k-m.de\/brand\/wp-content\/uploads\/2014\/07\/Radtour2014-1800x900.jpg"},"landingpage_thumb":{"file":"Radtour2014-491x300.jpg","width":491,"height":300,"mime-type":"image\/jpeg","source_url":"https:\/\/www.k-m.de\/brand\/wp-content\/uploads\/2014\/07\/Radtour2014-491x300.jpg"},"medium_old_300x183":{"file":"Radtour2014-300x183.jpg","width":300,"height":183,"mime-type":"image\/jpeg","source_url":"https:\/\/www.k-m.de\/brand\/wp-content\/uploads\/2014\/07\/Radtour2014-300x183.jpg"},"thumbnail_old_150x150":{"file":"Radtour2014-150x150.jpg","width":150,"height":150,"mime-type":"image\/jpeg","source_url":"https:\/\/www.k-m.de\/brand\/wp-content\/uploads\/2014\/07\/Radtour2014-150x150.jpg"}},"image_meta":{"aperture":"0","credit":"","camera":"","caption":"","created_timestamp":"0","copyright":"","focal_length":"0","iso":"0","shutter_speed":"0","title":"","orientation":"0","keywords":[]}},"post":null,"source_url":"https:\/\/www.k-m.de\/brand\/wp-content\/uploads\/2014\/07\/Radtour2014.jpg"},"post_meta_fields":{"_vc_post_settings":["a:1:{s:10:\"vc_grid_id\";a:0:{}}"],"_wpml_media_featured":["1"],"_wpml_media_duplicate":["1"],"post_views_count":["1583"],"_edit_last":["9"],"_aioseop_keywords":["K\u00f6nig & Meyer, K&M, Betriebsausflug, Radtour, Wertheim, Bestenheid, Aschafenburg, Taubertal, Maintal"],"_aioseop_description":["Sportlich w\u00e4hrend der WM-Zeit: Am 27. Juni trafen sich 19 K\u00f6nig & Meyer Mitarbeiter zur j\u00e4hrlichen Radtour!"],"_aioseop_title":["K\u00f6nig & Meyer sportlich unterwegs"],"_thumbnail_id":["3264"],"dsq_thread_id":["2837586413"],"_post_dealeronly":[""]},"yoast_head":"<!-- This site is optimized with the Yoast SEO Premium plugin v26.8 (Yoast SEO v27.4) - https:\/\/yoast.com\/product\/yoast-seo-premium-wordpress\/ -->\n<title>K\u00f6nig &amp; Meyer sportlich unterwegs - K\u00f6nig &amp; Meyer<\/title>\n<meta name=\"robots\" content=\"index, follow, max-snippet:-1, max-image-preview:large, max-video-preview:-1\" \/>\n<link rel=\"canonical\" href=\"https:\/\/www.k-m.de\/brand\/de\/konig-meyer-sportlich-unterwegs\/\" \/>\n<meta property=\"og:locale\" content=\"de_DE\" \/>\n<meta property=\"og:type\" content=\"article\" \/>\n<meta property=\"og:title\" content=\"K\u00f6nig &amp; Meyer sportlich unterwegs\" \/>\n<meta property=\"og:description\" content=\"Am 27. Juni trafen sich 19 K\u00f6nig &amp; Meyer Mitarbeiter, darunter auch ein bereits pensionierter, zur j\u00e4hrlichen Radtour. Bei perfektemMehr erfahren\" \/>\n<meta property=\"og:url\" content=\"https:\/\/www.k-m.de\/brand\/de\/konig-meyer-sportlich-unterwegs\/\" \/>\n<meta property=\"og:site_name\" content=\"K\u00f6nig &amp; Meyer\" \/>\n<meta property=\"article:published_time\" content=\"2014-07-12T11:13:07+00:00\" \/>\n<meta property=\"article:modified_time\" content=\"2021-03-24T08:44:45+00:00\" \/>\n<meta property=\"og:image\" content=\"https:\/\/www.k-m.de\/brand\/wp-content\/uploads\/2014\/07\/Radtour2014.jpg\" \/>\n\t<meta property=\"og:image:width\" content=\"688\" \/>\n\t<meta property=\"og:image:height\" content=\"420\" \/>\n\t<meta property=\"og:image:type\" content=\"image\/jpeg\" \/>\n<meta name=\"author\" content=\"Sandra Scholtz\" \/>\n<meta name=\"twitter:card\" content=\"summary_large_image\" \/>\n<meta name=\"twitter:label1\" content=\"Verfasst von\" \/>\n\t<meta name=\"twitter:data1\" content=\"Sandra Scholtz\" \/>\n\t<meta name=\"twitter:label2\" content=\"Gesch\u00e4tzte Lesezeit\" \/>\n\t<meta name=\"twitter:data2\" content=\"1\u00a0Minute\" \/>\n<script type=\"application\/ld+json\" class=\"yoast-schema-graph\">{\"@context\":\"https:\\\/\\\/schema.org\",\"@graph\":[{\"@type\":\"Article\",\"@id\":\"https:\\\/\\\/www.k-m.de\\\/brand\\\/de\\\/konig-meyer-sportlich-unterwegs\\\/#article\",\"isPartOf\":{\"@id\":\"https:\\\/\\\/www.k-m.de\\\/brand\\\/de\\\/konig-meyer-sportlich-unterwegs\\\/\"},\"author\":{\"name\":\"Sandra Scholtz\",\"@id\":\"https:\\\/\\\/www.k-m.de\\\/brand\\\/de\\\/#\\\/schema\\\/person\\\/ec9984d920bbfdc597fe63f9d3d0dbcb\"},\"headline\":\"K\u00f6nig &#038; Meyer sportlich unterwegs\",\"datePublished\":\"2014-07-12T11:13:07+00:00\",\"dateModified\":\"2021-03-24T08:44:45+00:00\",\"mainEntityOfPage\":{\"@id\":\"https:\\\/\\\/www.k-m.de\\\/brand\\\/de\\\/konig-meyer-sportlich-unterwegs\\\/\"},\"wordCount\":287,\"commentCount\":0,\"publisher\":{\"@id\":\"https:\\\/\\\/www.k-m.de\\\/brand\\\/de\\\/#organization\"},\"image\":{\"@id\":\"https:\\\/\\\/www.k-m.de\\\/brand\\\/de\\\/konig-meyer-sportlich-unterwegs\\\/#primaryimage\"},\"thumbnailUrl\":\"https:\\\/\\\/www.k-m.de\\\/brand\\\/wp-content\\\/uploads\\\/2014\\\/07\\\/Radtour2014.jpg\",\"keywords\":[\"Aschafenburg\",\"Bestenheid\",\"Betriebsausflug\",\"K&amp;M\",\"K\u00f6nig &amp; Meyer\",\"Maintal\",\"Radtour\",\"Taubertal\",\"Wertheim\"],\"articleSection\":[\"Greetings from Wertheim\"],\"inLanguage\":\"de\",\"potentialAction\":[{\"@type\":\"CommentAction\",\"name\":\"Comment\",\"target\":[\"https:\\\/\\\/www.k-m.de\\\/brand\\\/de\\\/konig-meyer-sportlich-unterwegs\\\/#respond\"]}]},{\"@type\":\"WebPage\",\"@id\":\"https:\\\/\\\/www.k-m.de\\\/brand\\\/de\\\/konig-meyer-sportlich-unterwegs\\\/\",\"url\":\"https:\\\/\\\/www.k-m.de\\\/brand\\\/de\\\/konig-meyer-sportlich-unterwegs\\\/\",\"name\":\"K\u00f6nig & Meyer sportlich unterwegs - K\u00f6nig &amp; Meyer\",\"isPartOf\":{\"@id\":\"https:\\\/\\\/www.k-m.de\\\/brand\\\/de\\\/#website\"},\"primaryImageOfPage\":{\"@id\":\"https:\\\/\\\/www.k-m.de\\\/brand\\\/de\\\/konig-meyer-sportlich-unterwegs\\\/#primaryimage\"},\"image\":{\"@id\":\"https:\\\/\\\/www.k-m.de\\\/brand\\\/de\\\/konig-meyer-sportlich-unterwegs\\\/#primaryimage\"},\"thumbnailUrl\":\"https:\\\/\\\/www.k-m.de\\\/brand\\\/wp-content\\\/uploads\\\/2014\\\/07\\\/Radtour2014.jpg\",\"datePublished\":\"2014-07-12T11:13:07+00:00\",\"dateModified\":\"2021-03-24T08:44:45+00:00\",\"breadcrumb\":{\"@id\":\"https:\\\/\\\/www.k-m.de\\\/brand\\\/de\\\/konig-meyer-sportlich-unterwegs\\\/#breadcrumb\"},\"inLanguage\":\"de\",\"potentialAction\":[{\"@type\":\"ReadAction\",\"target\":[\"https:\\\/\\\/www.k-m.de\\\/brand\\\/de\\\/konig-meyer-sportlich-unterwegs\\\/\"]}]},{\"@type\":\"ImageObject\",\"inLanguage\":\"de\",\"@id\":\"https:\\\/\\\/www.k-m.de\\\/brand\\\/de\\\/konig-meyer-sportlich-unterwegs\\\/#primaryimage\",\"url\":\"https:\\\/\\\/www.k-m.de\\\/brand\\\/wp-content\\\/uploads\\\/2014\\\/07\\\/Radtour2014.jpg\",\"contentUrl\":\"https:\\\/\\\/www.k-m.de\\\/brand\\\/wp-content\\\/uploads\\\/2014\\\/07\\\/Radtour2014.jpg\",\"width\":688,\"height\":420,\"caption\":\"Radtour 2014 I Gruppenbild am Berg\"},{\"@type\":\"BreadcrumbList\",\"@id\":\"https:\\\/\\\/www.k-m.de\\\/brand\\\/de\\\/konig-meyer-sportlich-unterwegs\\\/#breadcrumb\",\"itemListElement\":[{\"@type\":\"ListItem\",\"position\":1,\"name\":\"Startseite\",\"item\":\"https:\\\/\\\/www.k-m.de\\\/brand\\\/de\\\/\"},{\"@type\":\"ListItem\",\"position\":2,\"name\":\"K\u00f6nig &#038; Meyer sportlich unterwegs\"}]},{\"@type\":\"WebSite\",\"@id\":\"https:\\\/\\\/www.k-m.de\\\/brand\\\/de\\\/#website\",\"url\":\"https:\\\/\\\/www.k-m.de\\\/brand\\\/de\\\/\",\"name\":\"K\u00f6nig & Meyer\",\"description\":\"K\u00f6nig &amp; Meyer ist ein weltweit f\u00fchrender Hersteller f\u00fcr Musikzubeh\u00f6r. Seit \u00fcber 65 Jahren steht K&amp;M f\u00fcr qualitativ hochwertige Produkte.\",\"publisher\":{\"@id\":\"https:\\\/\\\/www.k-m.de\\\/brand\\\/de\\\/#organization\"},\"potentialAction\":[{\"@type\":\"SearchAction\",\"target\":{\"@type\":\"EntryPoint\",\"urlTemplate\":\"https:\\\/\\\/www.k-m.de\\\/brand\\\/de\\\/?s={search_term_string}\"},\"query-input\":{\"@type\":\"PropertyValueSpecification\",\"valueRequired\":true,\"valueName\":\"search_term_string\"}}],\"inLanguage\":\"de\"},{\"@type\":\"Organization\",\"@id\":\"https:\\\/\\\/www.k-m.de\\\/brand\\\/de\\\/#organization\",\"name\":\"K\u00f6nig & Meyer\",\"url\":\"https:\\\/\\\/www.k-m.de\\\/brand\\\/de\\\/\",\"logo\":{\"@type\":\"ImageObject\",\"inLanguage\":\"de\",\"@id\":\"https:\\\/\\\/www.k-m.de\\\/brand\\\/de\\\/#\\\/schema\\\/logo\\\/image\\\/\",\"url\":\"https:\\\/\\\/www.k-m.de\\\/brand\\\/wp-content\\\/uploads\\\/2023\\\/01\\\/KM_1c.tif\",\"contentUrl\":\"https:\\\/\\\/www.k-m.de\\\/brand\\\/wp-content\\\/uploads\\\/2023\\\/01\\\/KM_1c.tif\",\"width\":1,\"height\":1,\"caption\":\"K\u00f6nig & Meyer\"},\"image\":{\"@id\":\"https:\\\/\\\/www.k-m.de\\\/brand\\\/de\\\/#\\\/schema\\\/logo\\\/image\\\/\"}},{\"@type\":\"Person\",\"@id\":\"https:\\\/\\\/www.k-m.de\\\/brand\\\/de\\\/#\\\/schema\\\/person\\\/ec9984d920bbfdc597fe63f9d3d0dbcb\",\"name\":\"Sandra Scholtz\",\"url\":\"https:\\\/\\\/www.k-m.de\\\/brand\\\/de\\\/author\\\/sandra-scholtz\\\/\"}]}<\/script>\n<!-- \/ Yoast SEO Premium plugin. -->","yoast_head_json":{"title":"K\u00f6nig & Meyer sportlich unterwegs - K\u00f6nig &amp; Meyer","robots":{"index":"index","follow":"follow","max-snippet":"max-snippet:-1","max-image-preview":"max-image-preview:large","max-video-preview":"max-video-preview:-1"},"canonical":"https:\/\/www.k-m.de\/brand\/de\/konig-meyer-sportlich-unterwegs\/","og_locale":"de_DE","og_type":"article","og_title":"K\u00f6nig & Meyer sportlich unterwegs","og_description":"Am 27. Juni trafen sich 19 K\u00f6nig &amp; Meyer Mitarbeiter, darunter auch ein bereits pensionierter, zur j\u00e4hrlichen Radtour. Bei perfektemMehr erfahren","og_url":"https:\/\/www.k-m.de\/brand\/de\/konig-meyer-sportlich-unterwegs\/","og_site_name":"K\u00f6nig &amp; Meyer","article_published_time":"2014-07-12T11:13:07+00:00","article_modified_time":"2021-03-24T08:44:45+00:00","og_image":[{"width":688,"height":420,"url":"https:\/\/www.k-m.de\/brand\/wp-content\/uploads\/2014\/07\/Radtour2014.jpg","type":"image\/jpeg"}],"author":"Sandra Scholtz","twitter_card":"summary_large_image","twitter_misc":{"Verfasst von":"Sandra Scholtz","Gesch\u00e4tzte Lesezeit":"1\u00a0Minute"},"schema":{"@context":"https:\/\/schema.org","@graph":[{"@type":"Article","@id":"https:\/\/www.k-m.de\/brand\/de\/konig-meyer-sportlich-unterwegs\/#article","isPartOf":{"@id":"https:\/\/www.k-m.de\/brand\/de\/konig-meyer-sportlich-unterwegs\/"},"author":{"name":"Sandra Scholtz","@id":"https:\/\/www.k-m.de\/brand\/de\/#\/schema\/person\/ec9984d920bbfdc597fe63f9d3d0dbcb"},"headline":"K\u00f6nig &#038; Meyer sportlich unterwegs","datePublished":"2014-07-12T11:13:07+00:00","dateModified":"2021-03-24T08:44:45+00:00","mainEntityOfPage":{"@id":"https:\/\/www.k-m.de\/brand\/de\/konig-meyer-sportlich-unterwegs\/"},"wordCount":287,"commentCount":0,"publisher":{"@id":"https:\/\/www.k-m.de\/brand\/de\/#organization"},"image":{"@id":"https:\/\/www.k-m.de\/brand\/de\/konig-meyer-sportlich-unterwegs\/#primaryimage"},"thumbnailUrl":"https:\/\/www.k-m.de\/brand\/wp-content\/uploads\/2014\/07\/Radtour2014.jpg","keywords":["Aschafenburg","Bestenheid","Betriebsausflug","K&amp;M","K\u00f6nig &amp; Meyer","Maintal","Radtour","Taubertal","Wertheim"],"articleSection":["Greetings from Wertheim"],"inLanguage":"de","potentialAction":[{"@type":"CommentAction","name":"Comment","target":["https:\/\/www.k-m.de\/brand\/de\/konig-meyer-sportlich-unterwegs\/#respond"]}]},{"@type":"WebPage","@id":"https:\/\/www.k-m.de\/brand\/de\/konig-meyer-sportlich-unterwegs\/","url":"https:\/\/www.k-m.de\/brand\/de\/konig-meyer-sportlich-unterwegs\/","name":"K\u00f6nig & Meyer sportlich unterwegs - K\u00f6nig &amp; Meyer","isPartOf":{"@id":"https:\/\/www.k-m.de\/brand\/de\/#website"},"primaryImageOfPage":{"@id":"https:\/\/www.k-m.de\/brand\/de\/konig-meyer-sportlich-unterwegs\/#primaryimage"},"image":{"@id":"https:\/\/www.k-m.de\/brand\/de\/konig-meyer-sportlich-unterwegs\/#primaryimage"},"thumbnailUrl":"https:\/\/www.k-m.de\/brand\/wp-content\/uploads\/2014\/07\/Radtour2014.jpg","datePublished":"2014-07-12T11:13:07+00:00","dateModified":"2021-03-24T08:44:45+00:00","breadcrumb":{"@id":"https:\/\/www.k-m.de\/brand\/de\/konig-meyer-sportlich-unterwegs\/#breadcrumb"},"inLanguage":"de","potentialAction":[{"@type":"ReadAction","target":["https:\/\/www.k-m.de\/brand\/de\/konig-meyer-sportlich-unterwegs\/"]}]},{"@type":"ImageObject","inLanguage":"de","@id":"https:\/\/www.k-m.de\/brand\/de\/konig-meyer-sportlich-unterwegs\/#primaryimage","url":"https:\/\/www.k-m.de\/brand\/wp-content\/uploads\/2014\/07\/Radtour2014.jpg","contentUrl":"https:\/\/www.k-m.de\/brand\/wp-content\/uploads\/2014\/07\/Radtour2014.jpg","width":688,"height":420,"caption":"Radtour 2014 I Gruppenbild am Berg"},{"@type":"BreadcrumbList","@id":"https:\/\/www.k-m.de\/brand\/de\/konig-meyer-sportlich-unterwegs\/#breadcrumb","itemListElement":[{"@type":"ListItem","position":1,"name":"Startseite","item":"https:\/\/www.k-m.de\/brand\/de\/"},{"@type":"ListItem","position":2,"name":"K\u00f6nig &#038; Meyer sportlich unterwegs"}]},{"@type":"WebSite","@id":"https:\/\/www.k-m.de\/brand\/de\/#website","url":"https:\/\/www.k-m.de\/brand\/de\/","name":"K\u00f6nig & Meyer","description":"K\u00f6nig &amp; Meyer ist ein weltweit f\u00fchrender Hersteller f\u00fcr Musikzubeh\u00f6r. Seit \u00fcber 65 Jahren steht K&amp;M f\u00fcr qualitativ hochwertige Produkte.","publisher":{"@id":"https:\/\/www.k-m.de\/brand\/de\/#organization"},"potentialAction":[{"@type":"SearchAction","target":{"@type":"EntryPoint","urlTemplate":"https:\/\/www.k-m.de\/brand\/de\/?s={search_term_string}"},"query-input":{"@type":"PropertyValueSpecification","valueRequired":true,"valueName":"search_term_string"}}],"inLanguage":"de"},{"@type":"Organization","@id":"https:\/\/www.k-m.de\/brand\/de\/#organization","name":"K\u00f6nig & Meyer","url":"https:\/\/www.k-m.de\/brand\/de\/","logo":{"@type":"ImageObject","inLanguage":"de","@id":"https:\/\/www.k-m.de\/brand\/de\/#\/schema\/logo\/image\/","url":"https:\/\/www.k-m.de\/brand\/wp-content\/uploads\/2023\/01\/KM_1c.tif","contentUrl":"https:\/\/www.k-m.de\/brand\/wp-content\/uploads\/2023\/01\/KM_1c.tif","width":1,"height":1,"caption":"K\u00f6nig & Meyer"},"image":{"@id":"https:\/\/www.k-m.de\/brand\/de\/#\/schema\/logo\/image\/"}},{"@type":"Person","@id":"https:\/\/www.k-m.de\/brand\/de\/#\/schema\/person\/ec9984d920bbfdc597fe63f9d3d0dbcb","name":"Sandra Scholtz","url":"https:\/\/www.k-m.de\/brand\/de\/author\/sandra-scholtz\/"}]}},"_links":{"self":[{"href":"https:\/\/www.k-m.de\/brand\/de\/wp-json\/wp\/v2\/posts\/3260","targetHints":{"allow":["GET"]}}],"collection":[{"href":"https:\/\/www.k-m.de\/brand\/de\/wp-json\/wp\/v2\/posts"}],"about":[{"href":"https:\/\/www.k-m.de\/brand\/de\/wp-json\/wp\/v2\/types\/post"}],"author":[{"embeddable":true,"href":"https:\/\/www.k-m.de\/brand\/de\/wp-json\/wp\/v2\/users\/9"}],"replies":[{"embeddable":true,"href":"https:\/\/www.k-m.de\/brand\/de\/wp-json\/wp\/v2\/comments?post=3260"}],"version-history":[{"count":1,"href":"https:\/\/www.k-m.de\/brand\/de\/wp-json\/wp\/v2\/posts\/3260\/revisions"}],"predecessor-version":[{"id":15681,"href":"https:\/\/www.k-m.de\/brand\/de\/wp-json\/wp\/v2\/posts\/3260\/revisions\/15681"}],"wp:featuredmedia":[{"embeddable":true,"href":"https:\/\/www.k-m.de\/brand\/de\/wp-json\/wp\/v2\/media\/3264"}],"wp:attachment":[{"href":"https:\/\/www.k-m.de\/brand\/de\/wp-json\/wp\/v2\/media?parent=3260"}],"wp:term":[{"taxonomy":"category","embeddable":true,"href":"https:\/\/www.k-m.de\/brand\/de\/wp-json\/wp\/v2\/categories?post=3260"},{"taxonomy":"post_tag","embeddable":true,"href":"https:\/\/www.k-m.de\/brand\/de\/wp-json\/wp\/v2\/tags?post=3260"}],"curies":[{"name":"wp","href":"https:\/\/api.w.org\/{rel}","templated":true}]}}