{"id":3524,"date":"2014-11-24T10:00:05","date_gmt":"2014-11-24T10:00:05","guid":{"rendered":"http:\/\/blog.k-m.de\/de\/?p=3524"},"modified":"2024-04-25T11:23:19","modified_gmt":"2024-04-25T09:23:19","slug":"der-deutsche-rock-pop-preis-eine-erfolgsgeschichte","status":"publish","type":"post","link":"https:\/\/www.k-m.de\/brand\/de\/der-deutsche-rock-pop-preis-eine-erfolgsgeschichte\/","title":{"rendered":"Der Deutsche Rock &#038; Pop Preis &#8211; eine Erfolgsgeschichte"},"content":{"rendered":"<p>Der <a title=\"Info-Seite auf k-m.de\" href=\"https:\/\/www.k-m.de\/brand\/de\/endorser\/deutscher-rock-pop-preis\/\" target=\"_blank\" rel=\"noopener\"> Deutsche Rock &amp; Pop Preis<\/a>\u00a0findet in diesem Jahr bereits zum 32. Mal statt. Als renommierter Preis zur F\u00f6rderung des deutschen Rock- und Pop-Nachwuchses, verschaffte er schon so einigen bekannten Bands und S\u00e4nger\/innen ein Sprungbrett zum Erfolg.\u00a0K\u00f6nig &amp; Meyer war und ist die F\u00f6rderung von Talenten sehr wichtig.\u00a0So unterst\u00fctzen die Wertheimer den Rock &amp; Pop Preis\u00a0schon seit vielen Jahren\u00a0als Sponsor. Als langj\u00e4hriges Mitglied der Jury hat\u00a0Andr\u00e9 Scherzer (Musiker,\u00a0K\u00f6nig &amp; Meyer\u00a0Printmarketing) zudem immer einen Gutschein f\u00fcr eine der Gewinnerbands im Gep\u00e4ck.<\/p>\n<p><img loading=\"lazy\" decoding=\"async\" class=\"alignnone wp-image-9745 size-medium\" title=\"Anf_013[2]\" src=\"https:\/\/www.k-m.de\/brand\/wp-content\/uploads\/2014\/11\/Anf_0132-1-600x400.jpg\" alt=\"\" width=\"600\" height=\"400\" srcset=\"https:\/\/www.k-m.de\/brand\/wp-content\/uploads\/2014\/11\/Anf_0132-1-600x400.jpg 600w, https:\/\/www.k-m.de\/brand\/wp-content\/uploads\/2014\/11\/Anf_0132-1-450x300.jpg 450w, https:\/\/www.k-m.de\/brand\/wp-content\/uploads\/2014\/11\/Anf_0132-1.jpg 688w\" sizes=\"auto, (max-width: 600px) 100vw, 600px\" \/><\/p>\n<p>Wie in diesem <a title=\"Blog zum Rock &amp; Pop Preis 2013\" href=\"https:\/\/www.k-m.de\/brand\/de\/rock-pop-preis-km-aktiv-fur-talentforderung\/\" target=\"_blank\" rel=\"noopener\"> Artikel von 2013<\/a>, gab es in den letzten Jahren auch immer kleine Berichte zum Event.\u00a0Heute freuen wir uns einen Blogbeitrag von Ole Seelenmeyer, dem Initiator des Rock &amp; Pop Preises und Gr\u00fcnder des\u00a0Deutschen Rock &amp; Pop Musikerverbands. Er erz\u00e4hlt von den Anf\u00e4ngen des Musikwettbewerbs, von Kartoffelsuppe mit Pur und der eigentlichen Vision, die hinter dem Deutschen Rock &amp; Pop Preis steht.<\/p>\n<p>&nbsp;<\/p>\n<p>Musik war schon immer ein zentrales Thema in meinem Leben. Meine musikalische Fr\u00fcherziehung bezog sich zuerst auf einen Kirchen- und Schulchor und Violinenunterricht. Doch dann kamen die Beatles\u2026 Schon als Jugendlicher h\u00f6rte ich diese Band mit gro\u00dfer Leidenschaft und rebellierte mit meiner Art gegen mein Elternhaus und die Schule. Mein Herz schl\u00e4gt seit dieser Zeit, Mitte der 60er Jahre, f\u00fcr die Rock- und Popmusik.<br \/>\nDie Unterscheidung und der gesellschaftliche Stellenwert von U- und E-Musik \u00e4rgerten mich schon in den 60er Jahren so sehr, dass ich es mir schon damals zum Ziel setzte, daf\u00fcr zu k\u00e4mpfen, dass die Rock- und Popmusik kulturell anerkannt wird.<\/p>\n<p>Der eigentliche Anfang dazu begann nach vielen Versuchen in L\u00fcneburg 1983. In diesem Jahr gr\u00fcndete ich den Deutschen Rock &amp; Pop Musikerverband e.V. Ich sah es als meine Aufgabe an, die Rock- und Popmusiker in Deutschland zu organisieren, ihnen im Musikbusiness mit Rat und Tat zur Seite zu stehen, sie untereinander zu vernetzen und kulturelle Ideen f\u00fcr diesen Musikbereich zu entwickeln (seit 1981 Musiker Magazin, 1983 Deutscher Rock &amp; Pop Preis, 2002 Deutsche PopStiftung, 2008 Musiker Online etc.).<\/p>\n<p>Im gleichen Jahr organisierte ich das erste \u201eBundesrockfestival\u201c in der L\u00fcneburger Nordlandhalle. Wir schrieben Handzettel, druckten Plakate und schafften es irgendwie \u00fcber 600 Musikbegeisterte und Musiker zu mobilisieren, um sie an diesem ersten unabh\u00e4ngigen Wettbewerb teilnehmen zu lassen.\u00a0Es war ein unvergesslicher Abend und der Startschuss f\u00fcr den zuk\u00fcnftigen Deutschen Rock und Pop Preis, der heute zum \u00e4ltesten und erfolgreichsten Musikwettbewerb im Bereich der Rock- und Popmusik z\u00e4hlt.\u00a0Zwei Jahre sp\u00e4ter konnten wir einen bekannten Hamburger Konzertveranstalter f\u00fcr uns gewinnen und veranstalteten das 3. Bundesrockfestival im Hamburger Stadtpark.<\/p>\n<p>&nbsp;<\/p>\n<p>Ein Jahr sp\u00e4ter stand dann Pur bei uns in der Stadthalle Osnabr\u00fcck auf der B\u00fchne, beworben hatten sie sich unter dem Namen Opus. \u00dcber 700 K\u00fcnstler und Bands reichten damals f\u00fcr diesen Wettbewerb Demob\u00e4nder plus Schallplatten ein.\u00a0F\u00fcr uns war das ein magischer Moment.<br \/>\nPur wurde 1986 Bundesrocksieger. Zun\u00e4chst avancierte diese Band zum Landessieger in Baden-W\u00fcrttemberg, dann wurde ihnen auch der Preis als beste Band dieses Wettbewerbs verliehen. Sp\u00e4ter sa\u00dfen Pur bei uns in L\u00fcneburg am Mittagstisch und wir a\u00dfen gemeinsam Kartoffelsuppe und besprachen, wie es weitergehen sollte. Ich empfahl einem A&amp;R Manager sich mit ihnen in Verbindung zu setzen &#8211; und der nahm sie kurze Zeit sp\u00e4ter unter Vertrag (damals Intercord\/Stuttgart, dann CBS, heute Sony). Das war der Beginn ihrer Karriere.<\/p>\n<p>&nbsp;<\/p>\n<div id=\"attachment_9748\" style=\"width: 610px\" class=\"wp-caption alignnone\"><img loading=\"lazy\" decoding=\"async\" aria-describedby=\"caption-attachment-9748\" class=\"wp-image-9748 size-medium\" title=\"DRMV Rock &amp; Pop Preis 2008 My Music Expo Friedrichshafen\" src=\"https:\/\/www.k-m.de\/brand\/wp-content\/uploads\/2014\/11\/DRMV-2008-12126-1-600x399.jpg\" alt=\"\" width=\"600\" height=\"399\" srcset=\"https:\/\/www.k-m.de\/brand\/wp-content\/uploads\/2014\/11\/DRMV-2008-12126-1-600x399.jpg 600w, https:\/\/www.k-m.de\/brand\/wp-content\/uploads\/2014\/11\/DRMV-2008-12126-1-452x300.jpg 452w, https:\/\/www.k-m.de\/brand\/wp-content\/uploads\/2014\/11\/DRMV-2008-12126-1.jpg 688w\" sizes=\"auto, (max-width: 600px) 100vw, 600px\" \/><p id=\"caption-attachment-9748\" class=\"wp-caption-text\">DRMV Rock &amp; Pop Preis 2008 My Music Expo Friedrichshafen<\/p><\/div>\n<p>&nbsp;<\/p>\n<p>Neben Pur gab es weitere K\u00fcnstler, die den Deutschen Rock &amp; Pop Preis als Sprungbrett f\u00fcr ihre musikalische Karriere nutzten. Dazu geh\u00f6rten 2001 die Band Juli und 2008 auch die Band<a title=\"Bandprofil auf k-m.de\" href=\"http:\/\/k-m.de\/de\/bandsundkuenstler\/luxuslaerm.html\" target=\"_blank\" rel=\"noopener\"> Luxusl\u00e4rm<\/a>.<br \/>\nAber die aus dem Deutschen Rock &amp; Pop Preis resultierenden bekannten Rock- und Popstars sind nicht unser Antrieb oder unser Bestreben, mit diesem kulturellen Wettbewerb weiter zu machen. Unser Fokus liegt darin, Musiker aus ganz Deutschland und aus allen musikstilistischen Bereichen zusammen zu bringen. Der Austausch untereinander, die Vernetzung und die Neugier und Offenheit, von den anderen zu lernen und sich inspirieren zu lassen, ist unsere Mission. Es ist jedes Mal faszinierend zu sehen, wie unterschiedlichste Menschen zusammenkommen, miteinander diskutieren oder zusammen Musik spielen.<\/p>\n<p>&nbsp;<\/p>\n<p>Seit 2002 finanziert sich dieser musikalische Wettbewerb gleichberechtigt aus den Geldern des gemeinn\u00fctzigen DRMV e.V., der Deutschen PopStiftung sowie den Teilnehmern dieses kulturellen Wettbewerbs. Diese gemeinschaftliche Finanzierung dieser gro\u00dfen Kulturveranstaltung ist einzigartig in der Musikbranche. Wir sind somit endlich unabh\u00e4ngig von \u00f6ffentlichen Geldern!<\/p>\n<p><img loading=\"lazy\" decoding=\"async\" class=\"alignnone wp-image-9751 size-medium\" title=\"Jury01_MM_020[6]\" src=\"https:\/\/www.k-m.de\/brand\/wp-content\/uploads\/2014\/11\/Jury01_MM_0206-1-600x400.jpg\" alt=\"\" width=\"600\" height=\"400\" srcset=\"https:\/\/www.k-m.de\/brand\/wp-content\/uploads\/2014\/11\/Jury01_MM_0206-1-600x400.jpg 600w, https:\/\/www.k-m.de\/brand\/wp-content\/uploads\/2014\/11\/Jury01_MM_0206-1-450x300.jpg 450w, https:\/\/www.k-m.de\/brand\/wp-content\/uploads\/2014\/11\/Jury01_MM_0206-1.jpg 688w\" sizes=\"auto, (max-width: 600px) 100vw, 600px\" \/><\/p>\n<p>Dieses Jahr werden wir am 13. Dezember in Siegen in der Siegerlandhalle den 32. Deutschen Rock &amp; Pop Preis veranstalten. Wir haben wieder eine Masse von Bewerbungen erhalten, die ein Team aus unabh\u00e4ngigen Juroren durchgeh\u00f6rt \u00a0und bewertet hat. Die besten ca. 80 Bands und Solok\u00fcnstler werden die Chance haben, sich live dem Publikum und einer Fachjury vor Ort zu pr\u00e4sentieren. F\u00fcnf Minuten hat jede\/r Band\/K\u00fcnstler Zeit, sein Bestes zu geben. Die Fachjury, bestehend aus Vertretern der Musik- und Medienbranche, die uns ehrenamtlich mit ihrem Know-how und ihrer Kompetenz zur Seite steht, sucht die Allerbesten aus diesem Wettbewerb heraus.<\/p>\n<p>Wir freuen uns und sind gespannt, was uns in 2014 beim Deutschen Rock &amp; Pop Preis erwartet und wer dieses Jahr die begehrten Oscars bekommen wird.<\/p>\n<p>&nbsp;<\/p>\n","protected":false},"excerpt":{"rendered":"<p>Der Deutsche Rock &amp; Pop Preis\u00a0findet in diesem Jahr bereits zum 32. Mal statt. Als renommierter Preis zur F\u00f6rderung des<span class=\"read_more\">Mehr erfahren<\/span><\/p>\n","protected":false},"author":12,"featured_media":2953,"comment_status":"open","ping_status":"open","sticky":false,"template":"","format":"standard","meta":{"footnotes":""},"categories":[13,1365],"tags":[38,470,725,518,726,417,727,728],"class_list":["post-3524","post","type-post","status-publish","format-standard","has-post-thumbnail","hentry","category-endorser","category-musikbusiness","tag-koenig-meyer","tag-musikequipment","tag-musikwettbewerb","tag-nachwuchsforderung","tag-ole-seelenmeyer","tag-rock-pop-preis","tag-talentforderung","tag-talentwettbewerb"],"better_featured_image":{"id":2953,"alt_text":"Gewinner des Rock & Pop Preises 2013","caption":"Gewinner des 31. Deutscher Rock & Pop Preis ","description":"Am 23. November wurden, diesmal in Ludwigshafen, die Preise in 124 musikstilistischen Bereichen verliehen.","media_type":"image","media_details":{"width":688,"height":419,"file":"2013\/12\/RockPop2013.jpg","sizes":{"medium":{"file":"RockPop2013-600x365.jpg","width":600,"height":365,"mime-type":"image\/jpeg","source_url":"https:\/\/www.k-m.de\/brand\/wp-content\/uploads\/2013\/12\/RockPop2013-600x365.jpg"},"profile_24":{"file":"RockPop2013-24x24.jpg","width":24,"height":24,"mime-type":"image\/jpeg","source_url":"https:\/\/www.k-m.de\/brand\/wp-content\/uploads\/2013\/12\/RockPop2013-24x24.jpg"},"profile_48":{"file":"RockPop2013-48x48.jpg","width":48,"height":48,"mime-type":"image\/jpeg","source_url":"https:\/\/www.k-m.de\/brand\/wp-content\/uploads\/2013\/12\/RockPop2013-48x48.jpg"},"profile_96":{"file":"RockPop2013-96x96.jpg","width":96,"height":96,"mime-type":"image\/jpeg","source_url":"https:\/\/www.k-m.de\/brand\/wp-content\/uploads\/2013\/12\/RockPop2013-96x96.jpg"},"thumbnail":{"file":"RockPop2013-800x480.jpg","width":800,"height":480,"mime-type":"image\/jpeg","source_url":"https:\/\/www.k-m.de\/brand\/wp-content\/uploads\/2013\/12\/RockPop2013-800x480.jpg"},"post-thumbnail":{"file":"RockPop2013-800x480.jpg","width":800,"height":480,"mime-type":"image\/jpeg","source_url":"https:\/\/www.k-m.de\/brand\/wp-content\/uploads\/2013\/12\/RockPop2013-800x480.jpg"},"medium_cropped":{"file":"RockPop2013-600x600.jpg","width":600,"height":600,"mime-type":"image\/jpeg","source_url":"https:\/\/www.k-m.de\/brand\/wp-content\/uploads\/2013\/12\/RockPop2013-600x600.jpg"},"large_cropped":{"file":"RockPop2013-1200x720.jpg","width":1200,"height":720,"mime-type":"image\/jpeg","source_url":"https:\/\/www.k-m.de\/brand\/wp-content\/uploads\/2013\/12\/RockPop2013-1200x720.jpg"},"very_large_cropped":{"file":"RockPop2013-1800x900.jpg","width":1800,"height":900,"mime-type":"image\/jpeg","source_url":"https:\/\/www.k-m.de\/brand\/wp-content\/uploads\/2013\/12\/RockPop2013-1800x900.jpg"},"landingpage_thumb":{"file":"RockPop2013-493x300.jpg","width":493,"height":300,"mime-type":"image\/jpeg","source_url":"https:\/\/www.k-m.de\/brand\/wp-content\/uploads\/2013\/12\/RockPop2013-493x300.jpg"},"medium_old_300x183":{"file":"RockPop2013-300x183.jpg","width":300,"height":183,"mime-type":"image\/jpeg","source_url":"https:\/\/www.k-m.de\/brand\/wp-content\/uploads\/2013\/12\/RockPop2013-300x183.jpg"},"thumbnail_old_150x150":{"file":"RockPop2013-150x150.jpg","width":150,"height":150,"mime-type":"image\/jpeg","source_url":"https:\/\/www.k-m.de\/brand\/wp-content\/uploads\/2013\/12\/RockPop2013-150x150.jpg"}},"image_meta":{"aperture":"0","credit":"","camera":"","caption":"","created_timestamp":"0","copyright":"","focal_length":"0","iso":"0","shutter_speed":"0","title":"","orientation":"1","keywords":[]}},"post":null,"source_url":"https:\/\/www.k-m.de\/brand\/wp-content\/uploads\/2013\/12\/RockPop2013.jpg"},"post_meta_fields":{"_wpml_media_featured":["1"],"_wpml_media_duplicate":["1"],"_edit_last":["9"],"_aioseop_description":["Ole Seelenmeyer erz\u00e4hlt von den Anf\u00e4ngen des renommierten Preises zur F\u00f6rderung des Musik-Nachwuchses, Kartoffelsuppe mit Pur und der eigentlichen Vision!"],"post_views_count":["3109"],"_aioseop_keywords":["Rock & Pop Preis, Ole Seelenmeyer, K\u00f6nig & Meyer, Musikwettbewerb, Nachwuchsf\u00f6rderung, Talentwettbewerb, Talentf\u00f6rderung, Musikequipment"],"_thumbnail_id":["2953"],"dsq_thread_id":["3259230754"],"ratings_average":["0"],"ratings_score":["0"],"ratings_users":["0"],"_aioseop_title":["Der Deutsche Rock & Pop Preis - eine Erfolgsgeschichte "],"_edit_lock":["1714036999:9"],"_wpb_vc_js_status":["false"],"_post_dealeronly":[""],"_yoast_indexnow_last_ping":["1714036999"],"_wpml_word_count":["{\"total\":862,\"to_translate\":{\"en\":862,\"us\":862}}"]},"yoast_head":"<!-- This site is optimized with the Yoast SEO Premium plugin v26.8 (Yoast SEO v27.4) - https:\/\/yoast.com\/product\/yoast-seo-premium-wordpress\/ -->\n<title>Der Deutsche Rock &amp; Pop Preis - eine Erfolgsgeschichte - K\u00f6nig &amp; Meyer<\/title>\n<meta name=\"robots\" content=\"index, follow, max-snippet:-1, max-image-preview:large, max-video-preview:-1\" \/>\n<link rel=\"canonical\" href=\"https:\/\/www.k-m.de\/brand\/de\/der-deutsche-rock-pop-preis-eine-erfolgsgeschichte\/\" \/>\n<meta property=\"og:locale\" content=\"de_DE\" \/>\n<meta property=\"og:type\" content=\"article\" \/>\n<meta property=\"og:title\" content=\"Der Deutsche Rock &amp; Pop Preis - eine Erfolgsgeschichte\" \/>\n<meta property=\"og:description\" content=\"Der Deutsche Rock &amp; Pop Preis\u00a0findet in diesem Jahr bereits zum 32. Mal statt. Als renommierter Preis zur F\u00f6rderung desMehr erfahren\" \/>\n<meta property=\"og:url\" content=\"https:\/\/www.k-m.de\/brand\/de\/der-deutsche-rock-pop-preis-eine-erfolgsgeschichte\/\" \/>\n<meta property=\"og:site_name\" content=\"K\u00f6nig &amp; Meyer\" \/>\n<meta property=\"article:published_time\" content=\"2014-11-24T10:00:05+00:00\" \/>\n<meta property=\"article:modified_time\" content=\"2024-04-25T09:23:19+00:00\" \/>\n<meta property=\"og:image\" content=\"https:\/\/www.k-m.de\/brand\/wp-content\/uploads\/2013\/12\/RockPop2013.jpg\" \/>\n\t<meta property=\"og:image:width\" content=\"688\" \/>\n\t<meta property=\"og:image:height\" content=\"419\" \/>\n\t<meta property=\"og:image:type\" content=\"image\/jpeg\" \/>\n<meta name=\"author\" content=\"Gastblogger\" \/>\n<meta name=\"twitter:card\" content=\"summary_large_image\" \/>\n<meta name=\"twitter:label1\" content=\"Verfasst von\" \/>\n\t<meta name=\"twitter:data1\" content=\"Gastblogger\" \/>\n\t<meta name=\"twitter:label2\" content=\"Gesch\u00e4tzte Lesezeit\" \/>\n\t<meta name=\"twitter:data2\" content=\"4\u00a0Minuten\" \/>\n<script type=\"application\/ld+json\" class=\"yoast-schema-graph\">{\"@context\":\"https:\\\/\\\/schema.org\",\"@graph\":[{\"@type\":\"Article\",\"@id\":\"https:\\\/\\\/www.k-m.de\\\/brand\\\/de\\\/der-deutsche-rock-pop-preis-eine-erfolgsgeschichte\\\/#article\",\"isPartOf\":{\"@id\":\"https:\\\/\\\/www.k-m.de\\\/brand\\\/de\\\/der-deutsche-rock-pop-preis-eine-erfolgsgeschichte\\\/\"},\"author\":{\"name\":\"Gastblogger\",\"@id\":\"https:\\\/\\\/www.k-m.de\\\/brand\\\/de\\\/#\\\/schema\\\/person\\\/e957effb18c404c7dab95ea04574b2c5\"},\"headline\":\"Der Deutsche Rock &#038; Pop Preis &#8211; eine Erfolgsgeschichte\",\"datePublished\":\"2014-11-24T10:00:05+00:00\",\"dateModified\":\"2024-04-25T09:23:19+00:00\",\"mainEntityOfPage\":{\"@id\":\"https:\\\/\\\/www.k-m.de\\\/brand\\\/de\\\/der-deutsche-rock-pop-preis-eine-erfolgsgeschichte\\\/\"},\"wordCount\":904,\"commentCount\":0,\"publisher\":{\"@id\":\"https:\\\/\\\/www.k-m.de\\\/brand\\\/de\\\/#organization\"},\"image\":{\"@id\":\"https:\\\/\\\/www.k-m.de\\\/brand\\\/de\\\/der-deutsche-rock-pop-preis-eine-erfolgsgeschichte\\\/#primaryimage\"},\"thumbnailUrl\":\"https:\\\/\\\/www.k-m.de\\\/brand\\\/wp-content\\\/uploads\\\/2013\\\/12\\\/RockPop2013.jpg\",\"keywords\":[\"K\u00f6nig &amp; Meyer\",\"Musikequipment\",\"Musikwettbewerb\",\"Nachwuchsf\u00f6rderung\",\"Ole Seelenmeyer\",\"rock &amp; pop Preis\",\"Talentf\u00f6rderung\",\"Talentwettbewerb\"],\"articleSection\":[\"Endorser-News\",\"Musikbusiness\"],\"inLanguage\":\"de\",\"potentialAction\":[{\"@type\":\"CommentAction\",\"name\":\"Comment\",\"target\":[\"https:\\\/\\\/www.k-m.de\\\/brand\\\/de\\\/der-deutsche-rock-pop-preis-eine-erfolgsgeschichte\\\/#respond\"]}]},{\"@type\":\"WebPage\",\"@id\":\"https:\\\/\\\/www.k-m.de\\\/brand\\\/de\\\/der-deutsche-rock-pop-preis-eine-erfolgsgeschichte\\\/\",\"url\":\"https:\\\/\\\/www.k-m.de\\\/brand\\\/de\\\/der-deutsche-rock-pop-preis-eine-erfolgsgeschichte\\\/\",\"name\":\"Der Deutsche Rock & Pop Preis - eine Erfolgsgeschichte - K\u00f6nig &amp; Meyer\",\"isPartOf\":{\"@id\":\"https:\\\/\\\/www.k-m.de\\\/brand\\\/de\\\/#website\"},\"primaryImageOfPage\":{\"@id\":\"https:\\\/\\\/www.k-m.de\\\/brand\\\/de\\\/der-deutsche-rock-pop-preis-eine-erfolgsgeschichte\\\/#primaryimage\"},\"image\":{\"@id\":\"https:\\\/\\\/www.k-m.de\\\/brand\\\/de\\\/der-deutsche-rock-pop-preis-eine-erfolgsgeschichte\\\/#primaryimage\"},\"thumbnailUrl\":\"https:\\\/\\\/www.k-m.de\\\/brand\\\/wp-content\\\/uploads\\\/2013\\\/12\\\/RockPop2013.jpg\",\"datePublished\":\"2014-11-24T10:00:05+00:00\",\"dateModified\":\"2024-04-25T09:23:19+00:00\",\"breadcrumb\":{\"@id\":\"https:\\\/\\\/www.k-m.de\\\/brand\\\/de\\\/der-deutsche-rock-pop-preis-eine-erfolgsgeschichte\\\/#breadcrumb\"},\"inLanguage\":\"de\",\"potentialAction\":[{\"@type\":\"ReadAction\",\"target\":[\"https:\\\/\\\/www.k-m.de\\\/brand\\\/de\\\/der-deutsche-rock-pop-preis-eine-erfolgsgeschichte\\\/\"]}]},{\"@type\":\"ImageObject\",\"inLanguage\":\"de\",\"@id\":\"https:\\\/\\\/www.k-m.de\\\/brand\\\/de\\\/der-deutsche-rock-pop-preis-eine-erfolgsgeschichte\\\/#primaryimage\",\"url\":\"https:\\\/\\\/www.k-m.de\\\/brand\\\/wp-content\\\/uploads\\\/2013\\\/12\\\/RockPop2013.jpg\",\"contentUrl\":\"https:\\\/\\\/www.k-m.de\\\/brand\\\/wp-content\\\/uploads\\\/2013\\\/12\\\/RockPop2013.jpg\",\"width\":688,\"height\":419,\"caption\":\"Gewinner des 31. Deutscher Rock & Pop Preis\"},{\"@type\":\"BreadcrumbList\",\"@id\":\"https:\\\/\\\/www.k-m.de\\\/brand\\\/de\\\/der-deutsche-rock-pop-preis-eine-erfolgsgeschichte\\\/#breadcrumb\",\"itemListElement\":[{\"@type\":\"ListItem\",\"position\":1,\"name\":\"Startseite\",\"item\":\"https:\\\/\\\/www.k-m.de\\\/brand\\\/de\\\/\"},{\"@type\":\"ListItem\",\"position\":2,\"name\":\"Der Deutsche Rock &#038; Pop Preis &#8211; eine Erfolgsgeschichte\"}]},{\"@type\":\"WebSite\",\"@id\":\"https:\\\/\\\/www.k-m.de\\\/brand\\\/de\\\/#website\",\"url\":\"https:\\\/\\\/www.k-m.de\\\/brand\\\/de\\\/\",\"name\":\"K\u00f6nig & Meyer\",\"description\":\"K\u00f6nig &amp; Meyer ist ein weltweit f\u00fchrender Hersteller f\u00fcr Musikzubeh\u00f6r. Seit \u00fcber 65 Jahren steht K&amp;M f\u00fcr qualitativ hochwertige Produkte.\",\"publisher\":{\"@id\":\"https:\\\/\\\/www.k-m.de\\\/brand\\\/de\\\/#organization\"},\"potentialAction\":[{\"@type\":\"SearchAction\",\"target\":{\"@type\":\"EntryPoint\",\"urlTemplate\":\"https:\\\/\\\/www.k-m.de\\\/brand\\\/de\\\/?s={search_term_string}\"},\"query-input\":{\"@type\":\"PropertyValueSpecification\",\"valueRequired\":true,\"valueName\":\"search_term_string\"}}],\"inLanguage\":\"de\"},{\"@type\":\"Organization\",\"@id\":\"https:\\\/\\\/www.k-m.de\\\/brand\\\/de\\\/#organization\",\"name\":\"K\u00f6nig & Meyer\",\"url\":\"https:\\\/\\\/www.k-m.de\\\/brand\\\/de\\\/\",\"logo\":{\"@type\":\"ImageObject\",\"inLanguage\":\"de\",\"@id\":\"https:\\\/\\\/www.k-m.de\\\/brand\\\/de\\\/#\\\/schema\\\/logo\\\/image\\\/\",\"url\":\"https:\\\/\\\/www.k-m.de\\\/brand\\\/wp-content\\\/uploads\\\/2023\\\/01\\\/KM_1c.tif\",\"contentUrl\":\"https:\\\/\\\/www.k-m.de\\\/brand\\\/wp-content\\\/uploads\\\/2023\\\/01\\\/KM_1c.tif\",\"width\":1,\"height\":1,\"caption\":\"K\u00f6nig & Meyer\"},\"image\":{\"@id\":\"https:\\\/\\\/www.k-m.de\\\/brand\\\/de\\\/#\\\/schema\\\/logo\\\/image\\\/\"}},{\"@type\":\"Person\",\"@id\":\"https:\\\/\\\/www.k-m.de\\\/brand\\\/de\\\/#\\\/schema\\\/person\\\/e957effb18c404c7dab95ea04574b2c5\",\"name\":\"Gastblogger\",\"url\":\"https:\\\/\\\/www.k-m.de\\\/brand\\\/de\\\/author\\\/gastblogger\\\/\"}]}<\/script>\n<!-- \/ Yoast SEO Premium plugin. -->","yoast_head_json":{"title":"Der Deutsche Rock & Pop Preis - eine Erfolgsgeschichte - K\u00f6nig &amp; Meyer","robots":{"index":"index","follow":"follow","max-snippet":"max-snippet:-1","max-image-preview":"max-image-preview:large","max-video-preview":"max-video-preview:-1"},"canonical":"https:\/\/www.k-m.de\/brand\/de\/der-deutsche-rock-pop-preis-eine-erfolgsgeschichte\/","og_locale":"de_DE","og_type":"article","og_title":"Der Deutsche Rock & Pop Preis - eine Erfolgsgeschichte","og_description":"Der Deutsche Rock &amp; Pop Preis\u00a0findet in diesem Jahr bereits zum 32. Mal statt. Als renommierter Preis zur F\u00f6rderung desMehr erfahren","og_url":"https:\/\/www.k-m.de\/brand\/de\/der-deutsche-rock-pop-preis-eine-erfolgsgeschichte\/","og_site_name":"K\u00f6nig &amp; Meyer","article_published_time":"2014-11-24T10:00:05+00:00","article_modified_time":"2024-04-25T09:23:19+00:00","og_image":[{"width":688,"height":419,"url":"https:\/\/www.k-m.de\/brand\/wp-content\/uploads\/2013\/12\/RockPop2013.jpg","type":"image\/jpeg"}],"author":"Gastblogger","twitter_card":"summary_large_image","twitter_misc":{"Verfasst von":"Gastblogger","Gesch\u00e4tzte Lesezeit":"4\u00a0Minuten"},"schema":{"@context":"https:\/\/schema.org","@graph":[{"@type":"Article","@id":"https:\/\/www.k-m.de\/brand\/de\/der-deutsche-rock-pop-preis-eine-erfolgsgeschichte\/#article","isPartOf":{"@id":"https:\/\/www.k-m.de\/brand\/de\/der-deutsche-rock-pop-preis-eine-erfolgsgeschichte\/"},"author":{"name":"Gastblogger","@id":"https:\/\/www.k-m.de\/brand\/de\/#\/schema\/person\/e957effb18c404c7dab95ea04574b2c5"},"headline":"Der Deutsche Rock &#038; Pop Preis &#8211; eine Erfolgsgeschichte","datePublished":"2014-11-24T10:00:05+00:00","dateModified":"2024-04-25T09:23:19+00:00","mainEntityOfPage":{"@id":"https:\/\/www.k-m.de\/brand\/de\/der-deutsche-rock-pop-preis-eine-erfolgsgeschichte\/"},"wordCount":904,"commentCount":0,"publisher":{"@id":"https:\/\/www.k-m.de\/brand\/de\/#organization"},"image":{"@id":"https:\/\/www.k-m.de\/brand\/de\/der-deutsche-rock-pop-preis-eine-erfolgsgeschichte\/#primaryimage"},"thumbnailUrl":"https:\/\/www.k-m.de\/brand\/wp-content\/uploads\/2013\/12\/RockPop2013.jpg","keywords":["K\u00f6nig &amp; Meyer","Musikequipment","Musikwettbewerb","Nachwuchsf\u00f6rderung","Ole Seelenmeyer","rock &amp; pop Preis","Talentf\u00f6rderung","Talentwettbewerb"],"articleSection":["Endorser-News","Musikbusiness"],"inLanguage":"de","potentialAction":[{"@type":"CommentAction","name":"Comment","target":["https:\/\/www.k-m.de\/brand\/de\/der-deutsche-rock-pop-preis-eine-erfolgsgeschichte\/#respond"]}]},{"@type":"WebPage","@id":"https:\/\/www.k-m.de\/brand\/de\/der-deutsche-rock-pop-preis-eine-erfolgsgeschichte\/","url":"https:\/\/www.k-m.de\/brand\/de\/der-deutsche-rock-pop-preis-eine-erfolgsgeschichte\/","name":"Der Deutsche Rock & Pop Preis - eine Erfolgsgeschichte - K\u00f6nig &amp; Meyer","isPartOf":{"@id":"https:\/\/www.k-m.de\/brand\/de\/#website"},"primaryImageOfPage":{"@id":"https:\/\/www.k-m.de\/brand\/de\/der-deutsche-rock-pop-preis-eine-erfolgsgeschichte\/#primaryimage"},"image":{"@id":"https:\/\/www.k-m.de\/brand\/de\/der-deutsche-rock-pop-preis-eine-erfolgsgeschichte\/#primaryimage"},"thumbnailUrl":"https:\/\/www.k-m.de\/brand\/wp-content\/uploads\/2013\/12\/RockPop2013.jpg","datePublished":"2014-11-24T10:00:05+00:00","dateModified":"2024-04-25T09:23:19+00:00","breadcrumb":{"@id":"https:\/\/www.k-m.de\/brand\/de\/der-deutsche-rock-pop-preis-eine-erfolgsgeschichte\/#breadcrumb"},"inLanguage":"de","potentialAction":[{"@type":"ReadAction","target":["https:\/\/www.k-m.de\/brand\/de\/der-deutsche-rock-pop-preis-eine-erfolgsgeschichte\/"]}]},{"@type":"ImageObject","inLanguage":"de","@id":"https:\/\/www.k-m.de\/brand\/de\/der-deutsche-rock-pop-preis-eine-erfolgsgeschichte\/#primaryimage","url":"https:\/\/www.k-m.de\/brand\/wp-content\/uploads\/2013\/12\/RockPop2013.jpg","contentUrl":"https:\/\/www.k-m.de\/brand\/wp-content\/uploads\/2013\/12\/RockPop2013.jpg","width":688,"height":419,"caption":"Gewinner des 31. Deutscher Rock & Pop Preis"},{"@type":"BreadcrumbList","@id":"https:\/\/www.k-m.de\/brand\/de\/der-deutsche-rock-pop-preis-eine-erfolgsgeschichte\/#breadcrumb","itemListElement":[{"@type":"ListItem","position":1,"name":"Startseite","item":"https:\/\/www.k-m.de\/brand\/de\/"},{"@type":"ListItem","position":2,"name":"Der Deutsche Rock &#038; Pop Preis &#8211; eine Erfolgsgeschichte"}]},{"@type":"WebSite","@id":"https:\/\/www.k-m.de\/brand\/de\/#website","url":"https:\/\/www.k-m.de\/brand\/de\/","name":"K\u00f6nig & Meyer","description":"K\u00f6nig &amp; Meyer ist ein weltweit f\u00fchrender Hersteller f\u00fcr Musikzubeh\u00f6r. Seit \u00fcber 65 Jahren steht K&amp;M f\u00fcr qualitativ hochwertige Produkte.","publisher":{"@id":"https:\/\/www.k-m.de\/brand\/de\/#organization"},"potentialAction":[{"@type":"SearchAction","target":{"@type":"EntryPoint","urlTemplate":"https:\/\/www.k-m.de\/brand\/de\/?s={search_term_string}"},"query-input":{"@type":"PropertyValueSpecification","valueRequired":true,"valueName":"search_term_string"}}],"inLanguage":"de"},{"@type":"Organization","@id":"https:\/\/www.k-m.de\/brand\/de\/#organization","name":"K\u00f6nig & Meyer","url":"https:\/\/www.k-m.de\/brand\/de\/","logo":{"@type":"ImageObject","inLanguage":"de","@id":"https:\/\/www.k-m.de\/brand\/de\/#\/schema\/logo\/image\/","url":"https:\/\/www.k-m.de\/brand\/wp-content\/uploads\/2023\/01\/KM_1c.tif","contentUrl":"https:\/\/www.k-m.de\/brand\/wp-content\/uploads\/2023\/01\/KM_1c.tif","width":1,"height":1,"caption":"K\u00f6nig & Meyer"},"image":{"@id":"https:\/\/www.k-m.de\/brand\/de\/#\/schema\/logo\/image\/"}},{"@type":"Person","@id":"https:\/\/www.k-m.de\/brand\/de\/#\/schema\/person\/e957effb18c404c7dab95ea04574b2c5","name":"Gastblogger","url":"https:\/\/www.k-m.de\/brand\/de\/author\/gastblogger\/"}]}},"_links":{"self":[{"href":"https:\/\/www.k-m.de\/brand\/de\/wp-json\/wp\/v2\/posts\/3524","targetHints":{"allow":["GET"]}}],"collection":[{"href":"https:\/\/www.k-m.de\/brand\/de\/wp-json\/wp\/v2\/posts"}],"about":[{"href":"https:\/\/www.k-m.de\/brand\/de\/wp-json\/wp\/v2\/types\/post"}],"author":[{"embeddable":true,"href":"https:\/\/www.k-m.de\/brand\/de\/wp-json\/wp\/v2\/users\/12"}],"replies":[{"embeddable":true,"href":"https:\/\/www.k-m.de\/brand\/de\/wp-json\/wp\/v2\/comments?post=3524"}],"version-history":[{"count":3,"href":"https:\/\/www.k-m.de\/brand\/de\/wp-json\/wp\/v2\/posts\/3524\/revisions"}],"predecessor-version":[{"id":9754,"href":"https:\/\/www.k-m.de\/brand\/de\/wp-json\/wp\/v2\/posts\/3524\/revisions\/9754"}],"wp:featuredmedia":[{"embeddable":true,"href":"https:\/\/www.k-m.de\/brand\/de\/wp-json\/wp\/v2\/media\/2953"}],"wp:attachment":[{"href":"https:\/\/www.k-m.de\/brand\/de\/wp-json\/wp\/v2\/media?parent=3524"}],"wp:term":[{"taxonomy":"category","embeddable":true,"href":"https:\/\/www.k-m.de\/brand\/de\/wp-json\/wp\/v2\/categories?post=3524"},{"taxonomy":"post_tag","embeddable":true,"href":"https:\/\/www.k-m.de\/brand\/de\/wp-json\/wp\/v2\/tags?post=3524"}],"curies":[{"name":"wp","href":"https:\/\/api.w.org\/{rel}","templated":true}]}}