{"id":4739,"date":"2015-09-05T09:04:32","date_gmt":"2015-09-05T07:04:32","guid":{"rendered":"http:\/\/blog.k-m.de\/de\/?p=4739"},"modified":"2021-03-24T09:44:43","modified_gmt":"2021-03-24T08:44:43","slug":"koenig-meyer-pedalritter-auf-tour","status":"publish","type":"post","link":"https:\/\/www.k-m.de\/brand\/de\/koenig-meyer-pedalritter-auf-tour\/","title":{"rendered":"K\u00f6nig &#038; Meyer Pedalritter auf Tour"},"content":{"rendered":"<p><span style=\"font-weight: 400;\">Zehn K&amp;M Pedalritter trafen sich am 03.09.2015 bei bestem Wetter am traditionellen Startort, dem L\u00f6wenbiergarten in Bestenheid. <\/span><span style=\"font-weight: 400;\">Die 12. Fahrradtour f\u00fchrte in diesem Jahr auf dem Maintalradweg bis zur Schleuse Eichel. Dort \u00fcberquerten die Velofreunde den Main und kletterten auf einem wundersch\u00f6nen Trail ins Himmelreich. So wird der v\u00f6llig vom Main umschlossene Bergsporn bei Urphar genannt.<\/span><\/p>\n<p>&nbsp;<\/p>\n<p><span style=\"font-weight: 400;\">Bei optimalem Radfahrwetter fuhren sie auf Schotterwegen am Main entlang zum ber\u00fchmten Kallmuth. Der Homburger Kallmuth ist ber\u00fchmt f\u00fcr steile Terrassen mit bis zu 80 Prozent Neigung sowie f\u00fcr die zw\u00f6lf Kilometer langen und unter Denkmalschutz stehenden Natursteinmauern. Sie dienen als W\u00e4rmespeicher und bieten den Trauben ein au\u00dferordentliches, fast schon mediterranes Klima. Im Sommer k\u00f6nnen auf den Terrassen Temperaturen von 50 bis 60 Grad erreicht werden. Neben den Rebst\u00f6cken gedeihen hier auch seltene Orchideen. <\/span><span style=\"font-weight: 400;\"><br \/>\n<\/span><span style=\"font-weight: 400;\">Der Boden, der von Muschelkalk und Bundsandstein gepr\u00e4gt ist, bringt zusammen mit den einzigartigen klimatischen Bedingungen charakterstarke \u201cAusnahmeweine\u201d hervor. Der Weinbau am Homburger Kallmuth mit seiner urw\u00fcchsigen H\u00fcgellandschaft wurde im Jahr 1102 erstmals urkundlich erw\u00e4hnt, geht aber wohl schon auf die R\u00f6merzeit zur\u00fcck. Ein Gro\u00dfteil der gleichnamigen Lagen wird vom Weingut F\u00fcrst L\u00f6wenstein bewirtschaftet.<\/span><span style=\"font-weight: 400;\"><br \/>\n<\/span><span style=\"font-weight: 400;\">Alle Biker genossen den herrlichen Ausblick vom Kallmuth und fuhren dann auf einer spektakul\u00e4ren Abfahrt \u00fcber den Weinort Homburg wieder zur\u00fcck ins Maintal. <\/span><span style=\"font-weight: 400;\"><br \/>\n<\/span><span style=\"font-weight: 400;\"><br \/>\n<\/span><span style=\"font-weight: 400;\">Auf dem Maintalradweg ging es f\u00fcr die K&amp;M-Radler gem\u00fctlicher zur\u00fcck zum Startort. Dort lie\u00dfen sie den Abend nach 45 Kilometern und 450 H\u00f6henmetern im Biergarten ausklingen.<\/span><span style=\"font-weight: 400;\"><br \/>\n<\/span><span style=\"font-weight: 400;\">Somit war es wieder eine rundum gelungene K&amp;M Fahrradtour 2015 mit guter Laune und bestem Wetter!<\/span><\/p>\n<p>&nbsp;<\/p>\n","protected":false},"excerpt":{"rendered":"<p>Zehn K&amp;M Pedalritter trafen sich am 03.09.2015 bei bestem Wetter am traditionellen Startort, dem L\u00f6wenbiergarten in Bestenheid. Die 12. Fahrradtour<span class=\"read_more\">Mehr erfahren<\/span><\/p>\n","protected":false},"author":9,"featured_media":4742,"comment_status":"open","ping_status":"open","sticky":false,"template":"","format":"standard","meta":{"footnotes":""},"categories":[24],"tags":[680,576,787,683,595],"class_list":["post-4739","post","type-post","status-publish","format-standard","has-post-thumbnail","hentry","category-km-backstage","tag-betriebsausflug","tag-fahrradtour","tag-km-intern","tag-radtour","tag-wertheim"],"better_featured_image":{"id":4742,"alt_text":"K&M Radfahrer","caption":"","description":"","media_type":"image","media_details":{"width":640,"height":360,"file":"2015\/09\/20150903_180030.jpg","sizes":{"medium":{"file":"20150903_180030-600x338.jpg","width":600,"height":338,"mime-type":"image\/jpeg","source_url":"https:\/\/www.k-m.de\/brand\/wp-content\/uploads\/2015\/09\/20150903_180030-600x338.jpg"},"profile_24":{"file":"20150903_180030-24x24.jpg","width":24,"height":24,"mime-type":"image\/jpeg","source_url":"https:\/\/www.k-m.de\/brand\/wp-content\/uploads\/2015\/09\/20150903_180030-24x24.jpg"},"profile_48":{"file":"20150903_180030-48x48.jpg","width":48,"height":48,"mime-type":"image\/jpeg","source_url":"https:\/\/www.k-m.de\/brand\/wp-content\/uploads\/2015\/09\/20150903_180030-48x48.jpg"},"profile_96":{"file":"20150903_180030-96x96.jpg","width":96,"height":96,"mime-type":"image\/jpeg","source_url":"https:\/\/www.k-m.de\/brand\/wp-content\/uploads\/2015\/09\/20150903_180030-96x96.jpg"},"thumbnail":{"file":"20150903_180030-800x480.jpg","width":800,"height":480,"mime-type":"image\/jpeg","source_url":"https:\/\/www.k-m.de\/brand\/wp-content\/uploads\/2015\/09\/20150903_180030-800x480.jpg"},"post-thumbnail":{"file":"20150903_180030-800x480.jpg","width":800,"height":480,"mime-type":"image\/jpeg","source_url":"https:\/\/www.k-m.de\/brand\/wp-content\/uploads\/2015\/09\/20150903_180030-800x480.jpg"},"medium_cropped":{"file":"20150903_180030-600x600.jpg","width":600,"height":600,"mime-type":"image\/jpeg","source_url":"https:\/\/www.k-m.de\/brand\/wp-content\/uploads\/2015\/09\/20150903_180030-600x600.jpg"},"large_cropped":{"file":"20150903_180030-1200x720.jpg","width":1200,"height":720,"mime-type":"image\/jpeg","source_url":"https:\/\/www.k-m.de\/brand\/wp-content\/uploads\/2015\/09\/20150903_180030-1200x720.jpg"},"very_large_cropped":{"file":"20150903_180030-1800x900.jpg","width":1800,"height":900,"mime-type":"image\/jpeg","source_url":"https:\/\/www.k-m.de\/brand\/wp-content\/uploads\/2015\/09\/20150903_180030-1800x900.jpg"},"landingpage_thumb":{"file":"20150903_180030-533x300.jpg","width":533,"height":300,"mime-type":"image\/jpeg","source_url":"https:\/\/www.k-m.de\/brand\/wp-content\/uploads\/2015\/09\/20150903_180030-533x300.jpg"},"medium_old_300x169":{"file":"20150903_180030-300x169.jpg","width":300,"height":169,"mime-type":"image\/jpeg","source_url":"https:\/\/www.k-m.de\/brand\/wp-content\/uploads\/2015\/09\/20150903_180030-300x169.jpg"},"thumbnail_old_150x150":{"file":"20150903_180030-150x150.jpg","width":150,"height":150,"mime-type":"image\/jpeg","source_url":"https:\/\/www.k-m.de\/brand\/wp-content\/uploads\/2015\/09\/20150903_180030-150x150.jpg"}},"image_meta":{"aperture":"0","credit":"","camera":"","caption":"","created_timestamp":"0","copyright":"","focal_length":"0","iso":"0","shutter_speed":"0","title":"","orientation":"0","keywords":[]}},"post":null,"source_url":"https:\/\/www.k-m.de\/brand\/wp-content\/uploads\/2015\/09\/20150903_180030.jpg"},"post_meta_fields":{"_vc_post_settings":["a:1:{s:10:\"vc_grid_id\";a:0:{}}"],"_wpml_media_featured":["1"],"_wpml_media_duplicate":["1"],"_edit_last":["9"],"_aioseop_title":["K\u00f6nig & Meyer Radtour 2015"],"dsq_thread_id":["4099560693"],"_aioseop_description":["Die 12. Fahrradtour wurde in diesem Jahr von zehn K&M Pedalrittern bestritten. Sie trafen sich bei bestem Wetter am Donnerstag, dem 03. September..."],"_aioseop_keywords":["K\u00f6nig & Meyer, Fahrradtour, Radtour, K&M intern, Betriebsausflug, Wertheim"],"_thumbnail_id":["4742"],"post_views_count":["2170"],"ratings_users":["0"],"ratings_score":["0"],"ratings_average":["0"],"_edit_lock":["1551633885:9"],"_wpb_vc_js_status":["false"],"_post_dealeronly":[""]},"yoast_head":"<!-- This site is optimized with the Yoast SEO Premium plugin v26.8 (Yoast SEO v27.4) - https:\/\/yoast.com\/product\/yoast-seo-premium-wordpress\/ -->\n<title>K\u00f6nig &amp; Meyer Pedalritter auf Tour - K\u00f6nig &amp; Meyer<\/title>\n<meta name=\"robots\" content=\"index, follow, max-snippet:-1, max-image-preview:large, max-video-preview:-1\" \/>\n<link rel=\"canonical\" href=\"https:\/\/www.k-m.de\/brand\/de\/koenig-meyer-pedalritter-auf-tour\/\" \/>\n<meta property=\"og:locale\" content=\"de_DE\" \/>\n<meta property=\"og:type\" content=\"article\" \/>\n<meta property=\"og:title\" content=\"K\u00f6nig &amp; Meyer Pedalritter auf Tour\" \/>\n<meta property=\"og:description\" content=\"Zehn K&amp;M Pedalritter trafen sich am 03.09.2015 bei bestem Wetter am traditionellen Startort, dem L\u00f6wenbiergarten in Bestenheid. Die 12. FahrradtourMehr erfahren\" \/>\n<meta property=\"og:url\" content=\"https:\/\/www.k-m.de\/brand\/de\/koenig-meyer-pedalritter-auf-tour\/\" \/>\n<meta property=\"og:site_name\" content=\"K\u00f6nig &amp; Meyer\" \/>\n<meta property=\"article:published_time\" content=\"2015-09-05T07:04:32+00:00\" \/>\n<meta property=\"article:modified_time\" content=\"2021-03-24T08:44:43+00:00\" \/>\n<meta property=\"og:image\" content=\"https:\/\/www.k-m.de\/brand\/wp-content\/uploads\/2015\/09\/20150903_180030.jpg\" \/>\n\t<meta property=\"og:image:width\" content=\"640\" \/>\n\t<meta property=\"og:image:height\" content=\"360\" \/>\n\t<meta property=\"og:image:type\" content=\"image\/jpeg\" \/>\n<meta name=\"author\" content=\"Sandra Scholtz\" \/>\n<meta name=\"twitter:card\" content=\"summary_large_image\" \/>\n<meta name=\"twitter:label1\" content=\"Verfasst von\" \/>\n\t<meta name=\"twitter:data1\" content=\"Sandra Scholtz\" \/>\n\t<meta name=\"twitter:label2\" content=\"Gesch\u00e4tzte Lesezeit\" \/>\n\t<meta name=\"twitter:data2\" content=\"1\u00a0Minute\" \/>\n<script type=\"application\/ld+json\" class=\"yoast-schema-graph\">{\"@context\":\"https:\\\/\\\/schema.org\",\"@graph\":[{\"@type\":\"Article\",\"@id\":\"https:\\\/\\\/www.k-m.de\\\/brand\\\/de\\\/koenig-meyer-pedalritter-auf-tour\\\/#article\",\"isPartOf\":{\"@id\":\"https:\\\/\\\/www.k-m.de\\\/brand\\\/de\\\/koenig-meyer-pedalritter-auf-tour\\\/\"},\"author\":{\"name\":\"Sandra Scholtz\",\"@id\":\"https:\\\/\\\/www.k-m.de\\\/brand\\\/de\\\/#\\\/schema\\\/person\\\/ec9984d920bbfdc597fe63f9d3d0dbcb\"},\"headline\":\"K\u00f6nig &#038; Meyer Pedalritter auf Tour\",\"datePublished\":\"2015-09-05T07:04:32+00:00\",\"dateModified\":\"2021-03-24T08:44:43+00:00\",\"mainEntityOfPage\":{\"@id\":\"https:\\\/\\\/www.k-m.de\\\/brand\\\/de\\\/koenig-meyer-pedalritter-auf-tour\\\/\"},\"wordCount\":283,\"commentCount\":0,\"publisher\":{\"@id\":\"https:\\\/\\\/www.k-m.de\\\/brand\\\/de\\\/#organization\"},\"image\":{\"@id\":\"https:\\\/\\\/www.k-m.de\\\/brand\\\/de\\\/koenig-meyer-pedalritter-auf-tour\\\/#primaryimage\"},\"thumbnailUrl\":\"https:\\\/\\\/www.k-m.de\\\/brand\\\/wp-content\\\/uploads\\\/2015\\\/09\\\/20150903_180030.jpg\",\"keywords\":[\"Betriebsausflug\",\"Fahrradtour\",\"K&amp;M intern\",\"Radtour\",\"Wertheim\"],\"articleSection\":[\"Greetings from Wertheim\"],\"inLanguage\":\"de\",\"potentialAction\":[{\"@type\":\"CommentAction\",\"name\":\"Comment\",\"target\":[\"https:\\\/\\\/www.k-m.de\\\/brand\\\/de\\\/koenig-meyer-pedalritter-auf-tour\\\/#respond\"]}]},{\"@type\":\"WebPage\",\"@id\":\"https:\\\/\\\/www.k-m.de\\\/brand\\\/de\\\/koenig-meyer-pedalritter-auf-tour\\\/\",\"url\":\"https:\\\/\\\/www.k-m.de\\\/brand\\\/de\\\/koenig-meyer-pedalritter-auf-tour\\\/\",\"name\":\"K\u00f6nig & Meyer Pedalritter auf Tour - K\u00f6nig &amp; Meyer\",\"isPartOf\":{\"@id\":\"https:\\\/\\\/www.k-m.de\\\/brand\\\/de\\\/#website\"},\"primaryImageOfPage\":{\"@id\":\"https:\\\/\\\/www.k-m.de\\\/brand\\\/de\\\/koenig-meyer-pedalritter-auf-tour\\\/#primaryimage\"},\"image\":{\"@id\":\"https:\\\/\\\/www.k-m.de\\\/brand\\\/de\\\/koenig-meyer-pedalritter-auf-tour\\\/#primaryimage\"},\"thumbnailUrl\":\"https:\\\/\\\/www.k-m.de\\\/brand\\\/wp-content\\\/uploads\\\/2015\\\/09\\\/20150903_180030.jpg\",\"datePublished\":\"2015-09-05T07:04:32+00:00\",\"dateModified\":\"2021-03-24T08:44:43+00:00\",\"breadcrumb\":{\"@id\":\"https:\\\/\\\/www.k-m.de\\\/brand\\\/de\\\/koenig-meyer-pedalritter-auf-tour\\\/#breadcrumb\"},\"inLanguage\":\"de\",\"potentialAction\":[{\"@type\":\"ReadAction\",\"target\":[\"https:\\\/\\\/www.k-m.de\\\/brand\\\/de\\\/koenig-meyer-pedalritter-auf-tour\\\/\"]}]},{\"@type\":\"ImageObject\",\"inLanguage\":\"de\",\"@id\":\"https:\\\/\\\/www.k-m.de\\\/brand\\\/de\\\/koenig-meyer-pedalritter-auf-tour\\\/#primaryimage\",\"url\":\"https:\\\/\\\/www.k-m.de\\\/brand\\\/wp-content\\\/uploads\\\/2015\\\/09\\\/20150903_180030.jpg\",\"contentUrl\":\"https:\\\/\\\/www.k-m.de\\\/brand\\\/wp-content\\\/uploads\\\/2015\\\/09\\\/20150903_180030.jpg\",\"width\":640,\"height\":360,\"caption\":\"K&M Radfahrer\"},{\"@type\":\"BreadcrumbList\",\"@id\":\"https:\\\/\\\/www.k-m.de\\\/brand\\\/de\\\/koenig-meyer-pedalritter-auf-tour\\\/#breadcrumb\",\"itemListElement\":[{\"@type\":\"ListItem\",\"position\":1,\"name\":\"Startseite\",\"item\":\"https:\\\/\\\/www.k-m.de\\\/brand\\\/de\\\/\"},{\"@type\":\"ListItem\",\"position\":2,\"name\":\"K\u00f6nig &#038; Meyer Pedalritter auf Tour\"}]},{\"@type\":\"WebSite\",\"@id\":\"https:\\\/\\\/www.k-m.de\\\/brand\\\/de\\\/#website\",\"url\":\"https:\\\/\\\/www.k-m.de\\\/brand\\\/de\\\/\",\"name\":\"K\u00f6nig & Meyer\",\"description\":\"K\u00f6nig &amp; Meyer ist ein weltweit f\u00fchrender Hersteller f\u00fcr Musikzubeh\u00f6r. Seit \u00fcber 65 Jahren steht K&amp;M f\u00fcr qualitativ hochwertige Produkte.\",\"publisher\":{\"@id\":\"https:\\\/\\\/www.k-m.de\\\/brand\\\/de\\\/#organization\"},\"potentialAction\":[{\"@type\":\"SearchAction\",\"target\":{\"@type\":\"EntryPoint\",\"urlTemplate\":\"https:\\\/\\\/www.k-m.de\\\/brand\\\/de\\\/?s={search_term_string}\"},\"query-input\":{\"@type\":\"PropertyValueSpecification\",\"valueRequired\":true,\"valueName\":\"search_term_string\"}}],\"inLanguage\":\"de\"},{\"@type\":\"Organization\",\"@id\":\"https:\\\/\\\/www.k-m.de\\\/brand\\\/de\\\/#organization\",\"name\":\"K\u00f6nig & Meyer\",\"url\":\"https:\\\/\\\/www.k-m.de\\\/brand\\\/de\\\/\",\"logo\":{\"@type\":\"ImageObject\",\"inLanguage\":\"de\",\"@id\":\"https:\\\/\\\/www.k-m.de\\\/brand\\\/de\\\/#\\\/schema\\\/logo\\\/image\\\/\",\"url\":\"https:\\\/\\\/www.k-m.de\\\/brand\\\/wp-content\\\/uploads\\\/2023\\\/01\\\/KM_1c.tif\",\"contentUrl\":\"https:\\\/\\\/www.k-m.de\\\/brand\\\/wp-content\\\/uploads\\\/2023\\\/01\\\/KM_1c.tif\",\"width\":1,\"height\":1,\"caption\":\"K\u00f6nig & Meyer\"},\"image\":{\"@id\":\"https:\\\/\\\/www.k-m.de\\\/brand\\\/de\\\/#\\\/schema\\\/logo\\\/image\\\/\"}},{\"@type\":\"Person\",\"@id\":\"https:\\\/\\\/www.k-m.de\\\/brand\\\/de\\\/#\\\/schema\\\/person\\\/ec9984d920bbfdc597fe63f9d3d0dbcb\",\"name\":\"Sandra Scholtz\",\"url\":\"https:\\\/\\\/www.k-m.de\\\/brand\\\/de\\\/author\\\/sandra-scholtz\\\/\"}]}<\/script>\n<!-- \/ Yoast SEO Premium plugin. -->","yoast_head_json":{"title":"K\u00f6nig & Meyer Pedalritter auf Tour - K\u00f6nig &amp; Meyer","robots":{"index":"index","follow":"follow","max-snippet":"max-snippet:-1","max-image-preview":"max-image-preview:large","max-video-preview":"max-video-preview:-1"},"canonical":"https:\/\/www.k-m.de\/brand\/de\/koenig-meyer-pedalritter-auf-tour\/","og_locale":"de_DE","og_type":"article","og_title":"K\u00f6nig & Meyer Pedalritter auf Tour","og_description":"Zehn K&amp;M Pedalritter trafen sich am 03.09.2015 bei bestem Wetter am traditionellen Startort, dem L\u00f6wenbiergarten in Bestenheid. Die 12. FahrradtourMehr erfahren","og_url":"https:\/\/www.k-m.de\/brand\/de\/koenig-meyer-pedalritter-auf-tour\/","og_site_name":"K\u00f6nig &amp; Meyer","article_published_time":"2015-09-05T07:04:32+00:00","article_modified_time":"2021-03-24T08:44:43+00:00","og_image":[{"width":640,"height":360,"url":"https:\/\/www.k-m.de\/brand\/wp-content\/uploads\/2015\/09\/20150903_180030.jpg","type":"image\/jpeg"}],"author":"Sandra Scholtz","twitter_card":"summary_large_image","twitter_misc":{"Verfasst von":"Sandra Scholtz","Gesch\u00e4tzte Lesezeit":"1\u00a0Minute"},"schema":{"@context":"https:\/\/schema.org","@graph":[{"@type":"Article","@id":"https:\/\/www.k-m.de\/brand\/de\/koenig-meyer-pedalritter-auf-tour\/#article","isPartOf":{"@id":"https:\/\/www.k-m.de\/brand\/de\/koenig-meyer-pedalritter-auf-tour\/"},"author":{"name":"Sandra Scholtz","@id":"https:\/\/www.k-m.de\/brand\/de\/#\/schema\/person\/ec9984d920bbfdc597fe63f9d3d0dbcb"},"headline":"K\u00f6nig &#038; Meyer Pedalritter auf Tour","datePublished":"2015-09-05T07:04:32+00:00","dateModified":"2021-03-24T08:44:43+00:00","mainEntityOfPage":{"@id":"https:\/\/www.k-m.de\/brand\/de\/koenig-meyer-pedalritter-auf-tour\/"},"wordCount":283,"commentCount":0,"publisher":{"@id":"https:\/\/www.k-m.de\/brand\/de\/#organization"},"image":{"@id":"https:\/\/www.k-m.de\/brand\/de\/koenig-meyer-pedalritter-auf-tour\/#primaryimage"},"thumbnailUrl":"https:\/\/www.k-m.de\/brand\/wp-content\/uploads\/2015\/09\/20150903_180030.jpg","keywords":["Betriebsausflug","Fahrradtour","K&amp;M intern","Radtour","Wertheim"],"articleSection":["Greetings from Wertheim"],"inLanguage":"de","potentialAction":[{"@type":"CommentAction","name":"Comment","target":["https:\/\/www.k-m.de\/brand\/de\/koenig-meyer-pedalritter-auf-tour\/#respond"]}]},{"@type":"WebPage","@id":"https:\/\/www.k-m.de\/brand\/de\/koenig-meyer-pedalritter-auf-tour\/","url":"https:\/\/www.k-m.de\/brand\/de\/koenig-meyer-pedalritter-auf-tour\/","name":"K\u00f6nig & Meyer Pedalritter auf Tour - K\u00f6nig &amp; Meyer","isPartOf":{"@id":"https:\/\/www.k-m.de\/brand\/de\/#website"},"primaryImageOfPage":{"@id":"https:\/\/www.k-m.de\/brand\/de\/koenig-meyer-pedalritter-auf-tour\/#primaryimage"},"image":{"@id":"https:\/\/www.k-m.de\/brand\/de\/koenig-meyer-pedalritter-auf-tour\/#primaryimage"},"thumbnailUrl":"https:\/\/www.k-m.de\/brand\/wp-content\/uploads\/2015\/09\/20150903_180030.jpg","datePublished":"2015-09-05T07:04:32+00:00","dateModified":"2021-03-24T08:44:43+00:00","breadcrumb":{"@id":"https:\/\/www.k-m.de\/brand\/de\/koenig-meyer-pedalritter-auf-tour\/#breadcrumb"},"inLanguage":"de","potentialAction":[{"@type":"ReadAction","target":["https:\/\/www.k-m.de\/brand\/de\/koenig-meyer-pedalritter-auf-tour\/"]}]},{"@type":"ImageObject","inLanguage":"de","@id":"https:\/\/www.k-m.de\/brand\/de\/koenig-meyer-pedalritter-auf-tour\/#primaryimage","url":"https:\/\/www.k-m.de\/brand\/wp-content\/uploads\/2015\/09\/20150903_180030.jpg","contentUrl":"https:\/\/www.k-m.de\/brand\/wp-content\/uploads\/2015\/09\/20150903_180030.jpg","width":640,"height":360,"caption":"K&M Radfahrer"},{"@type":"BreadcrumbList","@id":"https:\/\/www.k-m.de\/brand\/de\/koenig-meyer-pedalritter-auf-tour\/#breadcrumb","itemListElement":[{"@type":"ListItem","position":1,"name":"Startseite","item":"https:\/\/www.k-m.de\/brand\/de\/"},{"@type":"ListItem","position":2,"name":"K\u00f6nig &#038; Meyer Pedalritter auf Tour"}]},{"@type":"WebSite","@id":"https:\/\/www.k-m.de\/brand\/de\/#website","url":"https:\/\/www.k-m.de\/brand\/de\/","name":"K\u00f6nig & Meyer","description":"K\u00f6nig &amp; Meyer ist ein weltweit f\u00fchrender Hersteller f\u00fcr Musikzubeh\u00f6r. Seit \u00fcber 65 Jahren steht K&amp;M f\u00fcr qualitativ hochwertige Produkte.","publisher":{"@id":"https:\/\/www.k-m.de\/brand\/de\/#organization"},"potentialAction":[{"@type":"SearchAction","target":{"@type":"EntryPoint","urlTemplate":"https:\/\/www.k-m.de\/brand\/de\/?s={search_term_string}"},"query-input":{"@type":"PropertyValueSpecification","valueRequired":true,"valueName":"search_term_string"}}],"inLanguage":"de"},{"@type":"Organization","@id":"https:\/\/www.k-m.de\/brand\/de\/#organization","name":"K\u00f6nig & Meyer","url":"https:\/\/www.k-m.de\/brand\/de\/","logo":{"@type":"ImageObject","inLanguage":"de","@id":"https:\/\/www.k-m.de\/brand\/de\/#\/schema\/logo\/image\/","url":"https:\/\/www.k-m.de\/brand\/wp-content\/uploads\/2023\/01\/KM_1c.tif","contentUrl":"https:\/\/www.k-m.de\/brand\/wp-content\/uploads\/2023\/01\/KM_1c.tif","width":1,"height":1,"caption":"K\u00f6nig & Meyer"},"image":{"@id":"https:\/\/www.k-m.de\/brand\/de\/#\/schema\/logo\/image\/"}},{"@type":"Person","@id":"https:\/\/www.k-m.de\/brand\/de\/#\/schema\/person\/ec9984d920bbfdc597fe63f9d3d0dbcb","name":"Sandra Scholtz","url":"https:\/\/www.k-m.de\/brand\/de\/author\/sandra-scholtz\/"}]}},"_links":{"self":[{"href":"https:\/\/www.k-m.de\/brand\/de\/wp-json\/wp\/v2\/posts\/4739","targetHints":{"allow":["GET"]}}],"collection":[{"href":"https:\/\/www.k-m.de\/brand\/de\/wp-json\/wp\/v2\/posts"}],"about":[{"href":"https:\/\/www.k-m.de\/brand\/de\/wp-json\/wp\/v2\/types\/post"}],"author":[{"embeddable":true,"href":"https:\/\/www.k-m.de\/brand\/de\/wp-json\/wp\/v2\/users\/9"}],"replies":[{"embeddable":true,"href":"https:\/\/www.k-m.de\/brand\/de\/wp-json\/wp\/v2\/comments?post=4739"}],"version-history":[{"count":2,"href":"https:\/\/www.k-m.de\/brand\/de\/wp-json\/wp\/v2\/posts\/4739\/revisions"}],"predecessor-version":[{"id":8116,"href":"https:\/\/www.k-m.de\/brand\/de\/wp-json\/wp\/v2\/posts\/4739\/revisions\/8116"}],"wp:featuredmedia":[{"embeddable":true,"href":"https:\/\/www.k-m.de\/brand\/de\/wp-json\/wp\/v2\/media\/4742"}],"wp:attachment":[{"href":"https:\/\/www.k-m.de\/brand\/de\/wp-json\/wp\/v2\/media?parent=4739"}],"wp:term":[{"taxonomy":"category","embeddable":true,"href":"https:\/\/www.k-m.de\/brand\/de\/wp-json\/wp\/v2\/categories?post=4739"},{"taxonomy":"post_tag","embeddable":true,"href":"https:\/\/www.k-m.de\/brand\/de\/wp-json\/wp\/v2\/tags?post=4739"}],"curies":[{"name":"wp","href":"https:\/\/api.w.org\/{rel}","templated":true}]}}