{"id":4885,"date":"2016-03-22T13:13:25","date_gmt":"2016-03-22T13:13:25","guid":{"rendered":"http:\/\/blog.k-m.de\/de\/?p=4885"},"modified":"2024-04-21T12:55:35","modified_gmt":"2024-04-21T10:55:35","slug":"lange-nacht-der-livemusik-in-wertheim","status":"publish","type":"post","link":"https:\/\/www.k-m.de\/brand\/de\/lange-nacht-der-livemusik-in-wertheim\/","title":{"rendered":"Lange Nacht der Livemusik in Wertheim"},"content":{"rendered":"<p>Am 16.04.2016 bringt ein gro\u00dfes musikalisches Angebot ganz Wertheim wieder zum Grooven. Von Beat, Blues, Rock und Soul \u00fcber lateinamerikanische Rhythmen und Pop bis hin zu Rock&#8217;n&#8217;Roll findet man in ganz Wertheim verteilt so ziemlich alle Musikstile. Ob Jung oder Alt, in dieser Nacht wird jedem etwas geboten.<br \/>\nDie Bands treten von 20 bis 1 Uhr auf, soweit in der Programmauflistung nichts anderes angegeben wird. Der Einlass startet je eine Stunde vor Musikbeginn.<br \/>\nDas Programm:<\/p>\n<p><img loading=\"lazy\" decoding=\"async\" class=\"alignnone wp-image-9686 size-medium\" src=\"https:\/\/www.k-m.de\/brand\/wp-content\/uploads\/2016\/03\/Programm-1-600x492.png\" alt=\"\" width=\"600\" height=\"492\" srcset=\"https:\/\/www.k-m.de\/brand\/wp-content\/uploads\/2016\/03\/Programm-1-600x492.png 600w, https:\/\/www.k-m.de\/brand\/wp-content\/uploads\/2016\/03\/Programm-1-768x630.png 768w, https:\/\/www.k-m.de\/brand\/wp-content\/uploads\/2016\/03\/Programm-1-366x300.png 366w, https:\/\/www.k-m.de\/brand\/wp-content\/uploads\/2016\/03\/Programm-1.png 779w\" sizes=\"auto, (max-width: 600px) 100vw, 600px\" \/><\/p>\n<p>&nbsp;<\/p>\n<p>&nbsp;<\/p>\n<p>Die Eintrittskarten gibt es bis zum 15. April im verg\u00fcnstigten Vorverkauf f\u00fcr 12 Euro. Erh\u00e4ltlich sind diese in den teilnehmenden Wertheimer Lokalen, in allen Filialen der Sparkasse Tauberfranken<br \/>\nund bei Moritz und Lux in Maingasse 3.<br \/>\n<a href=\"http:\/\/www.festivalinfo.de\/hemcom\/shop\/shopping_cart.php?vt=1&amp;id=20&amp;vid=10781&amp;tid=38836700330151033046&amp;ws=nightgroove.de\" target=\"_blank\" rel=\"noopener\">Online<\/a> sind die Tickets f\u00fcr 13 Euro bestellbar, mit der Option des Zusendens oder Hinterlegens:<br \/>\nNat\u00fcrlich gibt es f\u00fcr spontane Besucher auch direkt an der Abendkasse, also in jedem teilnehmenden Lokal, ein Armb\u00e4ndchen f\u00fcr 15 Euro.<\/p>\n<p>Wir freuen uns Partner dieses Events zu sein und w\u00fcnschen allen eine tolle lange Nacht der Livemusik!<\/p>\n<p>&nbsp;<\/p>\n<p>Alle Infos direkt bei <a href=\"http:\/\/nightgroove.de\/veranstaltungen\/10781-nightgroove-wertheim#0\" target=\"_blank\" rel=\"noopener\">Nightgroove<\/a>.\u00a0Zur Facebook-Verantstaltung: <a href=\"https:\/\/www.facebook.com\/events\/133076570417299\/?active_tab=posts\" target=\"_blank\" rel=\"noopener\">facebook.com\/events\/<\/a><\/p>\n","protected":false},"excerpt":{"rendered":"<p>Am 16.04.2016 bringt ein gro\u00dfes musikalisches Angebot ganz Wertheim wieder zum Grooven. Von Beat, Blues, Rock und Soul \u00fcber lateinamerikanische<span class=\"read_more\">Mehr erfahren<\/span><\/p>\n","protected":false},"author":9,"featured_media":4894,"comment_status":"open","ping_status":"open","sticky":false,"template":"","format":"standard","meta":{"footnotes":""},"categories":[24],"tags":[38,813,814,815,595,816],"class_list":["post-4885","post","type-post","status-publish","format-standard","has-post-thumbnail","hentry","category-km-backstage","tag-koenig-meyer","tag-lange-nacht-der-livemusik","tag-musikverantstaltung","tag-nightgroove","tag-wertheim","tag-wertheim-livemusik"],"better_featured_image":{"id":4894,"alt_text":"Lange Nacht der Livemusik","caption":"","description":"","media_type":"image","media_details":{"width":680,"height":420,"file":"2016\/03\/livemusik.jpg","sizes":{"medium":{"file":"livemusik-600x371.jpg","width":600,"height":371,"mime-type":"image\/jpeg","source_url":"https:\/\/www.k-m.de\/brand\/wp-content\/uploads\/2016\/03\/livemusik-600x371.jpg"},"profile_24":{"file":"livemusik-24x24.jpg","width":24,"height":24,"mime-type":"image\/jpeg","source_url":"https:\/\/www.k-m.de\/brand\/wp-content\/uploads\/2016\/03\/livemusik-24x24.jpg"},"profile_48":{"file":"livemusik-48x48.jpg","width":48,"height":48,"mime-type":"image\/jpeg","source_url":"https:\/\/www.k-m.de\/brand\/wp-content\/uploads\/2016\/03\/livemusik-48x48.jpg"},"profile_96":{"file":"livemusik-96x96.jpg","width":96,"height":96,"mime-type":"image\/jpeg","source_url":"https:\/\/www.k-m.de\/brand\/wp-content\/uploads\/2016\/03\/livemusik-96x96.jpg"},"thumbnail":{"file":"livemusik-800x480.jpg","width":800,"height":480,"mime-type":"image\/jpeg","source_url":"https:\/\/www.k-m.de\/brand\/wp-content\/uploads\/2016\/03\/livemusik-800x480.jpg"},"post-thumbnail":{"file":"livemusik-800x480.jpg","width":800,"height":480,"mime-type":"image\/jpeg","source_url":"https:\/\/www.k-m.de\/brand\/wp-content\/uploads\/2016\/03\/livemusik-800x480.jpg"},"medium_cropped":{"file":"livemusik-600x600.jpg","width":600,"height":600,"mime-type":"image\/jpeg","source_url":"https:\/\/www.k-m.de\/brand\/wp-content\/uploads\/2016\/03\/livemusik-600x600.jpg"},"large_cropped":{"file":"livemusik-1200x720.jpg","width":1200,"height":720,"mime-type":"image\/jpeg","source_url":"https:\/\/www.k-m.de\/brand\/wp-content\/uploads\/2016\/03\/livemusik-1200x720.jpg"},"very_large_cropped":{"file":"livemusik-1800x900.jpg","width":1800,"height":900,"mime-type":"image\/jpeg","source_url":"https:\/\/www.k-m.de\/brand\/wp-content\/uploads\/2016\/03\/livemusik-1800x900.jpg"},"landingpage_thumb":{"file":"livemusik-486x300.jpg","width":486,"height":300,"mime-type":"image\/jpeg","source_url":"https:\/\/www.k-m.de\/brand\/wp-content\/uploads\/2016\/03\/livemusik-486x300.jpg"},"medium_old_300x185":{"file":"livemusik-300x185.jpg","width":300,"height":185,"mime-type":"image\/jpeg","source_url":"https:\/\/www.k-m.de\/brand\/wp-content\/uploads\/2016\/03\/livemusik-300x185.jpg"},"thumbnail_old_150x150":{"file":"livemusik-150x150.jpg","width":150,"height":150,"mime-type":"image\/jpeg","source_url":"https:\/\/www.k-m.de\/brand\/wp-content\/uploads\/2016\/03\/livemusik-150x150.jpg"}},"image_meta":{"aperture":"0","credit":"","camera":"","caption":"","created_timestamp":"0","copyright":"","focal_length":"0","iso":"0","shutter_speed":"0","title":"","orientation":"1","keywords":[]}},"post":null,"source_url":"https:\/\/www.k-m.de\/brand\/wp-content\/uploads\/2016\/03\/livemusik.jpg"},"post_meta_fields":{"_wpml_media_featured":["1"],"_wpml_media_duplicate":["1"],"_edit_last":["9"],"ratings_average":["0"],"_aioseop_title":["Lange Nacht der Livemusik in Wertheim"],"_aioseop_description":["Am 16.04.2016 bringt ein gro\u00dfes musikalisches Angebot ganz Wertheim wieder zum Grooven - ein buntes Programm mit so ziemlich allen Musikstilen f\u00fcr Jedermann."],"post_views_count":["1753"],"_thumbnail_id":["4894"],"dsq_thread_id":["4683598949"],"ratings_users":["0"],"ratings_score":["0"],"_aioseop_keywords":["Wertheim, Lange Nacht der Livemusik, K\u00f6nig & Meyer, Musikverantstaltung, Wertheim Livemusik"],"_edit_lock":["1713696936:9"],"_wpb_vc_js_status":["false"],"_post_dealeronly":[""],"_yoast_indexnow_last_ping":["1713696936"],"_wpml_word_count":["{\"total\":194,\"to_translate\":{\"en\":194,\"us\":194}}"]},"yoast_head":"<!-- This site is optimized with the Yoast SEO Premium plugin v26.8 (Yoast SEO v27.4) - https:\/\/yoast.com\/product\/yoast-seo-premium-wordpress\/ -->\n<title>Lange Nacht der Livemusik in Wertheim - K\u00f6nig &amp; Meyer<\/title>\n<meta name=\"robots\" content=\"index, follow, max-snippet:-1, max-image-preview:large, max-video-preview:-1\" \/>\n<link rel=\"canonical\" href=\"https:\/\/www.k-m.de\/brand\/de\/lange-nacht-der-livemusik-in-wertheim\/\" \/>\n<meta property=\"og:locale\" content=\"de_DE\" \/>\n<meta property=\"og:type\" content=\"article\" \/>\n<meta property=\"og:title\" content=\"Lange Nacht der Livemusik in Wertheim\" \/>\n<meta property=\"og:description\" content=\"Am 16.04.2016 bringt ein gro\u00dfes musikalisches Angebot ganz Wertheim wieder zum Grooven. Von Beat, Blues, Rock und Soul \u00fcber lateinamerikanischeMehr erfahren\" \/>\n<meta property=\"og:url\" content=\"https:\/\/www.k-m.de\/brand\/de\/lange-nacht-der-livemusik-in-wertheim\/\" \/>\n<meta property=\"og:site_name\" content=\"K\u00f6nig &amp; Meyer\" \/>\n<meta property=\"article:published_time\" content=\"2016-03-22T13:13:25+00:00\" \/>\n<meta property=\"article:modified_time\" content=\"2024-04-21T10:55:35+00:00\" \/>\n<meta property=\"og:image\" content=\"https:\/\/www.k-m.de\/brand\/wp-content\/uploads\/2016\/03\/livemusik.jpg\" \/>\n\t<meta property=\"og:image:width\" content=\"680\" \/>\n\t<meta property=\"og:image:height\" content=\"420\" \/>\n\t<meta property=\"og:image:type\" content=\"image\/jpeg\" \/>\n<meta name=\"author\" content=\"Sandra Scholtz\" \/>\n<meta name=\"twitter:card\" content=\"summary_large_image\" \/>\n<meta name=\"twitter:label1\" content=\"Verfasst von\" \/>\n\t<meta name=\"twitter:data1\" content=\"Sandra Scholtz\" \/>\n\t<meta name=\"twitter:label2\" content=\"Gesch\u00e4tzte Lesezeit\" \/>\n\t<meta name=\"twitter:data2\" content=\"1\u00a0Minute\" \/>\n<script type=\"application\/ld+json\" class=\"yoast-schema-graph\">{\"@context\":\"https:\\\/\\\/schema.org\",\"@graph\":[{\"@type\":\"Article\",\"@id\":\"https:\\\/\\\/www.k-m.de\\\/brand\\\/de\\\/lange-nacht-der-livemusik-in-wertheim\\\/#article\",\"isPartOf\":{\"@id\":\"https:\\\/\\\/www.k-m.de\\\/brand\\\/de\\\/lange-nacht-der-livemusik-in-wertheim\\\/\"},\"author\":{\"name\":\"Sandra Scholtz\",\"@id\":\"https:\\\/\\\/www.k-m.de\\\/brand\\\/de\\\/#\\\/schema\\\/person\\\/ec9984d920bbfdc597fe63f9d3d0dbcb\"},\"headline\":\"Lange Nacht der Livemusik in Wertheim\",\"datePublished\":\"2016-03-22T13:13:25+00:00\",\"dateModified\":\"2024-04-21T10:55:35+00:00\",\"mainEntityOfPage\":{\"@id\":\"https:\\\/\\\/www.k-m.de\\\/brand\\\/de\\\/lange-nacht-der-livemusik-in-wertheim\\\/\"},\"wordCount\":187,\"commentCount\":0,\"publisher\":{\"@id\":\"https:\\\/\\\/www.k-m.de\\\/brand\\\/de\\\/#organization\"},\"image\":{\"@id\":\"https:\\\/\\\/www.k-m.de\\\/brand\\\/de\\\/lange-nacht-der-livemusik-in-wertheim\\\/#primaryimage\"},\"thumbnailUrl\":\"https:\\\/\\\/www.k-m.de\\\/brand\\\/wp-content\\\/uploads\\\/2016\\\/03\\\/livemusik.jpg\",\"keywords\":[\"K\u00f6nig &amp; Meyer\",\"Lange Nacht der Livemusik\",\"Musikverantstaltung\",\"Nightgroove\",\"Wertheim\",\"Wertheim Livemusik\"],\"articleSection\":[\"Greetings from Wertheim\"],\"inLanguage\":\"de\",\"potentialAction\":[{\"@type\":\"CommentAction\",\"name\":\"Comment\",\"target\":[\"https:\\\/\\\/www.k-m.de\\\/brand\\\/de\\\/lange-nacht-der-livemusik-in-wertheim\\\/#respond\"]}]},{\"@type\":\"WebPage\",\"@id\":\"https:\\\/\\\/www.k-m.de\\\/brand\\\/de\\\/lange-nacht-der-livemusik-in-wertheim\\\/\",\"url\":\"https:\\\/\\\/www.k-m.de\\\/brand\\\/de\\\/lange-nacht-der-livemusik-in-wertheim\\\/\",\"name\":\"Lange Nacht der Livemusik in Wertheim - K\u00f6nig &amp; Meyer\",\"isPartOf\":{\"@id\":\"https:\\\/\\\/www.k-m.de\\\/brand\\\/de\\\/#website\"},\"primaryImageOfPage\":{\"@id\":\"https:\\\/\\\/www.k-m.de\\\/brand\\\/de\\\/lange-nacht-der-livemusik-in-wertheim\\\/#primaryimage\"},\"image\":{\"@id\":\"https:\\\/\\\/www.k-m.de\\\/brand\\\/de\\\/lange-nacht-der-livemusik-in-wertheim\\\/#primaryimage\"},\"thumbnailUrl\":\"https:\\\/\\\/www.k-m.de\\\/brand\\\/wp-content\\\/uploads\\\/2016\\\/03\\\/livemusik.jpg\",\"datePublished\":\"2016-03-22T13:13:25+00:00\",\"dateModified\":\"2024-04-21T10:55:35+00:00\",\"breadcrumb\":{\"@id\":\"https:\\\/\\\/www.k-m.de\\\/brand\\\/de\\\/lange-nacht-der-livemusik-in-wertheim\\\/#breadcrumb\"},\"inLanguage\":\"de\",\"potentialAction\":[{\"@type\":\"ReadAction\",\"target\":[\"https:\\\/\\\/www.k-m.de\\\/brand\\\/de\\\/lange-nacht-der-livemusik-in-wertheim\\\/\"]}]},{\"@type\":\"ImageObject\",\"inLanguage\":\"de\",\"@id\":\"https:\\\/\\\/www.k-m.de\\\/brand\\\/de\\\/lange-nacht-der-livemusik-in-wertheim\\\/#primaryimage\",\"url\":\"https:\\\/\\\/www.k-m.de\\\/brand\\\/wp-content\\\/uploads\\\/2016\\\/03\\\/livemusik.jpg\",\"contentUrl\":\"https:\\\/\\\/www.k-m.de\\\/brand\\\/wp-content\\\/uploads\\\/2016\\\/03\\\/livemusik.jpg\",\"width\":680,\"height\":420,\"caption\":\"Lange Nacht der Livemusik\"},{\"@type\":\"BreadcrumbList\",\"@id\":\"https:\\\/\\\/www.k-m.de\\\/brand\\\/de\\\/lange-nacht-der-livemusik-in-wertheim\\\/#breadcrumb\",\"itemListElement\":[{\"@type\":\"ListItem\",\"position\":1,\"name\":\"Startseite\",\"item\":\"https:\\\/\\\/www.k-m.de\\\/brand\\\/de\\\/\"},{\"@type\":\"ListItem\",\"position\":2,\"name\":\"Lange Nacht der Livemusik in Wertheim\"}]},{\"@type\":\"WebSite\",\"@id\":\"https:\\\/\\\/www.k-m.de\\\/brand\\\/de\\\/#website\",\"url\":\"https:\\\/\\\/www.k-m.de\\\/brand\\\/de\\\/\",\"name\":\"K\u00f6nig & Meyer\",\"description\":\"K\u00f6nig &amp; Meyer ist ein weltweit f\u00fchrender Hersteller f\u00fcr Musikzubeh\u00f6r. Seit \u00fcber 65 Jahren steht K&amp;M f\u00fcr qualitativ hochwertige Produkte.\",\"publisher\":{\"@id\":\"https:\\\/\\\/www.k-m.de\\\/brand\\\/de\\\/#organization\"},\"potentialAction\":[{\"@type\":\"SearchAction\",\"target\":{\"@type\":\"EntryPoint\",\"urlTemplate\":\"https:\\\/\\\/www.k-m.de\\\/brand\\\/de\\\/?s={search_term_string}\"},\"query-input\":{\"@type\":\"PropertyValueSpecification\",\"valueRequired\":true,\"valueName\":\"search_term_string\"}}],\"inLanguage\":\"de\"},{\"@type\":\"Organization\",\"@id\":\"https:\\\/\\\/www.k-m.de\\\/brand\\\/de\\\/#organization\",\"name\":\"K\u00f6nig & Meyer\",\"url\":\"https:\\\/\\\/www.k-m.de\\\/brand\\\/de\\\/\",\"logo\":{\"@type\":\"ImageObject\",\"inLanguage\":\"de\",\"@id\":\"https:\\\/\\\/www.k-m.de\\\/brand\\\/de\\\/#\\\/schema\\\/logo\\\/image\\\/\",\"url\":\"https:\\\/\\\/www.k-m.de\\\/brand\\\/wp-content\\\/uploads\\\/2023\\\/01\\\/KM_1c.tif\",\"contentUrl\":\"https:\\\/\\\/www.k-m.de\\\/brand\\\/wp-content\\\/uploads\\\/2023\\\/01\\\/KM_1c.tif\",\"width\":1,\"height\":1,\"caption\":\"K\u00f6nig & Meyer\"},\"image\":{\"@id\":\"https:\\\/\\\/www.k-m.de\\\/brand\\\/de\\\/#\\\/schema\\\/logo\\\/image\\\/\"}},{\"@type\":\"Person\",\"@id\":\"https:\\\/\\\/www.k-m.de\\\/brand\\\/de\\\/#\\\/schema\\\/person\\\/ec9984d920bbfdc597fe63f9d3d0dbcb\",\"name\":\"Sandra Scholtz\",\"url\":\"https:\\\/\\\/www.k-m.de\\\/brand\\\/de\\\/author\\\/sandra-scholtz\\\/\"}]}<\/script>\n<!-- \/ Yoast SEO Premium plugin. -->","yoast_head_json":{"title":"Lange Nacht der Livemusik in Wertheim - K\u00f6nig &amp; Meyer","robots":{"index":"index","follow":"follow","max-snippet":"max-snippet:-1","max-image-preview":"max-image-preview:large","max-video-preview":"max-video-preview:-1"},"canonical":"https:\/\/www.k-m.de\/brand\/de\/lange-nacht-der-livemusik-in-wertheim\/","og_locale":"de_DE","og_type":"article","og_title":"Lange Nacht der Livemusik in Wertheim","og_description":"Am 16.04.2016 bringt ein gro\u00dfes musikalisches Angebot ganz Wertheim wieder zum Grooven. Von Beat, Blues, Rock und Soul \u00fcber lateinamerikanischeMehr erfahren","og_url":"https:\/\/www.k-m.de\/brand\/de\/lange-nacht-der-livemusik-in-wertheim\/","og_site_name":"K\u00f6nig &amp; Meyer","article_published_time":"2016-03-22T13:13:25+00:00","article_modified_time":"2024-04-21T10:55:35+00:00","og_image":[{"width":680,"height":420,"url":"https:\/\/www.k-m.de\/brand\/wp-content\/uploads\/2016\/03\/livemusik.jpg","type":"image\/jpeg"}],"author":"Sandra Scholtz","twitter_card":"summary_large_image","twitter_misc":{"Verfasst von":"Sandra Scholtz","Gesch\u00e4tzte Lesezeit":"1\u00a0Minute"},"schema":{"@context":"https:\/\/schema.org","@graph":[{"@type":"Article","@id":"https:\/\/www.k-m.de\/brand\/de\/lange-nacht-der-livemusik-in-wertheim\/#article","isPartOf":{"@id":"https:\/\/www.k-m.de\/brand\/de\/lange-nacht-der-livemusik-in-wertheim\/"},"author":{"name":"Sandra Scholtz","@id":"https:\/\/www.k-m.de\/brand\/de\/#\/schema\/person\/ec9984d920bbfdc597fe63f9d3d0dbcb"},"headline":"Lange Nacht der Livemusik in Wertheim","datePublished":"2016-03-22T13:13:25+00:00","dateModified":"2024-04-21T10:55:35+00:00","mainEntityOfPage":{"@id":"https:\/\/www.k-m.de\/brand\/de\/lange-nacht-der-livemusik-in-wertheim\/"},"wordCount":187,"commentCount":0,"publisher":{"@id":"https:\/\/www.k-m.de\/brand\/de\/#organization"},"image":{"@id":"https:\/\/www.k-m.de\/brand\/de\/lange-nacht-der-livemusik-in-wertheim\/#primaryimage"},"thumbnailUrl":"https:\/\/www.k-m.de\/brand\/wp-content\/uploads\/2016\/03\/livemusik.jpg","keywords":["K\u00f6nig &amp; Meyer","Lange Nacht der Livemusik","Musikverantstaltung","Nightgroove","Wertheim","Wertheim Livemusik"],"articleSection":["Greetings from Wertheim"],"inLanguage":"de","potentialAction":[{"@type":"CommentAction","name":"Comment","target":["https:\/\/www.k-m.de\/brand\/de\/lange-nacht-der-livemusik-in-wertheim\/#respond"]}]},{"@type":"WebPage","@id":"https:\/\/www.k-m.de\/brand\/de\/lange-nacht-der-livemusik-in-wertheim\/","url":"https:\/\/www.k-m.de\/brand\/de\/lange-nacht-der-livemusik-in-wertheim\/","name":"Lange Nacht der Livemusik in Wertheim - K\u00f6nig &amp; Meyer","isPartOf":{"@id":"https:\/\/www.k-m.de\/brand\/de\/#website"},"primaryImageOfPage":{"@id":"https:\/\/www.k-m.de\/brand\/de\/lange-nacht-der-livemusik-in-wertheim\/#primaryimage"},"image":{"@id":"https:\/\/www.k-m.de\/brand\/de\/lange-nacht-der-livemusik-in-wertheim\/#primaryimage"},"thumbnailUrl":"https:\/\/www.k-m.de\/brand\/wp-content\/uploads\/2016\/03\/livemusik.jpg","datePublished":"2016-03-22T13:13:25+00:00","dateModified":"2024-04-21T10:55:35+00:00","breadcrumb":{"@id":"https:\/\/www.k-m.de\/brand\/de\/lange-nacht-der-livemusik-in-wertheim\/#breadcrumb"},"inLanguage":"de","potentialAction":[{"@type":"ReadAction","target":["https:\/\/www.k-m.de\/brand\/de\/lange-nacht-der-livemusik-in-wertheim\/"]}]},{"@type":"ImageObject","inLanguage":"de","@id":"https:\/\/www.k-m.de\/brand\/de\/lange-nacht-der-livemusik-in-wertheim\/#primaryimage","url":"https:\/\/www.k-m.de\/brand\/wp-content\/uploads\/2016\/03\/livemusik.jpg","contentUrl":"https:\/\/www.k-m.de\/brand\/wp-content\/uploads\/2016\/03\/livemusik.jpg","width":680,"height":420,"caption":"Lange Nacht der Livemusik"},{"@type":"BreadcrumbList","@id":"https:\/\/www.k-m.de\/brand\/de\/lange-nacht-der-livemusik-in-wertheim\/#breadcrumb","itemListElement":[{"@type":"ListItem","position":1,"name":"Startseite","item":"https:\/\/www.k-m.de\/brand\/de\/"},{"@type":"ListItem","position":2,"name":"Lange Nacht der Livemusik in Wertheim"}]},{"@type":"WebSite","@id":"https:\/\/www.k-m.de\/brand\/de\/#website","url":"https:\/\/www.k-m.de\/brand\/de\/","name":"K\u00f6nig & Meyer","description":"K\u00f6nig &amp; Meyer ist ein weltweit f\u00fchrender Hersteller f\u00fcr Musikzubeh\u00f6r. Seit \u00fcber 65 Jahren steht K&amp;M f\u00fcr qualitativ hochwertige Produkte.","publisher":{"@id":"https:\/\/www.k-m.de\/brand\/de\/#organization"},"potentialAction":[{"@type":"SearchAction","target":{"@type":"EntryPoint","urlTemplate":"https:\/\/www.k-m.de\/brand\/de\/?s={search_term_string}"},"query-input":{"@type":"PropertyValueSpecification","valueRequired":true,"valueName":"search_term_string"}}],"inLanguage":"de"},{"@type":"Organization","@id":"https:\/\/www.k-m.de\/brand\/de\/#organization","name":"K\u00f6nig & Meyer","url":"https:\/\/www.k-m.de\/brand\/de\/","logo":{"@type":"ImageObject","inLanguage":"de","@id":"https:\/\/www.k-m.de\/brand\/de\/#\/schema\/logo\/image\/","url":"https:\/\/www.k-m.de\/brand\/wp-content\/uploads\/2023\/01\/KM_1c.tif","contentUrl":"https:\/\/www.k-m.de\/brand\/wp-content\/uploads\/2023\/01\/KM_1c.tif","width":1,"height":1,"caption":"K\u00f6nig & Meyer"},"image":{"@id":"https:\/\/www.k-m.de\/brand\/de\/#\/schema\/logo\/image\/"}},{"@type":"Person","@id":"https:\/\/www.k-m.de\/brand\/de\/#\/schema\/person\/ec9984d920bbfdc597fe63f9d3d0dbcb","name":"Sandra Scholtz","url":"https:\/\/www.k-m.de\/brand\/de\/author\/sandra-scholtz\/"}]}},"_links":{"self":[{"href":"https:\/\/www.k-m.de\/brand\/de\/wp-json\/wp\/v2\/posts\/4885","targetHints":{"allow":["GET"]}}],"collection":[{"href":"https:\/\/www.k-m.de\/brand\/de\/wp-json\/wp\/v2\/posts"}],"about":[{"href":"https:\/\/www.k-m.de\/brand\/de\/wp-json\/wp\/v2\/types\/post"}],"author":[{"embeddable":true,"href":"https:\/\/www.k-m.de\/brand\/de\/wp-json\/wp\/v2\/users\/9"}],"replies":[{"embeddable":true,"href":"https:\/\/www.k-m.de\/brand\/de\/wp-json\/wp\/v2\/comments?post=4885"}],"version-history":[{"count":2,"href":"https:\/\/www.k-m.de\/brand\/de\/wp-json\/wp\/v2\/posts\/4885\/revisions"}],"predecessor-version":[{"id":9690,"href":"https:\/\/www.k-m.de\/brand\/de\/wp-json\/wp\/v2\/posts\/4885\/revisions\/9690"}],"wp:featuredmedia":[{"embeddable":true,"href":"https:\/\/www.k-m.de\/brand\/de\/wp-json\/wp\/v2\/media\/4894"}],"wp:attachment":[{"href":"https:\/\/www.k-m.de\/brand\/de\/wp-json\/wp\/v2\/media?parent=4885"}],"wp:term":[{"taxonomy":"category","embeddable":true,"href":"https:\/\/www.k-m.de\/brand\/de\/wp-json\/wp\/v2\/categories?post=4885"},{"taxonomy":"post_tag","embeddable":true,"href":"https:\/\/www.k-m.de\/brand\/de\/wp-json\/wp\/v2\/tags?post=4885"}],"curies":[{"name":"wp","href":"https:\/\/api.w.org\/{rel}","templated":true}]}}