{"id":5522,"date":"2016-06-03T09:25:48","date_gmt":"2016-06-03T09:25:48","guid":{"rendered":"http:\/\/blog.k-m.de\/de\/?p=5522"},"modified":"2021-03-24T09:44:19","modified_gmt":"2021-03-24T08:44:19","slug":"reload-bands-im-social-web-3-flash-forward","status":"publish","type":"post","link":"https:\/\/www.k-m.de\/brand\/de\/reload-bands-im-social-web-3-flash-forward\/","title":{"rendered":"Reload: Bands im Social Web &#8211; #3 Flash Forward"},"content":{"rendered":"<p><a href=\"https:\/\/www.k-m.de\/brand\/de\/endorser\/flash-forward\/\" target=\"_blank\" rel=\"noopener\">Flash Forward<\/a> treiben sich gerne auf <a href=\"https:\/\/www.facebook.com\/flashforwardband\" target=\"_blank\" rel=\"noopener\">Facebook<\/a>, <a href=\"https:\/\/www.instagram.com\/flashforwardband\/\" target=\"_blank\" rel=\"noopener\">Instagram<\/a>, <a href=\"https:\/\/twitter.com\/ffwesel\" target=\"_blank\" rel=\"noopener\">Twitter<\/a> und Snapchat herum. Ok, herumtreiben ist\u00a0nat\u00fcrlich nicht das passende Wort. Der Band ist bewusst, dass das Social Web eine gro\u00dfe Relevanz hat, vor\u00a0allem durch den direkten Kontakt zu den Fans.<\/p>\n<p>Sie stufen Online-Marketing wichtiger ein als Print.\u00a0Unter den sozialen Plattformen ist f\u00fcr Flash Forward Facebook, aufgrund der gr\u00f6\u00dften Reichweite und der guten\u00a0Werbem\u00f6glichkeit, am bedeutsamsten. <a href=\"http:\/\/flash-forward-band.de\/\" target=\"_blank\" rel=\"noopener\">Ihre Website <\/a>spielt daf\u00fcr nur eine geringere Rolle. Nichtsdestotrotz hat\u00a0diese noch eine andere wichtige Aufgabe. Sie dient der Anbindung an den Online-Shop und als\u00a0Informationsquelle f\u00fcr die Presse.<\/p>\n<p>&nbsp;<\/p>\n<p>Um die Online-Pr\u00e4senzen k\u00fcmmerst sich Bassist Jakob, der praktischer Weise selbst\u00e4ndiger Designer ist. F\u00fcr die\u00a0Betreuung der Kan\u00e4le setzt er durchschnittlich ca. 30 min pro Tag an.<br \/>\nDie gr\u00f6\u00dften Vorz\u00fcge der sozialen Medien sind f\u00fcr Flash Forward, wie man es schon herauslesen konnte, der\u00a0direkte Kontakt bzw. auch das direkte Feedback. Daneben nutzten sie gerne die Werbem\u00f6glichkeiten f\u00fcr\u00a0Merch, Konzerte etc. Das tolle dabei: &#8222;Genaue Zielgruppen anlegen zu k\u00f6nnen f\u00fchrt dazu, dass wir wirklich\u00a0gr\u00f6\u00dftenteils die Leute erreichen, die genau unsere Musik m\u00f6gen k\u00f6nnten. Bei Print-Werbung oder \u00e4hnlichem\u00a0ist die Chance nicht so gro\u00df.&#8220; Daher ist es f\u00fcr sie auch absolut die wichtigste Werbema\u00dfnahme.<\/p>\n","protected":false},"excerpt":{"rendered":"<p>Flash Forward treiben sich gerne auf Facebook, Instagram, Twitter und Snapchat herum. Ok, herumtreiben ist\u00a0nat\u00fcrlich nicht das passende Wort. Der<span class=\"read_more\">Mehr erfahren<\/span><\/p>\n","protected":false},"author":9,"featured_media":5557,"comment_status":"open","ping_status":"open","sticky":false,"template":"","format":"standard","meta":{"footnotes":""},"categories":[13],"tags":[674,376,487],"class_list":["post-5522","post","type-post","status-publish","format-standard","has-post-thumbnail","hentry","category-endorser","tag-flash-forward","tag-social-media-fur-bands","tag-social-media-marketing"],"better_featured_image":{"id":5557,"alt_text":"Flashforward \u00fcber Social Media I Bandbild","caption":"","description":"","media_type":"image","media_details":{"width":680,"height":415,"file":"2016\/04\/flashforward.jpg","sizes":{"medium":{"file":"flashforward-600x366.jpg","width":600,"height":366,"mime-type":"image\/jpeg","source_url":"https:\/\/www.k-m.de\/brand\/wp-content\/uploads\/2016\/04\/flashforward-600x366.jpg"},"profile_24":{"file":"flashforward-24x24.jpg","width":24,"height":24,"mime-type":"image\/jpeg","source_url":"https:\/\/www.k-m.de\/brand\/wp-content\/uploads\/2016\/04\/flashforward-24x24.jpg"},"profile_48":{"file":"flashforward-48x48.jpg","width":48,"height":48,"mime-type":"image\/jpeg","source_url":"https:\/\/www.k-m.de\/brand\/wp-content\/uploads\/2016\/04\/flashforward-48x48.jpg"},"profile_96":{"file":"flashforward-96x96.jpg","width":96,"height":96,"mime-type":"image\/jpeg","source_url":"https:\/\/www.k-m.de\/brand\/wp-content\/uploads\/2016\/04\/flashforward-96x96.jpg"},"thumbnail":{"file":"flashforward-800x480.jpg","width":800,"height":480,"mime-type":"image\/jpeg","source_url":"https:\/\/www.k-m.de\/brand\/wp-content\/uploads\/2016\/04\/flashforward-800x480.jpg"},"post-thumbnail":{"file":"flashforward-800x480.jpg","width":800,"height":480,"mime-type":"image\/jpeg","source_url":"https:\/\/www.k-m.de\/brand\/wp-content\/uploads\/2016\/04\/flashforward-800x480.jpg"},"medium_cropped":{"file":"flashforward-600x600.jpg","width":600,"height":600,"mime-type":"image\/jpeg","source_url":"https:\/\/www.k-m.de\/brand\/wp-content\/uploads\/2016\/04\/flashforward-600x600.jpg"},"large_cropped":{"file":"flashforward-1200x720.jpg","width":1200,"height":720,"mime-type":"image\/jpeg","source_url":"https:\/\/www.k-m.de\/brand\/wp-content\/uploads\/2016\/04\/flashforward-1200x720.jpg"},"very_large_cropped":{"file":"flashforward-1800x900.jpg","width":1800,"height":900,"mime-type":"image\/jpeg","source_url":"https:\/\/www.k-m.de\/brand\/wp-content\/uploads\/2016\/04\/flashforward-1800x900.jpg"},"landingpage_thumb":{"file":"flashforward-492x300.jpg","width":492,"height":300,"mime-type":"image\/jpeg","source_url":"https:\/\/www.k-m.de\/brand\/wp-content\/uploads\/2016\/04\/flashforward-492x300.jpg"},"medium_old_300x183":{"file":"flashforward-300x183.jpg","width":300,"height":183,"mime-type":"image\/jpeg","source_url":"https:\/\/www.k-m.de\/brand\/wp-content\/uploads\/2016\/04\/flashforward-300x183.jpg"},"thumbnail_old_150x150":{"file":"flashforward-150x150.jpg","width":150,"height":150,"mime-type":"image\/jpeg","source_url":"https:\/\/www.k-m.de\/brand\/wp-content\/uploads\/2016\/04\/flashforward-150x150.jpg"}},"image_meta":{"aperture":"0","credit":"","camera":"","caption":"","created_timestamp":"0","copyright":"","focal_length":"0","iso":"0","shutter_speed":"0","title":"","orientation":"0","keywords":[]}},"post":null,"source_url":"https:\/\/www.k-m.de\/brand\/wp-content\/uploads\/2016\/04\/flashforward.jpg"},"post_meta_fields":{"_vc_post_settings":["a:1:{s:10:\"vc_grid_id\";a:0:{}}"],"_wpml_media_featured":["1"],"_wpml_media_duplicate":["1"],"_edit_last":["9"],"_aioseop_keywords":["Social Media Marketing, Flash Forward, Social Media f\u00fcr Bands"],"_aioseop_description":["Flash Forward treiben sich gerne auf Facebook, Instagram, Twitter und Snapchat herum. Ok herumtreiben ist nat\u00fcrlich nicht das passende Wort..."],"_aioseop_title":["Bands im Social Web - #3 FlashForward"],"post_views_count":["3084"],"_thumbnail_id":["5557"],"ratings_average":["0"],"ratings_score":["0"],"ratings_users":["0"],"dsq_thread_id":["4880194331"],"_edit_lock":["1551633355:9"],"_wpb_vc_js_status":["false"],"_post_dealeronly":[""]},"yoast_head":"<!-- This site is optimized with the Yoast SEO Premium plugin v26.8 (Yoast SEO v27.4) - https:\/\/yoast.com\/product\/yoast-seo-premium-wordpress\/ -->\n<title>Reload: Bands im Social Web - #3 Flash Forward - K\u00f6nig &amp; Meyer<\/title>\n<meta name=\"robots\" content=\"index, follow, max-snippet:-1, max-image-preview:large, max-video-preview:-1\" \/>\n<link rel=\"canonical\" href=\"https:\/\/www.k-m.de\/brand\/de\/reload-bands-im-social-web-3-flash-forward\/\" \/>\n<meta property=\"og:locale\" content=\"de_DE\" \/>\n<meta property=\"og:type\" content=\"article\" \/>\n<meta property=\"og:title\" content=\"Reload: Bands im Social Web - #3 Flash Forward\" \/>\n<meta property=\"og:description\" content=\"Flash Forward treiben sich gerne auf Facebook, Instagram, Twitter und Snapchat herum. Ok, herumtreiben ist\u00a0nat\u00fcrlich nicht das passende Wort. DerMehr erfahren\" \/>\n<meta property=\"og:url\" content=\"https:\/\/www.k-m.de\/brand\/de\/reload-bands-im-social-web-3-flash-forward\/\" \/>\n<meta property=\"og:site_name\" content=\"K\u00f6nig &amp; Meyer\" \/>\n<meta property=\"article:published_time\" content=\"2016-06-03T09:25:48+00:00\" \/>\n<meta property=\"article:modified_time\" content=\"2021-03-24T08:44:19+00:00\" \/>\n<meta property=\"og:image\" content=\"https:\/\/www.k-m.de\/brand\/wp-content\/uploads\/2016\/04\/flashforward.jpg\" \/>\n\t<meta property=\"og:image:width\" content=\"680\" \/>\n\t<meta property=\"og:image:height\" content=\"415\" \/>\n\t<meta property=\"og:image:type\" content=\"image\/jpeg\" \/>\n<meta name=\"author\" content=\"Sandra Scholtz\" \/>\n<meta name=\"twitter:card\" content=\"summary_large_image\" \/>\n<meta name=\"twitter:label1\" content=\"Verfasst von\" \/>\n\t<meta name=\"twitter:data1\" content=\"Sandra Scholtz\" \/>\n\t<meta name=\"twitter:label2\" content=\"Gesch\u00e4tzte Lesezeit\" \/>\n\t<meta name=\"twitter:data2\" content=\"1\u00a0Minute\" \/>\n<script type=\"application\/ld+json\" class=\"yoast-schema-graph\">{\"@context\":\"https:\\\/\\\/schema.org\",\"@graph\":[{\"@type\":\"Article\",\"@id\":\"https:\\\/\\\/www.k-m.de\\\/brand\\\/de\\\/reload-bands-im-social-web-3-flash-forward\\\/#article\",\"isPartOf\":{\"@id\":\"https:\\\/\\\/www.k-m.de\\\/brand\\\/de\\\/reload-bands-im-social-web-3-flash-forward\\\/\"},\"author\":{\"name\":\"Sandra Scholtz\",\"@id\":\"https:\\\/\\\/www.k-m.de\\\/brand\\\/de\\\/#\\\/schema\\\/person\\\/ec9984d920bbfdc597fe63f9d3d0dbcb\"},\"headline\":\"Reload: Bands im Social Web &#8211; #3 Flash Forward\",\"datePublished\":\"2016-06-03T09:25:48+00:00\",\"dateModified\":\"2021-03-24T08:44:19+00:00\",\"mainEntityOfPage\":{\"@id\":\"https:\\\/\\\/www.k-m.de\\\/brand\\\/de\\\/reload-bands-im-social-web-3-flash-forward\\\/\"},\"wordCount\":232,\"commentCount\":0,\"publisher\":{\"@id\":\"https:\\\/\\\/www.k-m.de\\\/brand\\\/de\\\/#organization\"},\"image\":{\"@id\":\"https:\\\/\\\/www.k-m.de\\\/brand\\\/de\\\/reload-bands-im-social-web-3-flash-forward\\\/#primaryimage\"},\"thumbnailUrl\":\"https:\\\/\\\/www.k-m.de\\\/brand\\\/wp-content\\\/uploads\\\/2016\\\/04\\\/flashforward.jpg\",\"keywords\":[\"Flash Forward\",\"social media f\u00fcr bands\",\"Social Media Marketing\"],\"articleSection\":[\"Endorser-News\"],\"inLanguage\":\"de\",\"potentialAction\":[{\"@type\":\"CommentAction\",\"name\":\"Comment\",\"target\":[\"https:\\\/\\\/www.k-m.de\\\/brand\\\/de\\\/reload-bands-im-social-web-3-flash-forward\\\/#respond\"]}]},{\"@type\":\"WebPage\",\"@id\":\"https:\\\/\\\/www.k-m.de\\\/brand\\\/de\\\/reload-bands-im-social-web-3-flash-forward\\\/\",\"url\":\"https:\\\/\\\/www.k-m.de\\\/brand\\\/de\\\/reload-bands-im-social-web-3-flash-forward\\\/\",\"name\":\"Reload: Bands im Social Web - #3 Flash Forward - K\u00f6nig &amp; Meyer\",\"isPartOf\":{\"@id\":\"https:\\\/\\\/www.k-m.de\\\/brand\\\/de\\\/#website\"},\"primaryImageOfPage\":{\"@id\":\"https:\\\/\\\/www.k-m.de\\\/brand\\\/de\\\/reload-bands-im-social-web-3-flash-forward\\\/#primaryimage\"},\"image\":{\"@id\":\"https:\\\/\\\/www.k-m.de\\\/brand\\\/de\\\/reload-bands-im-social-web-3-flash-forward\\\/#primaryimage\"},\"thumbnailUrl\":\"https:\\\/\\\/www.k-m.de\\\/brand\\\/wp-content\\\/uploads\\\/2016\\\/04\\\/flashforward.jpg\",\"datePublished\":\"2016-06-03T09:25:48+00:00\",\"dateModified\":\"2021-03-24T08:44:19+00:00\",\"breadcrumb\":{\"@id\":\"https:\\\/\\\/www.k-m.de\\\/brand\\\/de\\\/reload-bands-im-social-web-3-flash-forward\\\/#breadcrumb\"},\"inLanguage\":\"de\",\"potentialAction\":[{\"@type\":\"ReadAction\",\"target\":[\"https:\\\/\\\/www.k-m.de\\\/brand\\\/de\\\/reload-bands-im-social-web-3-flash-forward\\\/\"]}]},{\"@type\":\"ImageObject\",\"inLanguage\":\"de\",\"@id\":\"https:\\\/\\\/www.k-m.de\\\/brand\\\/de\\\/reload-bands-im-social-web-3-flash-forward\\\/#primaryimage\",\"url\":\"https:\\\/\\\/www.k-m.de\\\/brand\\\/wp-content\\\/uploads\\\/2016\\\/04\\\/flashforward.jpg\",\"contentUrl\":\"https:\\\/\\\/www.k-m.de\\\/brand\\\/wp-content\\\/uploads\\\/2016\\\/04\\\/flashforward.jpg\",\"width\":680,\"height\":415,\"caption\":\"Flashforward \u00fcber Social Media I Bandbild\"},{\"@type\":\"BreadcrumbList\",\"@id\":\"https:\\\/\\\/www.k-m.de\\\/brand\\\/de\\\/reload-bands-im-social-web-3-flash-forward\\\/#breadcrumb\",\"itemListElement\":[{\"@type\":\"ListItem\",\"position\":1,\"name\":\"Startseite\",\"item\":\"https:\\\/\\\/www.k-m.de\\\/brand\\\/de\\\/\"},{\"@type\":\"ListItem\",\"position\":2,\"name\":\"Reload: Bands im Social Web &#8211; #3 Flash Forward\"}]},{\"@type\":\"WebSite\",\"@id\":\"https:\\\/\\\/www.k-m.de\\\/brand\\\/de\\\/#website\",\"url\":\"https:\\\/\\\/www.k-m.de\\\/brand\\\/de\\\/\",\"name\":\"K\u00f6nig & Meyer\",\"description\":\"K\u00f6nig &amp; Meyer ist ein weltweit f\u00fchrender Hersteller f\u00fcr Musikzubeh\u00f6r. Seit \u00fcber 65 Jahren steht K&amp;M f\u00fcr qualitativ hochwertige Produkte.\",\"publisher\":{\"@id\":\"https:\\\/\\\/www.k-m.de\\\/brand\\\/de\\\/#organization\"},\"potentialAction\":[{\"@type\":\"SearchAction\",\"target\":{\"@type\":\"EntryPoint\",\"urlTemplate\":\"https:\\\/\\\/www.k-m.de\\\/brand\\\/de\\\/?s={search_term_string}\"},\"query-input\":{\"@type\":\"PropertyValueSpecification\",\"valueRequired\":true,\"valueName\":\"search_term_string\"}}],\"inLanguage\":\"de\"},{\"@type\":\"Organization\",\"@id\":\"https:\\\/\\\/www.k-m.de\\\/brand\\\/de\\\/#organization\",\"name\":\"K\u00f6nig & Meyer\",\"url\":\"https:\\\/\\\/www.k-m.de\\\/brand\\\/de\\\/\",\"logo\":{\"@type\":\"ImageObject\",\"inLanguage\":\"de\",\"@id\":\"https:\\\/\\\/www.k-m.de\\\/brand\\\/de\\\/#\\\/schema\\\/logo\\\/image\\\/\",\"url\":\"https:\\\/\\\/www.k-m.de\\\/brand\\\/wp-content\\\/uploads\\\/2023\\\/01\\\/KM_1c.tif\",\"contentUrl\":\"https:\\\/\\\/www.k-m.de\\\/brand\\\/wp-content\\\/uploads\\\/2023\\\/01\\\/KM_1c.tif\",\"width\":1,\"height\":1,\"caption\":\"K\u00f6nig & Meyer\"},\"image\":{\"@id\":\"https:\\\/\\\/www.k-m.de\\\/brand\\\/de\\\/#\\\/schema\\\/logo\\\/image\\\/\"}},{\"@type\":\"Person\",\"@id\":\"https:\\\/\\\/www.k-m.de\\\/brand\\\/de\\\/#\\\/schema\\\/person\\\/ec9984d920bbfdc597fe63f9d3d0dbcb\",\"name\":\"Sandra Scholtz\",\"url\":\"https:\\\/\\\/www.k-m.de\\\/brand\\\/de\\\/author\\\/sandra-scholtz\\\/\"}]}<\/script>\n<!-- \/ Yoast SEO Premium plugin. -->","yoast_head_json":{"title":"Reload: Bands im Social Web - #3 Flash Forward - K\u00f6nig &amp; Meyer","robots":{"index":"index","follow":"follow","max-snippet":"max-snippet:-1","max-image-preview":"max-image-preview:large","max-video-preview":"max-video-preview:-1"},"canonical":"https:\/\/www.k-m.de\/brand\/de\/reload-bands-im-social-web-3-flash-forward\/","og_locale":"de_DE","og_type":"article","og_title":"Reload: Bands im Social Web - #3 Flash Forward","og_description":"Flash Forward treiben sich gerne auf Facebook, Instagram, Twitter und Snapchat herum. Ok, herumtreiben ist\u00a0nat\u00fcrlich nicht das passende Wort. DerMehr erfahren","og_url":"https:\/\/www.k-m.de\/brand\/de\/reload-bands-im-social-web-3-flash-forward\/","og_site_name":"K\u00f6nig &amp; Meyer","article_published_time":"2016-06-03T09:25:48+00:00","article_modified_time":"2021-03-24T08:44:19+00:00","og_image":[{"width":680,"height":415,"url":"https:\/\/www.k-m.de\/brand\/wp-content\/uploads\/2016\/04\/flashforward.jpg","type":"image\/jpeg"}],"author":"Sandra Scholtz","twitter_card":"summary_large_image","twitter_misc":{"Verfasst von":"Sandra Scholtz","Gesch\u00e4tzte Lesezeit":"1\u00a0Minute"},"schema":{"@context":"https:\/\/schema.org","@graph":[{"@type":"Article","@id":"https:\/\/www.k-m.de\/brand\/de\/reload-bands-im-social-web-3-flash-forward\/#article","isPartOf":{"@id":"https:\/\/www.k-m.de\/brand\/de\/reload-bands-im-social-web-3-flash-forward\/"},"author":{"name":"Sandra Scholtz","@id":"https:\/\/www.k-m.de\/brand\/de\/#\/schema\/person\/ec9984d920bbfdc597fe63f9d3d0dbcb"},"headline":"Reload: Bands im Social Web &#8211; #3 Flash Forward","datePublished":"2016-06-03T09:25:48+00:00","dateModified":"2021-03-24T08:44:19+00:00","mainEntityOfPage":{"@id":"https:\/\/www.k-m.de\/brand\/de\/reload-bands-im-social-web-3-flash-forward\/"},"wordCount":232,"commentCount":0,"publisher":{"@id":"https:\/\/www.k-m.de\/brand\/de\/#organization"},"image":{"@id":"https:\/\/www.k-m.de\/brand\/de\/reload-bands-im-social-web-3-flash-forward\/#primaryimage"},"thumbnailUrl":"https:\/\/www.k-m.de\/brand\/wp-content\/uploads\/2016\/04\/flashforward.jpg","keywords":["Flash Forward","social media f\u00fcr bands","Social Media Marketing"],"articleSection":["Endorser-News"],"inLanguage":"de","potentialAction":[{"@type":"CommentAction","name":"Comment","target":["https:\/\/www.k-m.de\/brand\/de\/reload-bands-im-social-web-3-flash-forward\/#respond"]}]},{"@type":"WebPage","@id":"https:\/\/www.k-m.de\/brand\/de\/reload-bands-im-social-web-3-flash-forward\/","url":"https:\/\/www.k-m.de\/brand\/de\/reload-bands-im-social-web-3-flash-forward\/","name":"Reload: Bands im Social Web - #3 Flash Forward - K\u00f6nig &amp; Meyer","isPartOf":{"@id":"https:\/\/www.k-m.de\/brand\/de\/#website"},"primaryImageOfPage":{"@id":"https:\/\/www.k-m.de\/brand\/de\/reload-bands-im-social-web-3-flash-forward\/#primaryimage"},"image":{"@id":"https:\/\/www.k-m.de\/brand\/de\/reload-bands-im-social-web-3-flash-forward\/#primaryimage"},"thumbnailUrl":"https:\/\/www.k-m.de\/brand\/wp-content\/uploads\/2016\/04\/flashforward.jpg","datePublished":"2016-06-03T09:25:48+00:00","dateModified":"2021-03-24T08:44:19+00:00","breadcrumb":{"@id":"https:\/\/www.k-m.de\/brand\/de\/reload-bands-im-social-web-3-flash-forward\/#breadcrumb"},"inLanguage":"de","potentialAction":[{"@type":"ReadAction","target":["https:\/\/www.k-m.de\/brand\/de\/reload-bands-im-social-web-3-flash-forward\/"]}]},{"@type":"ImageObject","inLanguage":"de","@id":"https:\/\/www.k-m.de\/brand\/de\/reload-bands-im-social-web-3-flash-forward\/#primaryimage","url":"https:\/\/www.k-m.de\/brand\/wp-content\/uploads\/2016\/04\/flashforward.jpg","contentUrl":"https:\/\/www.k-m.de\/brand\/wp-content\/uploads\/2016\/04\/flashforward.jpg","width":680,"height":415,"caption":"Flashforward \u00fcber Social Media I Bandbild"},{"@type":"BreadcrumbList","@id":"https:\/\/www.k-m.de\/brand\/de\/reload-bands-im-social-web-3-flash-forward\/#breadcrumb","itemListElement":[{"@type":"ListItem","position":1,"name":"Startseite","item":"https:\/\/www.k-m.de\/brand\/de\/"},{"@type":"ListItem","position":2,"name":"Reload: Bands im Social Web &#8211; #3 Flash Forward"}]},{"@type":"WebSite","@id":"https:\/\/www.k-m.de\/brand\/de\/#website","url":"https:\/\/www.k-m.de\/brand\/de\/","name":"K\u00f6nig & Meyer","description":"K\u00f6nig &amp; Meyer ist ein weltweit f\u00fchrender Hersteller f\u00fcr Musikzubeh\u00f6r. Seit \u00fcber 65 Jahren steht K&amp;M f\u00fcr qualitativ hochwertige Produkte.","publisher":{"@id":"https:\/\/www.k-m.de\/brand\/de\/#organization"},"potentialAction":[{"@type":"SearchAction","target":{"@type":"EntryPoint","urlTemplate":"https:\/\/www.k-m.de\/brand\/de\/?s={search_term_string}"},"query-input":{"@type":"PropertyValueSpecification","valueRequired":true,"valueName":"search_term_string"}}],"inLanguage":"de"},{"@type":"Organization","@id":"https:\/\/www.k-m.de\/brand\/de\/#organization","name":"K\u00f6nig & Meyer","url":"https:\/\/www.k-m.de\/brand\/de\/","logo":{"@type":"ImageObject","inLanguage":"de","@id":"https:\/\/www.k-m.de\/brand\/de\/#\/schema\/logo\/image\/","url":"https:\/\/www.k-m.de\/brand\/wp-content\/uploads\/2023\/01\/KM_1c.tif","contentUrl":"https:\/\/www.k-m.de\/brand\/wp-content\/uploads\/2023\/01\/KM_1c.tif","width":1,"height":1,"caption":"K\u00f6nig & Meyer"},"image":{"@id":"https:\/\/www.k-m.de\/brand\/de\/#\/schema\/logo\/image\/"}},{"@type":"Person","@id":"https:\/\/www.k-m.de\/brand\/de\/#\/schema\/person\/ec9984d920bbfdc597fe63f9d3d0dbcb","name":"Sandra Scholtz","url":"https:\/\/www.k-m.de\/brand\/de\/author\/sandra-scholtz\/"}]}},"_links":{"self":[{"href":"https:\/\/www.k-m.de\/brand\/de\/wp-json\/wp\/v2\/posts\/5522","targetHints":{"allow":["GET"]}}],"collection":[{"href":"https:\/\/www.k-m.de\/brand\/de\/wp-json\/wp\/v2\/posts"}],"about":[{"href":"https:\/\/www.k-m.de\/brand\/de\/wp-json\/wp\/v2\/types\/post"}],"author":[{"embeddable":true,"href":"https:\/\/www.k-m.de\/brand\/de\/wp-json\/wp\/v2\/users\/9"}],"replies":[{"embeddable":true,"href":"https:\/\/www.k-m.de\/brand\/de\/wp-json\/wp\/v2\/comments?post=5522"}],"version-history":[{"count":2,"href":"https:\/\/www.k-m.de\/brand\/de\/wp-json\/wp\/v2\/posts\/5522\/revisions"}],"predecessor-version":[{"id":10124,"href":"https:\/\/www.k-m.de\/brand\/de\/wp-json\/wp\/v2\/posts\/5522\/revisions\/10124"}],"wp:featuredmedia":[{"embeddable":true,"href":"https:\/\/www.k-m.de\/brand\/de\/wp-json\/wp\/v2\/media\/5557"}],"wp:attachment":[{"href":"https:\/\/www.k-m.de\/brand\/de\/wp-json\/wp\/v2\/media?parent=5522"}],"wp:term":[{"taxonomy":"category","embeddable":true,"href":"https:\/\/www.k-m.de\/brand\/de\/wp-json\/wp\/v2\/categories?post=5522"},{"taxonomy":"post_tag","embeddable":true,"href":"https:\/\/www.k-m.de\/brand\/de\/wp-json\/wp\/v2\/tags?post=5522"}],"curies":[{"name":"wp","href":"https:\/\/api.w.org\/{rel}","templated":true}]}}