{"id":5644,"date":"2016-05-26T14:04:00","date_gmt":"2016-05-26T14:04:00","guid":{"rendered":"http:\/\/blog.k-m.de\/de\/?p=5644"},"modified":"2024-04-21T14:35:14","modified_gmt":"2024-04-21T12:35:14","slug":"deutschland-musiziert-am-bundesweiten-aktionstag-tagdmm","status":"publish","type":"post","link":"https:\/\/www.k-m.de\/brand\/de\/deutschland-musiziert-am-bundesweiten-aktionstag-tagdmm\/","title":{"rendered":"Deutschland musiziert am bundesweiten Aktionstag #TagDmM"},"content":{"rendered":"<p>&nbsp;<\/p>\n<h3><strong>Deutschland macht Musik \u2013 spiel mit!<\/strong><\/h3>\n<p>Von Fl\u00f6te \u00fcber Piano zu Gitarre, Bass und Schlagzeug: Am <strong>Samstag den 18. Juni<\/strong> kommen Instrumente aller Art im ganzen Land zum Einsatz. Der bundesweite Aktionstag &#8222;Deutschland macht Musik \u2013 spiel mit!\u201c findet erstmalig statt und wurde von der Musikinstrumenten- und Musikequipmentbranche\u00a0ins Leben gerufen. So \u00f6ffnen an diesem Tag\u00a0Musikfachh\u00e4ndler\u00a0sowie Musikschulen ihre T\u00fcren und laden Gro\u00df &amp; Klein ein. Die Besucher erwartet ein buntes Programm mit informativen Mitmachveranstaltungen und Workshops rund ums Musizieren oder auch Schnupperkurse, um Instrumente kennenzulernen und auszuprobieren.<br \/>\n<a href=\"http:\/\/www.deutschland-macht-musik.eu\/fileadmin\/dmm\/upload\/layout\/Teilnehmerliste_DmM_2016_ek.pdf\">Hier<\/a> findet man alle St\u00e4dte, Locations und das Veranstaltungsprogramm.<\/p>\n<p>&nbsp;<\/p>\n<h3>#TagDmM<\/h3>\n<p>Sinn und Zweck des #TagDmM ist es, den Erstkontakt zum Instrument zu vereinfachen und nat\u00fcrlich den Spa\u00df am Musikmachen weiterzugeben. Zudem hat man den Wunsch das Bewusstsein f\u00fcr das aktive Musikmachen in der Gesellschaft zu sch\u00e4rfen und dabei auch den Musikfachhandel inkl. dessen Beratungst\u00e4tigkeiten in den Fokus zu stellen.<\/p>\n<p>&nbsp;<\/p>\n<h3>Gemeinsam Musik machen<\/h3>\n<p>\u201eF\u00fcr mich ist das Sch\u00f6nste, was es auf der Welt gibt, mit anderen Menschen gemeinsam Musik zu machen\u201c, so Gregor Meyle, der aus Fernsehen und Charts bekannt ist. Er und Tom Gaebel aka Dr. Swing, ebenfalls Musiker, unterst\u00fctzen als Musikpaten das Event.<\/p>\n<p>Mehr Infos: <a href=\"http:\/\/www.deutschland-macht-musik.eu\/aktionstag\/\" target=\"_blank\" rel=\"noopener\">www.deutschland-macht-musik.eu\/aktionstag\/<\/a><\/p>\n<p>&nbsp;<\/p>\n","protected":false},"excerpt":{"rendered":"<p>&nbsp; Deutschland macht Musik \u2013 spiel mit! Von Fl\u00f6te \u00fcber Piano zu Gitarre, Bass und Schlagzeug: Am Samstag den 18.<span class=\"read_more\">Mehr erfahren<\/span><\/p>\n","protected":false},"author":9,"featured_media":5646,"comment_status":"open","ping_status":"open","sticky":false,"template":"","format":"standard","meta":{"footnotes":""},"categories":[10],"tags":[833,834,835],"class_list":["post-5644","post","type-post","status-publish","format-standard","has-post-thumbnail","hentry","category-news","tag-deutschland-macht-musik","tag-musik-aktionstag","tag-musikmachen-bundesweit"],"better_featured_image":{"id":5646,"alt_text":"Deutschland macht Musik 2016 I Logo","caption":"","description":"","media_type":"image","media_details":{"width":680,"height":420,"file":"2016\/05\/dt-macht-musik.jpg","sizes":{"medium":{"file":"dt-macht-musik-600x371.jpg","width":600,"height":371,"mime-type":"image\/jpeg","source_url":"https:\/\/www.k-m.de\/brand\/wp-content\/uploads\/2016\/05\/dt-macht-musik-600x371.jpg"},"profile_24":{"file":"dt-macht-musik-24x24.jpg","width":24,"height":24,"mime-type":"image\/jpeg","source_url":"https:\/\/www.k-m.de\/brand\/wp-content\/uploads\/2016\/05\/dt-macht-musik-24x24.jpg"},"profile_48":{"file":"dt-macht-musik-48x48.jpg","width":48,"height":48,"mime-type":"image\/jpeg","source_url":"https:\/\/www.k-m.de\/brand\/wp-content\/uploads\/2016\/05\/dt-macht-musik-48x48.jpg"},"profile_96":{"file":"dt-macht-musik-96x96.jpg","width":96,"height":96,"mime-type":"image\/jpeg","source_url":"https:\/\/www.k-m.de\/brand\/wp-content\/uploads\/2016\/05\/dt-macht-musik-96x96.jpg"},"thumbnail":{"file":"dt-macht-musik-800x480.jpg","width":800,"height":480,"mime-type":"image\/jpeg","source_url":"https:\/\/www.k-m.de\/brand\/wp-content\/uploads\/2016\/05\/dt-macht-musik-800x480.jpg"},"post-thumbnail":{"file":"dt-macht-musik-800x480.jpg","width":800,"height":480,"mime-type":"image\/jpeg","source_url":"https:\/\/www.k-m.de\/brand\/wp-content\/uploads\/2016\/05\/dt-macht-musik-800x480.jpg"},"medium_cropped":{"file":"dt-macht-musik-600x600.jpg","width":600,"height":600,"mime-type":"image\/jpeg","source_url":"https:\/\/www.k-m.de\/brand\/wp-content\/uploads\/2016\/05\/dt-macht-musik-600x600.jpg"},"large_cropped":{"file":"dt-macht-musik-1200x720.jpg","width":1200,"height":720,"mime-type":"image\/jpeg","source_url":"https:\/\/www.k-m.de\/brand\/wp-content\/uploads\/2016\/05\/dt-macht-musik-1200x720.jpg"},"very_large_cropped":{"file":"dt-macht-musik-1800x900.jpg","width":1800,"height":900,"mime-type":"image\/jpeg","source_url":"https:\/\/www.k-m.de\/brand\/wp-content\/uploads\/2016\/05\/dt-macht-musik-1800x900.jpg"},"landingpage_thumb":{"file":"dt-macht-musik-486x300.jpg","width":486,"height":300,"mime-type":"image\/jpeg","source_url":"https:\/\/www.k-m.de\/brand\/wp-content\/uploads\/2016\/05\/dt-macht-musik-486x300.jpg"},"medium_old_300x185":{"file":"dt-macht-musik-300x185.jpg","width":300,"height":185,"mime-type":"image\/jpeg","source_url":"https:\/\/www.k-m.de\/brand\/wp-content\/uploads\/2016\/05\/dt-macht-musik-300x185.jpg"},"thumbnail_old_150x150":{"file":"dt-macht-musik-150x150.jpg","width":150,"height":150,"mime-type":"image\/jpeg","source_url":"https:\/\/www.k-m.de\/brand\/wp-content\/uploads\/2016\/05\/dt-macht-musik-150x150.jpg"}},"image_meta":{"aperture":"0","credit":"","camera":"","caption":"","created_timestamp":"0","copyright":"","focal_length":"0","iso":"0","shutter_speed":"0","title":"","orientation":"0","keywords":[]}},"post":null,"source_url":"https:\/\/www.k-m.de\/brand\/wp-content\/uploads\/2016\/05\/dt-macht-musik.jpg"},"post_meta_fields":{"_wpml_media_featured":["1"],"_wpml_media_duplicate":["1"],"post_views_count":["1603"],"_edit_last":["9"],"_aioseop_title":["Deutschland musiziert am bundesweiten Aktionstag"],"_aioseop_keywords":["Deutschland macht Musik, Musikmachen bundesweit, Musik Aktionstag"],"_aioseop_description":["Der bundesweite Aktionstag \"Deutschland macht Musik \u2013 spiel mit!\" findet am Samstag den 18. Juni statt."],"_thumbnail_id":["5646"],"ratings_users":["0"],"ratings_score":["0"],"ratings_average":["0"],"dsq_thread_id":["4860945213"],"_post_dealeronly":[""],"_yoast_indexnow_last_ping":["1713702915"],"_edit_lock":["1713702915:9"],"_wpml_word_count":["{\"total\":215,\"to_translate\":{\"en\":215,\"us\":215}}"]},"yoast_head":"<!-- This site is optimized with the Yoast SEO Premium plugin v26.8 (Yoast SEO v27.4) - https:\/\/yoast.com\/product\/yoast-seo-premium-wordpress\/ -->\n<title>Deutschland musiziert am bundesweiten Aktionstag #TagDmM - K\u00f6nig &amp; Meyer<\/title>\n<meta name=\"robots\" content=\"index, follow, max-snippet:-1, max-image-preview:large, max-video-preview:-1\" \/>\n<link rel=\"canonical\" href=\"https:\/\/www.k-m.de\/brand\/de\/deutschland-musiziert-am-bundesweiten-aktionstag-tagdmm\/\" \/>\n<meta property=\"og:locale\" content=\"de_DE\" \/>\n<meta property=\"og:type\" content=\"article\" \/>\n<meta property=\"og:title\" content=\"Deutschland musiziert am bundesweiten Aktionstag #TagDmM\" \/>\n<meta property=\"og:description\" content=\"&nbsp; Deutschland macht Musik \u2013 spiel mit! Von Fl\u00f6te \u00fcber Piano zu Gitarre, Bass und Schlagzeug: Am Samstag den 18.Mehr erfahren\" \/>\n<meta property=\"og:url\" content=\"https:\/\/www.k-m.de\/brand\/de\/deutschland-musiziert-am-bundesweiten-aktionstag-tagdmm\/\" \/>\n<meta property=\"og:site_name\" content=\"K\u00f6nig &amp; Meyer\" \/>\n<meta property=\"article:published_time\" content=\"2016-05-26T14:04:00+00:00\" \/>\n<meta property=\"article:modified_time\" content=\"2024-04-21T12:35:14+00:00\" \/>\n<meta property=\"og:image\" content=\"https:\/\/www.k-m.de\/brand\/wp-content\/uploads\/2016\/05\/dt-macht-musik.jpg\" \/>\n\t<meta property=\"og:image:width\" content=\"680\" \/>\n\t<meta property=\"og:image:height\" content=\"420\" \/>\n\t<meta property=\"og:image:type\" content=\"image\/jpeg\" \/>\n<meta name=\"author\" content=\"Sandra Scholtz\" \/>\n<meta name=\"twitter:card\" content=\"summary_large_image\" \/>\n<meta name=\"twitter:label1\" content=\"Verfasst von\" \/>\n\t<meta name=\"twitter:data1\" content=\"Sandra Scholtz\" \/>\n\t<meta name=\"twitter:label2\" content=\"Gesch\u00e4tzte Lesezeit\" \/>\n\t<meta name=\"twitter:data2\" content=\"1\u00a0Minute\" \/>\n<script type=\"application\/ld+json\" class=\"yoast-schema-graph\">{\"@context\":\"https:\\\/\\\/schema.org\",\"@graph\":[{\"@type\":\"Article\",\"@id\":\"https:\\\/\\\/www.k-m.de\\\/brand\\\/de\\\/deutschland-musiziert-am-bundesweiten-aktionstag-tagdmm\\\/#article\",\"isPartOf\":{\"@id\":\"https:\\\/\\\/www.k-m.de\\\/brand\\\/de\\\/deutschland-musiziert-am-bundesweiten-aktionstag-tagdmm\\\/\"},\"author\":{\"name\":\"Sandra Scholtz\",\"@id\":\"https:\\\/\\\/www.k-m.de\\\/brand\\\/de\\\/#\\\/schema\\\/person\\\/ec9984d920bbfdc597fe63f9d3d0dbcb\"},\"headline\":\"Deutschland musiziert am bundesweiten Aktionstag #TagDmM\",\"datePublished\":\"2016-05-26T14:04:00+00:00\",\"dateModified\":\"2024-04-21T12:35:14+00:00\",\"mainEntityOfPage\":{\"@id\":\"https:\\\/\\\/www.k-m.de\\\/brand\\\/de\\\/deutschland-musiziert-am-bundesweiten-aktionstag-tagdmm\\\/\"},\"wordCount\":217,\"commentCount\":0,\"publisher\":{\"@id\":\"https:\\\/\\\/www.k-m.de\\\/brand\\\/de\\\/#organization\"},\"image\":{\"@id\":\"https:\\\/\\\/www.k-m.de\\\/brand\\\/de\\\/deutschland-musiziert-am-bundesweiten-aktionstag-tagdmm\\\/#primaryimage\"},\"thumbnailUrl\":\"https:\\\/\\\/www.k-m.de\\\/brand\\\/wp-content\\\/uploads\\\/2016\\\/05\\\/dt-macht-musik.jpg\",\"keywords\":[\"Deutschland macht Musik\",\"Musik Aktionstag\",\"Musikmachen bundesweit\"],\"articleSection\":[\"News\"],\"inLanguage\":\"de\",\"potentialAction\":[{\"@type\":\"CommentAction\",\"name\":\"Comment\",\"target\":[\"https:\\\/\\\/www.k-m.de\\\/brand\\\/de\\\/deutschland-musiziert-am-bundesweiten-aktionstag-tagdmm\\\/#respond\"]}]},{\"@type\":\"WebPage\",\"@id\":\"https:\\\/\\\/www.k-m.de\\\/brand\\\/de\\\/deutschland-musiziert-am-bundesweiten-aktionstag-tagdmm\\\/\",\"url\":\"https:\\\/\\\/www.k-m.de\\\/brand\\\/de\\\/deutschland-musiziert-am-bundesweiten-aktionstag-tagdmm\\\/\",\"name\":\"Deutschland musiziert am bundesweiten Aktionstag #TagDmM - K\u00f6nig &amp; Meyer\",\"isPartOf\":{\"@id\":\"https:\\\/\\\/www.k-m.de\\\/brand\\\/de\\\/#website\"},\"primaryImageOfPage\":{\"@id\":\"https:\\\/\\\/www.k-m.de\\\/brand\\\/de\\\/deutschland-musiziert-am-bundesweiten-aktionstag-tagdmm\\\/#primaryimage\"},\"image\":{\"@id\":\"https:\\\/\\\/www.k-m.de\\\/brand\\\/de\\\/deutschland-musiziert-am-bundesweiten-aktionstag-tagdmm\\\/#primaryimage\"},\"thumbnailUrl\":\"https:\\\/\\\/www.k-m.de\\\/brand\\\/wp-content\\\/uploads\\\/2016\\\/05\\\/dt-macht-musik.jpg\",\"datePublished\":\"2016-05-26T14:04:00+00:00\",\"dateModified\":\"2024-04-21T12:35:14+00:00\",\"breadcrumb\":{\"@id\":\"https:\\\/\\\/www.k-m.de\\\/brand\\\/de\\\/deutschland-musiziert-am-bundesweiten-aktionstag-tagdmm\\\/#breadcrumb\"},\"inLanguage\":\"de\",\"potentialAction\":[{\"@type\":\"ReadAction\",\"target\":[\"https:\\\/\\\/www.k-m.de\\\/brand\\\/de\\\/deutschland-musiziert-am-bundesweiten-aktionstag-tagdmm\\\/\"]}]},{\"@type\":\"ImageObject\",\"inLanguage\":\"de\",\"@id\":\"https:\\\/\\\/www.k-m.de\\\/brand\\\/de\\\/deutschland-musiziert-am-bundesweiten-aktionstag-tagdmm\\\/#primaryimage\",\"url\":\"https:\\\/\\\/www.k-m.de\\\/brand\\\/wp-content\\\/uploads\\\/2016\\\/05\\\/dt-macht-musik.jpg\",\"contentUrl\":\"https:\\\/\\\/www.k-m.de\\\/brand\\\/wp-content\\\/uploads\\\/2016\\\/05\\\/dt-macht-musik.jpg\",\"width\":680,\"height\":420,\"caption\":\"Deutschland macht Musik 2016 I Logo\"},{\"@type\":\"BreadcrumbList\",\"@id\":\"https:\\\/\\\/www.k-m.de\\\/brand\\\/de\\\/deutschland-musiziert-am-bundesweiten-aktionstag-tagdmm\\\/#breadcrumb\",\"itemListElement\":[{\"@type\":\"ListItem\",\"position\":1,\"name\":\"Startseite\",\"item\":\"https:\\\/\\\/www.k-m.de\\\/brand\\\/de\\\/\"},{\"@type\":\"ListItem\",\"position\":2,\"name\":\"Deutschland musiziert am bundesweiten Aktionstag #TagDmM\"}]},{\"@type\":\"WebSite\",\"@id\":\"https:\\\/\\\/www.k-m.de\\\/brand\\\/de\\\/#website\",\"url\":\"https:\\\/\\\/www.k-m.de\\\/brand\\\/de\\\/\",\"name\":\"K\u00f6nig & Meyer\",\"description\":\"K\u00f6nig &amp; Meyer ist ein weltweit f\u00fchrender Hersteller f\u00fcr Musikzubeh\u00f6r. Seit \u00fcber 65 Jahren steht K&amp;M f\u00fcr qualitativ hochwertige Produkte.\",\"publisher\":{\"@id\":\"https:\\\/\\\/www.k-m.de\\\/brand\\\/de\\\/#organization\"},\"potentialAction\":[{\"@type\":\"SearchAction\",\"target\":{\"@type\":\"EntryPoint\",\"urlTemplate\":\"https:\\\/\\\/www.k-m.de\\\/brand\\\/de\\\/?s={search_term_string}\"},\"query-input\":{\"@type\":\"PropertyValueSpecification\",\"valueRequired\":true,\"valueName\":\"search_term_string\"}}],\"inLanguage\":\"de\"},{\"@type\":\"Organization\",\"@id\":\"https:\\\/\\\/www.k-m.de\\\/brand\\\/de\\\/#organization\",\"name\":\"K\u00f6nig & Meyer\",\"url\":\"https:\\\/\\\/www.k-m.de\\\/brand\\\/de\\\/\",\"logo\":{\"@type\":\"ImageObject\",\"inLanguage\":\"de\",\"@id\":\"https:\\\/\\\/www.k-m.de\\\/brand\\\/de\\\/#\\\/schema\\\/logo\\\/image\\\/\",\"url\":\"https:\\\/\\\/www.k-m.de\\\/brand\\\/wp-content\\\/uploads\\\/2023\\\/01\\\/KM_1c.tif\",\"contentUrl\":\"https:\\\/\\\/www.k-m.de\\\/brand\\\/wp-content\\\/uploads\\\/2023\\\/01\\\/KM_1c.tif\",\"width\":1,\"height\":1,\"caption\":\"K\u00f6nig & Meyer\"},\"image\":{\"@id\":\"https:\\\/\\\/www.k-m.de\\\/brand\\\/de\\\/#\\\/schema\\\/logo\\\/image\\\/\"}},{\"@type\":\"Person\",\"@id\":\"https:\\\/\\\/www.k-m.de\\\/brand\\\/de\\\/#\\\/schema\\\/person\\\/ec9984d920bbfdc597fe63f9d3d0dbcb\",\"name\":\"Sandra Scholtz\",\"url\":\"https:\\\/\\\/www.k-m.de\\\/brand\\\/de\\\/author\\\/sandra-scholtz\\\/\"}]}<\/script>\n<!-- \/ Yoast SEO Premium plugin. -->","yoast_head_json":{"title":"Deutschland musiziert am bundesweiten Aktionstag #TagDmM - K\u00f6nig &amp; Meyer","robots":{"index":"index","follow":"follow","max-snippet":"max-snippet:-1","max-image-preview":"max-image-preview:large","max-video-preview":"max-video-preview:-1"},"canonical":"https:\/\/www.k-m.de\/brand\/de\/deutschland-musiziert-am-bundesweiten-aktionstag-tagdmm\/","og_locale":"de_DE","og_type":"article","og_title":"Deutschland musiziert am bundesweiten Aktionstag #TagDmM","og_description":"&nbsp; Deutschland macht Musik \u2013 spiel mit! Von Fl\u00f6te \u00fcber Piano zu Gitarre, Bass und Schlagzeug: Am Samstag den 18.Mehr erfahren","og_url":"https:\/\/www.k-m.de\/brand\/de\/deutschland-musiziert-am-bundesweiten-aktionstag-tagdmm\/","og_site_name":"K\u00f6nig &amp; Meyer","article_published_time":"2016-05-26T14:04:00+00:00","article_modified_time":"2024-04-21T12:35:14+00:00","og_image":[{"width":680,"height":420,"url":"https:\/\/www.k-m.de\/brand\/wp-content\/uploads\/2016\/05\/dt-macht-musik.jpg","type":"image\/jpeg"}],"author":"Sandra Scholtz","twitter_card":"summary_large_image","twitter_misc":{"Verfasst von":"Sandra Scholtz","Gesch\u00e4tzte Lesezeit":"1\u00a0Minute"},"schema":{"@context":"https:\/\/schema.org","@graph":[{"@type":"Article","@id":"https:\/\/www.k-m.de\/brand\/de\/deutschland-musiziert-am-bundesweiten-aktionstag-tagdmm\/#article","isPartOf":{"@id":"https:\/\/www.k-m.de\/brand\/de\/deutschland-musiziert-am-bundesweiten-aktionstag-tagdmm\/"},"author":{"name":"Sandra Scholtz","@id":"https:\/\/www.k-m.de\/brand\/de\/#\/schema\/person\/ec9984d920bbfdc597fe63f9d3d0dbcb"},"headline":"Deutschland musiziert am bundesweiten Aktionstag #TagDmM","datePublished":"2016-05-26T14:04:00+00:00","dateModified":"2024-04-21T12:35:14+00:00","mainEntityOfPage":{"@id":"https:\/\/www.k-m.de\/brand\/de\/deutschland-musiziert-am-bundesweiten-aktionstag-tagdmm\/"},"wordCount":217,"commentCount":0,"publisher":{"@id":"https:\/\/www.k-m.de\/brand\/de\/#organization"},"image":{"@id":"https:\/\/www.k-m.de\/brand\/de\/deutschland-musiziert-am-bundesweiten-aktionstag-tagdmm\/#primaryimage"},"thumbnailUrl":"https:\/\/www.k-m.de\/brand\/wp-content\/uploads\/2016\/05\/dt-macht-musik.jpg","keywords":["Deutschland macht Musik","Musik Aktionstag","Musikmachen bundesweit"],"articleSection":["News"],"inLanguage":"de","potentialAction":[{"@type":"CommentAction","name":"Comment","target":["https:\/\/www.k-m.de\/brand\/de\/deutschland-musiziert-am-bundesweiten-aktionstag-tagdmm\/#respond"]}]},{"@type":"WebPage","@id":"https:\/\/www.k-m.de\/brand\/de\/deutschland-musiziert-am-bundesweiten-aktionstag-tagdmm\/","url":"https:\/\/www.k-m.de\/brand\/de\/deutschland-musiziert-am-bundesweiten-aktionstag-tagdmm\/","name":"Deutschland musiziert am bundesweiten Aktionstag #TagDmM - K\u00f6nig &amp; Meyer","isPartOf":{"@id":"https:\/\/www.k-m.de\/brand\/de\/#website"},"primaryImageOfPage":{"@id":"https:\/\/www.k-m.de\/brand\/de\/deutschland-musiziert-am-bundesweiten-aktionstag-tagdmm\/#primaryimage"},"image":{"@id":"https:\/\/www.k-m.de\/brand\/de\/deutschland-musiziert-am-bundesweiten-aktionstag-tagdmm\/#primaryimage"},"thumbnailUrl":"https:\/\/www.k-m.de\/brand\/wp-content\/uploads\/2016\/05\/dt-macht-musik.jpg","datePublished":"2016-05-26T14:04:00+00:00","dateModified":"2024-04-21T12:35:14+00:00","breadcrumb":{"@id":"https:\/\/www.k-m.de\/brand\/de\/deutschland-musiziert-am-bundesweiten-aktionstag-tagdmm\/#breadcrumb"},"inLanguage":"de","potentialAction":[{"@type":"ReadAction","target":["https:\/\/www.k-m.de\/brand\/de\/deutschland-musiziert-am-bundesweiten-aktionstag-tagdmm\/"]}]},{"@type":"ImageObject","inLanguage":"de","@id":"https:\/\/www.k-m.de\/brand\/de\/deutschland-musiziert-am-bundesweiten-aktionstag-tagdmm\/#primaryimage","url":"https:\/\/www.k-m.de\/brand\/wp-content\/uploads\/2016\/05\/dt-macht-musik.jpg","contentUrl":"https:\/\/www.k-m.de\/brand\/wp-content\/uploads\/2016\/05\/dt-macht-musik.jpg","width":680,"height":420,"caption":"Deutschland macht Musik 2016 I Logo"},{"@type":"BreadcrumbList","@id":"https:\/\/www.k-m.de\/brand\/de\/deutschland-musiziert-am-bundesweiten-aktionstag-tagdmm\/#breadcrumb","itemListElement":[{"@type":"ListItem","position":1,"name":"Startseite","item":"https:\/\/www.k-m.de\/brand\/de\/"},{"@type":"ListItem","position":2,"name":"Deutschland musiziert am bundesweiten Aktionstag #TagDmM"}]},{"@type":"WebSite","@id":"https:\/\/www.k-m.de\/brand\/de\/#website","url":"https:\/\/www.k-m.de\/brand\/de\/","name":"K\u00f6nig & Meyer","description":"K\u00f6nig &amp; Meyer ist ein weltweit f\u00fchrender Hersteller f\u00fcr Musikzubeh\u00f6r. Seit \u00fcber 65 Jahren steht K&amp;M f\u00fcr qualitativ hochwertige Produkte.","publisher":{"@id":"https:\/\/www.k-m.de\/brand\/de\/#organization"},"potentialAction":[{"@type":"SearchAction","target":{"@type":"EntryPoint","urlTemplate":"https:\/\/www.k-m.de\/brand\/de\/?s={search_term_string}"},"query-input":{"@type":"PropertyValueSpecification","valueRequired":true,"valueName":"search_term_string"}}],"inLanguage":"de"},{"@type":"Organization","@id":"https:\/\/www.k-m.de\/brand\/de\/#organization","name":"K\u00f6nig & Meyer","url":"https:\/\/www.k-m.de\/brand\/de\/","logo":{"@type":"ImageObject","inLanguage":"de","@id":"https:\/\/www.k-m.de\/brand\/de\/#\/schema\/logo\/image\/","url":"https:\/\/www.k-m.de\/brand\/wp-content\/uploads\/2023\/01\/KM_1c.tif","contentUrl":"https:\/\/www.k-m.de\/brand\/wp-content\/uploads\/2023\/01\/KM_1c.tif","width":1,"height":1,"caption":"K\u00f6nig & Meyer"},"image":{"@id":"https:\/\/www.k-m.de\/brand\/de\/#\/schema\/logo\/image\/"}},{"@type":"Person","@id":"https:\/\/www.k-m.de\/brand\/de\/#\/schema\/person\/ec9984d920bbfdc597fe63f9d3d0dbcb","name":"Sandra Scholtz","url":"https:\/\/www.k-m.de\/brand\/de\/author\/sandra-scholtz\/"}]}},"_links":{"self":[{"href":"https:\/\/www.k-m.de\/brand\/de\/wp-json\/wp\/v2\/posts\/5644","targetHints":{"allow":["GET"]}}],"collection":[{"href":"https:\/\/www.k-m.de\/brand\/de\/wp-json\/wp\/v2\/posts"}],"about":[{"href":"https:\/\/www.k-m.de\/brand\/de\/wp-json\/wp\/v2\/types\/post"}],"author":[{"embeddable":true,"href":"https:\/\/www.k-m.de\/brand\/de\/wp-json\/wp\/v2\/users\/9"}],"replies":[{"embeddable":true,"href":"https:\/\/www.k-m.de\/brand\/de\/wp-json\/wp\/v2\/comments?post=5644"}],"version-history":[{"count":1,"href":"https:\/\/www.k-m.de\/brand\/de\/wp-json\/wp\/v2\/posts\/5644\/revisions"}],"predecessor-version":[{"id":15670,"href":"https:\/\/www.k-m.de\/brand\/de\/wp-json\/wp\/v2\/posts\/5644\/revisions\/15670"}],"wp:featuredmedia":[{"embeddable":true,"href":"https:\/\/www.k-m.de\/brand\/de\/wp-json\/wp\/v2\/media\/5646"}],"wp:attachment":[{"href":"https:\/\/www.k-m.de\/brand\/de\/wp-json\/wp\/v2\/media?parent=5644"}],"wp:term":[{"taxonomy":"category","embeddable":true,"href":"https:\/\/www.k-m.de\/brand\/de\/wp-json\/wp\/v2\/categories?post=5644"},{"taxonomy":"post_tag","embeddable":true,"href":"https:\/\/www.k-m.de\/brand\/de\/wp-json\/wp\/v2\/tags?post=5644"}],"curies":[{"name":"wp","href":"https:\/\/api.w.org\/{rel}","templated":true}]}}