{"id":5654,"date":"2016-06-10T08:22:59","date_gmt":"2016-06-10T08:22:59","guid":{"rendered":"http:\/\/blog.k-m.de\/de\/?p=5654"},"modified":"2024-04-21T14:34:59","modified_gmt":"2024-04-21T12:34:59","slug":"im-portrait-the-guardian-kroent-sea-moya-als-band-of-the-week","status":"publish","type":"post","link":"https:\/\/www.k-m.de\/brand\/de\/im-portrait-the-guardian-kroent-sea-moya-als-band-of-the-week\/","title":{"rendered":"Im Portrait: &#8222;The Guardian&#8220; kr\u00f6nt Sea Moya als Band Of The Week"},"content":{"rendered":"<p>Man nehme ein gute Portion Funk, eine Prise Afrobeat, f\u00fcge etwas Krautrock sowie einiges an Synthies dazu, vermenge das ganze zu Sea Moya und werde prompt von der britischen Tageszeitung &#8222;The Guardian&#8220; als new band of the week gekr\u00f6nt. Eine Ehre, die auch schon K\u00fcnstler wie Woodkid, Kendrick Lamar oder Bastille innehatten.<\/p>\n<p><img loading=\"lazy\" decoding=\"async\" class=\"wp-image-9676 size-full alignleft\" src=\"https:\/\/www.k-m.de\/brand\/wp-content\/uploads\/2016\/06\/S.-7-seamoya_pic2-300x217.jpg\" alt=\"\" width=\"300\" height=\"217\" \/>Das Trio aus Mannheim und K\u00f6ln, das seine Musik selbst unter Psychedelic-Elektronik einordnet, wurde im Herbst 2014 von den beiden Popmusikdesign-Studenten Elias Foerster (drums, drummachine) und Iven Niklas Jansen (bass) gemeinsam mit David Schnitzler (vocals, guitar) gegr\u00fcndet.<\/p>\n<p>Sechs Monate sp\u00e4ter erschien die selbst produzierte erste Single Do Things, im Herbst folgte die EP Twins auf dem englischen Label Heist or Hit Records. Auf einer kleinen Tour in Deutschland, London und Luxemburg pr\u00e4sentierten die drei Jungs ihren ungew\u00f6hnlichen Sound.<\/p>\n<p>&nbsp;<\/p>\n<p>Und 2016 geht es direkt spannend weiter: die zweite EP ist f\u00fcr das Fr\u00fchjahr geplant und f\u00fcr den Sommer stehen viele Konzerte und Festivals auf dem Programm.<\/p>\n<p>Mehr zu Sea Moya gibt es unter <a href=\"http:\/\/facebook.com\/seamoyaband\" target=\"_blank\" rel=\"noopener\">facebook.com\/seamoyaband<\/a><\/p>\n<p><em>Autorin: Eva Tubach<\/em><\/p>\n","protected":false},"excerpt":{"rendered":"<p>Man nehme ein gute Portion Funk, eine Prise Afrobeat, f\u00fcge etwas Krautrock sowie einiges an Synthies dazu, vermenge das ganze<span class=\"read_more\">Mehr erfahren<\/span><\/p>\n","protected":false},"author":13,"featured_media":5659,"comment_status":"open","ping_status":"open","sticky":false,"template":"","format":"standard","meta":{"footnotes":""},"categories":[13],"tags":[362,836,837],"class_list":["post-5654","post","type-post","status-publish","format-standard","has-post-thumbnail","hentry","category-endorser","tag-popakademie","tag-psychedelic-elektronik","tag-the-guardian"],"better_featured_image":{"id":5659,"alt_text":"Semoya Band","caption":"","description":"","media_type":"image","media_details":{"width":1225,"height":735,"file":"2016\/05\/semoya2.jpg","sizes":{"medium":{"file":"semoya2-600x360.jpg","width":600,"height":360,"mime-type":"image\/jpeg","source_url":"https:\/\/www.k-m.de\/brand\/wp-content\/uploads\/2016\/05\/semoya2-600x360.jpg"},"profile_24":{"file":"semoya2-24x24.jpg","width":24,"height":24,"mime-type":"image\/jpeg","source_url":"https:\/\/www.k-m.de\/brand\/wp-content\/uploads\/2016\/05\/semoya2-24x24.jpg"},"profile_48":{"file":"semoya2-48x48.jpg","width":48,"height":48,"mime-type":"image\/jpeg","source_url":"https:\/\/www.k-m.de\/brand\/wp-content\/uploads\/2016\/05\/semoya2-48x48.jpg"},"profile_96":{"file":"semoya2-96x96.jpg","width":96,"height":96,"mime-type":"image\/jpeg","source_url":"https:\/\/www.k-m.de\/brand\/wp-content\/uploads\/2016\/05\/semoya2-96x96.jpg"},"thumbnail":{"file":"semoya2-800x480.jpg","width":800,"height":480,"mime-type":"image\/jpeg","source_url":"https:\/\/www.k-m.de\/brand\/wp-content\/uploads\/2016\/05\/semoya2-800x480.jpg"},"medium_large":{"file":"semoya2-768x461.jpg","width":768,"height":461,"mime-type":"image\/jpeg","source_url":"https:\/\/www.k-m.de\/brand\/wp-content\/uploads\/2016\/05\/semoya2-768x461.jpg"},"large":{"file":"semoya2-1024x614.jpg","width":1024,"height":614,"mime-type":"image\/jpeg","source_url":"https:\/\/www.k-m.de\/brand\/wp-content\/uploads\/2016\/05\/semoya2-1024x614.jpg"},"post-thumbnail":{"file":"semoya2-800x480.jpg","width":800,"height":480,"mime-type":"image\/jpeg","source_url":"https:\/\/www.k-m.de\/brand\/wp-content\/uploads\/2016\/05\/semoya2-800x480.jpg"},"medium_cropped":{"file":"semoya2-600x600.jpg","width":600,"height":600,"mime-type":"image\/jpeg","source_url":"https:\/\/www.k-m.de\/brand\/wp-content\/uploads\/2016\/05\/semoya2-600x600.jpg"},"large_cropped":{"file":"semoya2-1200x720.jpg","width":1200,"height":720,"mime-type":"image\/jpeg","source_url":"https:\/\/www.k-m.de\/brand\/wp-content\/uploads\/2016\/05\/semoya2-1200x720.jpg"},"very_large_cropped":{"file":"semoya2-1800x900.jpg","width":1800,"height":900,"mime-type":"image\/jpeg","source_url":"https:\/\/www.k-m.de\/brand\/wp-content\/uploads\/2016\/05\/semoya2-1800x900.jpg"},"landingpage_thumb":{"file":"semoya2-500x300.jpg","width":500,"height":300,"mime-type":"image\/jpeg","source_url":"https:\/\/www.k-m.de\/brand\/wp-content\/uploads\/2016\/05\/semoya2-500x300.jpg"},"medium_old_300x180":{"file":"semoya2-300x180.jpg","width":300,"height":180,"mime-type":"image\/jpeg","source_url":"https:\/\/www.k-m.de\/brand\/wp-content\/uploads\/2016\/05\/semoya2-300x180.jpg"},"thumbnail_old_150x150":{"file":"semoya2-150x150.jpg","width":150,"height":150,"mime-type":"image\/jpeg","source_url":"https:\/\/www.k-m.de\/brand\/wp-content\/uploads\/2016\/05\/semoya2-150x150.jpg"}},"image_meta":{"aperture":"0","credit":"","camera":"","caption":"","created_timestamp":"0","copyright":"","focal_length":"0","iso":"0","shutter_speed":"0","title":"","orientation":"0","keywords":[]}},"post":null,"source_url":"https:\/\/www.k-m.de\/brand\/wp-content\/uploads\/2016\/05\/semoya2.jpg"},"post_meta_fields":{"_wpml_media_featured":["1"],"_wpml_media_duplicate":["1"],"ratings_average":["0"],"_edit_last":["9"],"_aioseop_description":["Man nehme ein gute Portion Funk, eine Prise Afrobeat, f\u00fcge etwas Krautrock sowie einiges an Synthies dazu, vermenge das ganze zu Sea Moya."],"_thumbnail_id":["5659"],"post_views_count":["2191"],"ratings_score":["0"],"ratings_users":["0"],"dsq_thread_id":["4899152361"],"_edit_lock":["1713702900:9"],"_wpb_vc_js_status":["false"],"_post_dealeronly":[""],"_yoast_indexnow_last_ping":["1713702900"],"_wpml_word_count":["{\"total\":197,\"to_translate\":{\"en\":197,\"us\":197}}"]},"yoast_head":"<!-- This site is optimized with the Yoast SEO Premium plugin v26.8 (Yoast SEO v27.4) - https:\/\/yoast.com\/product\/yoast-seo-premium-wordpress\/ -->\n<title>Im Portrait: &quot;The Guardian&quot; kr\u00f6nt Sea Moya als Band Of The Week - K\u00f6nig &amp; Meyer<\/title>\n<meta name=\"robots\" content=\"index, follow, max-snippet:-1, max-image-preview:large, max-video-preview:-1\" \/>\n<link rel=\"canonical\" href=\"https:\/\/www.k-m.de\/brand\/de\/im-portrait-the-guardian-kroent-sea-moya-als-band-of-the-week\/\" \/>\n<meta property=\"og:locale\" content=\"de_DE\" \/>\n<meta property=\"og:type\" content=\"article\" \/>\n<meta property=\"og:title\" content=\"Im Portrait: &quot;The Guardian&quot; kr\u00f6nt Sea Moya als Band Of The Week\" \/>\n<meta property=\"og:description\" content=\"Man nehme ein gute Portion Funk, eine Prise Afrobeat, f\u00fcge etwas Krautrock sowie einiges an Synthies dazu, vermenge das ganzeMehr erfahren\" \/>\n<meta property=\"og:url\" content=\"https:\/\/www.k-m.de\/brand\/de\/im-portrait-the-guardian-kroent-sea-moya-als-band-of-the-week\/\" \/>\n<meta property=\"og:site_name\" content=\"K\u00f6nig &amp; Meyer\" \/>\n<meta property=\"article:published_time\" content=\"2016-06-10T08:22:59+00:00\" \/>\n<meta property=\"article:modified_time\" content=\"2024-04-21T12:34:59+00:00\" \/>\n<meta property=\"og:image\" content=\"https:\/\/www.k-m.de\/brand\/wp-content\/uploads\/2016\/05\/semoya2.jpg\" \/>\n\t<meta property=\"og:image:width\" content=\"1225\" \/>\n\t<meta property=\"og:image:height\" content=\"735\" \/>\n\t<meta property=\"og:image:type\" content=\"image\/jpeg\" \/>\n<meta name=\"author\" content=\"Popakademie\" \/>\n<meta name=\"twitter:card\" content=\"summary_large_image\" \/>\n<meta name=\"twitter:label1\" content=\"Verfasst von\" \/>\n\t<meta name=\"twitter:data1\" content=\"Popakademie\" \/>\n\t<meta name=\"twitter:label2\" content=\"Gesch\u00e4tzte Lesezeit\" \/>\n\t<meta name=\"twitter:data2\" content=\"1\u00a0Minute\" \/>\n<script type=\"application\/ld+json\" class=\"yoast-schema-graph\">{\"@context\":\"https:\\\/\\\/schema.org\",\"@graph\":[{\"@type\":\"Article\",\"@id\":\"https:\\\/\\\/www.k-m.de\\\/brand\\\/de\\\/im-portrait-the-guardian-kroent-sea-moya-als-band-of-the-week\\\/#article\",\"isPartOf\":{\"@id\":\"https:\\\/\\\/www.k-m.de\\\/brand\\\/de\\\/im-portrait-the-guardian-kroent-sea-moya-als-band-of-the-week\\\/\"},\"author\":{\"name\":\"Popakademie\",\"@id\":\"https:\\\/\\\/www.k-m.de\\\/brand\\\/de\\\/#\\\/schema\\\/person\\\/9c61631b826627485acacb54832e6822\"},\"headline\":\"Im Portrait: &#8222;The Guardian&#8220; kr\u00f6nt Sea Moya als Band Of The Week\",\"datePublished\":\"2016-06-10T08:22:59+00:00\",\"dateModified\":\"2024-04-21T12:34:59+00:00\",\"mainEntityOfPage\":{\"@id\":\"https:\\\/\\\/www.k-m.de\\\/brand\\\/de\\\/im-portrait-the-guardian-kroent-sea-moya-als-band-of-the-week\\\/\"},\"wordCount\":193,\"commentCount\":0,\"publisher\":{\"@id\":\"https:\\\/\\\/www.k-m.de\\\/brand\\\/de\\\/#organization\"},\"image\":{\"@id\":\"https:\\\/\\\/www.k-m.de\\\/brand\\\/de\\\/im-portrait-the-guardian-kroent-sea-moya-als-band-of-the-week\\\/#primaryimage\"},\"thumbnailUrl\":\"https:\\\/\\\/www.k-m.de\\\/brand\\\/wp-content\\\/uploads\\\/2016\\\/05\\\/semoya2.jpg\",\"keywords\":[\"Popakademie\",\"Psychedelic-Elektronik\",\"The Guardian\"],\"articleSection\":[\"Endorser-News\"],\"inLanguage\":\"de\",\"potentialAction\":[{\"@type\":\"CommentAction\",\"name\":\"Comment\",\"target\":[\"https:\\\/\\\/www.k-m.de\\\/brand\\\/de\\\/im-portrait-the-guardian-kroent-sea-moya-als-band-of-the-week\\\/#respond\"]}]},{\"@type\":\"WebPage\",\"@id\":\"https:\\\/\\\/www.k-m.de\\\/brand\\\/de\\\/im-portrait-the-guardian-kroent-sea-moya-als-band-of-the-week\\\/\",\"url\":\"https:\\\/\\\/www.k-m.de\\\/brand\\\/de\\\/im-portrait-the-guardian-kroent-sea-moya-als-band-of-the-week\\\/\",\"name\":\"Im Portrait: \\\"The Guardian\\\" kr\u00f6nt Sea Moya als Band Of The Week - K\u00f6nig &amp; Meyer\",\"isPartOf\":{\"@id\":\"https:\\\/\\\/www.k-m.de\\\/brand\\\/de\\\/#website\"},\"primaryImageOfPage\":{\"@id\":\"https:\\\/\\\/www.k-m.de\\\/brand\\\/de\\\/im-portrait-the-guardian-kroent-sea-moya-als-band-of-the-week\\\/#primaryimage\"},\"image\":{\"@id\":\"https:\\\/\\\/www.k-m.de\\\/brand\\\/de\\\/im-portrait-the-guardian-kroent-sea-moya-als-band-of-the-week\\\/#primaryimage\"},\"thumbnailUrl\":\"https:\\\/\\\/www.k-m.de\\\/brand\\\/wp-content\\\/uploads\\\/2016\\\/05\\\/semoya2.jpg\",\"datePublished\":\"2016-06-10T08:22:59+00:00\",\"dateModified\":\"2024-04-21T12:34:59+00:00\",\"breadcrumb\":{\"@id\":\"https:\\\/\\\/www.k-m.de\\\/brand\\\/de\\\/im-portrait-the-guardian-kroent-sea-moya-als-band-of-the-week\\\/#breadcrumb\"},\"inLanguage\":\"de\",\"potentialAction\":[{\"@type\":\"ReadAction\",\"target\":[\"https:\\\/\\\/www.k-m.de\\\/brand\\\/de\\\/im-portrait-the-guardian-kroent-sea-moya-als-band-of-the-week\\\/\"]}]},{\"@type\":\"ImageObject\",\"inLanguage\":\"de\",\"@id\":\"https:\\\/\\\/www.k-m.de\\\/brand\\\/de\\\/im-portrait-the-guardian-kroent-sea-moya-als-band-of-the-week\\\/#primaryimage\",\"url\":\"https:\\\/\\\/www.k-m.de\\\/brand\\\/wp-content\\\/uploads\\\/2016\\\/05\\\/semoya2.jpg\",\"contentUrl\":\"https:\\\/\\\/www.k-m.de\\\/brand\\\/wp-content\\\/uploads\\\/2016\\\/05\\\/semoya2.jpg\",\"width\":1225,\"height\":735,\"caption\":\"Semoya Band\"},{\"@type\":\"BreadcrumbList\",\"@id\":\"https:\\\/\\\/www.k-m.de\\\/brand\\\/de\\\/im-portrait-the-guardian-kroent-sea-moya-als-band-of-the-week\\\/#breadcrumb\",\"itemListElement\":[{\"@type\":\"ListItem\",\"position\":1,\"name\":\"Startseite\",\"item\":\"https:\\\/\\\/www.k-m.de\\\/brand\\\/de\\\/\"},{\"@type\":\"ListItem\",\"position\":2,\"name\":\"Im Portrait: &#8222;The Guardian&#8220; kr\u00f6nt Sea Moya als Band Of The Week\"}]},{\"@type\":\"WebSite\",\"@id\":\"https:\\\/\\\/www.k-m.de\\\/brand\\\/de\\\/#website\",\"url\":\"https:\\\/\\\/www.k-m.de\\\/brand\\\/de\\\/\",\"name\":\"K\u00f6nig & Meyer\",\"description\":\"K\u00f6nig &amp; Meyer ist ein weltweit f\u00fchrender Hersteller f\u00fcr Musikzubeh\u00f6r. Seit \u00fcber 65 Jahren steht K&amp;M f\u00fcr qualitativ hochwertige Produkte.\",\"publisher\":{\"@id\":\"https:\\\/\\\/www.k-m.de\\\/brand\\\/de\\\/#organization\"},\"potentialAction\":[{\"@type\":\"SearchAction\",\"target\":{\"@type\":\"EntryPoint\",\"urlTemplate\":\"https:\\\/\\\/www.k-m.de\\\/brand\\\/de\\\/?s={search_term_string}\"},\"query-input\":{\"@type\":\"PropertyValueSpecification\",\"valueRequired\":true,\"valueName\":\"search_term_string\"}}],\"inLanguage\":\"de\"},{\"@type\":\"Organization\",\"@id\":\"https:\\\/\\\/www.k-m.de\\\/brand\\\/de\\\/#organization\",\"name\":\"K\u00f6nig & Meyer\",\"url\":\"https:\\\/\\\/www.k-m.de\\\/brand\\\/de\\\/\",\"logo\":{\"@type\":\"ImageObject\",\"inLanguage\":\"de\",\"@id\":\"https:\\\/\\\/www.k-m.de\\\/brand\\\/de\\\/#\\\/schema\\\/logo\\\/image\\\/\",\"url\":\"https:\\\/\\\/www.k-m.de\\\/brand\\\/wp-content\\\/uploads\\\/2023\\\/01\\\/KM_1c.tif\",\"contentUrl\":\"https:\\\/\\\/www.k-m.de\\\/brand\\\/wp-content\\\/uploads\\\/2023\\\/01\\\/KM_1c.tif\",\"width\":1,\"height\":1,\"caption\":\"K\u00f6nig & Meyer\"},\"image\":{\"@id\":\"https:\\\/\\\/www.k-m.de\\\/brand\\\/de\\\/#\\\/schema\\\/logo\\\/image\\\/\"}},{\"@type\":\"Person\",\"@id\":\"https:\\\/\\\/www.k-m.de\\\/brand\\\/de\\\/#\\\/schema\\\/person\\\/9c61631b826627485acacb54832e6822\",\"name\":\"Popakademie\",\"url\":\"https:\\\/\\\/www.k-m.de\\\/brand\\\/de\\\/author\\\/popakademie\\\/\"}]}<\/script>\n<!-- \/ Yoast SEO Premium plugin. -->","yoast_head_json":{"title":"Im Portrait: \"The Guardian\" kr\u00f6nt Sea Moya als Band Of The Week - K\u00f6nig &amp; Meyer","robots":{"index":"index","follow":"follow","max-snippet":"max-snippet:-1","max-image-preview":"max-image-preview:large","max-video-preview":"max-video-preview:-1"},"canonical":"https:\/\/www.k-m.de\/brand\/de\/im-portrait-the-guardian-kroent-sea-moya-als-band-of-the-week\/","og_locale":"de_DE","og_type":"article","og_title":"Im Portrait: \"The Guardian\" kr\u00f6nt Sea Moya als Band Of The Week","og_description":"Man nehme ein gute Portion Funk, eine Prise Afrobeat, f\u00fcge etwas Krautrock sowie einiges an Synthies dazu, vermenge das ganzeMehr erfahren","og_url":"https:\/\/www.k-m.de\/brand\/de\/im-portrait-the-guardian-kroent-sea-moya-als-band-of-the-week\/","og_site_name":"K\u00f6nig &amp; Meyer","article_published_time":"2016-06-10T08:22:59+00:00","article_modified_time":"2024-04-21T12:34:59+00:00","og_image":[{"width":1225,"height":735,"url":"https:\/\/www.k-m.de\/brand\/wp-content\/uploads\/2016\/05\/semoya2.jpg","type":"image\/jpeg"}],"author":"Popakademie","twitter_card":"summary_large_image","twitter_misc":{"Verfasst von":"Popakademie","Gesch\u00e4tzte Lesezeit":"1\u00a0Minute"},"schema":{"@context":"https:\/\/schema.org","@graph":[{"@type":"Article","@id":"https:\/\/www.k-m.de\/brand\/de\/im-portrait-the-guardian-kroent-sea-moya-als-band-of-the-week\/#article","isPartOf":{"@id":"https:\/\/www.k-m.de\/brand\/de\/im-portrait-the-guardian-kroent-sea-moya-als-band-of-the-week\/"},"author":{"name":"Popakademie","@id":"https:\/\/www.k-m.de\/brand\/de\/#\/schema\/person\/9c61631b826627485acacb54832e6822"},"headline":"Im Portrait: &#8222;The Guardian&#8220; kr\u00f6nt Sea Moya als Band Of The Week","datePublished":"2016-06-10T08:22:59+00:00","dateModified":"2024-04-21T12:34:59+00:00","mainEntityOfPage":{"@id":"https:\/\/www.k-m.de\/brand\/de\/im-portrait-the-guardian-kroent-sea-moya-als-band-of-the-week\/"},"wordCount":193,"commentCount":0,"publisher":{"@id":"https:\/\/www.k-m.de\/brand\/de\/#organization"},"image":{"@id":"https:\/\/www.k-m.de\/brand\/de\/im-portrait-the-guardian-kroent-sea-moya-als-band-of-the-week\/#primaryimage"},"thumbnailUrl":"https:\/\/www.k-m.de\/brand\/wp-content\/uploads\/2016\/05\/semoya2.jpg","keywords":["Popakademie","Psychedelic-Elektronik","The Guardian"],"articleSection":["Endorser-News"],"inLanguage":"de","potentialAction":[{"@type":"CommentAction","name":"Comment","target":["https:\/\/www.k-m.de\/brand\/de\/im-portrait-the-guardian-kroent-sea-moya-als-band-of-the-week\/#respond"]}]},{"@type":"WebPage","@id":"https:\/\/www.k-m.de\/brand\/de\/im-portrait-the-guardian-kroent-sea-moya-als-band-of-the-week\/","url":"https:\/\/www.k-m.de\/brand\/de\/im-portrait-the-guardian-kroent-sea-moya-als-band-of-the-week\/","name":"Im Portrait: \"The Guardian\" kr\u00f6nt Sea Moya als Band Of The Week - K\u00f6nig &amp; Meyer","isPartOf":{"@id":"https:\/\/www.k-m.de\/brand\/de\/#website"},"primaryImageOfPage":{"@id":"https:\/\/www.k-m.de\/brand\/de\/im-portrait-the-guardian-kroent-sea-moya-als-band-of-the-week\/#primaryimage"},"image":{"@id":"https:\/\/www.k-m.de\/brand\/de\/im-portrait-the-guardian-kroent-sea-moya-als-band-of-the-week\/#primaryimage"},"thumbnailUrl":"https:\/\/www.k-m.de\/brand\/wp-content\/uploads\/2016\/05\/semoya2.jpg","datePublished":"2016-06-10T08:22:59+00:00","dateModified":"2024-04-21T12:34:59+00:00","breadcrumb":{"@id":"https:\/\/www.k-m.de\/brand\/de\/im-portrait-the-guardian-kroent-sea-moya-als-band-of-the-week\/#breadcrumb"},"inLanguage":"de","potentialAction":[{"@type":"ReadAction","target":["https:\/\/www.k-m.de\/brand\/de\/im-portrait-the-guardian-kroent-sea-moya-als-band-of-the-week\/"]}]},{"@type":"ImageObject","inLanguage":"de","@id":"https:\/\/www.k-m.de\/brand\/de\/im-portrait-the-guardian-kroent-sea-moya-als-band-of-the-week\/#primaryimage","url":"https:\/\/www.k-m.de\/brand\/wp-content\/uploads\/2016\/05\/semoya2.jpg","contentUrl":"https:\/\/www.k-m.de\/brand\/wp-content\/uploads\/2016\/05\/semoya2.jpg","width":1225,"height":735,"caption":"Semoya Band"},{"@type":"BreadcrumbList","@id":"https:\/\/www.k-m.de\/brand\/de\/im-portrait-the-guardian-kroent-sea-moya-als-band-of-the-week\/#breadcrumb","itemListElement":[{"@type":"ListItem","position":1,"name":"Startseite","item":"https:\/\/www.k-m.de\/brand\/de\/"},{"@type":"ListItem","position":2,"name":"Im Portrait: &#8222;The Guardian&#8220; kr\u00f6nt Sea Moya als Band Of The Week"}]},{"@type":"WebSite","@id":"https:\/\/www.k-m.de\/brand\/de\/#website","url":"https:\/\/www.k-m.de\/brand\/de\/","name":"K\u00f6nig & Meyer","description":"K\u00f6nig &amp; Meyer ist ein weltweit f\u00fchrender Hersteller f\u00fcr Musikzubeh\u00f6r. Seit \u00fcber 65 Jahren steht K&amp;M f\u00fcr qualitativ hochwertige Produkte.","publisher":{"@id":"https:\/\/www.k-m.de\/brand\/de\/#organization"},"potentialAction":[{"@type":"SearchAction","target":{"@type":"EntryPoint","urlTemplate":"https:\/\/www.k-m.de\/brand\/de\/?s={search_term_string}"},"query-input":{"@type":"PropertyValueSpecification","valueRequired":true,"valueName":"search_term_string"}}],"inLanguage":"de"},{"@type":"Organization","@id":"https:\/\/www.k-m.de\/brand\/de\/#organization","name":"K\u00f6nig & Meyer","url":"https:\/\/www.k-m.de\/brand\/de\/","logo":{"@type":"ImageObject","inLanguage":"de","@id":"https:\/\/www.k-m.de\/brand\/de\/#\/schema\/logo\/image\/","url":"https:\/\/www.k-m.de\/brand\/wp-content\/uploads\/2023\/01\/KM_1c.tif","contentUrl":"https:\/\/www.k-m.de\/brand\/wp-content\/uploads\/2023\/01\/KM_1c.tif","width":1,"height":1,"caption":"K\u00f6nig & Meyer"},"image":{"@id":"https:\/\/www.k-m.de\/brand\/de\/#\/schema\/logo\/image\/"}},{"@type":"Person","@id":"https:\/\/www.k-m.de\/brand\/de\/#\/schema\/person\/9c61631b826627485acacb54832e6822","name":"Popakademie","url":"https:\/\/www.k-m.de\/brand\/de\/author\/popakademie\/"}]}},"_links":{"self":[{"href":"https:\/\/www.k-m.de\/brand\/de\/wp-json\/wp\/v2\/posts\/5654","targetHints":{"allow":["GET"]}}],"collection":[{"href":"https:\/\/www.k-m.de\/brand\/de\/wp-json\/wp\/v2\/posts"}],"about":[{"href":"https:\/\/www.k-m.de\/brand\/de\/wp-json\/wp\/v2\/types\/post"}],"author":[{"embeddable":true,"href":"https:\/\/www.k-m.de\/brand\/de\/wp-json\/wp\/v2\/users\/13"}],"replies":[{"embeddable":true,"href":"https:\/\/www.k-m.de\/brand\/de\/wp-json\/wp\/v2\/comments?post=5654"}],"version-history":[{"count":1,"href":"https:\/\/www.k-m.de\/brand\/de\/wp-json\/wp\/v2\/posts\/5654\/revisions"}],"predecessor-version":[{"id":9679,"href":"https:\/\/www.k-m.de\/brand\/de\/wp-json\/wp\/v2\/posts\/5654\/revisions\/9679"}],"wp:featuredmedia":[{"embeddable":true,"href":"https:\/\/www.k-m.de\/brand\/de\/wp-json\/wp\/v2\/media\/5659"}],"wp:attachment":[{"href":"https:\/\/www.k-m.de\/brand\/de\/wp-json\/wp\/v2\/media?parent=5654"}],"wp:term":[{"taxonomy":"category","embeddable":true,"href":"https:\/\/www.k-m.de\/brand\/de\/wp-json\/wp\/v2\/categories?post=5654"},{"taxonomy":"post_tag","embeddable":true,"href":"https:\/\/www.k-m.de\/brand\/de\/wp-json\/wp\/v2\/tags?post=5654"}],"curies":[{"name":"wp","href":"https:\/\/api.w.org\/{rel}","templated":true}]}}