{"id":5745,"date":"2016-09-18T11:55:50","date_gmt":"2016-09-18T09:55:50","guid":{"rendered":"http:\/\/blog.k-m.de\/de\/?p=5745"},"modified":"2024-04-25T11:00:22","modified_gmt":"2024-04-25T09:00:22","slug":"hozan-temburwan-weltmusiker-im-interview","status":"publish","type":"post","link":"https:\/\/www.k-m.de\/brand\/de\/hozan-temburwan-weltmusiker-im-interview\/","title":{"rendered":"Hozan Temburwan: Weltmusiker im Interview"},"content":{"rendered":"<p>Seit dem Wintersemester 2015\/2016 gibt es an der <a href=\"http:\/\/www.popakademie.de\/\">Popakademie<\/a> den neuen Bachelor-Studiengang Weltmusik. Wir haben den in der T\u00fcrkei geborenen Weltmusik-Studenten Hozan Temburwan zu seinem Studium an der Popakademie interviewt.<\/p>\n<h3><strong>Lieber Hozan, wie gef\u00e4llt es dir an der Popakademie?<\/strong><\/h3>\n<p>Bisher gef\u00e4llt es mir ganz gut. Die famili\u00e4re Atmosph\u00e4re im Haus hat mich positiv \u00fcberrascht, da sie nicht so formell ist, wie an einer herk\u00f6mmlichen Hochschule. Auch mit den Studierenden, sowohl aus der Weltmusik, als auch aus den anderen Studieng\u00e4ngen verstehe ich mich freundschaftlich wie musikalisch sehr gut. Daher hoffe ich auf eine Zusammenarbeit, die auch nach dem Studium andauert.<\/p>\n<h3><strong>Welchen Schwerpunkt hast du innerhalb des Studiums gew\u00e4hlt?<\/strong><\/h3>\n<p><span style=\"line-height: 1.5;\">Als Schwerpunkt habe ich die Langhalslaute Ba\u011flama gew\u00e4hlt. Diese spiele ich schon seit meinem 14. Lebensjahr. Der Hauptfachfachunterricht dazu findet alle zwei Wochen statt. Hier bekommen alle Studierenden jeweils 45 Minuten Einzelunterricht von unserem Dozenten Kemal Din\u00e7. Anschlie\u00dfend folgt dann der Gruppenunterricht, der zwei Stunden dauert. Hier lernen wir neben traditionellen Liedern auch Methoden der Neuinterpretation.<\/span><\/p>\n<h3><strong>Welche Bandprojekte hast du und wo kann man dich live erleben?<\/strong><\/h3>\n<p>Momentan habe ich an der Popakademie ein Bandprojekt mit dem Oud-Studenten Benjamin Stein und dem Perkussionisten Parijat Moumon am Laufen. Au\u00dferhalb der Popakademie wirke ich in Tirol bei zwei Bandprojekten mit den Namen Orient Okzident Express und LatinOriente mit. Gemeinsam geben wir auch heute noch Konzerte.<\/p>\n<h3><em><strong>Vielen Dank Hozan und alles Gute f\u00fcr dein weiteres Studium.<\/strong><\/em><\/h3>\n<p>\u25ba Die Popakademie Baden-W\u00fcrttemberg ist die erste staatliche Hochschuleinrichtung, die einen k\u00fcnstlerischen Studiengang mit Fokussierung auf Weltmusik anbietet. Im sechssemestrigen Bachelor-Studiengang werden die drei Schwerpunkte Baglama, arabische und t\u00fcrkische Oud sowie Mediterranean\/Middle Eastern Percussion angeboten. Neben den k\u00fcnstlerischen Schwerpunkten stehen auch betriebwirtschafliche Inhalte auf dem Lehrplan. Eine Bewerbung ist immer zum 30. April m\u00f6glich.<\/p>\n<p>&nbsp;<\/p>\n","protected":false},"excerpt":{"rendered":"<p>Seit dem Wintersemester 2015\/2016 gibt es an der Popakademie den neuen Bachelor-Studiengang Weltmusik. Wir haben den in der T\u00fcrkei geborenen<span class=\"read_more\">Mehr erfahren<\/span><\/p>\n","protected":false},"author":13,"featured_media":5747,"comment_status":"open","ping_status":"open","sticky":false,"template":"","format":"standard","meta":{"footnotes":""},"categories":[1365],"tags":[843,844,362,845,846],"class_list":["post-5745","post","type-post","status-publish","format-standard","has-post-thumbnail","hentry","category-musikbusiness","tag-mannheim-musik","tag-musik-studieren","tag-popakademie","tag-weltmusik","tag-weltmusik-studium"],"better_featured_image":{"id":5747,"alt_text":"Musiker I Foto: Thorsten Redler","caption":"","description":"","media_type":"image","media_details":{"width":680,"height":420,"file":"2016\/09\/Thorsten-Redler-Fotografie.jpg","sizes":{"medium":{"file":"Thorsten-Redler-Fotografie-600x371.jpg","width":600,"height":371,"mime-type":"image\/jpeg","source_url":"https:\/\/www.k-m.de\/brand\/wp-content\/uploads\/2016\/09\/Thorsten-Redler-Fotografie-600x371.jpg"},"profile_24":{"file":"Thorsten-Redler-Fotografie-24x24.jpg","width":24,"height":24,"mime-type":"image\/jpeg","source_url":"https:\/\/www.k-m.de\/brand\/wp-content\/uploads\/2016\/09\/Thorsten-Redler-Fotografie-24x24.jpg"},"profile_48":{"file":"Thorsten-Redler-Fotografie-48x48.jpg","width":48,"height":48,"mime-type":"image\/jpeg","source_url":"https:\/\/www.k-m.de\/brand\/wp-content\/uploads\/2016\/09\/Thorsten-Redler-Fotografie-48x48.jpg"},"profile_96":{"file":"Thorsten-Redler-Fotografie-96x96.jpg","width":96,"height":96,"mime-type":"image\/jpeg","source_url":"https:\/\/www.k-m.de\/brand\/wp-content\/uploads\/2016\/09\/Thorsten-Redler-Fotografie-96x96.jpg"},"thumbnail":{"file":"Thorsten-Redler-Fotografie-800x480.jpg","width":800,"height":480,"mime-type":"image\/jpeg","source_url":"https:\/\/www.k-m.de\/brand\/wp-content\/uploads\/2016\/09\/Thorsten-Redler-Fotografie-800x480.jpg"},"post-thumbnail":{"file":"Thorsten-Redler-Fotografie-800x480.jpg","width":800,"height":480,"mime-type":"image\/jpeg","source_url":"https:\/\/www.k-m.de\/brand\/wp-content\/uploads\/2016\/09\/Thorsten-Redler-Fotografie-800x480.jpg"},"medium_cropped":{"file":"Thorsten-Redler-Fotografie-600x600.jpg","width":600,"height":600,"mime-type":"image\/jpeg","source_url":"https:\/\/www.k-m.de\/brand\/wp-content\/uploads\/2016\/09\/Thorsten-Redler-Fotografie-600x600.jpg"},"large_cropped":{"file":"Thorsten-Redler-Fotografie-1200x720.jpg","width":1200,"height":720,"mime-type":"image\/jpeg","source_url":"https:\/\/www.k-m.de\/brand\/wp-content\/uploads\/2016\/09\/Thorsten-Redler-Fotografie-1200x720.jpg"},"very_large_cropped":{"file":"Thorsten-Redler-Fotografie-1800x900.jpg","width":1800,"height":900,"mime-type":"image\/jpeg","source_url":"https:\/\/www.k-m.de\/brand\/wp-content\/uploads\/2016\/09\/Thorsten-Redler-Fotografie-1800x900.jpg"},"landingpage_thumb":{"file":"Thorsten-Redler-Fotografie-486x300.jpg","width":486,"height":300,"mime-type":"image\/jpeg","source_url":"https:\/\/www.k-m.de\/brand\/wp-content\/uploads\/2016\/09\/Thorsten-Redler-Fotografie-486x300.jpg"},"medium_old_300x185":{"file":"Thorsten-Redler-Fotografie-300x185.jpg","width":300,"height":185,"mime-type":"image\/jpeg","source_url":"https:\/\/www.k-m.de\/brand\/wp-content\/uploads\/2016\/09\/Thorsten-Redler-Fotografie-300x185.jpg"},"thumbnail_old_150x150":{"file":"Thorsten-Redler-Fotografie-150x150.jpg","width":150,"height":150,"mime-type":"image\/jpeg","source_url":"https:\/\/www.k-m.de\/brand\/wp-content\/uploads\/2016\/09\/Thorsten-Redler-Fotografie-150x150.jpg"}},"image_meta":{"aperture":"0","credit":"","camera":"","caption":"","created_timestamp":"0","copyright":"","focal_length":"0","iso":"0","shutter_speed":"0","title":"","orientation":"0","keywords":[]}},"post":null,"source_url":"https:\/\/www.k-m.de\/brand\/wp-content\/uploads\/2016\/09\/Thorsten-Redler-Fotografie.jpg"},"post_meta_fields":{"_wpml_media_featured":["1"],"_wpml_media_duplicate":["1"],"_edit_last":["9"],"_thumbnail_id":["5747"],"_aioseop_description":["Seit dem Wintersemester 2015\/2016 gibt es an der Popakademie den neuen Bachelor-Studiengang Weltmusik. Hozan Temburwan gibt Einblicke in sein Studium."],"_aioseop_keywords":["Popakademie, Weltmusik, Musik studieren, Weltmusik Studium, Mannheim Musik"],"_aioseop_title":["Hozan Temburwan im Interview"],"post_views_count":["2625"],"ratings_average":["0"],"ratings_score":["0"],"ratings_users":["0"],"dsq_thread_id":["5153629441"],"_post_dealeronly":[""],"_yoast_indexnow_last_ping":["1714035623"],"_edit_lock":["1714035623:9"],"_wpml_word_count":["{\"total\":302,\"to_translate\":{\"en\":302,\"us\":302}}"]},"yoast_head":"<!-- This site is optimized with the Yoast SEO Premium plugin v26.8 (Yoast SEO v27.4) - https:\/\/yoast.com\/product\/yoast-seo-premium-wordpress\/ -->\n<title>Hozan Temburwan: Weltmusiker im Interview - K\u00f6nig &amp; Meyer<\/title>\n<meta name=\"robots\" content=\"index, follow, max-snippet:-1, max-image-preview:large, max-video-preview:-1\" \/>\n<link rel=\"canonical\" href=\"https:\/\/www.k-m.de\/brand\/de\/hozan-temburwan-weltmusiker-im-interview\/\" \/>\n<meta property=\"og:locale\" content=\"de_DE\" \/>\n<meta property=\"og:type\" content=\"article\" \/>\n<meta property=\"og:title\" content=\"Hozan Temburwan: Weltmusiker im Interview\" \/>\n<meta property=\"og:description\" content=\"Seit dem Wintersemester 2015\/2016 gibt es an der Popakademie den neuen Bachelor-Studiengang Weltmusik. Wir haben den in der T\u00fcrkei geborenenMehr erfahren\" \/>\n<meta property=\"og:url\" content=\"https:\/\/www.k-m.de\/brand\/de\/hozan-temburwan-weltmusiker-im-interview\/\" \/>\n<meta property=\"og:site_name\" content=\"K\u00f6nig &amp; Meyer\" \/>\n<meta property=\"article:published_time\" content=\"2016-09-18T09:55:50+00:00\" \/>\n<meta property=\"article:modified_time\" content=\"2024-04-25T09:00:22+00:00\" \/>\n<meta property=\"og:image\" content=\"https:\/\/www.k-m.de\/brand\/wp-content\/uploads\/2016\/09\/Thorsten-Redler-Fotografie.jpg\" \/>\n\t<meta property=\"og:image:width\" content=\"680\" \/>\n\t<meta property=\"og:image:height\" content=\"420\" \/>\n\t<meta property=\"og:image:type\" content=\"image\/jpeg\" \/>\n<meta name=\"author\" content=\"Popakademie\" \/>\n<meta name=\"twitter:card\" content=\"summary_large_image\" \/>\n<meta name=\"twitter:label1\" content=\"Verfasst von\" \/>\n\t<meta name=\"twitter:data1\" content=\"Popakademie\" \/>\n\t<meta name=\"twitter:label2\" content=\"Gesch\u00e4tzte Lesezeit\" \/>\n\t<meta name=\"twitter:data2\" content=\"1\u00a0Minute\" \/>\n<script type=\"application\/ld+json\" class=\"yoast-schema-graph\">{\"@context\":\"https:\\\/\\\/schema.org\",\"@graph\":[{\"@type\":\"Article\",\"@id\":\"https:\\\/\\\/www.k-m.de\\\/brand\\\/de\\\/hozan-temburwan-weltmusiker-im-interview\\\/#article\",\"isPartOf\":{\"@id\":\"https:\\\/\\\/www.k-m.de\\\/brand\\\/de\\\/hozan-temburwan-weltmusiker-im-interview\\\/\"},\"author\":{\"name\":\"Popakademie\",\"@id\":\"https:\\\/\\\/www.k-m.de\\\/brand\\\/de\\\/#\\\/schema\\\/person\\\/9c61631b826627485acacb54832e6822\"},\"headline\":\"Hozan Temburwan: Weltmusiker im Interview\",\"datePublished\":\"2016-09-18T09:55:50+00:00\",\"dateModified\":\"2024-04-25T09:00:22+00:00\",\"mainEntityOfPage\":{\"@id\":\"https:\\\/\\\/www.k-m.de\\\/brand\\\/de\\\/hozan-temburwan-weltmusiker-im-interview\\\/\"},\"wordCount\":304,\"commentCount\":0,\"publisher\":{\"@id\":\"https:\\\/\\\/www.k-m.de\\\/brand\\\/de\\\/#organization\"},\"image\":{\"@id\":\"https:\\\/\\\/www.k-m.de\\\/brand\\\/de\\\/hozan-temburwan-weltmusiker-im-interview\\\/#primaryimage\"},\"thumbnailUrl\":\"https:\\\/\\\/www.k-m.de\\\/brand\\\/wp-content\\\/uploads\\\/2016\\\/09\\\/Thorsten-Redler-Fotografie.jpg\",\"keywords\":[\"Mannheim Musik\",\"Musik studieren\",\"Popakademie\",\"Weltmusik\",\"Weltmusik Studium\"],\"articleSection\":[\"Musikbusiness\"],\"inLanguage\":\"de\",\"potentialAction\":[{\"@type\":\"CommentAction\",\"name\":\"Comment\",\"target\":[\"https:\\\/\\\/www.k-m.de\\\/brand\\\/de\\\/hozan-temburwan-weltmusiker-im-interview\\\/#respond\"]}]},{\"@type\":\"WebPage\",\"@id\":\"https:\\\/\\\/www.k-m.de\\\/brand\\\/de\\\/hozan-temburwan-weltmusiker-im-interview\\\/\",\"url\":\"https:\\\/\\\/www.k-m.de\\\/brand\\\/de\\\/hozan-temburwan-weltmusiker-im-interview\\\/\",\"name\":\"Hozan Temburwan: Weltmusiker im Interview - K\u00f6nig &amp; Meyer\",\"isPartOf\":{\"@id\":\"https:\\\/\\\/www.k-m.de\\\/brand\\\/de\\\/#website\"},\"primaryImageOfPage\":{\"@id\":\"https:\\\/\\\/www.k-m.de\\\/brand\\\/de\\\/hozan-temburwan-weltmusiker-im-interview\\\/#primaryimage\"},\"image\":{\"@id\":\"https:\\\/\\\/www.k-m.de\\\/brand\\\/de\\\/hozan-temburwan-weltmusiker-im-interview\\\/#primaryimage\"},\"thumbnailUrl\":\"https:\\\/\\\/www.k-m.de\\\/brand\\\/wp-content\\\/uploads\\\/2016\\\/09\\\/Thorsten-Redler-Fotografie.jpg\",\"datePublished\":\"2016-09-18T09:55:50+00:00\",\"dateModified\":\"2024-04-25T09:00:22+00:00\",\"breadcrumb\":{\"@id\":\"https:\\\/\\\/www.k-m.de\\\/brand\\\/de\\\/hozan-temburwan-weltmusiker-im-interview\\\/#breadcrumb\"},\"inLanguage\":\"de\",\"potentialAction\":[{\"@type\":\"ReadAction\",\"target\":[\"https:\\\/\\\/www.k-m.de\\\/brand\\\/de\\\/hozan-temburwan-weltmusiker-im-interview\\\/\"]}]},{\"@type\":\"ImageObject\",\"inLanguage\":\"de\",\"@id\":\"https:\\\/\\\/www.k-m.de\\\/brand\\\/de\\\/hozan-temburwan-weltmusiker-im-interview\\\/#primaryimage\",\"url\":\"https:\\\/\\\/www.k-m.de\\\/brand\\\/wp-content\\\/uploads\\\/2016\\\/09\\\/Thorsten-Redler-Fotografie.jpg\",\"contentUrl\":\"https:\\\/\\\/www.k-m.de\\\/brand\\\/wp-content\\\/uploads\\\/2016\\\/09\\\/Thorsten-Redler-Fotografie.jpg\",\"width\":680,\"height\":420,\"caption\":\"Musiker I Foto: Thorsten Redler\"},{\"@type\":\"BreadcrumbList\",\"@id\":\"https:\\\/\\\/www.k-m.de\\\/brand\\\/de\\\/hozan-temburwan-weltmusiker-im-interview\\\/#breadcrumb\",\"itemListElement\":[{\"@type\":\"ListItem\",\"position\":1,\"name\":\"Startseite\",\"item\":\"https:\\\/\\\/www.k-m.de\\\/brand\\\/de\\\/\"},{\"@type\":\"ListItem\",\"position\":2,\"name\":\"Hozan Temburwan: Weltmusiker im Interview\"}]},{\"@type\":\"WebSite\",\"@id\":\"https:\\\/\\\/www.k-m.de\\\/brand\\\/de\\\/#website\",\"url\":\"https:\\\/\\\/www.k-m.de\\\/brand\\\/de\\\/\",\"name\":\"K\u00f6nig & Meyer\",\"description\":\"K\u00f6nig &amp; Meyer ist ein weltweit f\u00fchrender Hersteller f\u00fcr Musikzubeh\u00f6r. Seit \u00fcber 65 Jahren steht K&amp;M f\u00fcr qualitativ hochwertige Produkte.\",\"publisher\":{\"@id\":\"https:\\\/\\\/www.k-m.de\\\/brand\\\/de\\\/#organization\"},\"potentialAction\":[{\"@type\":\"SearchAction\",\"target\":{\"@type\":\"EntryPoint\",\"urlTemplate\":\"https:\\\/\\\/www.k-m.de\\\/brand\\\/de\\\/?s={search_term_string}\"},\"query-input\":{\"@type\":\"PropertyValueSpecification\",\"valueRequired\":true,\"valueName\":\"search_term_string\"}}],\"inLanguage\":\"de\"},{\"@type\":\"Organization\",\"@id\":\"https:\\\/\\\/www.k-m.de\\\/brand\\\/de\\\/#organization\",\"name\":\"K\u00f6nig & Meyer\",\"url\":\"https:\\\/\\\/www.k-m.de\\\/brand\\\/de\\\/\",\"logo\":{\"@type\":\"ImageObject\",\"inLanguage\":\"de\",\"@id\":\"https:\\\/\\\/www.k-m.de\\\/brand\\\/de\\\/#\\\/schema\\\/logo\\\/image\\\/\",\"url\":\"https:\\\/\\\/www.k-m.de\\\/brand\\\/wp-content\\\/uploads\\\/2023\\\/01\\\/KM_1c.tif\",\"contentUrl\":\"https:\\\/\\\/www.k-m.de\\\/brand\\\/wp-content\\\/uploads\\\/2023\\\/01\\\/KM_1c.tif\",\"width\":1,\"height\":1,\"caption\":\"K\u00f6nig & Meyer\"},\"image\":{\"@id\":\"https:\\\/\\\/www.k-m.de\\\/brand\\\/de\\\/#\\\/schema\\\/logo\\\/image\\\/\"}},{\"@type\":\"Person\",\"@id\":\"https:\\\/\\\/www.k-m.de\\\/brand\\\/de\\\/#\\\/schema\\\/person\\\/9c61631b826627485acacb54832e6822\",\"name\":\"Popakademie\",\"url\":\"https:\\\/\\\/www.k-m.de\\\/brand\\\/de\\\/author\\\/popakademie\\\/\"}]}<\/script>\n<!-- \/ Yoast SEO Premium plugin. -->","yoast_head_json":{"title":"Hozan Temburwan: Weltmusiker im Interview - K\u00f6nig &amp; Meyer","robots":{"index":"index","follow":"follow","max-snippet":"max-snippet:-1","max-image-preview":"max-image-preview:large","max-video-preview":"max-video-preview:-1"},"canonical":"https:\/\/www.k-m.de\/brand\/de\/hozan-temburwan-weltmusiker-im-interview\/","og_locale":"de_DE","og_type":"article","og_title":"Hozan Temburwan: Weltmusiker im Interview","og_description":"Seit dem Wintersemester 2015\/2016 gibt es an der Popakademie den neuen Bachelor-Studiengang Weltmusik. Wir haben den in der T\u00fcrkei geborenenMehr erfahren","og_url":"https:\/\/www.k-m.de\/brand\/de\/hozan-temburwan-weltmusiker-im-interview\/","og_site_name":"K\u00f6nig &amp; Meyer","article_published_time":"2016-09-18T09:55:50+00:00","article_modified_time":"2024-04-25T09:00:22+00:00","og_image":[{"width":680,"height":420,"url":"https:\/\/www.k-m.de\/brand\/wp-content\/uploads\/2016\/09\/Thorsten-Redler-Fotografie.jpg","type":"image\/jpeg"}],"author":"Popakademie","twitter_card":"summary_large_image","twitter_misc":{"Verfasst von":"Popakademie","Gesch\u00e4tzte Lesezeit":"1\u00a0Minute"},"schema":{"@context":"https:\/\/schema.org","@graph":[{"@type":"Article","@id":"https:\/\/www.k-m.de\/brand\/de\/hozan-temburwan-weltmusiker-im-interview\/#article","isPartOf":{"@id":"https:\/\/www.k-m.de\/brand\/de\/hozan-temburwan-weltmusiker-im-interview\/"},"author":{"name":"Popakademie","@id":"https:\/\/www.k-m.de\/brand\/de\/#\/schema\/person\/9c61631b826627485acacb54832e6822"},"headline":"Hozan Temburwan: Weltmusiker im Interview","datePublished":"2016-09-18T09:55:50+00:00","dateModified":"2024-04-25T09:00:22+00:00","mainEntityOfPage":{"@id":"https:\/\/www.k-m.de\/brand\/de\/hozan-temburwan-weltmusiker-im-interview\/"},"wordCount":304,"commentCount":0,"publisher":{"@id":"https:\/\/www.k-m.de\/brand\/de\/#organization"},"image":{"@id":"https:\/\/www.k-m.de\/brand\/de\/hozan-temburwan-weltmusiker-im-interview\/#primaryimage"},"thumbnailUrl":"https:\/\/www.k-m.de\/brand\/wp-content\/uploads\/2016\/09\/Thorsten-Redler-Fotografie.jpg","keywords":["Mannheim Musik","Musik studieren","Popakademie","Weltmusik","Weltmusik Studium"],"articleSection":["Musikbusiness"],"inLanguage":"de","potentialAction":[{"@type":"CommentAction","name":"Comment","target":["https:\/\/www.k-m.de\/brand\/de\/hozan-temburwan-weltmusiker-im-interview\/#respond"]}]},{"@type":"WebPage","@id":"https:\/\/www.k-m.de\/brand\/de\/hozan-temburwan-weltmusiker-im-interview\/","url":"https:\/\/www.k-m.de\/brand\/de\/hozan-temburwan-weltmusiker-im-interview\/","name":"Hozan Temburwan: Weltmusiker im Interview - K\u00f6nig &amp; Meyer","isPartOf":{"@id":"https:\/\/www.k-m.de\/brand\/de\/#website"},"primaryImageOfPage":{"@id":"https:\/\/www.k-m.de\/brand\/de\/hozan-temburwan-weltmusiker-im-interview\/#primaryimage"},"image":{"@id":"https:\/\/www.k-m.de\/brand\/de\/hozan-temburwan-weltmusiker-im-interview\/#primaryimage"},"thumbnailUrl":"https:\/\/www.k-m.de\/brand\/wp-content\/uploads\/2016\/09\/Thorsten-Redler-Fotografie.jpg","datePublished":"2016-09-18T09:55:50+00:00","dateModified":"2024-04-25T09:00:22+00:00","breadcrumb":{"@id":"https:\/\/www.k-m.de\/brand\/de\/hozan-temburwan-weltmusiker-im-interview\/#breadcrumb"},"inLanguage":"de","potentialAction":[{"@type":"ReadAction","target":["https:\/\/www.k-m.de\/brand\/de\/hozan-temburwan-weltmusiker-im-interview\/"]}]},{"@type":"ImageObject","inLanguage":"de","@id":"https:\/\/www.k-m.de\/brand\/de\/hozan-temburwan-weltmusiker-im-interview\/#primaryimage","url":"https:\/\/www.k-m.de\/brand\/wp-content\/uploads\/2016\/09\/Thorsten-Redler-Fotografie.jpg","contentUrl":"https:\/\/www.k-m.de\/brand\/wp-content\/uploads\/2016\/09\/Thorsten-Redler-Fotografie.jpg","width":680,"height":420,"caption":"Musiker I Foto: Thorsten Redler"},{"@type":"BreadcrumbList","@id":"https:\/\/www.k-m.de\/brand\/de\/hozan-temburwan-weltmusiker-im-interview\/#breadcrumb","itemListElement":[{"@type":"ListItem","position":1,"name":"Startseite","item":"https:\/\/www.k-m.de\/brand\/de\/"},{"@type":"ListItem","position":2,"name":"Hozan Temburwan: Weltmusiker im Interview"}]},{"@type":"WebSite","@id":"https:\/\/www.k-m.de\/brand\/de\/#website","url":"https:\/\/www.k-m.de\/brand\/de\/","name":"K\u00f6nig & Meyer","description":"K\u00f6nig &amp; Meyer ist ein weltweit f\u00fchrender Hersteller f\u00fcr Musikzubeh\u00f6r. Seit \u00fcber 65 Jahren steht K&amp;M f\u00fcr qualitativ hochwertige Produkte.","publisher":{"@id":"https:\/\/www.k-m.de\/brand\/de\/#organization"},"potentialAction":[{"@type":"SearchAction","target":{"@type":"EntryPoint","urlTemplate":"https:\/\/www.k-m.de\/brand\/de\/?s={search_term_string}"},"query-input":{"@type":"PropertyValueSpecification","valueRequired":true,"valueName":"search_term_string"}}],"inLanguage":"de"},{"@type":"Organization","@id":"https:\/\/www.k-m.de\/brand\/de\/#organization","name":"K\u00f6nig & Meyer","url":"https:\/\/www.k-m.de\/brand\/de\/","logo":{"@type":"ImageObject","inLanguage":"de","@id":"https:\/\/www.k-m.de\/brand\/de\/#\/schema\/logo\/image\/","url":"https:\/\/www.k-m.de\/brand\/wp-content\/uploads\/2023\/01\/KM_1c.tif","contentUrl":"https:\/\/www.k-m.de\/brand\/wp-content\/uploads\/2023\/01\/KM_1c.tif","width":1,"height":1,"caption":"K\u00f6nig & Meyer"},"image":{"@id":"https:\/\/www.k-m.de\/brand\/de\/#\/schema\/logo\/image\/"}},{"@type":"Person","@id":"https:\/\/www.k-m.de\/brand\/de\/#\/schema\/person\/9c61631b826627485acacb54832e6822","name":"Popakademie","url":"https:\/\/www.k-m.de\/brand\/de\/author\/popakademie\/"}]}},"_links":{"self":[{"href":"https:\/\/www.k-m.de\/brand\/de\/wp-json\/wp\/v2\/posts\/5745","targetHints":{"allow":["GET"]}}],"collection":[{"href":"https:\/\/www.k-m.de\/brand\/de\/wp-json\/wp\/v2\/posts"}],"about":[{"href":"https:\/\/www.k-m.de\/brand\/de\/wp-json\/wp\/v2\/types\/post"}],"author":[{"embeddable":true,"href":"https:\/\/www.k-m.de\/brand\/de\/wp-json\/wp\/v2\/users\/13"}],"replies":[{"embeddable":true,"href":"https:\/\/www.k-m.de\/brand\/de\/wp-json\/wp\/v2\/comments?post=5745"}],"version-history":[{"count":1,"href":"https:\/\/www.k-m.de\/brand\/de\/wp-json\/wp\/v2\/posts\/5745\/revisions"}],"predecessor-version":[{"id":15669,"href":"https:\/\/www.k-m.de\/brand\/de\/wp-json\/wp\/v2\/posts\/5745\/revisions\/15669"}],"wp:featuredmedia":[{"embeddable":true,"href":"https:\/\/www.k-m.de\/brand\/de\/wp-json\/wp\/v2\/media\/5747"}],"wp:attachment":[{"href":"https:\/\/www.k-m.de\/brand\/de\/wp-json\/wp\/v2\/media?parent=5745"}],"wp:term":[{"taxonomy":"category","embeddable":true,"href":"https:\/\/www.k-m.de\/brand\/de\/wp-json\/wp\/v2\/categories?post=5745"},{"taxonomy":"post_tag","embeddable":true,"href":"https:\/\/www.k-m.de\/brand\/de\/wp-json\/wp\/v2\/tags?post=5745"}],"curies":[{"name":"wp","href":"https:\/\/api.w.org\/{rel}","templated":true}]}}