{"id":6483,"date":"2018-10-11T15:12:26","date_gmt":"2018-10-11T13:12:26","guid":{"rendered":"https:\/\/blog.k-m.de\/?p=6483\/"},"modified":"2024-04-20T19:17:25","modified_gmt":"2024-04-20T17:17:25","slug":"koenig-und-meyer-meets-buchmesse-frankfurt-2018","status":"publish","type":"post","link":"https:\/\/www.k-m.de\/brand\/de\/koenig-und-meyer-meets-buchmesse-frankfurt-2018\/","title":{"rendered":"K\u00f6nig &#038; Meyer meets Buchmesse Frankfurt 2018"},"content":{"rendered":"<p>Auch in Zeiten von Tablet, Kindle, Smartphone und sonstigen Zeitfressern kostbarer Lebenszeit, ist der Griff zu einem gedruckten Buch doch immer noch eine geliebte Alternative. Ob kurz vor dem Schlafengehen, in der Mittagspause, im Strandkorb oder in der S-Bahn: Ein Buch l\u00e4dt ein. Es l\u00e4dt ein, in eine fremde Welt einzutauchen, der Phantasie Freiraum zu schenken, abzuschalten, Stress zu reduzieren, Kraft zu tanken, einzuschlafen. Ein Buch kann bilden, es kann informieren, unterhalten und belehren. \u00a0Kein Wunder also, dass die Pr\u00e4ferenz ausschlie\u00dflich gedruckte B\u00fccher zu lesen, laut einer Studie von 2016 noch bei 32% lag.<\/p>\n<p>Jeder hat seine Vorlieben ein Buch zu genie\u00dfen: In Filmen wird uns vorgegaukelt, dass die elit\u00e4re Oberschicht dann ein Buch liest, wenn der Wein besonders schmeckt, im Pelzmantel, vor dem Ofen, bei flackerndem Licht. Aber \u2013 Hand aufs Herz \u2013 wer kann bei flackerndem Licht schon lesen?\u00a0 Flackerndes Licht ist so, als l\u00e4uft im Radio dein Lieblingslied und es f\u00e4ngt an zu rauschen. So, als ist der Ticker bei Kicker schneller als dein Stream, die Pizza deines Kollegen schneller fertig, als dein Salat \u2013 Schlicht: Nervig, Lust vergangen.<\/p>\n<p>&nbsp;<\/p>\n<p><img loading=\"lazy\" decoding=\"async\" class=\"wp-image-9555 alignleft\" src=\"https:\/\/www.k-m.de\/brand\/wp-content\/uploads\/2018\/10\/12258-000-55-1-358x600.jpg\" alt=\"\" width=\"150\" height=\"252\" srcset=\"https:\/\/www.k-m.de\/brand\/wp-content\/uploads\/2018\/10\/12258-000-55-1-358x600.jpg 358w, https:\/\/www.k-m.de\/brand\/wp-content\/uploads\/2018\/10\/12258-000-55-1-768x1289.jpg 768w, https:\/\/www.k-m.de\/brand\/wp-content\/uploads\/2018\/10\/12258-000-55-1-610x1024.jpg 610w, https:\/\/www.k-m.de\/brand\/wp-content\/uploads\/2018\/10\/12258-000-55-1-715x1200.jpg 715w, https:\/\/www.k-m.de\/brand\/wp-content\/uploads\/2018\/10\/12258-000-55-1-179x300.jpg 179w\" sizes=\"auto, (max-width: 150px) 100vw, 150px\" \/>Doch die Anforderungen an eine angemessene Beleuchtung, sind vielseitig. Schlossbeleuchtung, wenn der Partner schl\u00e4ft? \u2013 unm\u00f6glich! Taschenlampe in der Hand? \u2013 ungem\u00fctlich! \u00a0Stirnlampe? \u2013 uncool!<\/p>\n<p>Um dem ehelichen oder unehelichen Streit zu entgehen, empfiehlt es sich deshalb unbedingt einen Blick auf die neue Lampenserie K\u00f6nig &amp; Meyers zu werfen: <a href=\"http:\/\/mailing.k-m.de\/blaetterkataloge\/epaper_Buchmesse_2018\/index.html#6\" target=\"_blank\" rel=\"noopener noreferrer\">ePaper Spezial zur Buchmesse<\/a><\/p>\n<p>F\u00fcr den Buchr\u00fccken geeignet, kaum schwerer als ein paar Seiten Papier, ausgestattet mit energieffizienten LED-L\u00e4mpchen und einem, f\u00fcr jeden Einsatz ger\u00fcsteten, flexiblen Schwanenhals, bringen unsere Lampen Licht ins Dunkle.<\/p>\n<p>Aus diesem Grund besuchen wir in diesem Jahr, zum ersten Mal in der Geschichte K\u00f6nig &amp; Meyers, vom <a href=\"https:\/\/www.buchmesse.de\/service\/oeffnungszeiten\" target=\"_blank\" rel=\"noopener noreferrer\">10.10-14.10.2018 die Frankfurter Buchmesse<\/a>. Als Aussteller!\u00a0 Zu finden sind wir in Halle 4.0 H103.<\/p>\n<p>Kommt vorbei und lasst uns auch beim B\u00fccherlesen euer treuer Begleiter sein.<\/p>\n<p>&nbsp;<\/p>\n<p><img loading=\"lazy\" decoding=\"async\" class=\"alignnone wp-image-6484 size-full\" src=\"https:\/\/www.k-m.de\/brand\/wp-content\/uploads\/2018\/10\/48e686cc-46fa-432b-9a77-b0530350a994-e1539262468406.jpg\" alt=\"\" width=\"1600\" height=\"899\" srcset=\"https:\/\/www.k-m.de\/brand\/wp-content\/uploads\/2018\/10\/48e686cc-46fa-432b-9a77-b0530350a994-e1539262468406.jpg 1600w, https:\/\/www.k-m.de\/brand\/wp-content\/uploads\/2018\/10\/48e686cc-46fa-432b-9a77-b0530350a994-e1539262468406-300x169.jpg 300w, https:\/\/www.k-m.de\/brand\/wp-content\/uploads\/2018\/10\/48e686cc-46fa-432b-9a77-b0530350a994-e1539262468406-768x432.jpg 768w, https:\/\/www.k-m.de\/brand\/wp-content\/uploads\/2018\/10\/48e686cc-46fa-432b-9a77-b0530350a994-e1539262468406-1024x575.jpg 1024w, https:\/\/www.k-m.de\/brand\/wp-content\/uploads\/2018\/10\/48e686cc-46fa-432b-9a77-b0530350a994-e1539262468406-534x300.jpg 534w\" sizes=\"auto, (max-width: 1600px) 100vw, 1600px\" \/><\/p>\n<p>&nbsp;<\/p>\n","protected":false},"excerpt":{"rendered":"<p>Auch in Zeiten von Tablet, Kindle, Smartphone und sonstigen Zeitfressern kostbarer Lebenszeit, ist der Griff zu einem gedruckten Buch doch<span class=\"read_more\">Mehr erfahren<\/span><\/p>\n","protected":false},"author":18,"featured_media":6485,"comment_status":"open","ping_status":"open","sticky":false,"template":"","format":"standard","meta":{"footnotes":""},"categories":[958],"tags":[946,947,948,949],"class_list":["post-6483","post","type-post","status-publish","format-standard","has-post-thumbnail","hentry","category-messenews","tag-buchmesse","tag-buchmesse-frankfurt","tag-lampen-lesen","tag-leseleuchten"],"better_featured_image":{"id":6485,"alt_text":"Cover: Buch mit Leseleuchte","caption":"","description":"","media_type":"image","media_details":{"width":680,"height":420,"file":"2018\/10\/buchmesse.jpg","sizes":{"medium":{"file":"buchmesse-600x371.jpg","width":600,"height":371,"mime-type":"image\/jpeg","source_url":"https:\/\/www.k-m.de\/brand\/wp-content\/uploads\/2018\/10\/buchmesse-600x371.jpg"},"profile_24":{"file":"buchmesse-24x24.jpg","width":24,"height":24,"mime-type":"image\/jpeg","source_url":"https:\/\/www.k-m.de\/brand\/wp-content\/uploads\/2018\/10\/buchmesse-24x24.jpg"},"profile_48":{"file":"buchmesse-48x48.jpg","width":48,"height":48,"mime-type":"image\/jpeg","source_url":"https:\/\/www.k-m.de\/brand\/wp-content\/uploads\/2018\/10\/buchmesse-48x48.jpg"},"profile_96":{"file":"buchmesse-96x96.jpg","width":96,"height":96,"mime-type":"image\/jpeg","source_url":"https:\/\/www.k-m.de\/brand\/wp-content\/uploads\/2018\/10\/buchmesse-96x96.jpg"},"thumbnail":{"file":"buchmesse-800x480.jpg","width":800,"height":480,"mime-type":"image\/jpeg","source_url":"https:\/\/www.k-m.de\/brand\/wp-content\/uploads\/2018\/10\/buchmesse-800x480.jpg"},"post-thumbnail":{"file":"buchmesse-800x480.jpg","width":800,"height":480,"mime-type":"image\/jpeg","source_url":"https:\/\/www.k-m.de\/brand\/wp-content\/uploads\/2018\/10\/buchmesse-800x480.jpg"},"medium_cropped":{"file":"buchmesse-600x600.jpg","width":600,"height":600,"mime-type":"image\/jpeg","source_url":"https:\/\/www.k-m.de\/brand\/wp-content\/uploads\/2018\/10\/buchmesse-600x600.jpg"},"large_cropped":{"file":"buchmesse-1200x720.jpg","width":1200,"height":720,"mime-type":"image\/jpeg","source_url":"https:\/\/www.k-m.de\/brand\/wp-content\/uploads\/2018\/10\/buchmesse-1200x720.jpg"},"very_large_cropped":{"file":"buchmesse-1800x900.jpg","width":1800,"height":900,"mime-type":"image\/jpeg","source_url":"https:\/\/www.k-m.de\/brand\/wp-content\/uploads\/2018\/10\/buchmesse-1800x900.jpg"},"landingpage_thumb":{"file":"buchmesse-486x300.jpg","width":486,"height":300,"mime-type":"image\/jpeg","source_url":"https:\/\/www.k-m.de\/brand\/wp-content\/uploads\/2018\/10\/buchmesse-486x300.jpg"},"medium_old_300x185":{"file":"buchmesse-300x185.jpg","width":300,"height":185,"mime-type":"image\/jpeg","source_url":"https:\/\/www.k-m.de\/brand\/wp-content\/uploads\/2018\/10\/buchmesse-300x185.jpg"},"thumbnail_old_150x150":{"file":"buchmesse-150x150.jpg","width":150,"height":150,"mime-type":"image\/jpeg","source_url":"https:\/\/www.k-m.de\/brand\/wp-content\/uploads\/2018\/10\/buchmesse-150x150.jpg"}},"image_meta":{"aperture":"0","credit":"","camera":"","caption":"","created_timestamp":"0","copyright":"","focal_length":"0","iso":"0","shutter_speed":"0","title":"","orientation":"0","keywords":[]}},"post":null,"source_url":"https:\/\/www.k-m.de\/brand\/wp-content\/uploads\/2018\/10\/buchmesse.jpg"},"post_meta_fields":{"_wpml_media_featured":["1"],"_wpml_media_duplicate":["1"],"_edit_last":["9"],"_thumbnail_id":["6485"],"post_views_count":["217"],"_aioseop_description":["In diesem Jahr besuchen wir, zum ersten Mal in der Geschichte K\u00f6nig & Meyers, vom 10.10-14.10.2018 die Frankfurter Buchmesse. Als Aussteller!  "],"_aioseop_title":["K\u00f6nig & Meyer meets Buchmesse Frankfurt 2018"],"_aioseop_keywords":["Buchmesse Frankfurt, Buchmesse, Lampen Lesen, Leseleuchten"],"ratings_users":["0"],"ratings_score":["0"],"ratings_average":["0"],"_edit_lock":["1713633446:9"],"_wpb_vc_js_status":["false"],"_post_dealeronly":[""],"_yoast_indexnow_last_ping":["1713633446"],"_wpml_word_count":["359"]},"yoast_head":"<!-- This site is optimized with the Yoast SEO Premium plugin v26.8 (Yoast SEO v27.4) - https:\/\/yoast.com\/product\/yoast-seo-premium-wordpress\/ -->\n<title>K\u00f6nig &amp; Meyer meets Buchmesse Frankfurt 2018 - K\u00f6nig &amp; Meyer<\/title>\n<meta name=\"robots\" content=\"index, follow, max-snippet:-1, max-image-preview:large, max-video-preview:-1\" \/>\n<link rel=\"canonical\" href=\"https:\/\/www.k-m.de\/brand\/de\/koenig-und-meyer-meets-buchmesse-frankfurt-2018\/\" \/>\n<meta property=\"og:locale\" content=\"de_DE\" \/>\n<meta property=\"og:type\" content=\"article\" \/>\n<meta property=\"og:title\" content=\"K\u00f6nig &amp; Meyer meets Buchmesse Frankfurt 2018\" \/>\n<meta property=\"og:description\" content=\"Auch in Zeiten von Tablet, Kindle, Smartphone und sonstigen Zeitfressern kostbarer Lebenszeit, ist der Griff zu einem gedruckten Buch dochMehr erfahren\" \/>\n<meta property=\"og:url\" content=\"https:\/\/www.k-m.de\/brand\/de\/koenig-und-meyer-meets-buchmesse-frankfurt-2018\/\" \/>\n<meta property=\"og:site_name\" content=\"K\u00f6nig &amp; Meyer\" \/>\n<meta property=\"article:published_time\" content=\"2018-10-11T13:12:26+00:00\" \/>\n<meta property=\"article:modified_time\" content=\"2024-04-20T17:17:25+00:00\" \/>\n<meta property=\"og:image\" content=\"https:\/\/www.k-m.de\/brand\/wp-content\/uploads\/2018\/10\/buchmesse.jpg\" \/>\n\t<meta property=\"og:image:width\" content=\"680\" \/>\n\t<meta property=\"og:image:height\" content=\"420\" \/>\n\t<meta property=\"og:image:type\" content=\"image\/jpeg\" \/>\n<meta name=\"author\" content=\"Fabian Br\u00fcne\" \/>\n<meta name=\"twitter:card\" content=\"summary_large_image\" \/>\n<meta name=\"twitter:label1\" content=\"Verfasst von\" \/>\n\t<meta name=\"twitter:data1\" content=\"Fabian Br\u00fcne\" \/>\n\t<meta name=\"twitter:label2\" content=\"Gesch\u00e4tzte Lesezeit\" \/>\n\t<meta name=\"twitter:data2\" content=\"2\u00a0Minuten\" \/>\n<script type=\"application\/ld+json\" class=\"yoast-schema-graph\">{\"@context\":\"https:\\\/\\\/schema.org\",\"@graph\":[{\"@type\":\"Article\",\"@id\":\"https:\\\/\\\/www.k-m.de\\\/brand\\\/de\\\/koenig-und-meyer-meets-buchmesse-frankfurt-2018\\\/#article\",\"isPartOf\":{\"@id\":\"https:\\\/\\\/www.k-m.de\\\/brand\\\/de\\\/koenig-und-meyer-meets-buchmesse-frankfurt-2018\\\/\"},\"author\":{\"name\":\"Fabian Br\u00fcne\",\"@id\":\"https:\\\/\\\/www.k-m.de\\\/brand\\\/de\\\/#\\\/schema\\\/person\\\/c285508e8a6e9004639d004b29e19949\"},\"headline\":\"K\u00f6nig &#038; Meyer meets Buchmesse Frankfurt 2018\",\"datePublished\":\"2018-10-11T13:12:26+00:00\",\"dateModified\":\"2024-04-20T17:17:25+00:00\",\"mainEntityOfPage\":{\"@id\":\"https:\\\/\\\/www.k-m.de\\\/brand\\\/de\\\/koenig-und-meyer-meets-buchmesse-frankfurt-2018\\\/\"},\"wordCount\":328,\"commentCount\":0,\"publisher\":{\"@id\":\"https:\\\/\\\/www.k-m.de\\\/brand\\\/de\\\/#organization\"},\"image\":{\"@id\":\"https:\\\/\\\/www.k-m.de\\\/brand\\\/de\\\/koenig-und-meyer-meets-buchmesse-frankfurt-2018\\\/#primaryimage\"},\"thumbnailUrl\":\"https:\\\/\\\/www.k-m.de\\\/brand\\\/wp-content\\\/uploads\\\/2018\\\/10\\\/buchmesse.jpg\",\"keywords\":[\"Buchmesse\",\"Buchmesse Frankfurt\",\"Lampen Lesen\",\"Leseleuchten\"],\"articleSection\":[\"Messe-News\"],\"inLanguage\":\"de\",\"potentialAction\":[{\"@type\":\"CommentAction\",\"name\":\"Comment\",\"target\":[\"https:\\\/\\\/www.k-m.de\\\/brand\\\/de\\\/koenig-und-meyer-meets-buchmesse-frankfurt-2018\\\/#respond\"]}]},{\"@type\":\"WebPage\",\"@id\":\"https:\\\/\\\/www.k-m.de\\\/brand\\\/de\\\/koenig-und-meyer-meets-buchmesse-frankfurt-2018\\\/\",\"url\":\"https:\\\/\\\/www.k-m.de\\\/brand\\\/de\\\/koenig-und-meyer-meets-buchmesse-frankfurt-2018\\\/\",\"name\":\"K\u00f6nig & Meyer meets Buchmesse Frankfurt 2018 - K\u00f6nig &amp; Meyer\",\"isPartOf\":{\"@id\":\"https:\\\/\\\/www.k-m.de\\\/brand\\\/de\\\/#website\"},\"primaryImageOfPage\":{\"@id\":\"https:\\\/\\\/www.k-m.de\\\/brand\\\/de\\\/koenig-und-meyer-meets-buchmesse-frankfurt-2018\\\/#primaryimage\"},\"image\":{\"@id\":\"https:\\\/\\\/www.k-m.de\\\/brand\\\/de\\\/koenig-und-meyer-meets-buchmesse-frankfurt-2018\\\/#primaryimage\"},\"thumbnailUrl\":\"https:\\\/\\\/www.k-m.de\\\/brand\\\/wp-content\\\/uploads\\\/2018\\\/10\\\/buchmesse.jpg\",\"datePublished\":\"2018-10-11T13:12:26+00:00\",\"dateModified\":\"2024-04-20T17:17:25+00:00\",\"breadcrumb\":{\"@id\":\"https:\\\/\\\/www.k-m.de\\\/brand\\\/de\\\/koenig-und-meyer-meets-buchmesse-frankfurt-2018\\\/#breadcrumb\"},\"inLanguage\":\"de\",\"potentialAction\":[{\"@type\":\"ReadAction\",\"target\":[\"https:\\\/\\\/www.k-m.de\\\/brand\\\/de\\\/koenig-und-meyer-meets-buchmesse-frankfurt-2018\\\/\"]}]},{\"@type\":\"ImageObject\",\"inLanguage\":\"de\",\"@id\":\"https:\\\/\\\/www.k-m.de\\\/brand\\\/de\\\/koenig-und-meyer-meets-buchmesse-frankfurt-2018\\\/#primaryimage\",\"url\":\"https:\\\/\\\/www.k-m.de\\\/brand\\\/wp-content\\\/uploads\\\/2018\\\/10\\\/buchmesse.jpg\",\"contentUrl\":\"https:\\\/\\\/www.k-m.de\\\/brand\\\/wp-content\\\/uploads\\\/2018\\\/10\\\/buchmesse.jpg\",\"width\":680,\"height\":420,\"caption\":\"Cover: Buch mit Leseleuchte\"},{\"@type\":\"BreadcrumbList\",\"@id\":\"https:\\\/\\\/www.k-m.de\\\/brand\\\/de\\\/koenig-und-meyer-meets-buchmesse-frankfurt-2018\\\/#breadcrumb\",\"itemListElement\":[{\"@type\":\"ListItem\",\"position\":1,\"name\":\"Startseite\",\"item\":\"https:\\\/\\\/www.k-m.de\\\/brand\\\/de\\\/\"},{\"@type\":\"ListItem\",\"position\":2,\"name\":\"K\u00f6nig &#038; Meyer meets Buchmesse Frankfurt 2018\"}]},{\"@type\":\"WebSite\",\"@id\":\"https:\\\/\\\/www.k-m.de\\\/brand\\\/de\\\/#website\",\"url\":\"https:\\\/\\\/www.k-m.de\\\/brand\\\/de\\\/\",\"name\":\"K\u00f6nig & Meyer\",\"description\":\"K\u00f6nig &amp; Meyer ist ein weltweit f\u00fchrender Hersteller f\u00fcr Musikzubeh\u00f6r. Seit \u00fcber 65 Jahren steht K&amp;M f\u00fcr qualitativ hochwertige Produkte.\",\"publisher\":{\"@id\":\"https:\\\/\\\/www.k-m.de\\\/brand\\\/de\\\/#organization\"},\"potentialAction\":[{\"@type\":\"SearchAction\",\"target\":{\"@type\":\"EntryPoint\",\"urlTemplate\":\"https:\\\/\\\/www.k-m.de\\\/brand\\\/de\\\/?s={search_term_string}\"},\"query-input\":{\"@type\":\"PropertyValueSpecification\",\"valueRequired\":true,\"valueName\":\"search_term_string\"}}],\"inLanguage\":\"de\"},{\"@type\":\"Organization\",\"@id\":\"https:\\\/\\\/www.k-m.de\\\/brand\\\/de\\\/#organization\",\"name\":\"K\u00f6nig & Meyer\",\"url\":\"https:\\\/\\\/www.k-m.de\\\/brand\\\/de\\\/\",\"logo\":{\"@type\":\"ImageObject\",\"inLanguage\":\"de\",\"@id\":\"https:\\\/\\\/www.k-m.de\\\/brand\\\/de\\\/#\\\/schema\\\/logo\\\/image\\\/\",\"url\":\"https:\\\/\\\/www.k-m.de\\\/brand\\\/wp-content\\\/uploads\\\/2023\\\/01\\\/KM_1c.tif\",\"contentUrl\":\"https:\\\/\\\/www.k-m.de\\\/brand\\\/wp-content\\\/uploads\\\/2023\\\/01\\\/KM_1c.tif\",\"width\":1,\"height\":1,\"caption\":\"K\u00f6nig & Meyer\"},\"image\":{\"@id\":\"https:\\\/\\\/www.k-m.de\\\/brand\\\/de\\\/#\\\/schema\\\/logo\\\/image\\\/\"}},{\"@type\":\"Person\",\"@id\":\"https:\\\/\\\/www.k-m.de\\\/brand\\\/de\\\/#\\\/schema\\\/person\\\/c285508e8a6e9004639d004b29e19949\",\"name\":\"Fabian Br\u00fcne\",\"url\":\"https:\\\/\\\/www.k-m.de\\\/brand\\\/de\\\/author\\\/fabian-bruene\\\/\"}]}<\/script>\n<!-- \/ Yoast SEO Premium plugin. -->","yoast_head_json":{"title":"K\u00f6nig & Meyer meets Buchmesse Frankfurt 2018 - K\u00f6nig &amp; Meyer","robots":{"index":"index","follow":"follow","max-snippet":"max-snippet:-1","max-image-preview":"max-image-preview:large","max-video-preview":"max-video-preview:-1"},"canonical":"https:\/\/www.k-m.de\/brand\/de\/koenig-und-meyer-meets-buchmesse-frankfurt-2018\/","og_locale":"de_DE","og_type":"article","og_title":"K\u00f6nig & Meyer meets Buchmesse Frankfurt 2018","og_description":"Auch in Zeiten von Tablet, Kindle, Smartphone und sonstigen Zeitfressern kostbarer Lebenszeit, ist der Griff zu einem gedruckten Buch dochMehr erfahren","og_url":"https:\/\/www.k-m.de\/brand\/de\/koenig-und-meyer-meets-buchmesse-frankfurt-2018\/","og_site_name":"K\u00f6nig &amp; Meyer","article_published_time":"2018-10-11T13:12:26+00:00","article_modified_time":"2024-04-20T17:17:25+00:00","og_image":[{"width":680,"height":420,"url":"https:\/\/www.k-m.de\/brand\/wp-content\/uploads\/2018\/10\/buchmesse.jpg","type":"image\/jpeg"}],"author":"Fabian Br\u00fcne","twitter_card":"summary_large_image","twitter_misc":{"Verfasst von":"Fabian Br\u00fcne","Gesch\u00e4tzte Lesezeit":"2\u00a0Minuten"},"schema":{"@context":"https:\/\/schema.org","@graph":[{"@type":"Article","@id":"https:\/\/www.k-m.de\/brand\/de\/koenig-und-meyer-meets-buchmesse-frankfurt-2018\/#article","isPartOf":{"@id":"https:\/\/www.k-m.de\/brand\/de\/koenig-und-meyer-meets-buchmesse-frankfurt-2018\/"},"author":{"name":"Fabian Br\u00fcne","@id":"https:\/\/www.k-m.de\/brand\/de\/#\/schema\/person\/c285508e8a6e9004639d004b29e19949"},"headline":"K\u00f6nig &#038; Meyer meets Buchmesse Frankfurt 2018","datePublished":"2018-10-11T13:12:26+00:00","dateModified":"2024-04-20T17:17:25+00:00","mainEntityOfPage":{"@id":"https:\/\/www.k-m.de\/brand\/de\/koenig-und-meyer-meets-buchmesse-frankfurt-2018\/"},"wordCount":328,"commentCount":0,"publisher":{"@id":"https:\/\/www.k-m.de\/brand\/de\/#organization"},"image":{"@id":"https:\/\/www.k-m.de\/brand\/de\/koenig-und-meyer-meets-buchmesse-frankfurt-2018\/#primaryimage"},"thumbnailUrl":"https:\/\/www.k-m.de\/brand\/wp-content\/uploads\/2018\/10\/buchmesse.jpg","keywords":["Buchmesse","Buchmesse Frankfurt","Lampen Lesen","Leseleuchten"],"articleSection":["Messe-News"],"inLanguage":"de","potentialAction":[{"@type":"CommentAction","name":"Comment","target":["https:\/\/www.k-m.de\/brand\/de\/koenig-und-meyer-meets-buchmesse-frankfurt-2018\/#respond"]}]},{"@type":"WebPage","@id":"https:\/\/www.k-m.de\/brand\/de\/koenig-und-meyer-meets-buchmesse-frankfurt-2018\/","url":"https:\/\/www.k-m.de\/brand\/de\/koenig-und-meyer-meets-buchmesse-frankfurt-2018\/","name":"K\u00f6nig & Meyer meets Buchmesse Frankfurt 2018 - K\u00f6nig &amp; Meyer","isPartOf":{"@id":"https:\/\/www.k-m.de\/brand\/de\/#website"},"primaryImageOfPage":{"@id":"https:\/\/www.k-m.de\/brand\/de\/koenig-und-meyer-meets-buchmesse-frankfurt-2018\/#primaryimage"},"image":{"@id":"https:\/\/www.k-m.de\/brand\/de\/koenig-und-meyer-meets-buchmesse-frankfurt-2018\/#primaryimage"},"thumbnailUrl":"https:\/\/www.k-m.de\/brand\/wp-content\/uploads\/2018\/10\/buchmesse.jpg","datePublished":"2018-10-11T13:12:26+00:00","dateModified":"2024-04-20T17:17:25+00:00","breadcrumb":{"@id":"https:\/\/www.k-m.de\/brand\/de\/koenig-und-meyer-meets-buchmesse-frankfurt-2018\/#breadcrumb"},"inLanguage":"de","potentialAction":[{"@type":"ReadAction","target":["https:\/\/www.k-m.de\/brand\/de\/koenig-und-meyer-meets-buchmesse-frankfurt-2018\/"]}]},{"@type":"ImageObject","inLanguage":"de","@id":"https:\/\/www.k-m.de\/brand\/de\/koenig-und-meyer-meets-buchmesse-frankfurt-2018\/#primaryimage","url":"https:\/\/www.k-m.de\/brand\/wp-content\/uploads\/2018\/10\/buchmesse.jpg","contentUrl":"https:\/\/www.k-m.de\/brand\/wp-content\/uploads\/2018\/10\/buchmesse.jpg","width":680,"height":420,"caption":"Cover: Buch mit Leseleuchte"},{"@type":"BreadcrumbList","@id":"https:\/\/www.k-m.de\/brand\/de\/koenig-und-meyer-meets-buchmesse-frankfurt-2018\/#breadcrumb","itemListElement":[{"@type":"ListItem","position":1,"name":"Startseite","item":"https:\/\/www.k-m.de\/brand\/de\/"},{"@type":"ListItem","position":2,"name":"K\u00f6nig &#038; Meyer meets Buchmesse Frankfurt 2018"}]},{"@type":"WebSite","@id":"https:\/\/www.k-m.de\/brand\/de\/#website","url":"https:\/\/www.k-m.de\/brand\/de\/","name":"K\u00f6nig & Meyer","description":"K\u00f6nig &amp; Meyer ist ein weltweit f\u00fchrender Hersteller f\u00fcr Musikzubeh\u00f6r. Seit \u00fcber 65 Jahren steht K&amp;M f\u00fcr qualitativ hochwertige Produkte.","publisher":{"@id":"https:\/\/www.k-m.de\/brand\/de\/#organization"},"potentialAction":[{"@type":"SearchAction","target":{"@type":"EntryPoint","urlTemplate":"https:\/\/www.k-m.de\/brand\/de\/?s={search_term_string}"},"query-input":{"@type":"PropertyValueSpecification","valueRequired":true,"valueName":"search_term_string"}}],"inLanguage":"de"},{"@type":"Organization","@id":"https:\/\/www.k-m.de\/brand\/de\/#organization","name":"K\u00f6nig & Meyer","url":"https:\/\/www.k-m.de\/brand\/de\/","logo":{"@type":"ImageObject","inLanguage":"de","@id":"https:\/\/www.k-m.de\/brand\/de\/#\/schema\/logo\/image\/","url":"https:\/\/www.k-m.de\/brand\/wp-content\/uploads\/2023\/01\/KM_1c.tif","contentUrl":"https:\/\/www.k-m.de\/brand\/wp-content\/uploads\/2023\/01\/KM_1c.tif","width":1,"height":1,"caption":"K\u00f6nig & Meyer"},"image":{"@id":"https:\/\/www.k-m.de\/brand\/de\/#\/schema\/logo\/image\/"}},{"@type":"Person","@id":"https:\/\/www.k-m.de\/brand\/de\/#\/schema\/person\/c285508e8a6e9004639d004b29e19949","name":"Fabian Br\u00fcne","url":"https:\/\/www.k-m.de\/brand\/de\/author\/fabian-bruene\/"}]}},"_links":{"self":[{"href":"https:\/\/www.k-m.de\/brand\/de\/wp-json\/wp\/v2\/posts\/6483","targetHints":{"allow":["GET"]}}],"collection":[{"href":"https:\/\/www.k-m.de\/brand\/de\/wp-json\/wp\/v2\/posts"}],"about":[{"href":"https:\/\/www.k-m.de\/brand\/de\/wp-json\/wp\/v2\/types\/post"}],"author":[{"embeddable":true,"href":"https:\/\/www.k-m.de\/brand\/de\/wp-json\/wp\/v2\/users\/18"}],"replies":[{"embeddable":true,"href":"https:\/\/www.k-m.de\/brand\/de\/wp-json\/wp\/v2\/comments?post=6483"}],"version-history":[{"count":5,"href":"https:\/\/www.k-m.de\/brand\/de\/wp-json\/wp\/v2\/posts\/6483\/revisions"}],"predecessor-version":[{"id":9558,"href":"https:\/\/www.k-m.de\/brand\/de\/wp-json\/wp\/v2\/posts\/6483\/revisions\/9558"}],"wp:featuredmedia":[{"embeddable":true,"href":"https:\/\/www.k-m.de\/brand\/de\/wp-json\/wp\/v2\/media\/6485"}],"wp:attachment":[{"href":"https:\/\/www.k-m.de\/brand\/de\/wp-json\/wp\/v2\/media?parent=6483"}],"wp:term":[{"taxonomy":"category","embeddable":true,"href":"https:\/\/www.k-m.de\/brand\/de\/wp-json\/wp\/v2\/categories?post=6483"},{"taxonomy":"post_tag","embeddable":true,"href":"https:\/\/www.k-m.de\/brand\/de\/wp-json\/wp\/v2\/tags?post=6483"}],"curies":[{"name":"wp","href":"https:\/\/api.w.org\/{rel}","templated":true}]}}