{"id":6490,"date":"2018-10-12T11:40:13","date_gmt":"2018-10-12T09:40:13","guid":{"rendered":"https:\/\/blog.k-m.de\/?p=6490\/"},"modified":"2021-03-24T09:44:16","modified_gmt":"2021-03-24T08:44:16","slug":"km-pedalisten-auf-tour","status":"publish","type":"post","link":"https:\/\/www.k-m.de\/brand\/de\/km-pedalisten-auf-tour\/","title":{"rendered":"K&#038;M Pedalisten auf Tour"},"content":{"rendered":"<p>17 sportliche K&amp;M&#8217;ler starteten am 21.09.2018 zur allj\u00e4hrlichen Fahrradtour des Unternehmens &#8211; welche dieses Jahr bereits zum 15. Mal stattfand.<\/p>\n<p>Die Pedalisten begaben sich dieses Jahr auf ein etwas weniger anspruchsvolles Terrain. Auf dem bekannten Maintal- Radweg ging es zuerst von Wertheim bis Bettingen. Bei angenehmen Temperaturen und bestem Radfahrwetter fuhren sie ab Bettingen in Richtung W\u00fcrzburg weiter. Durch das Aalbachtal immer entlang am Bach radelten die Kollegen auf Schotter und Asphaltwegen bis zur urigen Holzm\u00fchle nach \u00dcttingen. Dort wurde eine ausf\u00fchrliche Pause mit diversen Kaltgetr\u00e4nken und einer kleinen Brotzeit gemacht.<\/p>\n<p>Auf dem R\u00fcckweg wurden die K&amp;M&#8217;ler von einer kalten Dusche heimgesucht. Die Temperaturen vielen von 25 Grad auf kalte 14 Grad und es stellte sich Dauerregen ein. Durch zwei Plattf\u00fc\u00dfe und fehlende Regenkleidung wurde die R\u00fcckfahrt f\u00fcr einige Teilnehmer etwas schwieriger als geplant.<\/p>\n<p>Letztendlich kamen alle nach knapp 50 Kilometern wieder gesund und munter am Ziel an!<\/p>\n\n\t\t<style type=\"text\/css\">\n\t\t\t#gallery-1 {\n\t\t\t\tmargin: auto;\n\t\t\t}\n\t\t\t#gallery-1 .gallery-item {\n\t\t\t\tfloat: left;\n\t\t\t\tmargin-top: 10px;\n\t\t\t\ttext-align: center;\n\t\t\t\twidth: 33%;\n\t\t\t}\n\t\t\t#gallery-1 img {\n\t\t\t\tborder: 2px solid #cfcfcf;\n\t\t\t}\n\t\t\t#gallery-1 .gallery-caption {\n\t\t\t\tmargin-left: 0;\n\t\t\t}\n\t\t\t\/* see gallery_shortcode() in wp-includes\/media.php *\/\n\t\t<\/style>\n\t\t<div id='gallery-1' class='gallery galleryid-6490 gallery-columns-3 gallery-size-thumbnail'><dl class='gallery-item'>\n\t\t\t<dt class='gallery-icon landscape'>\n\t\t\t\t<a href='https:\/\/www.k-m.de\/brand\/de\/img_1340\/'><img loading=\"lazy\" decoding=\"async\" width=\"150\" height=\"150\" src=\"https:\/\/www.k-m.de\/brand\/wp-content\/uploads\/2018\/10\/IMG_1340-150x150.jpg\" class=\"attachment-thumbnail size-thumbnail\" alt=\"K&amp;M Mitarbeiter auf Fahrradtour I Pause im Biergarten I Prost\" srcset=\"https:\/\/www.k-m.de\/brand\/wp-content\/uploads\/2018\/10\/IMG_1340-150x150.jpg 150w, https:\/\/www.k-m.de\/brand\/wp-content\/uploads\/2018\/10\/IMG_1340-600x600.jpg 600w\" sizes=\"auto, (max-width: 150px) 100vw, 150px\" \/><\/a>\n\t\t\t<\/dt><\/dl><dl class='gallery-item'>\n\t\t\t<dt class='gallery-icon landscape'>\n\t\t\t\t<a href='https:\/\/www.k-m.de\/brand\/de\/img_1341\/'><img loading=\"lazy\" decoding=\"async\" width=\"150\" height=\"150\" src=\"https:\/\/www.k-m.de\/brand\/wp-content\/uploads\/2018\/10\/IMG_1341-150x150.jpg\" class=\"attachment-thumbnail size-thumbnail\" alt=\"K&amp;M Radtour: Kurzer Halt\" srcset=\"https:\/\/www.k-m.de\/brand\/wp-content\/uploads\/2018\/10\/IMG_1341-150x150.jpg 150w, https:\/\/www.k-m.de\/brand\/wp-content\/uploads\/2018\/10\/IMG_1341-600x600.jpg 600w\" sizes=\"auto, (max-width: 150px) 100vw, 150px\" \/><\/a>\n\t\t\t<\/dt><\/dl><dl class='gallery-item'>\n\t\t\t<dt class='gallery-icon landscape'>\n\t\t\t\t<a href='https:\/\/www.k-m.de\/brand\/de\/img_1354\/'><img loading=\"lazy\" decoding=\"async\" width=\"150\" height=\"150\" src=\"https:\/\/www.k-m.de\/brand\/wp-content\/uploads\/2018\/10\/IMG_1354-150x150.jpg\" class=\"attachment-thumbnail size-thumbnail\" alt=\"K&amp;M Radfahrer Gruppe\" srcset=\"https:\/\/www.k-m.de\/brand\/wp-content\/uploads\/2018\/10\/IMG_1354-150x150.jpg 150w, https:\/\/www.k-m.de\/brand\/wp-content\/uploads\/2018\/10\/IMG_1354-600x600.jpg 600w\" sizes=\"auto, (max-width: 150px) 100vw, 150px\" \/><\/a>\n\t\t\t<\/dt><\/dl><br style=\"clear: both\" \/><dl class='gallery-item'>\n\t\t\t<dt class='gallery-icon portrait'>\n\t\t\t\t<a href='https:\/\/www.k-m.de\/brand\/de\/img_1356\/'><img loading=\"lazy\" decoding=\"async\" width=\"150\" height=\"150\" src=\"https:\/\/www.k-m.de\/brand\/wp-content\/uploads\/2018\/10\/IMG_1356-150x150.jpg\" class=\"attachment-thumbnail size-thumbnail\" alt=\"Daumen hoch: Zwei Radfahrer gut gelaunt auf der Tour\" srcset=\"https:\/\/www.k-m.de\/brand\/wp-content\/uploads\/2018\/10\/IMG_1356-150x150.jpg 150w, https:\/\/www.k-m.de\/brand\/wp-content\/uploads\/2018\/10\/IMG_1356-600x600.jpg 600w\" sizes=\"auto, (max-width: 150px) 100vw, 150px\" \/><\/a>\n\t\t\t<\/dt><\/dl><dl class='gallery-item'>\n\t\t\t<dt class='gallery-icon portrait'>\n\t\t\t\t<a href='https:\/\/www.k-m.de\/brand\/de\/img_1357\/'><img loading=\"lazy\" decoding=\"async\" width=\"150\" height=\"150\" src=\"https:\/\/www.k-m.de\/brand\/wp-content\/uploads\/2018\/10\/IMG_1357-150x150.jpg\" class=\"attachment-thumbnail size-thumbnail\" alt=\"K&amp;M Radfahrer am Waldrand neben einer Stra\u00dfe\" srcset=\"https:\/\/www.k-m.de\/brand\/wp-content\/uploads\/2018\/10\/IMG_1357-150x150.jpg 150w, https:\/\/www.k-m.de\/brand\/wp-content\/uploads\/2018\/10\/IMG_1357-600x600.jpg 600w\" sizes=\"auto, (max-width: 150px) 100vw, 150px\" \/><\/a>\n\t\t\t<\/dt><\/dl><dl class='gallery-item'>\n\t\t\t<dt class='gallery-icon landscape'>\n\t\t\t\t<a href='https:\/\/www.k-m.de\/brand\/de\/img_1359\/'><img loading=\"lazy\" decoding=\"async\" width=\"150\" height=\"150\" src=\"https:\/\/www.k-m.de\/brand\/wp-content\/uploads\/2018\/10\/IMG_1359-150x150.jpg\" class=\"attachment-thumbnail size-thumbnail\" alt=\"K&amp;M Radfahrer Gruppe I Kreuzung vor Feldern\" srcset=\"https:\/\/www.k-m.de\/brand\/wp-content\/uploads\/2018\/10\/IMG_1359-150x150.jpg 150w, https:\/\/www.k-m.de\/brand\/wp-content\/uploads\/2018\/10\/IMG_1359-600x600.jpg 600w\" sizes=\"auto, (max-width: 150px) 100vw, 150px\" \/><\/a>\n\t\t\t<\/dt><\/dl><br style=\"clear: both\" \/><dl class='gallery-item'>\n\t\t\t<dt class='gallery-icon landscape'>\n\t\t\t\t<a href='https:\/\/www.k-m.de\/brand\/de\/img_1363\/'><img loading=\"lazy\" decoding=\"async\" width=\"150\" height=\"150\" src=\"https:\/\/www.k-m.de\/brand\/wp-content\/uploads\/2018\/10\/IMG_1363-150x150.jpg\" class=\"attachment-thumbnail size-thumbnail\" alt=\"K&amp;M Radfahrer I Ein &quot;Gruppenanf\u00fchrer&quot; f\u00e4hrt voraus\" srcset=\"https:\/\/www.k-m.de\/brand\/wp-content\/uploads\/2018\/10\/IMG_1363-150x150.jpg 150w, https:\/\/www.k-m.de\/brand\/wp-content\/uploads\/2018\/10\/IMG_1363-600x600.jpg 600w\" sizes=\"auto, (max-width: 150px) 100vw, 150px\" \/><\/a>\n\t\t\t<\/dt><\/dl><dl class='gallery-item'>\n\t\t\t<dt class='gallery-icon landscape'>\n\t\t\t\t<a href='https:\/\/www.k-m.de\/brand\/de\/img_1367\/'><img loading=\"lazy\" decoding=\"async\" width=\"150\" height=\"150\" src=\"https:\/\/www.k-m.de\/brand\/wp-content\/uploads\/2018\/10\/IMG_1367-150x150.jpg\" class=\"attachment-thumbnail size-thumbnail\" alt=\"K&amp;M Radfahrer\" srcset=\"https:\/\/www.k-m.de\/brand\/wp-content\/uploads\/2018\/10\/IMG_1367-150x150.jpg 150w, https:\/\/www.k-m.de\/brand\/wp-content\/uploads\/2018\/10\/IMG_1367-600x600.jpg 600w\" sizes=\"auto, (max-width: 150px) 100vw, 150px\" \/><\/a>\n\t\t\t<\/dt><\/dl><dl class='gallery-item'>\n\t\t\t<dt class='gallery-icon landscape'>\n\t\t\t\t<a href='https:\/\/www.k-m.de\/brand\/de\/img_1369\/'><img loading=\"lazy\" decoding=\"async\" width=\"150\" height=\"150\" src=\"https:\/\/www.k-m.de\/brand\/wp-content\/uploads\/2018\/10\/IMG_1369-150x150.jpg\" class=\"attachment-thumbnail size-thumbnail\" alt=\"K&amp;M Radfahrer\" srcset=\"https:\/\/www.k-m.de\/brand\/wp-content\/uploads\/2018\/10\/IMG_1369-150x150.jpg 150w, https:\/\/www.k-m.de\/brand\/wp-content\/uploads\/2018\/10\/IMG_1369-600x600.jpg 600w\" sizes=\"auto, (max-width: 150px) 100vw, 150px\" \/><\/a>\n\t\t\t<\/dt><\/dl><br style=\"clear: both\" \/><dl class='gallery-item'>\n\t\t\t<dt class='gallery-icon landscape'>\n\t\t\t\t<a href='https:\/\/www.k-m.de\/brand\/de\/img_1375\/'><img loading=\"lazy\" decoding=\"async\" width=\"150\" height=\"150\" src=\"https:\/\/www.k-m.de\/brand\/wp-content\/uploads\/2018\/10\/IMG_1375-150x150.jpg\" class=\"attachment-thumbnail size-thumbnail\" alt=\"K&amp;M Mitarbeiter am Biergarten-Tisch\" srcset=\"https:\/\/www.k-m.de\/brand\/wp-content\/uploads\/2018\/10\/IMG_1375-150x150.jpg 150w, https:\/\/www.k-m.de\/brand\/wp-content\/uploads\/2018\/10\/IMG_1375-600x600.jpg 600w\" sizes=\"auto, (max-width: 150px) 100vw, 150px\" \/><\/a>\n\t\t\t<\/dt><\/dl><dl class='gallery-item'>\n\t\t\t<dt class='gallery-icon landscape'>\n\t\t\t\t<a href='https:\/\/www.k-m.de\/brand\/de\/img_1378\/'><img loading=\"lazy\" decoding=\"async\" width=\"150\" height=\"150\" src=\"https:\/\/www.k-m.de\/brand\/wp-content\/uploads\/2018\/10\/IMG_1378-150x150.jpg\" class=\"attachment-thumbnail size-thumbnail\" alt=\"Biergarten\" srcset=\"https:\/\/www.k-m.de\/brand\/wp-content\/uploads\/2018\/10\/IMG_1378-150x150.jpg 150w, https:\/\/www.k-m.de\/brand\/wp-content\/uploads\/2018\/10\/IMG_1378-600x600.jpg 600w\" sizes=\"auto, (max-width: 150px) 100vw, 150px\" \/><\/a>\n\t\t\t<\/dt><\/dl><dl class='gallery-item'>\n\t\t\t<dt class='gallery-icon portrait'>\n\t\t\t\t<a href='https:\/\/www.k-m.de\/brand\/de\/img_1380\/'><img loading=\"lazy\" decoding=\"async\" width=\"150\" height=\"150\" src=\"https:\/\/www.k-m.de\/brand\/wp-content\/uploads\/2018\/10\/IMG_1380-150x150.jpg\" class=\"attachment-thumbnail size-thumbnail\" alt=\"K&amp;M Mitarbeiter am Tisch mit Bier\" srcset=\"https:\/\/www.k-m.de\/brand\/wp-content\/uploads\/2018\/10\/IMG_1380-150x150.jpg 150w, https:\/\/www.k-m.de\/brand\/wp-content\/uploads\/2018\/10\/IMG_1380-600x600.jpg 600w\" sizes=\"auto, (max-width: 150px) 100vw, 150px\" \/><\/a>\n\t\t\t<\/dt><\/dl><br style=\"clear: both\" \/>\n\t\t<\/div>\n\n","protected":false},"excerpt":{"rendered":"<p>17 sportliche K&amp;M&#8217;ler starteten am 21.09.2018 zur allj\u00e4hrlichen Fahrradtour des Unternehmens &#8211; welche dieses Jahr bereits zum 15. Mal stattfand.<span class=\"read_more\">Mehr erfahren<\/span><\/p>\n","protected":false},"author":8,"featured_media":6493,"comment_status":"open","ping_status":"open","sticky":false,"template":"","format":"standard","meta":{"footnotes":""},"categories":[24],"tags":[950,721,951,952,953],"class_list":["post-6490","post","type-post","status-publish","format-standard","has-post-thumbnail","hentry","category-km-backstage","tag-km-firma","tag-km-mitarbeiter","tag-koenig-meyer-betriebsausflug","tag-radtour-wertheim","tag-wertheim-ausflug"],"better_featured_image":{"id":6493,"alt_text":"Aufgereiht: K&M Radfahrer I Gruppenfoto","caption":"","description":"","media_type":"image","media_details":{"width":680,"height":420,"file":"2018\/10\/Radtour18.jpg","sizes":{"medium":{"file":"Radtour18-600x371.jpg","width":600,"height":371,"mime-type":"image\/jpeg","source_url":"https:\/\/www.k-m.de\/brand\/wp-content\/uploads\/2018\/10\/Radtour18-600x371.jpg"},"profile_24":{"file":"Radtour18-24x24.jpg","width":24,"height":24,"mime-type":"image\/jpeg","source_url":"https:\/\/www.k-m.de\/brand\/wp-content\/uploads\/2018\/10\/Radtour18-24x24.jpg"},"profile_48":{"file":"Radtour18-48x48.jpg","width":48,"height":48,"mime-type":"image\/jpeg","source_url":"https:\/\/www.k-m.de\/brand\/wp-content\/uploads\/2018\/10\/Radtour18-48x48.jpg"},"profile_96":{"file":"Radtour18-96x96.jpg","width":96,"height":96,"mime-type":"image\/jpeg","source_url":"https:\/\/www.k-m.de\/brand\/wp-content\/uploads\/2018\/10\/Radtour18-96x96.jpg"},"thumbnail":{"file":"Radtour18-800x480.jpg","width":800,"height":480,"mime-type":"image\/jpeg","source_url":"https:\/\/www.k-m.de\/brand\/wp-content\/uploads\/2018\/10\/Radtour18-800x480.jpg"},"post-thumbnail":{"file":"Radtour18-800x480.jpg","width":800,"height":480,"mime-type":"image\/jpeg","source_url":"https:\/\/www.k-m.de\/brand\/wp-content\/uploads\/2018\/10\/Radtour18-800x480.jpg"},"medium_cropped":{"file":"Radtour18-600x600.jpg","width":600,"height":600,"mime-type":"image\/jpeg","source_url":"https:\/\/www.k-m.de\/brand\/wp-content\/uploads\/2018\/10\/Radtour18-600x600.jpg"},"large_cropped":{"file":"Radtour18-1200x720.jpg","width":1200,"height":720,"mime-type":"image\/jpeg","source_url":"https:\/\/www.k-m.de\/brand\/wp-content\/uploads\/2018\/10\/Radtour18-1200x720.jpg"},"very_large_cropped":{"file":"Radtour18-1800x900.jpg","width":1800,"height":900,"mime-type":"image\/jpeg","source_url":"https:\/\/www.k-m.de\/brand\/wp-content\/uploads\/2018\/10\/Radtour18-1800x900.jpg"},"landingpage_thumb":{"file":"Radtour18-486x300.jpg","width":486,"height":300,"mime-type":"image\/jpeg","source_url":"https:\/\/www.k-m.de\/brand\/wp-content\/uploads\/2018\/10\/Radtour18-486x300.jpg"},"medium_old_300x185":{"file":"Radtour18-300x185.jpg","width":300,"height":185,"mime-type":"image\/jpeg","source_url":"https:\/\/www.k-m.de\/brand\/wp-content\/uploads\/2018\/10\/Radtour18-300x185.jpg"},"thumbnail_old_150x150":{"file":"Radtour18-150x150.jpg","width":150,"height":150,"mime-type":"image\/jpeg","source_url":"https:\/\/www.k-m.de\/brand\/wp-content\/uploads\/2018\/10\/Radtour18-150x150.jpg"}},"image_meta":{"aperture":"0","credit":"","camera":"","caption":"","created_timestamp":"0","copyright":"","focal_length":"0","iso":"0","shutter_speed":"0","title":"","orientation":"0","keywords":[]}},"post":null,"source_url":"https:\/\/www.k-m.de\/brand\/wp-content\/uploads\/2018\/10\/Radtour18.jpg"},"post_meta_fields":{"_vc_post_settings":["a:1:{s:10:\"vc_grid_id\";a:0:{}}"],"_wpml_media_featured":["1"],"_wpml_media_duplicate":["1"],"_edit_last":["9"],"_aioseop_description":["Jubil\u00e4umstour- bereits das 15. Mal begaben sich die K&M'ler auf die j\u00e4hrliche gemeinsame Radtour"],"_thumbnail_id":["6493"],"post_views_count":["411"],"ratings_users":["0"],"ratings_score":["0"],"ratings_average":["0"],"_aioseop_title":["K&M Pedalisten auf Tour"],"_aioseop_keywords":["K&M Mitarbeiter, K&M Firma, Wertheim Ausflug, Radtour Wertheim, K\u00f6nig & Meyer Betriebsausflug"],"_edit_lock":["1566491669:2"],"_post_dealeronly":[""],"_wpml_word_count":["176"]},"yoast_head":"<!-- This site is optimized with the Yoast SEO Premium plugin v26.8 (Yoast SEO v27.4) - https:\/\/yoast.com\/product\/yoast-seo-premium-wordpress\/ -->\n<title>K&amp;M Pedalisten auf Tour - K\u00f6nig &amp; Meyer<\/title>\n<meta name=\"robots\" content=\"index, follow, max-snippet:-1, max-image-preview:large, max-video-preview:-1\" \/>\n<link rel=\"canonical\" href=\"https:\/\/www.k-m.de\/brand\/de\/km-pedalisten-auf-tour\/\" \/>\n<meta property=\"og:locale\" content=\"de_DE\" \/>\n<meta property=\"og:type\" content=\"article\" \/>\n<meta property=\"og:title\" content=\"K&amp;M Pedalisten auf Tour\" \/>\n<meta property=\"og:description\" content=\"17 sportliche K&amp;M&#8217;ler starteten am 21.09.2018 zur allj\u00e4hrlichen Fahrradtour des Unternehmens &#8211; welche dieses Jahr bereits zum 15. Mal stattfand.Mehr erfahren\" \/>\n<meta property=\"og:url\" content=\"https:\/\/www.k-m.de\/brand\/de\/km-pedalisten-auf-tour\/\" \/>\n<meta property=\"og:site_name\" content=\"K\u00f6nig &amp; Meyer\" \/>\n<meta property=\"article:published_time\" content=\"2018-10-12T09:40:13+00:00\" \/>\n<meta property=\"article:modified_time\" content=\"2021-03-24T08:44:16+00:00\" \/>\n<meta property=\"og:image\" content=\"https:\/\/www.k-m.de\/brand\/wp-content\/uploads\/2018\/10\/Radtour18.jpg\" \/>\n\t<meta property=\"og:image:width\" content=\"680\" \/>\n\t<meta property=\"og:image:height\" content=\"420\" \/>\n\t<meta property=\"og:image:type\" content=\"image\/jpeg\" \/>\n<meta name=\"author\" content=\"Jochen Erbacher\" \/>\n<meta name=\"twitter:card\" content=\"summary_large_image\" \/>\n<meta name=\"twitter:label1\" content=\"Verfasst von\" \/>\n\t<meta name=\"twitter:data1\" content=\"Jochen Erbacher\" \/>\n\t<meta name=\"twitter:label2\" content=\"Gesch\u00e4tzte Lesezeit\" \/>\n\t<meta name=\"twitter:data2\" content=\"1\u00a0Minute\" \/>\n<script type=\"application\/ld+json\" class=\"yoast-schema-graph\">{\"@context\":\"https:\\\/\\\/schema.org\",\"@graph\":[{\"@type\":\"Article\",\"@id\":\"https:\\\/\\\/www.k-m.de\\\/brand\\\/de\\\/km-pedalisten-auf-tour\\\/#article\",\"isPartOf\":{\"@id\":\"https:\\\/\\\/www.k-m.de\\\/brand\\\/de\\\/km-pedalisten-auf-tour\\\/\"},\"author\":{\"name\":\"Jochen Erbacher\",\"@id\":\"https:\\\/\\\/www.k-m.de\\\/brand\\\/de\\\/#\\\/schema\\\/person\\\/757049d99d124ef3c0ce893688780209\"},\"headline\":\"K&#038;M Pedalisten auf Tour\",\"datePublished\":\"2018-10-12T09:40:13+00:00\",\"dateModified\":\"2021-03-24T08:44:16+00:00\",\"mainEntityOfPage\":{\"@id\":\"https:\\\/\\\/www.k-m.de\\\/brand\\\/de\\\/km-pedalisten-auf-tour\\\/\"},\"wordCount\":164,\"commentCount\":0,\"publisher\":{\"@id\":\"https:\\\/\\\/www.k-m.de\\\/brand\\\/de\\\/#organization\"},\"image\":{\"@id\":\"https:\\\/\\\/www.k-m.de\\\/brand\\\/de\\\/km-pedalisten-auf-tour\\\/#primaryimage\"},\"thumbnailUrl\":\"https:\\\/\\\/www.k-m.de\\\/brand\\\/wp-content\\\/uploads\\\/2018\\\/10\\\/Radtour18.jpg\",\"keywords\":[\"K&amp;M Firma\",\"K&amp;M Mitarbeiter\",\"K\u00f6nig &amp; Meyer Betriebsausflug\",\"Radtour Wertheim\",\"Wertheim Ausflug\"],\"articleSection\":[\"Greetings from Wertheim\"],\"inLanguage\":\"de\",\"potentialAction\":[{\"@type\":\"CommentAction\",\"name\":\"Comment\",\"target\":[\"https:\\\/\\\/www.k-m.de\\\/brand\\\/de\\\/km-pedalisten-auf-tour\\\/#respond\"]}]},{\"@type\":\"WebPage\",\"@id\":\"https:\\\/\\\/www.k-m.de\\\/brand\\\/de\\\/km-pedalisten-auf-tour\\\/\",\"url\":\"https:\\\/\\\/www.k-m.de\\\/brand\\\/de\\\/km-pedalisten-auf-tour\\\/\",\"name\":\"K&M Pedalisten auf Tour - K\u00f6nig &amp; Meyer\",\"isPartOf\":{\"@id\":\"https:\\\/\\\/www.k-m.de\\\/brand\\\/de\\\/#website\"},\"primaryImageOfPage\":{\"@id\":\"https:\\\/\\\/www.k-m.de\\\/brand\\\/de\\\/km-pedalisten-auf-tour\\\/#primaryimage\"},\"image\":{\"@id\":\"https:\\\/\\\/www.k-m.de\\\/brand\\\/de\\\/km-pedalisten-auf-tour\\\/#primaryimage\"},\"thumbnailUrl\":\"https:\\\/\\\/www.k-m.de\\\/brand\\\/wp-content\\\/uploads\\\/2018\\\/10\\\/Radtour18.jpg\",\"datePublished\":\"2018-10-12T09:40:13+00:00\",\"dateModified\":\"2021-03-24T08:44:16+00:00\",\"breadcrumb\":{\"@id\":\"https:\\\/\\\/www.k-m.de\\\/brand\\\/de\\\/km-pedalisten-auf-tour\\\/#breadcrumb\"},\"inLanguage\":\"de\",\"potentialAction\":[{\"@type\":\"ReadAction\",\"target\":[\"https:\\\/\\\/www.k-m.de\\\/brand\\\/de\\\/km-pedalisten-auf-tour\\\/\"]}]},{\"@type\":\"ImageObject\",\"inLanguage\":\"de\",\"@id\":\"https:\\\/\\\/www.k-m.de\\\/brand\\\/de\\\/km-pedalisten-auf-tour\\\/#primaryimage\",\"url\":\"https:\\\/\\\/www.k-m.de\\\/brand\\\/wp-content\\\/uploads\\\/2018\\\/10\\\/Radtour18.jpg\",\"contentUrl\":\"https:\\\/\\\/www.k-m.de\\\/brand\\\/wp-content\\\/uploads\\\/2018\\\/10\\\/Radtour18.jpg\",\"width\":680,\"height\":420,\"caption\":\"Aufgereiht: K&M Radfahrer I Gruppenfoto\"},{\"@type\":\"BreadcrumbList\",\"@id\":\"https:\\\/\\\/www.k-m.de\\\/brand\\\/de\\\/km-pedalisten-auf-tour\\\/#breadcrumb\",\"itemListElement\":[{\"@type\":\"ListItem\",\"position\":1,\"name\":\"Startseite\",\"item\":\"https:\\\/\\\/www.k-m.de\\\/brand\\\/de\\\/\"},{\"@type\":\"ListItem\",\"position\":2,\"name\":\"K&#038;M Pedalisten auf Tour\"}]},{\"@type\":\"WebSite\",\"@id\":\"https:\\\/\\\/www.k-m.de\\\/brand\\\/de\\\/#website\",\"url\":\"https:\\\/\\\/www.k-m.de\\\/brand\\\/de\\\/\",\"name\":\"K\u00f6nig & Meyer\",\"description\":\"K\u00f6nig &amp; Meyer ist ein weltweit f\u00fchrender Hersteller f\u00fcr Musikzubeh\u00f6r. Seit \u00fcber 65 Jahren steht K&amp;M f\u00fcr qualitativ hochwertige Produkte.\",\"publisher\":{\"@id\":\"https:\\\/\\\/www.k-m.de\\\/brand\\\/de\\\/#organization\"},\"potentialAction\":[{\"@type\":\"SearchAction\",\"target\":{\"@type\":\"EntryPoint\",\"urlTemplate\":\"https:\\\/\\\/www.k-m.de\\\/brand\\\/de\\\/?s={search_term_string}\"},\"query-input\":{\"@type\":\"PropertyValueSpecification\",\"valueRequired\":true,\"valueName\":\"search_term_string\"}}],\"inLanguage\":\"de\"},{\"@type\":\"Organization\",\"@id\":\"https:\\\/\\\/www.k-m.de\\\/brand\\\/de\\\/#organization\",\"name\":\"K\u00f6nig & Meyer\",\"url\":\"https:\\\/\\\/www.k-m.de\\\/brand\\\/de\\\/\",\"logo\":{\"@type\":\"ImageObject\",\"inLanguage\":\"de\",\"@id\":\"https:\\\/\\\/www.k-m.de\\\/brand\\\/de\\\/#\\\/schema\\\/logo\\\/image\\\/\",\"url\":\"https:\\\/\\\/www.k-m.de\\\/brand\\\/wp-content\\\/uploads\\\/2023\\\/01\\\/KM_1c.tif\",\"contentUrl\":\"https:\\\/\\\/www.k-m.de\\\/brand\\\/wp-content\\\/uploads\\\/2023\\\/01\\\/KM_1c.tif\",\"width\":1,\"height\":1,\"caption\":\"K\u00f6nig & Meyer\"},\"image\":{\"@id\":\"https:\\\/\\\/www.k-m.de\\\/brand\\\/de\\\/#\\\/schema\\\/logo\\\/image\\\/\"}},{\"@type\":\"Person\",\"@id\":\"https:\\\/\\\/www.k-m.de\\\/brand\\\/de\\\/#\\\/schema\\\/person\\\/757049d99d124ef3c0ce893688780209\",\"name\":\"Jochen Erbacher\",\"url\":\"https:\\\/\\\/www.k-m.de\\\/brand\\\/de\\\/author\\\/jochen-erbacher\\\/\"}]}<\/script>\n<!-- \/ Yoast SEO Premium plugin. -->","yoast_head_json":{"title":"K&M Pedalisten auf Tour - K\u00f6nig &amp; Meyer","robots":{"index":"index","follow":"follow","max-snippet":"max-snippet:-1","max-image-preview":"max-image-preview:large","max-video-preview":"max-video-preview:-1"},"canonical":"https:\/\/www.k-m.de\/brand\/de\/km-pedalisten-auf-tour\/","og_locale":"de_DE","og_type":"article","og_title":"K&M Pedalisten auf Tour","og_description":"17 sportliche K&amp;M&#8217;ler starteten am 21.09.2018 zur allj\u00e4hrlichen Fahrradtour des Unternehmens &#8211; welche dieses Jahr bereits zum 15. Mal stattfand.Mehr erfahren","og_url":"https:\/\/www.k-m.de\/brand\/de\/km-pedalisten-auf-tour\/","og_site_name":"K\u00f6nig &amp; Meyer","article_published_time":"2018-10-12T09:40:13+00:00","article_modified_time":"2021-03-24T08:44:16+00:00","og_image":[{"width":680,"height":420,"url":"https:\/\/www.k-m.de\/brand\/wp-content\/uploads\/2018\/10\/Radtour18.jpg","type":"image\/jpeg"}],"author":"Jochen Erbacher","twitter_card":"summary_large_image","twitter_misc":{"Verfasst von":"Jochen Erbacher","Gesch\u00e4tzte Lesezeit":"1\u00a0Minute"},"schema":{"@context":"https:\/\/schema.org","@graph":[{"@type":"Article","@id":"https:\/\/www.k-m.de\/brand\/de\/km-pedalisten-auf-tour\/#article","isPartOf":{"@id":"https:\/\/www.k-m.de\/brand\/de\/km-pedalisten-auf-tour\/"},"author":{"name":"Jochen Erbacher","@id":"https:\/\/www.k-m.de\/brand\/de\/#\/schema\/person\/757049d99d124ef3c0ce893688780209"},"headline":"K&#038;M Pedalisten auf Tour","datePublished":"2018-10-12T09:40:13+00:00","dateModified":"2021-03-24T08:44:16+00:00","mainEntityOfPage":{"@id":"https:\/\/www.k-m.de\/brand\/de\/km-pedalisten-auf-tour\/"},"wordCount":164,"commentCount":0,"publisher":{"@id":"https:\/\/www.k-m.de\/brand\/de\/#organization"},"image":{"@id":"https:\/\/www.k-m.de\/brand\/de\/km-pedalisten-auf-tour\/#primaryimage"},"thumbnailUrl":"https:\/\/www.k-m.de\/brand\/wp-content\/uploads\/2018\/10\/Radtour18.jpg","keywords":["K&amp;M Firma","K&amp;M Mitarbeiter","K\u00f6nig &amp; Meyer Betriebsausflug","Radtour Wertheim","Wertheim Ausflug"],"articleSection":["Greetings from Wertheim"],"inLanguage":"de","potentialAction":[{"@type":"CommentAction","name":"Comment","target":["https:\/\/www.k-m.de\/brand\/de\/km-pedalisten-auf-tour\/#respond"]}]},{"@type":"WebPage","@id":"https:\/\/www.k-m.de\/brand\/de\/km-pedalisten-auf-tour\/","url":"https:\/\/www.k-m.de\/brand\/de\/km-pedalisten-auf-tour\/","name":"K&M Pedalisten auf Tour - K\u00f6nig &amp; Meyer","isPartOf":{"@id":"https:\/\/www.k-m.de\/brand\/de\/#website"},"primaryImageOfPage":{"@id":"https:\/\/www.k-m.de\/brand\/de\/km-pedalisten-auf-tour\/#primaryimage"},"image":{"@id":"https:\/\/www.k-m.de\/brand\/de\/km-pedalisten-auf-tour\/#primaryimage"},"thumbnailUrl":"https:\/\/www.k-m.de\/brand\/wp-content\/uploads\/2018\/10\/Radtour18.jpg","datePublished":"2018-10-12T09:40:13+00:00","dateModified":"2021-03-24T08:44:16+00:00","breadcrumb":{"@id":"https:\/\/www.k-m.de\/brand\/de\/km-pedalisten-auf-tour\/#breadcrumb"},"inLanguage":"de","potentialAction":[{"@type":"ReadAction","target":["https:\/\/www.k-m.de\/brand\/de\/km-pedalisten-auf-tour\/"]}]},{"@type":"ImageObject","inLanguage":"de","@id":"https:\/\/www.k-m.de\/brand\/de\/km-pedalisten-auf-tour\/#primaryimage","url":"https:\/\/www.k-m.de\/brand\/wp-content\/uploads\/2018\/10\/Radtour18.jpg","contentUrl":"https:\/\/www.k-m.de\/brand\/wp-content\/uploads\/2018\/10\/Radtour18.jpg","width":680,"height":420,"caption":"Aufgereiht: K&M Radfahrer I Gruppenfoto"},{"@type":"BreadcrumbList","@id":"https:\/\/www.k-m.de\/brand\/de\/km-pedalisten-auf-tour\/#breadcrumb","itemListElement":[{"@type":"ListItem","position":1,"name":"Startseite","item":"https:\/\/www.k-m.de\/brand\/de\/"},{"@type":"ListItem","position":2,"name":"K&#038;M Pedalisten auf Tour"}]},{"@type":"WebSite","@id":"https:\/\/www.k-m.de\/brand\/de\/#website","url":"https:\/\/www.k-m.de\/brand\/de\/","name":"K\u00f6nig & Meyer","description":"K\u00f6nig &amp; Meyer ist ein weltweit f\u00fchrender Hersteller f\u00fcr Musikzubeh\u00f6r. Seit \u00fcber 65 Jahren steht K&amp;M f\u00fcr qualitativ hochwertige Produkte.","publisher":{"@id":"https:\/\/www.k-m.de\/brand\/de\/#organization"},"potentialAction":[{"@type":"SearchAction","target":{"@type":"EntryPoint","urlTemplate":"https:\/\/www.k-m.de\/brand\/de\/?s={search_term_string}"},"query-input":{"@type":"PropertyValueSpecification","valueRequired":true,"valueName":"search_term_string"}}],"inLanguage":"de"},{"@type":"Organization","@id":"https:\/\/www.k-m.de\/brand\/de\/#organization","name":"K\u00f6nig & Meyer","url":"https:\/\/www.k-m.de\/brand\/de\/","logo":{"@type":"ImageObject","inLanguage":"de","@id":"https:\/\/www.k-m.de\/brand\/de\/#\/schema\/logo\/image\/","url":"https:\/\/www.k-m.de\/brand\/wp-content\/uploads\/2023\/01\/KM_1c.tif","contentUrl":"https:\/\/www.k-m.de\/brand\/wp-content\/uploads\/2023\/01\/KM_1c.tif","width":1,"height":1,"caption":"K\u00f6nig & Meyer"},"image":{"@id":"https:\/\/www.k-m.de\/brand\/de\/#\/schema\/logo\/image\/"}},{"@type":"Person","@id":"https:\/\/www.k-m.de\/brand\/de\/#\/schema\/person\/757049d99d124ef3c0ce893688780209","name":"Jochen Erbacher","url":"https:\/\/www.k-m.de\/brand\/de\/author\/jochen-erbacher\/"}]}},"_links":{"self":[{"href":"https:\/\/www.k-m.de\/brand\/de\/wp-json\/wp\/v2\/posts\/6490","targetHints":{"allow":["GET"]}}],"collection":[{"href":"https:\/\/www.k-m.de\/brand\/de\/wp-json\/wp\/v2\/posts"}],"about":[{"href":"https:\/\/www.k-m.de\/brand\/de\/wp-json\/wp\/v2\/types\/post"}],"author":[{"embeddable":true,"href":"https:\/\/www.k-m.de\/brand\/de\/wp-json\/wp\/v2\/users\/8"}],"replies":[{"embeddable":true,"href":"https:\/\/www.k-m.de\/brand\/de\/wp-json\/wp\/v2\/comments?post=6490"}],"version-history":[{"count":1,"href":"https:\/\/www.k-m.de\/brand\/de\/wp-json\/wp\/v2\/posts\/6490\/revisions"}],"predecessor-version":[{"id":15664,"href":"https:\/\/www.k-m.de\/brand\/de\/wp-json\/wp\/v2\/posts\/6490\/revisions\/15664"}],"wp:featuredmedia":[{"embeddable":true,"href":"https:\/\/www.k-m.de\/brand\/de\/wp-json\/wp\/v2\/media\/6493"}],"wp:attachment":[{"href":"https:\/\/www.k-m.de\/brand\/de\/wp-json\/wp\/v2\/media?parent=6490"}],"wp:term":[{"taxonomy":"category","embeddable":true,"href":"https:\/\/www.k-m.de\/brand\/de\/wp-json\/wp\/v2\/categories?post=6490"},{"taxonomy":"post_tag","embeddable":true,"href":"https:\/\/www.k-m.de\/brand\/de\/wp-json\/wp\/v2\/tags?post=6490"}],"curies":[{"name":"wp","href":"https:\/\/api.w.org\/{rel}","templated":true}]}}