{"id":6550,"date":"2018-03-06T00:00:00","date_gmt":"2018-03-05T23:00:00","guid":{"rendered":"https:\/\/www.k-m.de\/brand\/besuchen-sie-uns-auf-der-musikmesse-prolight-sound-2018\/"},"modified":"2021-03-24T09:44:17","modified_gmt":"2021-03-24T08:44:17","slug":"besuchen-sie-uns-auf-der-musikmesse-prolight-sound-2018","status":"publish","type":"post","link":"https:\/\/www.k-m.de\/brand\/de\/besuchen-sie-uns-auf-der-musikmesse-prolight-sound-2018\/","title":{"rendered":"Besuchen Sie uns auf der Musikmesse \/ Prolight &#038; Sound 2018"},"content":{"rendered":"<p>Es ist soweit: Die Veranstaltungsindustrie trifft sich vom 10.-14. April wieder zum allj\u00e4hrlichen Branchenevent in Frankfurt am Main. Auch in diesem Jahr zeigen wir von K\u00f6nig &amp; Meyer Ihnen, dass uns die Ideen nicht ausgehen. So stellen wir Ihnen aus all unseren Produktkategorien neue und innovative Stative und Zubeh\u00f6rprodukte vor. Neben einer neuen Serie an Tablet-PC-Halterungen pr\u00e4sentieren wir formsch\u00f6ne Monitorst\u00e4nder und Kopfh\u00f6rerhalter, neue Mikrofonstative und \u2013angeln, au\u00dferdem haben wir unser Orchester- und Notenpultprogramm erg\u00e4nzt. Fragen Sie unbedingt auch nach \u201eCarlos\u201c.<\/p>\n<p>Volle f\u00fcnf Tage, vom 10. bis 14. April, sind wir f\u00fcr Sie auf dem Messegel\u00e4nde in Frankfurt vertreten und freuen uns auf ein Wiedersehen, auf neue Begegnungen und viele interessante Gespr\u00e4che.<\/p>\n<p>\u2192\u00a0<b>Halle 8.0 Stand E50<\/b>\u00a0auf der Musikmesse:<br \/>\nMittwoch, 11. April &#8211; Samstag 14. April<br \/>\n\u2192\u00a0<b>Halle 3.1 Stand B70<\/b> auf der Prolight &amp; Sound:<br \/>\nDienstag, 10. April &#8211; Freitag 13. April<br \/>\n<a href=\"https:\/\/map.messefrankfurt.com\/de\/MUSIKMESSE\/2018\/8\/8.0\/E50\" target=\"_blank\" rel=\"noopener\">Musikmesse: Halle 8.0 Stand E50<\/a><br \/>\n\u00d6ffnungszeiten: Mittwoch, 11. April bis Samstag 14. April, jeweils von 10-18 Uhr<\/p>\n<p><a href=\"https:\/\/map.messefrankfurt.com\/en\/PROLIGHTSOUND\/2018\/3\/3.1\/B70\" target=\"_blank\" rel=\"noopener\">Prolight &amp; Sound: Halle 3.1 Stand B70<\/a><br \/>\n\u00d6ffnungszeiten: Dienstag, 10. April bis Freitag 13. April, jeweils von 10-18 Uhr<\/p>\n<h3><\/h3>\n<h3><b>Musik Highlight mit Endorsement-Partner Staubkind<\/b><\/h3>\n<p>Am Samstag, den 14. April bekommen wir Besuch von <a href=\"https:\/\/www.k-m.de\/de\/bandsundkuenstler\/staubkind.html\" target=\"_blank\" rel=\"noopener\">Staubkind<\/a> aus Berlin. Louis Manke wird ab 14 Uhr zu einem exklusiven Vorab-Akustik-Set vorbeischauen und hat auch die neue Single \u201eDeine Zeit\u201c im Gep\u00e4ck. Eine tolle Gelegenheit, sich auf das kommende Album \u201eHinter meinen Tr\u00e4umen\u201c, das am 20. April 2018 erscheinen wird, sowie die zugeh\u00f6rige Tour einzustimmen. Anschlie\u00dfend kann man noch ein Autogramm \u201eabstauben\u201c, denn Louis nimmt sich nat\u00fcrlich noch Zeit f\u00fcr seine Fans.<\/p>\n","protected":false},"excerpt":{"rendered":"<p>Es ist soweit: Die Veranstaltungsindustrie trifft sich vom 10.-14. April wieder zum allj\u00e4hrlichen Branchenevent in Frankfurt am Main. Auch in<span class=\"read_more\">Mehr erfahren<\/span><\/p>\n","protected":false},"author":11,"featured_media":6551,"comment_status":"open","ping_status":"open","sticky":false,"template":"","format":"standard","meta":{"footnotes":""},"categories":[957,958],"tags":[510,225,178,959],"class_list":["post-6550","post","type-post","status-publish","format-standard","has-post-thumbnail","hentry","category-firmennews","category-messenews","tag-messe-frankfurt","tag-musikmesse-en","tag-musikmesse-frankfurt","tag-prolight-sound"],"better_featured_image":{"id":6551,"alt_text":"Einladung zur Messe I Abbildung von K&M Kopfh\u00f6rerhalter, Stativ und Boxenhalter","caption":"","description":"","media_type":"image","media_details":{"width":456,"height":900,"file":"news\/pls_news.jpg","sizes":{"medium":{"file":"pls_news-304x600.jpg","width":304,"height":600,"mime-type":"image\/jpeg","source_url":"https:\/\/www.k-m.de\/brand\/wp-content\/uploads\/news\/pls_news-304x600.jpg"},"profile_24":{"file":"pls_news-24x24.jpg","width":24,"height":24,"mime-type":"image\/jpeg","source_url":"https:\/\/www.k-m.de\/brand\/wp-content\/uploads\/news\/pls_news-24x24.jpg"},"profile_48":{"file":"pls_news-48x48.jpg","width":48,"height":48,"mime-type":"image\/jpeg","source_url":"https:\/\/www.k-m.de\/brand\/wp-content\/uploads\/news\/pls_news-48x48.jpg"},"profile_96":{"file":"pls_news-96x96.jpg","width":96,"height":96,"mime-type":"image\/jpeg","source_url":"https:\/\/www.k-m.de\/brand\/wp-content\/uploads\/news\/pls_news-96x96.jpg"},"thumbnail":{"file":"pls_news-800x480.jpg","width":800,"height":480,"mime-type":"image\/jpeg","source_url":"https:\/\/www.k-m.de\/brand\/wp-content\/uploads\/news\/pls_news-800x480.jpg"},"post-thumbnail":{"file":"pls_news-800x480.jpg","width":800,"height":480,"mime-type":"image\/jpeg","source_url":"https:\/\/www.k-m.de\/brand\/wp-content\/uploads\/news\/pls_news-800x480.jpg"},"medium_cropped":{"file":"pls_news-600x600.jpg","width":600,"height":600,"mime-type":"image\/jpeg","source_url":"https:\/\/www.k-m.de\/brand\/wp-content\/uploads\/news\/pls_news-600x600.jpg"},"large_cropped":{"file":"pls_news-1200x720.jpg","width":1200,"height":720,"mime-type":"image\/jpeg","source_url":"https:\/\/www.k-m.de\/brand\/wp-content\/uploads\/news\/pls_news-1200x720.jpg"},"very_large_cropped":{"file":"pls_news-1800x900.jpg","width":1800,"height":900,"mime-type":"image\/jpeg","source_url":"https:\/\/www.k-m.de\/brand\/wp-content\/uploads\/news\/pls_news-1800x900.jpg"},"landingpage_thumb":{"file":"pls_news-152x300.jpg","width":152,"height":300,"mime-type":"image\/jpeg","source_url":"https:\/\/www.k-m.de\/brand\/wp-content\/uploads\/news\/pls_news-152x300.jpg"},"medium_old_152x300":{"file":"pls_news-152x300.jpg","width":152,"height":300,"mime-type":"image\/jpeg","source_url":"https:\/\/www.k-m.de\/brand\/wp-content\/uploads\/news\/pls_news-152x300.jpg"},"thumbnail_old_150x150":{"file":"pls_news-150x150.jpg","width":150,"height":150,"mime-type":"image\/jpeg","source_url":"https:\/\/www.k-m.de\/brand\/wp-content\/uploads\/news\/pls_news-150x150.jpg"}},"image_meta":{"aperture":"0","credit":"","camera":"","caption":"","created_timestamp":"0","copyright":"","focal_length":"0","iso":"0","shutter_speed":"0","title":"","orientation":"0","keywords":[]}},"post":6550,"source_url":"https:\/\/www.k-m.de\/brand\/wp-content\/uploads\/news\/pls_news.jpg"},"post_meta_fields":{"_vc_post_settings":["a:1:{s:10:\"vc_grid_id\";a:0:{}}"],"_wpml_media_featured":["1"],"_wpml_media_duplicate":["1"],"_thumbnail_id":["6551"],"_edit_last":["2"],"_edit_lock":["1551632042:9"],"_wpb_vc_js_status":["false"],"_post_dealeronly":[""]},"yoast_head":"<!-- This site is optimized with the Yoast SEO Premium plugin v26.8 (Yoast SEO v27.4) - https:\/\/yoast.com\/product\/yoast-seo-premium-wordpress\/ -->\n<title>Besuchen Sie uns auf der Musikmesse \/ Prolight &amp; Sound 2018 - K\u00f6nig &amp; Meyer<\/title>\n<meta name=\"robots\" content=\"index, follow, max-snippet:-1, max-image-preview:large, max-video-preview:-1\" \/>\n<link rel=\"canonical\" href=\"https:\/\/www.k-m.de\/brand\/de\/besuchen-sie-uns-auf-der-musikmesse-prolight-sound-2018\/\" \/>\n<meta property=\"og:locale\" content=\"de_DE\" \/>\n<meta property=\"og:type\" content=\"article\" \/>\n<meta property=\"og:title\" content=\"Besuchen Sie uns auf der Musikmesse \/ Prolight &amp; Sound 2018\" \/>\n<meta property=\"og:description\" content=\"Es ist soweit: Die Veranstaltungsindustrie trifft sich vom 10.-14. April wieder zum allj\u00e4hrlichen Branchenevent in Frankfurt am Main. Auch inMehr erfahren\" \/>\n<meta property=\"og:url\" content=\"https:\/\/www.k-m.de\/brand\/de\/besuchen-sie-uns-auf-der-musikmesse-prolight-sound-2018\/\" \/>\n<meta property=\"og:site_name\" content=\"K\u00f6nig &amp; Meyer\" \/>\n<meta property=\"article:published_time\" content=\"2018-03-05T23:00:00+00:00\" \/>\n<meta property=\"article:modified_time\" content=\"2021-03-24T08:44:17+00:00\" \/>\n<meta property=\"og:image\" content=\"https:\/\/www.k-m.de\/brand\/wp-content\/uploads\/news\/pls_news.jpg\" \/>\n\t<meta property=\"og:image:width\" content=\"456\" \/>\n\t<meta property=\"og:image:height\" content=\"900\" \/>\n\t<meta property=\"og:image:type\" content=\"image\/jpeg\" \/>\n<meta name=\"author\" content=\"GabrielaKoenig\" \/>\n<meta name=\"twitter:card\" content=\"summary_large_image\" \/>\n<meta name=\"twitter:label1\" content=\"Verfasst von\" \/>\n\t<meta name=\"twitter:data1\" content=\"GabrielaKoenig\" \/>\n\t<meta name=\"twitter:label2\" content=\"Gesch\u00e4tzte Lesezeit\" \/>\n\t<meta name=\"twitter:data2\" content=\"1\u00a0Minute\" \/>\n<script type=\"application\/ld+json\" class=\"yoast-schema-graph\">{\"@context\":\"https:\\\/\\\/schema.org\",\"@graph\":[{\"@type\":\"Article\",\"@id\":\"https:\\\/\\\/www.k-m.de\\\/brand\\\/de\\\/besuchen-sie-uns-auf-der-musikmesse-prolight-sound-2018\\\/#article\",\"isPartOf\":{\"@id\":\"https:\\\/\\\/www.k-m.de\\\/brand\\\/de\\\/besuchen-sie-uns-auf-der-musikmesse-prolight-sound-2018\\\/\"},\"author\":{\"name\":\"GabrielaKoenig\",\"@id\":\"https:\\\/\\\/www.k-m.de\\\/brand\\\/de\\\/#\\\/schema\\\/person\\\/3ff4ea52479c68168f700a9de51034c6\"},\"headline\":\"Besuchen Sie uns auf der Musikmesse \\\/ Prolight &#038; Sound 2018\",\"datePublished\":\"2018-03-05T23:00:00+00:00\",\"dateModified\":\"2021-03-24T08:44:17+00:00\",\"mainEntityOfPage\":{\"@id\":\"https:\\\/\\\/www.k-m.de\\\/brand\\\/de\\\/besuchen-sie-uns-auf-der-musikmesse-prolight-sound-2018\\\/\"},\"wordCount\":264,\"commentCount\":0,\"publisher\":{\"@id\":\"https:\\\/\\\/www.k-m.de\\\/brand\\\/de\\\/#organization\"},\"image\":{\"@id\":\"https:\\\/\\\/www.k-m.de\\\/brand\\\/de\\\/besuchen-sie-uns-auf-der-musikmesse-prolight-sound-2018\\\/#primaryimage\"},\"thumbnailUrl\":\"https:\\\/\\\/www.k-m.de\\\/brand\\\/wp-content\\\/uploads\\\/news\\\/pls_news.jpg\",\"keywords\":[\"Messe Frankfurt\",\"Musikmesse\",\"Musikmesse Frankfurt\",\"Prolight &amp; Sound\"],\"articleSection\":[\"Firmennews\",\"Messe-News\"],\"inLanguage\":\"de\",\"potentialAction\":[{\"@type\":\"CommentAction\",\"name\":\"Comment\",\"target\":[\"https:\\\/\\\/www.k-m.de\\\/brand\\\/de\\\/besuchen-sie-uns-auf-der-musikmesse-prolight-sound-2018\\\/#respond\"]}]},{\"@type\":\"WebPage\",\"@id\":\"https:\\\/\\\/www.k-m.de\\\/brand\\\/de\\\/besuchen-sie-uns-auf-der-musikmesse-prolight-sound-2018\\\/\",\"url\":\"https:\\\/\\\/www.k-m.de\\\/brand\\\/de\\\/besuchen-sie-uns-auf-der-musikmesse-prolight-sound-2018\\\/\",\"name\":\"Besuchen Sie uns auf der Musikmesse \\\/ Prolight & Sound 2018 - K\u00f6nig &amp; Meyer\",\"isPartOf\":{\"@id\":\"https:\\\/\\\/www.k-m.de\\\/brand\\\/de\\\/#website\"},\"primaryImageOfPage\":{\"@id\":\"https:\\\/\\\/www.k-m.de\\\/brand\\\/de\\\/besuchen-sie-uns-auf-der-musikmesse-prolight-sound-2018\\\/#primaryimage\"},\"image\":{\"@id\":\"https:\\\/\\\/www.k-m.de\\\/brand\\\/de\\\/besuchen-sie-uns-auf-der-musikmesse-prolight-sound-2018\\\/#primaryimage\"},\"thumbnailUrl\":\"https:\\\/\\\/www.k-m.de\\\/brand\\\/wp-content\\\/uploads\\\/news\\\/pls_news.jpg\",\"datePublished\":\"2018-03-05T23:00:00+00:00\",\"dateModified\":\"2021-03-24T08:44:17+00:00\",\"breadcrumb\":{\"@id\":\"https:\\\/\\\/www.k-m.de\\\/brand\\\/de\\\/besuchen-sie-uns-auf-der-musikmesse-prolight-sound-2018\\\/#breadcrumb\"},\"inLanguage\":\"de\",\"potentialAction\":[{\"@type\":\"ReadAction\",\"target\":[\"https:\\\/\\\/www.k-m.de\\\/brand\\\/de\\\/besuchen-sie-uns-auf-der-musikmesse-prolight-sound-2018\\\/\"]}]},{\"@type\":\"ImageObject\",\"inLanguage\":\"de\",\"@id\":\"https:\\\/\\\/www.k-m.de\\\/brand\\\/de\\\/besuchen-sie-uns-auf-der-musikmesse-prolight-sound-2018\\\/#primaryimage\",\"url\":\"https:\\\/\\\/www.k-m.de\\\/brand\\\/wp-content\\\/uploads\\\/news\\\/pls_news.jpg\",\"contentUrl\":\"https:\\\/\\\/www.k-m.de\\\/brand\\\/wp-content\\\/uploads\\\/news\\\/pls_news.jpg\",\"width\":456,\"height\":900,\"caption\":\"Einladung zur Messe I Abbildung von K&M Kopfh\u00f6rerhalter, Stativ und Boxenhalter\"},{\"@type\":\"BreadcrumbList\",\"@id\":\"https:\\\/\\\/www.k-m.de\\\/brand\\\/de\\\/besuchen-sie-uns-auf-der-musikmesse-prolight-sound-2018\\\/#breadcrumb\",\"itemListElement\":[{\"@type\":\"ListItem\",\"position\":1,\"name\":\"Startseite\",\"item\":\"https:\\\/\\\/www.k-m.de\\\/brand\\\/de\\\/\"},{\"@type\":\"ListItem\",\"position\":2,\"name\":\"Besuchen Sie uns auf der Musikmesse \\\/ Prolight &#038; Sound 2018\"}]},{\"@type\":\"WebSite\",\"@id\":\"https:\\\/\\\/www.k-m.de\\\/brand\\\/de\\\/#website\",\"url\":\"https:\\\/\\\/www.k-m.de\\\/brand\\\/de\\\/\",\"name\":\"K\u00f6nig & Meyer\",\"description\":\"K\u00f6nig &amp; Meyer ist ein weltweit f\u00fchrender Hersteller f\u00fcr Musikzubeh\u00f6r. Seit \u00fcber 65 Jahren steht K&amp;M f\u00fcr qualitativ hochwertige Produkte.\",\"publisher\":{\"@id\":\"https:\\\/\\\/www.k-m.de\\\/brand\\\/de\\\/#organization\"},\"potentialAction\":[{\"@type\":\"SearchAction\",\"target\":{\"@type\":\"EntryPoint\",\"urlTemplate\":\"https:\\\/\\\/www.k-m.de\\\/brand\\\/de\\\/?s={search_term_string}\"},\"query-input\":{\"@type\":\"PropertyValueSpecification\",\"valueRequired\":true,\"valueName\":\"search_term_string\"}}],\"inLanguage\":\"de\"},{\"@type\":\"Organization\",\"@id\":\"https:\\\/\\\/www.k-m.de\\\/brand\\\/de\\\/#organization\",\"name\":\"K\u00f6nig & Meyer\",\"url\":\"https:\\\/\\\/www.k-m.de\\\/brand\\\/de\\\/\",\"logo\":{\"@type\":\"ImageObject\",\"inLanguage\":\"de\",\"@id\":\"https:\\\/\\\/www.k-m.de\\\/brand\\\/de\\\/#\\\/schema\\\/logo\\\/image\\\/\",\"url\":\"https:\\\/\\\/www.k-m.de\\\/brand\\\/wp-content\\\/uploads\\\/2023\\\/01\\\/KM_1c.tif\",\"contentUrl\":\"https:\\\/\\\/www.k-m.de\\\/brand\\\/wp-content\\\/uploads\\\/2023\\\/01\\\/KM_1c.tif\",\"width\":1,\"height\":1,\"caption\":\"K\u00f6nig & Meyer\"},\"image\":{\"@id\":\"https:\\\/\\\/www.k-m.de\\\/brand\\\/de\\\/#\\\/schema\\\/logo\\\/image\\\/\"}},{\"@type\":\"Person\",\"@id\":\"https:\\\/\\\/www.k-m.de\\\/brand\\\/de\\\/#\\\/schema\\\/person\\\/3ff4ea52479c68168f700a9de51034c6\",\"name\":\"GabrielaKoenig\",\"description\":\"CEO\",\"url\":\"https:\\\/\\\/www.k-m.de\\\/brand\\\/de\\\/author\\\/gabrielakoenig\\\/\"}]}<\/script>\n<!-- \/ Yoast SEO Premium plugin. -->","yoast_head_json":{"title":"Besuchen Sie uns auf der Musikmesse \/ Prolight & Sound 2018 - K\u00f6nig &amp; Meyer","robots":{"index":"index","follow":"follow","max-snippet":"max-snippet:-1","max-image-preview":"max-image-preview:large","max-video-preview":"max-video-preview:-1"},"canonical":"https:\/\/www.k-m.de\/brand\/de\/besuchen-sie-uns-auf-der-musikmesse-prolight-sound-2018\/","og_locale":"de_DE","og_type":"article","og_title":"Besuchen Sie uns auf der Musikmesse \/ Prolight & Sound 2018","og_description":"Es ist soweit: Die Veranstaltungsindustrie trifft sich vom 10.-14. April wieder zum allj\u00e4hrlichen Branchenevent in Frankfurt am Main. Auch inMehr erfahren","og_url":"https:\/\/www.k-m.de\/brand\/de\/besuchen-sie-uns-auf-der-musikmesse-prolight-sound-2018\/","og_site_name":"K\u00f6nig &amp; Meyer","article_published_time":"2018-03-05T23:00:00+00:00","article_modified_time":"2021-03-24T08:44:17+00:00","og_image":[{"width":456,"height":900,"url":"https:\/\/www.k-m.de\/brand\/wp-content\/uploads\/news\/pls_news.jpg","type":"image\/jpeg"}],"author":"GabrielaKoenig","twitter_card":"summary_large_image","twitter_misc":{"Verfasst von":"GabrielaKoenig","Gesch\u00e4tzte Lesezeit":"1\u00a0Minute"},"schema":{"@context":"https:\/\/schema.org","@graph":[{"@type":"Article","@id":"https:\/\/www.k-m.de\/brand\/de\/besuchen-sie-uns-auf-der-musikmesse-prolight-sound-2018\/#article","isPartOf":{"@id":"https:\/\/www.k-m.de\/brand\/de\/besuchen-sie-uns-auf-der-musikmesse-prolight-sound-2018\/"},"author":{"name":"GabrielaKoenig","@id":"https:\/\/www.k-m.de\/brand\/de\/#\/schema\/person\/3ff4ea52479c68168f700a9de51034c6"},"headline":"Besuchen Sie uns auf der Musikmesse \/ Prolight &#038; Sound 2018","datePublished":"2018-03-05T23:00:00+00:00","dateModified":"2021-03-24T08:44:17+00:00","mainEntityOfPage":{"@id":"https:\/\/www.k-m.de\/brand\/de\/besuchen-sie-uns-auf-der-musikmesse-prolight-sound-2018\/"},"wordCount":264,"commentCount":0,"publisher":{"@id":"https:\/\/www.k-m.de\/brand\/de\/#organization"},"image":{"@id":"https:\/\/www.k-m.de\/brand\/de\/besuchen-sie-uns-auf-der-musikmesse-prolight-sound-2018\/#primaryimage"},"thumbnailUrl":"https:\/\/www.k-m.de\/brand\/wp-content\/uploads\/news\/pls_news.jpg","keywords":["Messe Frankfurt","Musikmesse","Musikmesse Frankfurt","Prolight &amp; Sound"],"articleSection":["Firmennews","Messe-News"],"inLanguage":"de","potentialAction":[{"@type":"CommentAction","name":"Comment","target":["https:\/\/www.k-m.de\/brand\/de\/besuchen-sie-uns-auf-der-musikmesse-prolight-sound-2018\/#respond"]}]},{"@type":"WebPage","@id":"https:\/\/www.k-m.de\/brand\/de\/besuchen-sie-uns-auf-der-musikmesse-prolight-sound-2018\/","url":"https:\/\/www.k-m.de\/brand\/de\/besuchen-sie-uns-auf-der-musikmesse-prolight-sound-2018\/","name":"Besuchen Sie uns auf der Musikmesse \/ Prolight & Sound 2018 - K\u00f6nig &amp; Meyer","isPartOf":{"@id":"https:\/\/www.k-m.de\/brand\/de\/#website"},"primaryImageOfPage":{"@id":"https:\/\/www.k-m.de\/brand\/de\/besuchen-sie-uns-auf-der-musikmesse-prolight-sound-2018\/#primaryimage"},"image":{"@id":"https:\/\/www.k-m.de\/brand\/de\/besuchen-sie-uns-auf-der-musikmesse-prolight-sound-2018\/#primaryimage"},"thumbnailUrl":"https:\/\/www.k-m.de\/brand\/wp-content\/uploads\/news\/pls_news.jpg","datePublished":"2018-03-05T23:00:00+00:00","dateModified":"2021-03-24T08:44:17+00:00","breadcrumb":{"@id":"https:\/\/www.k-m.de\/brand\/de\/besuchen-sie-uns-auf-der-musikmesse-prolight-sound-2018\/#breadcrumb"},"inLanguage":"de","potentialAction":[{"@type":"ReadAction","target":["https:\/\/www.k-m.de\/brand\/de\/besuchen-sie-uns-auf-der-musikmesse-prolight-sound-2018\/"]}]},{"@type":"ImageObject","inLanguage":"de","@id":"https:\/\/www.k-m.de\/brand\/de\/besuchen-sie-uns-auf-der-musikmesse-prolight-sound-2018\/#primaryimage","url":"https:\/\/www.k-m.de\/brand\/wp-content\/uploads\/news\/pls_news.jpg","contentUrl":"https:\/\/www.k-m.de\/brand\/wp-content\/uploads\/news\/pls_news.jpg","width":456,"height":900,"caption":"Einladung zur Messe I Abbildung von K&M Kopfh\u00f6rerhalter, Stativ und Boxenhalter"},{"@type":"BreadcrumbList","@id":"https:\/\/www.k-m.de\/brand\/de\/besuchen-sie-uns-auf-der-musikmesse-prolight-sound-2018\/#breadcrumb","itemListElement":[{"@type":"ListItem","position":1,"name":"Startseite","item":"https:\/\/www.k-m.de\/brand\/de\/"},{"@type":"ListItem","position":2,"name":"Besuchen Sie uns auf der Musikmesse \/ Prolight &#038; Sound 2018"}]},{"@type":"WebSite","@id":"https:\/\/www.k-m.de\/brand\/de\/#website","url":"https:\/\/www.k-m.de\/brand\/de\/","name":"K\u00f6nig & Meyer","description":"K\u00f6nig &amp; Meyer ist ein weltweit f\u00fchrender Hersteller f\u00fcr Musikzubeh\u00f6r. Seit \u00fcber 65 Jahren steht K&amp;M f\u00fcr qualitativ hochwertige Produkte.","publisher":{"@id":"https:\/\/www.k-m.de\/brand\/de\/#organization"},"potentialAction":[{"@type":"SearchAction","target":{"@type":"EntryPoint","urlTemplate":"https:\/\/www.k-m.de\/brand\/de\/?s={search_term_string}"},"query-input":{"@type":"PropertyValueSpecification","valueRequired":true,"valueName":"search_term_string"}}],"inLanguage":"de"},{"@type":"Organization","@id":"https:\/\/www.k-m.de\/brand\/de\/#organization","name":"K\u00f6nig & Meyer","url":"https:\/\/www.k-m.de\/brand\/de\/","logo":{"@type":"ImageObject","inLanguage":"de","@id":"https:\/\/www.k-m.de\/brand\/de\/#\/schema\/logo\/image\/","url":"https:\/\/www.k-m.de\/brand\/wp-content\/uploads\/2023\/01\/KM_1c.tif","contentUrl":"https:\/\/www.k-m.de\/brand\/wp-content\/uploads\/2023\/01\/KM_1c.tif","width":1,"height":1,"caption":"K\u00f6nig & Meyer"},"image":{"@id":"https:\/\/www.k-m.de\/brand\/de\/#\/schema\/logo\/image\/"}},{"@type":"Person","@id":"https:\/\/www.k-m.de\/brand\/de\/#\/schema\/person\/3ff4ea52479c68168f700a9de51034c6","name":"GabrielaKoenig","description":"CEO","url":"https:\/\/www.k-m.de\/brand\/de\/author\/gabrielakoenig\/"}]}},"_links":{"self":[{"href":"https:\/\/www.k-m.de\/brand\/de\/wp-json\/wp\/v2\/posts\/6550","targetHints":{"allow":["GET"]}}],"collection":[{"href":"https:\/\/www.k-m.de\/brand\/de\/wp-json\/wp\/v2\/posts"}],"about":[{"href":"https:\/\/www.k-m.de\/brand\/de\/wp-json\/wp\/v2\/types\/post"}],"author":[{"embeddable":true,"href":"https:\/\/www.k-m.de\/brand\/de\/wp-json\/wp\/v2\/users\/11"}],"replies":[{"embeddable":true,"href":"https:\/\/www.k-m.de\/brand\/de\/wp-json\/wp\/v2\/comments?post=6550"}],"version-history":[{"count":2,"href":"https:\/\/www.k-m.de\/brand\/de\/wp-json\/wp\/v2\/posts\/6550\/revisions"}],"predecessor-version":[{"id":8255,"href":"https:\/\/www.k-m.de\/brand\/de\/wp-json\/wp\/v2\/posts\/6550\/revisions\/8255"}],"wp:featuredmedia":[{"embeddable":true,"href":"https:\/\/www.k-m.de\/brand\/de\/wp-json\/wp\/v2\/media\/6551"}],"wp:attachment":[{"href":"https:\/\/www.k-m.de\/brand\/de\/wp-json\/wp\/v2\/media?parent=6550"}],"wp:term":[{"taxonomy":"category","embeddable":true,"href":"https:\/\/www.k-m.de\/brand\/de\/wp-json\/wp\/v2\/categories?post=6550"},{"taxonomy":"post_tag","embeddable":true,"href":"https:\/\/www.k-m.de\/brand\/de\/wp-json\/wp\/v2\/tags?post=6550"}],"curies":[{"name":"wp","href":"https:\/\/api.w.org\/{rel}","templated":true}]}}