{"id":6556,"date":"2017-12-16T00:00:00","date_gmt":"2017-12-15T23:00:00","guid":{"rendered":"https:\/\/www.k-m.de\/brand\/besuchen-sie-uns-auf-der-namm-show-vom-25-28-januar-2018\/"},"modified":"2021-03-24T09:44:17","modified_gmt":"2021-03-24T08:44:17","slug":"besuchen-sie-uns-auf-der-namm-show-vom-25-28-januar-2018","status":"publish","type":"post","link":"https:\/\/www.k-m.de\/brand\/de\/besuchen-sie-uns-auf-der-namm-show-vom-25-28-januar-2018\/","title":{"rendered":"Besuchen Sie uns auf der NAMM Show vom 25. \u2013 28. Januar 2018"},"content":{"rendered":"<p>Das neue Jahr startet mit einer der wichtigsten Veranstaltungen der Musikbranche. Vom 25. \u2013 28. Januar 2018 findet die NAMM Show wie jedes Jahr im kalifornischen Anaheim in den USA statt. Wir von K\u00f6nig &amp; Meyer freuen uns auf Ihren Besuch an unserem <b>Stand 14517 im Anaheim Convention Center North, Level 1 in der neuen Pro Audio Halle<\/b>. Hier pr\u00e4sentiert sich K\u00f6nig &amp; Meyer mit altbew\u00e4hrten Produkten, vielen Neuheiten und den Trends f\u00fcr 2018 im Bereich Musikzubeh\u00f6r.<\/p>\n<p>Die National Association of Music Merchants (NAMM) gibt es bereits seit 1901. Die Organisation und die verschiedenen NAMM Shows bringen jedes Jahr Branchenvertreter, Presse und Musiker aus der ganzen Welt zusammen, die sich \u00fcber die neuesten Produkte, Techniken und Innovationen in der Musikwelt informieren. In Anaheim, Kalifornien pr\u00e4sentieren sich \u00fcber 7,000 Marken und es finden hunderte von Konzerten, Musikveranstaltungen und Seminaren statt. Mehr Infos unter: <a href=\"http:\/\/www.namm.org\" target=\"_blank\" rel=\"noopener\">www.namm.org<\/a><\/p>\n<p><b>Die n\u00e4chsten Branchen-Events:<\/b><\/p>\n<ul>\n<li>Musikmesse \/ Proligh + Sound Frankfurt, Deutschland,\u00a0 10. \u2013 14. April 2018<\/li>\n<li>Summer NAMM Show 28. \u2013 30. Juni 2018 in Nashville, TN, USA<\/li>\n<li>Prolight + Sound \/ NAMM Show Moskau, Russland, 13.-15. September, 2018<\/li>\n<\/ul>\n<h3><\/h3>\n<h3><b>\u00d6ffnungszeiten der NAMM Show:<\/b><\/h3>\n<p>Donnerstag, Freitag und Samstag: 10:00 Uhr \u2013 18:00 Uhr<br \/>\nSonntag: 10:00 Uhr \u2013 17:00 Uhr<br \/>\nWeitere allgemeine Show Infos <a href=\"https:\/\/www.namm.org\/thenammshow\/2018\/info\" target=\"_blank\" rel=\"noopener\">hier<\/a><\/p>\n<h3><b>Adresse:<\/b><\/h3>\n<p>Anaheim Convention Center<br \/>\n800 West Katella Avenue<br \/>\nAnaheim, CA 92802<\/p>\n<p>&nbsp;<\/p>\n<p>&nbsp;<\/p>\n<p>&nbsp;<\/p>\n","protected":false},"excerpt":{"rendered":"<p>Das neue Jahr startet mit einer der wichtigsten Veranstaltungen der Musikbranche. Vom 25. \u2013 28. Januar 2018 findet die NAMM<span class=\"read_more\">Mehr erfahren<\/span><\/p>\n","protected":false},"author":11,"featured_media":6557,"comment_status":"open","ping_status":"open","sticky":false,"template":"","format":"standard","meta":{"footnotes":""},"categories":[958],"tags":[],"class_list":["post-6556","post","type-post","status-publish","format-standard","has-post-thumbnail","hentry","category-messenews"],"better_featured_image":{"id":6557,"alt_text":"NAMM Show I Logo am Convention Center","caption":"","description":"","media_type":"image","media_details":{"width":580,"height":413,"file":"news\/NAMM-2013-580x580_1-display.jpg","sizes":{"profile_24":{"file":"NAMM-2013-580x580_1-display-24x24.jpg","width":24,"height":24,"mime-type":"image\/jpeg","source_url":"https:\/\/www.k-m.de\/brand\/wp-content\/uploads\/news\/NAMM-2013-580x580_1-display-24x24.jpg"},"profile_48":{"file":"NAMM-2013-580x580_1-display-48x48.jpg","width":48,"height":48,"mime-type":"image\/jpeg","source_url":"https:\/\/www.k-m.de\/brand\/wp-content\/uploads\/news\/NAMM-2013-580x580_1-display-48x48.jpg"},"profile_96":{"file":"NAMM-2013-580x580_1-display-96x96.jpg","width":96,"height":96,"mime-type":"image\/jpeg","source_url":"https:\/\/www.k-m.de\/brand\/wp-content\/uploads\/news\/NAMM-2013-580x580_1-display-96x96.jpg"},"thumbnail":{"file":"NAMM-2013-580x580_1-display-800x480.jpg","width":800,"height":480,"mime-type":"image\/jpeg","source_url":"https:\/\/www.k-m.de\/brand\/wp-content\/uploads\/news\/NAMM-2013-580x580_1-display-800x480.jpg"},"medium":{"file":"NAMM-2013-580x580_1-display-300x214.jpg","width":300,"height":214,"mime-type":"image\/jpeg","source_url":"https:\/\/www.k-m.de\/brand\/wp-content\/uploads\/news\/NAMM-2013-580x580_1-display-300x214.jpg"},"post-thumbnail":{"file":"NAMM-2013-580x580_1-display-800x480.jpg","width":800,"height":480,"mime-type":"image\/jpeg","source_url":"https:\/\/www.k-m.de\/brand\/wp-content\/uploads\/news\/NAMM-2013-580x580_1-display-800x480.jpg"},"medium_cropped":{"file":"NAMM-2013-580x580_1-display-600x600.jpg","width":600,"height":600,"mime-type":"image\/jpeg","source_url":"https:\/\/www.k-m.de\/brand\/wp-content\/uploads\/news\/NAMM-2013-580x580_1-display-600x600.jpg"},"large_cropped":{"file":"NAMM-2013-580x580_1-display-1200x720.jpg","width":1200,"height":720,"mime-type":"image\/jpeg","source_url":"https:\/\/www.k-m.de\/brand\/wp-content\/uploads\/news\/NAMM-2013-580x580_1-display-1200x720.jpg"},"very_large_cropped":{"file":"NAMM-2013-580x580_1-display-1800x900.jpg","width":1800,"height":900,"mime-type":"image\/jpeg","source_url":"https:\/\/www.k-m.de\/brand\/wp-content\/uploads\/news\/NAMM-2013-580x580_1-display-1800x900.jpg"},"landingpage_thumb":{"file":"NAMM-2013-580x580_1-display-421x300.jpg","width":421,"height":300,"mime-type":"image\/jpeg","source_url":"https:\/\/www.k-m.de\/brand\/wp-content\/uploads\/news\/NAMM-2013-580x580_1-display-421x300.jpg"},"thumbnail_old_150x150":{"file":"NAMM-2013-580x580_1-display-150x150.jpg","width":150,"height":150,"mime-type":"image\/jpeg","source_url":"https:\/\/www.k-m.de\/brand\/wp-content\/uploads\/news\/NAMM-2013-580x580_1-display-150x150.jpg"}},"image_meta":{"aperture":"0","credit":"","camera":"","caption":"","created_timestamp":"0","copyright":"","focal_length":"0","iso":"0","shutter_speed":"0","title":"","orientation":"1","keywords":[]}},"post":6556,"source_url":"https:\/\/www.k-m.de\/brand\/wp-content\/uploads\/news\/NAMM-2013-580x580_1-display.jpg"},"post_meta_fields":{"_vc_post_settings":["a:1:{s:10:\"vc_grid_id\";a:0:{}}"],"_wpml_media_featured":["1"],"_wpml_media_duplicate":["1"],"_thumbnail_id":["6557"],"_edit_last":["2"],"_edit_lock":["1546093110:9"],"_wpb_vc_js_status":["false"],"_post_dealeronly":[""]},"yoast_head":"<!-- This site is optimized with the Yoast SEO Premium plugin v26.8 (Yoast SEO v27.4) - https:\/\/yoast.com\/product\/yoast-seo-premium-wordpress\/ -->\n<title>Besuchen Sie uns auf der NAMM Show vom 25. \u2013 28. Januar 2018 - K\u00f6nig &amp; Meyer<\/title>\n<meta name=\"robots\" content=\"index, follow, max-snippet:-1, max-image-preview:large, max-video-preview:-1\" \/>\n<link rel=\"canonical\" href=\"https:\/\/www.k-m.de\/brand\/de\/besuchen-sie-uns-auf-der-namm-show-vom-25-28-januar-2018\/\" \/>\n<meta property=\"og:locale\" content=\"de_DE\" \/>\n<meta property=\"og:type\" content=\"article\" \/>\n<meta property=\"og:title\" content=\"Besuchen Sie uns auf der NAMM Show vom 25. \u2013 28. Januar 2018\" \/>\n<meta property=\"og:description\" content=\"Das neue Jahr startet mit einer der wichtigsten Veranstaltungen der Musikbranche. Vom 25. \u2013 28. Januar 2018 findet die NAMMMehr erfahren\" \/>\n<meta property=\"og:url\" content=\"https:\/\/www.k-m.de\/brand\/de\/besuchen-sie-uns-auf-der-namm-show-vom-25-28-januar-2018\/\" \/>\n<meta property=\"og:site_name\" content=\"K\u00f6nig &amp; Meyer\" \/>\n<meta property=\"article:published_time\" content=\"2017-12-15T23:00:00+00:00\" \/>\n<meta property=\"article:modified_time\" content=\"2021-03-24T08:44:17+00:00\" \/>\n<meta property=\"og:image\" content=\"https:\/\/www.k-m.de\/brand\/wp-content\/uploads\/news\/NAMM-2013-580x580_1-display.jpg\" \/>\n\t<meta property=\"og:image:width\" content=\"580\" \/>\n\t<meta property=\"og:image:height\" content=\"413\" \/>\n\t<meta property=\"og:image:type\" content=\"image\/jpeg\" \/>\n<meta name=\"author\" content=\"GabrielaKoenig\" \/>\n<meta name=\"twitter:card\" content=\"summary_large_image\" \/>\n<meta name=\"twitter:label1\" content=\"Verfasst von\" \/>\n\t<meta name=\"twitter:data1\" content=\"GabrielaKoenig\" \/>\n\t<meta name=\"twitter:label2\" content=\"Gesch\u00e4tzte Lesezeit\" \/>\n\t<meta name=\"twitter:data2\" content=\"1\u00a0Minute\" \/>\n<script type=\"application\/ld+json\" class=\"yoast-schema-graph\">{\"@context\":\"https:\\\/\\\/schema.org\",\"@graph\":[{\"@type\":\"Article\",\"@id\":\"https:\\\/\\\/www.k-m.de\\\/brand\\\/de\\\/besuchen-sie-uns-auf-der-namm-show-vom-25-28-januar-2018\\\/#article\",\"isPartOf\":{\"@id\":\"https:\\\/\\\/www.k-m.de\\\/brand\\\/de\\\/besuchen-sie-uns-auf-der-namm-show-vom-25-28-januar-2018\\\/\"},\"author\":{\"name\":\"GabrielaKoenig\",\"@id\":\"https:\\\/\\\/www.k-m.de\\\/brand\\\/de\\\/#\\\/schema\\\/person\\\/3ff4ea52479c68168f700a9de51034c6\"},\"headline\":\"Besuchen Sie uns auf der NAMM Show vom 25. \u2013 28. Januar 2018\",\"datePublished\":\"2017-12-15T23:00:00+00:00\",\"dateModified\":\"2021-03-24T08:44:17+00:00\",\"mainEntityOfPage\":{\"@id\":\"https:\\\/\\\/www.k-m.de\\\/brand\\\/de\\\/besuchen-sie-uns-auf-der-namm-show-vom-25-28-januar-2018\\\/\"},\"wordCount\":208,\"commentCount\":0,\"publisher\":{\"@id\":\"https:\\\/\\\/www.k-m.de\\\/brand\\\/de\\\/#organization\"},\"image\":{\"@id\":\"https:\\\/\\\/www.k-m.de\\\/brand\\\/de\\\/besuchen-sie-uns-auf-der-namm-show-vom-25-28-januar-2018\\\/#primaryimage\"},\"thumbnailUrl\":\"https:\\\/\\\/www.k-m.de\\\/brand\\\/wp-content\\\/uploads\\\/news\\\/NAMM-2013-580x580_1-display.jpg\",\"articleSection\":[\"Messe-News\"],\"inLanguage\":\"de\",\"potentialAction\":[{\"@type\":\"CommentAction\",\"name\":\"Comment\",\"target\":[\"https:\\\/\\\/www.k-m.de\\\/brand\\\/de\\\/besuchen-sie-uns-auf-der-namm-show-vom-25-28-januar-2018\\\/#respond\"]}]},{\"@type\":\"WebPage\",\"@id\":\"https:\\\/\\\/www.k-m.de\\\/brand\\\/de\\\/besuchen-sie-uns-auf-der-namm-show-vom-25-28-januar-2018\\\/\",\"url\":\"https:\\\/\\\/www.k-m.de\\\/brand\\\/de\\\/besuchen-sie-uns-auf-der-namm-show-vom-25-28-januar-2018\\\/\",\"name\":\"Besuchen Sie uns auf der NAMM Show vom 25. \u2013 28. Januar 2018 - K\u00f6nig &amp; Meyer\",\"isPartOf\":{\"@id\":\"https:\\\/\\\/www.k-m.de\\\/brand\\\/de\\\/#website\"},\"primaryImageOfPage\":{\"@id\":\"https:\\\/\\\/www.k-m.de\\\/brand\\\/de\\\/besuchen-sie-uns-auf-der-namm-show-vom-25-28-januar-2018\\\/#primaryimage\"},\"image\":{\"@id\":\"https:\\\/\\\/www.k-m.de\\\/brand\\\/de\\\/besuchen-sie-uns-auf-der-namm-show-vom-25-28-januar-2018\\\/#primaryimage\"},\"thumbnailUrl\":\"https:\\\/\\\/www.k-m.de\\\/brand\\\/wp-content\\\/uploads\\\/news\\\/NAMM-2013-580x580_1-display.jpg\",\"datePublished\":\"2017-12-15T23:00:00+00:00\",\"dateModified\":\"2021-03-24T08:44:17+00:00\",\"breadcrumb\":{\"@id\":\"https:\\\/\\\/www.k-m.de\\\/brand\\\/de\\\/besuchen-sie-uns-auf-der-namm-show-vom-25-28-januar-2018\\\/#breadcrumb\"},\"inLanguage\":\"de\",\"potentialAction\":[{\"@type\":\"ReadAction\",\"target\":[\"https:\\\/\\\/www.k-m.de\\\/brand\\\/de\\\/besuchen-sie-uns-auf-der-namm-show-vom-25-28-januar-2018\\\/\"]}]},{\"@type\":\"ImageObject\",\"inLanguage\":\"de\",\"@id\":\"https:\\\/\\\/www.k-m.de\\\/brand\\\/de\\\/besuchen-sie-uns-auf-der-namm-show-vom-25-28-januar-2018\\\/#primaryimage\",\"url\":\"https:\\\/\\\/www.k-m.de\\\/brand\\\/wp-content\\\/uploads\\\/news\\\/NAMM-2013-580x580_1-display.jpg\",\"contentUrl\":\"https:\\\/\\\/www.k-m.de\\\/brand\\\/wp-content\\\/uploads\\\/news\\\/NAMM-2013-580x580_1-display.jpg\",\"width\":580,\"height\":413,\"caption\":\"NAMM Show I Logo am Convention Center\"},{\"@type\":\"BreadcrumbList\",\"@id\":\"https:\\\/\\\/www.k-m.de\\\/brand\\\/de\\\/besuchen-sie-uns-auf-der-namm-show-vom-25-28-januar-2018\\\/#breadcrumb\",\"itemListElement\":[{\"@type\":\"ListItem\",\"position\":1,\"name\":\"Startseite\",\"item\":\"https:\\\/\\\/www.k-m.de\\\/brand\\\/de\\\/\"},{\"@type\":\"ListItem\",\"position\":2,\"name\":\"Besuchen Sie uns auf der NAMM Show vom 25. \u2013 28. Januar 2018\"}]},{\"@type\":\"WebSite\",\"@id\":\"https:\\\/\\\/www.k-m.de\\\/brand\\\/de\\\/#website\",\"url\":\"https:\\\/\\\/www.k-m.de\\\/brand\\\/de\\\/\",\"name\":\"K\u00f6nig & Meyer\",\"description\":\"K\u00f6nig &amp; Meyer ist ein weltweit f\u00fchrender Hersteller f\u00fcr Musikzubeh\u00f6r. Seit \u00fcber 65 Jahren steht K&amp;M f\u00fcr qualitativ hochwertige Produkte.\",\"publisher\":{\"@id\":\"https:\\\/\\\/www.k-m.de\\\/brand\\\/de\\\/#organization\"},\"potentialAction\":[{\"@type\":\"SearchAction\",\"target\":{\"@type\":\"EntryPoint\",\"urlTemplate\":\"https:\\\/\\\/www.k-m.de\\\/brand\\\/de\\\/?s={search_term_string}\"},\"query-input\":{\"@type\":\"PropertyValueSpecification\",\"valueRequired\":true,\"valueName\":\"search_term_string\"}}],\"inLanguage\":\"de\"},{\"@type\":\"Organization\",\"@id\":\"https:\\\/\\\/www.k-m.de\\\/brand\\\/de\\\/#organization\",\"name\":\"K\u00f6nig & Meyer\",\"url\":\"https:\\\/\\\/www.k-m.de\\\/brand\\\/de\\\/\",\"logo\":{\"@type\":\"ImageObject\",\"inLanguage\":\"de\",\"@id\":\"https:\\\/\\\/www.k-m.de\\\/brand\\\/de\\\/#\\\/schema\\\/logo\\\/image\\\/\",\"url\":\"https:\\\/\\\/www.k-m.de\\\/brand\\\/wp-content\\\/uploads\\\/2023\\\/01\\\/KM_1c.tif\",\"contentUrl\":\"https:\\\/\\\/www.k-m.de\\\/brand\\\/wp-content\\\/uploads\\\/2023\\\/01\\\/KM_1c.tif\",\"width\":1,\"height\":1,\"caption\":\"K\u00f6nig & Meyer\"},\"image\":{\"@id\":\"https:\\\/\\\/www.k-m.de\\\/brand\\\/de\\\/#\\\/schema\\\/logo\\\/image\\\/\"}},{\"@type\":\"Person\",\"@id\":\"https:\\\/\\\/www.k-m.de\\\/brand\\\/de\\\/#\\\/schema\\\/person\\\/3ff4ea52479c68168f700a9de51034c6\",\"name\":\"GabrielaKoenig\",\"description\":\"CEO\",\"url\":\"https:\\\/\\\/www.k-m.de\\\/brand\\\/de\\\/author\\\/gabrielakoenig\\\/\"}]}<\/script>\n<!-- \/ Yoast SEO Premium plugin. -->","yoast_head_json":{"title":"Besuchen Sie uns auf der NAMM Show vom 25. \u2013 28. Januar 2018 - K\u00f6nig &amp; Meyer","robots":{"index":"index","follow":"follow","max-snippet":"max-snippet:-1","max-image-preview":"max-image-preview:large","max-video-preview":"max-video-preview:-1"},"canonical":"https:\/\/www.k-m.de\/brand\/de\/besuchen-sie-uns-auf-der-namm-show-vom-25-28-januar-2018\/","og_locale":"de_DE","og_type":"article","og_title":"Besuchen Sie uns auf der NAMM Show vom 25. \u2013 28. Januar 2018","og_description":"Das neue Jahr startet mit einer der wichtigsten Veranstaltungen der Musikbranche. Vom 25. \u2013 28. Januar 2018 findet die NAMMMehr erfahren","og_url":"https:\/\/www.k-m.de\/brand\/de\/besuchen-sie-uns-auf-der-namm-show-vom-25-28-januar-2018\/","og_site_name":"K\u00f6nig &amp; Meyer","article_published_time":"2017-12-15T23:00:00+00:00","article_modified_time":"2021-03-24T08:44:17+00:00","og_image":[{"width":580,"height":413,"url":"https:\/\/www.k-m.de\/brand\/wp-content\/uploads\/news\/NAMM-2013-580x580_1-display.jpg","type":"image\/jpeg"}],"author":"GabrielaKoenig","twitter_card":"summary_large_image","twitter_misc":{"Verfasst von":"GabrielaKoenig","Gesch\u00e4tzte Lesezeit":"1\u00a0Minute"},"schema":{"@context":"https:\/\/schema.org","@graph":[{"@type":"Article","@id":"https:\/\/www.k-m.de\/brand\/de\/besuchen-sie-uns-auf-der-namm-show-vom-25-28-januar-2018\/#article","isPartOf":{"@id":"https:\/\/www.k-m.de\/brand\/de\/besuchen-sie-uns-auf-der-namm-show-vom-25-28-januar-2018\/"},"author":{"name":"GabrielaKoenig","@id":"https:\/\/www.k-m.de\/brand\/de\/#\/schema\/person\/3ff4ea52479c68168f700a9de51034c6"},"headline":"Besuchen Sie uns auf der NAMM Show vom 25. \u2013 28. Januar 2018","datePublished":"2017-12-15T23:00:00+00:00","dateModified":"2021-03-24T08:44:17+00:00","mainEntityOfPage":{"@id":"https:\/\/www.k-m.de\/brand\/de\/besuchen-sie-uns-auf-der-namm-show-vom-25-28-januar-2018\/"},"wordCount":208,"commentCount":0,"publisher":{"@id":"https:\/\/www.k-m.de\/brand\/de\/#organization"},"image":{"@id":"https:\/\/www.k-m.de\/brand\/de\/besuchen-sie-uns-auf-der-namm-show-vom-25-28-januar-2018\/#primaryimage"},"thumbnailUrl":"https:\/\/www.k-m.de\/brand\/wp-content\/uploads\/news\/NAMM-2013-580x580_1-display.jpg","articleSection":["Messe-News"],"inLanguage":"de","potentialAction":[{"@type":"CommentAction","name":"Comment","target":["https:\/\/www.k-m.de\/brand\/de\/besuchen-sie-uns-auf-der-namm-show-vom-25-28-januar-2018\/#respond"]}]},{"@type":"WebPage","@id":"https:\/\/www.k-m.de\/brand\/de\/besuchen-sie-uns-auf-der-namm-show-vom-25-28-januar-2018\/","url":"https:\/\/www.k-m.de\/brand\/de\/besuchen-sie-uns-auf-der-namm-show-vom-25-28-januar-2018\/","name":"Besuchen Sie uns auf der NAMM Show vom 25. \u2013 28. Januar 2018 - K\u00f6nig &amp; Meyer","isPartOf":{"@id":"https:\/\/www.k-m.de\/brand\/de\/#website"},"primaryImageOfPage":{"@id":"https:\/\/www.k-m.de\/brand\/de\/besuchen-sie-uns-auf-der-namm-show-vom-25-28-januar-2018\/#primaryimage"},"image":{"@id":"https:\/\/www.k-m.de\/brand\/de\/besuchen-sie-uns-auf-der-namm-show-vom-25-28-januar-2018\/#primaryimage"},"thumbnailUrl":"https:\/\/www.k-m.de\/brand\/wp-content\/uploads\/news\/NAMM-2013-580x580_1-display.jpg","datePublished":"2017-12-15T23:00:00+00:00","dateModified":"2021-03-24T08:44:17+00:00","breadcrumb":{"@id":"https:\/\/www.k-m.de\/brand\/de\/besuchen-sie-uns-auf-der-namm-show-vom-25-28-januar-2018\/#breadcrumb"},"inLanguage":"de","potentialAction":[{"@type":"ReadAction","target":["https:\/\/www.k-m.de\/brand\/de\/besuchen-sie-uns-auf-der-namm-show-vom-25-28-januar-2018\/"]}]},{"@type":"ImageObject","inLanguage":"de","@id":"https:\/\/www.k-m.de\/brand\/de\/besuchen-sie-uns-auf-der-namm-show-vom-25-28-januar-2018\/#primaryimage","url":"https:\/\/www.k-m.de\/brand\/wp-content\/uploads\/news\/NAMM-2013-580x580_1-display.jpg","contentUrl":"https:\/\/www.k-m.de\/brand\/wp-content\/uploads\/news\/NAMM-2013-580x580_1-display.jpg","width":580,"height":413,"caption":"NAMM Show I Logo am Convention Center"},{"@type":"BreadcrumbList","@id":"https:\/\/www.k-m.de\/brand\/de\/besuchen-sie-uns-auf-der-namm-show-vom-25-28-januar-2018\/#breadcrumb","itemListElement":[{"@type":"ListItem","position":1,"name":"Startseite","item":"https:\/\/www.k-m.de\/brand\/de\/"},{"@type":"ListItem","position":2,"name":"Besuchen Sie uns auf der NAMM Show vom 25. \u2013 28. Januar 2018"}]},{"@type":"WebSite","@id":"https:\/\/www.k-m.de\/brand\/de\/#website","url":"https:\/\/www.k-m.de\/brand\/de\/","name":"K\u00f6nig & Meyer","description":"K\u00f6nig &amp; Meyer ist ein weltweit f\u00fchrender Hersteller f\u00fcr Musikzubeh\u00f6r. Seit \u00fcber 65 Jahren steht K&amp;M f\u00fcr qualitativ hochwertige Produkte.","publisher":{"@id":"https:\/\/www.k-m.de\/brand\/de\/#organization"},"potentialAction":[{"@type":"SearchAction","target":{"@type":"EntryPoint","urlTemplate":"https:\/\/www.k-m.de\/brand\/de\/?s={search_term_string}"},"query-input":{"@type":"PropertyValueSpecification","valueRequired":true,"valueName":"search_term_string"}}],"inLanguage":"de"},{"@type":"Organization","@id":"https:\/\/www.k-m.de\/brand\/de\/#organization","name":"K\u00f6nig & Meyer","url":"https:\/\/www.k-m.de\/brand\/de\/","logo":{"@type":"ImageObject","inLanguage":"de","@id":"https:\/\/www.k-m.de\/brand\/de\/#\/schema\/logo\/image\/","url":"https:\/\/www.k-m.de\/brand\/wp-content\/uploads\/2023\/01\/KM_1c.tif","contentUrl":"https:\/\/www.k-m.de\/brand\/wp-content\/uploads\/2023\/01\/KM_1c.tif","width":1,"height":1,"caption":"K\u00f6nig & Meyer"},"image":{"@id":"https:\/\/www.k-m.de\/brand\/de\/#\/schema\/logo\/image\/"}},{"@type":"Person","@id":"https:\/\/www.k-m.de\/brand\/de\/#\/schema\/person\/3ff4ea52479c68168f700a9de51034c6","name":"GabrielaKoenig","description":"CEO","url":"https:\/\/www.k-m.de\/brand\/de\/author\/gabrielakoenig\/"}]}},"_links":{"self":[{"href":"https:\/\/www.k-m.de\/brand\/de\/wp-json\/wp\/v2\/posts\/6556","targetHints":{"allow":["GET"]}}],"collection":[{"href":"https:\/\/www.k-m.de\/brand\/de\/wp-json\/wp\/v2\/posts"}],"about":[{"href":"https:\/\/www.k-m.de\/brand\/de\/wp-json\/wp\/v2\/types\/post"}],"author":[{"embeddable":true,"href":"https:\/\/www.k-m.de\/brand\/de\/wp-json\/wp\/v2\/users\/11"}],"replies":[{"embeddable":true,"href":"https:\/\/www.k-m.de\/brand\/de\/wp-json\/wp\/v2\/comments?post=6556"}],"version-history":[{"count":2,"href":"https:\/\/www.k-m.de\/brand\/de\/wp-json\/wp\/v2\/posts\/6556\/revisions"}],"predecessor-version":[{"id":8256,"href":"https:\/\/www.k-m.de\/brand\/de\/wp-json\/wp\/v2\/posts\/6556\/revisions\/8256"}],"wp:featuredmedia":[{"embeddable":true,"href":"https:\/\/www.k-m.de\/brand\/de\/wp-json\/wp\/v2\/media\/6557"}],"wp:attachment":[{"href":"https:\/\/www.k-m.de\/brand\/de\/wp-json\/wp\/v2\/media?parent=6556"}],"wp:term":[{"taxonomy":"category","embeddable":true,"href":"https:\/\/www.k-m.de\/brand\/de\/wp-json\/wp\/v2\/categories?post=6556"},{"taxonomy":"post_tag","embeddable":true,"href":"https:\/\/www.k-m.de\/brand\/de\/wp-json\/wp\/v2\/tags?post=6556"}],"curies":[{"name":"wp","href":"https:\/\/api.w.org\/{rel}","templated":true}]}}