{"id":6679,"date":"2013-03-14T10:14:56","date_gmt":"2013-03-14T09:14:56","guid":{"rendered":"https:\/\/www.k-m.de\/brand\/musikmesse-frankfurt-vom-10-13-april\/"},"modified":"2021-03-24T09:44:47","modified_gmt":"2021-03-24T08:44:47","slug":"musikmesse-frankfurt-vom-10-13-april","status":"publish","type":"post","link":"https:\/\/www.k-m.de\/brand\/de\/musikmesse-frankfurt-vom-10-13-april\/","title":{"rendered":"Musikmesse Frankfurt vom 10. &#8211; 13. April"},"content":{"rendered":"<p>K\u00f6nig &amp; Meyer pr\u00e4sentiert die Neuheiten 2013<br \/>\n\u2026und dazu laden wir Sie herzlich ein!<br \/>\nBesuchen Sie uns auf der kommenden Musikmesse und Prolight + Sound in Frankfurt und erleben sie\u00a0 auf unseren Messest\u00e4nden in <b>Halle 3.0 <\/b>und <b>Halle 8.0 (NEU)<\/b> fast 40 neue Musik-, Studio und Multimedia-Produkte, die sich wieder durch innovative Konstruktionen und qualit\u00e4tsvolles Design auszeichnen.<\/p>\n<p>Wie jedes Jahr bieten wir auch weitere musikalische Highlights!<br \/>\nF\u00fcr 2013 d\u00fcrfen wir gleich <b>zwei Live-Acts<\/b> ank\u00fcndigen! Auf der legend\u00e4ren Musikmessen-B\u00fchne, der \u201e<b>Agora Stage<\/b>\u201c spielen:<br \/>\n&#8211; am Mittwoch, den 10.04. von 15:00 bis 15:30: <a href=\"http:\/\/www.the-jerks.de\/\" target=\"_blank\" rel=\"noopener\">The Jerks<\/a><br \/>\n&#8211; am Donnerstag, den 11.04. ebenfalls von 15.00 bis 15.30 Uhr: <a href=\"http:\/\/www.electriclove.at\/de\/home\" target=\"_blank\" rel=\"noopener\">Electric Love<\/a><\/p>\n<p>Auch unsere <b>Autogrammstunde <\/b>haben wir dieses Jahr <b>verdoppelt<\/b>!<br \/>\nAm Freitag den 12.04. ab 15 Uhr sind die <a href=\"http:\/\/www.k-m.de\/de\/bandsundkuenstler\/kastelrutherspatzen.html\" target=\"_blank\" rel=\"noopener\">Kastelruther Spatzen<\/a> an unserem <b>Hauptstand C39 in Halle 3.0<\/b> und <a href=\"http:\/\/k-m.de\/de\/bandsundkuenstler\/Glasperlenspiel.html\" target=\"_blank\" rel=\"noopener\">Glasperlenspiel<\/a> schreibt dort am Samstag 13.04. ab 14.00 Uhr Autogramme!<\/p>\n<p>Dem nicht genug bieten wir dieses Jahr noch ein &#8222;<b>Meet &amp; Greet mit Pohlmann<\/b> \u2013 <a href=\"https:\/\/www.facebook.com\/IngoPohlmann\" target=\"_blank\" rel=\"noopener\">Ingo<\/a> stellt die <a href=\"http:\/\/produkte.k-m.de\/de\/product?info=1304&amp;x4155d=3gcn08e148in8jdlihcmnmg2v6\" target=\"_blank\" rel=\"noopener\">Gitarrenspielhilfe \u00bbPohlmann\u00ab <\/a>vor&#8220;: Freitag von 13.30 bis 14.30 Uhr und Samstag ab 15.00 Uhr, ebenfalls am K\u00f6nig &amp; Meyer <b>Hauptstand<\/b>.<\/p>\n<p>Neu und interessant f\u00fcr alle Privatbesucher, neben dem Messe-Samstag k\u00f6nnen sie nun auch Freitag ab 14 Uhr die Messe besuchen!<\/p>\n<p>Wir freuen uns auf alle, die wir an unseren Messest\u00e4nden begr\u00fc\u00dfen k\u00f6nnen und w\u00fcnschen Ihnen bereits heute einen erfolgreichen und inspririerenden Messebesuch in Frankfurt.<\/p>\n<p><b>Unsere Messest\u00e4nde:<\/b><br \/>\nmusikmesse <b>Halle 3.0 C 39,<\/b> prolight+sound Halle <b>8.0 A67<\/b> (NEU)<\/p>\n<p><b>\u00d6ffnungszeiten der musikmesse und prolight+sound:<\/b><br \/>\nMittwoch bis Samstag von 9.00 bis 18.00 Uhr<\/p>\n<p><a href=\"http:\/\/musik.messefrankfurt.com\/frankfurt\/de\/besucher\/messegelaende.html\" target=\"_blank\" rel=\"noopener\">Hier<\/a> finden Sie einen i<b>nteraktiven Gel\u00e4ndeplan <\/b>und den <b>Hallenplan.<\/b><\/p>\n<p>&nbsp;<\/p>\n","protected":false},"excerpt":{"rendered":"<p>K\u00f6nig &amp; Meyer pr\u00e4sentiert die Neuheiten 2013 \u2026und dazu laden wir Sie herzlich ein! Besuchen Sie uns auf der kommenden<span class=\"read_more\">Mehr erfahren<\/span><\/p>\n","protected":false},"author":11,"featured_media":6680,"comment_status":"open","ping_status":"open","sticky":false,"template":"","format":"standard","meta":{"footnotes":""},"categories":[958],"tags":[],"class_list":["post-6679","post","type-post","status-publish","format-standard","has-post-thumbnail","hentry","category-messenews"],"better_featured_image":{"id":6680,"alt_text":"Messe Foto","caption":"","description":"","media_type":"image","media_details":{"width":476,"height":379,"file":"news\/news_musikmesse.jpg","sizes":{"profile_24":{"file":"news_musikmesse-24x24.jpg","width":24,"height":24,"mime-type":"image\/jpeg","source_url":"https:\/\/www.k-m.de\/brand\/wp-content\/uploads\/news\/news_musikmesse-24x24.jpg"},"profile_48":{"file":"news_musikmesse-48x48.jpg","width":48,"height":48,"mime-type":"image\/jpeg","source_url":"https:\/\/www.k-m.de\/brand\/wp-content\/uploads\/news\/news_musikmesse-48x48.jpg"},"profile_96":{"file":"news_musikmesse-96x96.jpg","width":96,"height":96,"mime-type":"image\/jpeg","source_url":"https:\/\/www.k-m.de\/brand\/wp-content\/uploads\/news\/news_musikmesse-96x96.jpg"},"thumbnail":{"file":"news_musikmesse-800x480.jpg","width":800,"height":480,"mime-type":"image\/jpeg","source_url":"https:\/\/www.k-m.de\/brand\/wp-content\/uploads\/news\/news_musikmesse-800x480.jpg"},"medium":{"file":"news_musikmesse-300x239.jpg","width":300,"height":239,"mime-type":"image\/jpeg","source_url":"https:\/\/www.k-m.de\/brand\/wp-content\/uploads\/news\/news_musikmesse-300x239.jpg"},"post-thumbnail":{"file":"news_musikmesse-800x480.jpg","width":800,"height":480,"mime-type":"image\/jpeg","source_url":"https:\/\/www.k-m.de\/brand\/wp-content\/uploads\/news\/news_musikmesse-800x480.jpg"},"medium_cropped":{"file":"news_musikmesse-600x600.jpg","width":600,"height":600,"mime-type":"image\/jpeg","source_url":"https:\/\/www.k-m.de\/brand\/wp-content\/uploads\/news\/news_musikmesse-600x600.jpg"},"large_cropped":{"file":"news_musikmesse-1200x720.jpg","width":1200,"height":720,"mime-type":"image\/jpeg","source_url":"https:\/\/www.k-m.de\/brand\/wp-content\/uploads\/news\/news_musikmesse-1200x720.jpg"},"very_large_cropped":{"file":"news_musikmesse-1800x900.jpg","width":1800,"height":900,"mime-type":"image\/jpeg","source_url":"https:\/\/www.k-m.de\/brand\/wp-content\/uploads\/news\/news_musikmesse-1800x900.jpg"},"landingpage_thumb":{"file":"news_musikmesse-377x300.jpg","width":377,"height":300,"mime-type":"image\/jpeg","source_url":"https:\/\/www.k-m.de\/brand\/wp-content\/uploads\/news\/news_musikmesse-377x300.jpg"},"thumbnail_old_150x150":{"file":"news_musikmesse-150x150.jpg","width":150,"height":150,"mime-type":"image\/jpeg","source_url":"https:\/\/www.k-m.de\/brand\/wp-content\/uploads\/news\/news_musikmesse-150x150.jpg"}},"image_meta":{"aperture":"0","credit":"","camera":"","caption":"","created_timestamp":"0","copyright":"","focal_length":"0","iso":"0","shutter_speed":"0","title":"","orientation":"1","keywords":[]}},"post":6679,"source_url":"https:\/\/www.k-m.de\/brand\/wp-content\/uploads\/news\/news_musikmesse.jpg"},"post_meta_fields":{"_vc_post_settings":["a:1:{s:10:\"vc_grid_id\";a:0:{}}"],"_wpml_media_featured":["1"],"_wpml_media_duplicate":["1"],"_thumbnail_id":["6680"],"_edit_lock":["1615454933:8"],"_edit_last":["8"],"_post_dealeronly":[""]},"yoast_head":"<!-- This site is optimized with the Yoast SEO Premium plugin v26.8 (Yoast SEO v27.4) - https:\/\/yoast.com\/product\/yoast-seo-premium-wordpress\/ -->\n<title>Musikmesse Frankfurt vom 10. - 13. April - K\u00f6nig &amp; Meyer<\/title>\n<meta name=\"robots\" content=\"index, follow, max-snippet:-1, max-image-preview:large, max-video-preview:-1\" \/>\n<link rel=\"canonical\" href=\"https:\/\/www.k-m.de\/brand\/de\/musikmesse-frankfurt-vom-10-13-april\/\" \/>\n<meta property=\"og:locale\" content=\"de_DE\" \/>\n<meta property=\"og:type\" content=\"article\" \/>\n<meta property=\"og:title\" content=\"Musikmesse Frankfurt vom 10. - 13. April\" \/>\n<meta property=\"og:description\" content=\"K\u00f6nig &amp; Meyer pr\u00e4sentiert die Neuheiten 2013 \u2026und dazu laden wir Sie herzlich ein! Besuchen Sie uns auf der kommendenMehr erfahren\" \/>\n<meta property=\"og:url\" content=\"https:\/\/www.k-m.de\/brand\/de\/musikmesse-frankfurt-vom-10-13-april\/\" \/>\n<meta property=\"og:site_name\" content=\"K\u00f6nig &amp; Meyer\" \/>\n<meta property=\"article:published_time\" content=\"2013-03-14T09:14:56+00:00\" \/>\n<meta property=\"article:modified_time\" content=\"2021-03-24T08:44:47+00:00\" \/>\n<meta property=\"og:image\" content=\"https:\/\/www.k-m.de\/brand\/wp-content\/uploads\/news\/news_musikmesse.jpg\" \/>\n\t<meta property=\"og:image:width\" content=\"476\" \/>\n\t<meta property=\"og:image:height\" content=\"379\" \/>\n\t<meta property=\"og:image:type\" content=\"image\/jpeg\" \/>\n<meta name=\"author\" content=\"GabrielaKoenig\" \/>\n<meta name=\"twitter:card\" content=\"summary_large_image\" \/>\n<meta name=\"twitter:label1\" content=\"Verfasst von\" \/>\n\t<meta name=\"twitter:data1\" content=\"GabrielaKoenig\" \/>\n\t<meta name=\"twitter:label2\" content=\"Gesch\u00e4tzte Lesezeit\" \/>\n\t<meta name=\"twitter:data2\" content=\"1\u00a0Minute\" \/>\n<script type=\"application\/ld+json\" class=\"yoast-schema-graph\">{\"@context\":\"https:\\\/\\\/schema.org\",\"@graph\":[{\"@type\":\"Article\",\"@id\":\"https:\\\/\\\/www.k-m.de\\\/brand\\\/de\\\/musikmesse-frankfurt-vom-10-13-april\\\/#article\",\"isPartOf\":{\"@id\":\"https:\\\/\\\/www.k-m.de\\\/brand\\\/de\\\/musikmesse-frankfurt-vom-10-13-april\\\/\"},\"author\":{\"name\":\"GabrielaKoenig\",\"@id\":\"https:\\\/\\\/www.k-m.de\\\/brand\\\/de\\\/#\\\/schema\\\/person\\\/3ff4ea52479c68168f700a9de51034c6\"},\"headline\":\"Musikmesse Frankfurt vom 10. &#8211; 13. April\",\"datePublished\":\"2013-03-14T09:14:56+00:00\",\"dateModified\":\"2021-03-24T08:44:47+00:00\",\"mainEntityOfPage\":{\"@id\":\"https:\\\/\\\/www.k-m.de\\\/brand\\\/de\\\/musikmesse-frankfurt-vom-10-13-april\\\/\"},\"wordCount\":258,\"commentCount\":0,\"publisher\":{\"@id\":\"https:\\\/\\\/www.k-m.de\\\/brand\\\/de\\\/#organization\"},\"image\":{\"@id\":\"https:\\\/\\\/www.k-m.de\\\/brand\\\/de\\\/musikmesse-frankfurt-vom-10-13-april\\\/#primaryimage\"},\"thumbnailUrl\":\"https:\\\/\\\/www.k-m.de\\\/brand\\\/wp-content\\\/uploads\\\/news\\\/news_musikmesse.jpg\",\"articleSection\":[\"Messe-News\"],\"inLanguage\":\"de\",\"potentialAction\":[{\"@type\":\"CommentAction\",\"name\":\"Comment\",\"target\":[\"https:\\\/\\\/www.k-m.de\\\/brand\\\/de\\\/musikmesse-frankfurt-vom-10-13-april\\\/#respond\"]}]},{\"@type\":\"WebPage\",\"@id\":\"https:\\\/\\\/www.k-m.de\\\/brand\\\/de\\\/musikmesse-frankfurt-vom-10-13-april\\\/\",\"url\":\"https:\\\/\\\/www.k-m.de\\\/brand\\\/de\\\/musikmesse-frankfurt-vom-10-13-april\\\/\",\"name\":\"Musikmesse Frankfurt vom 10. - 13. April - K\u00f6nig &amp; Meyer\",\"isPartOf\":{\"@id\":\"https:\\\/\\\/www.k-m.de\\\/brand\\\/de\\\/#website\"},\"primaryImageOfPage\":{\"@id\":\"https:\\\/\\\/www.k-m.de\\\/brand\\\/de\\\/musikmesse-frankfurt-vom-10-13-april\\\/#primaryimage\"},\"image\":{\"@id\":\"https:\\\/\\\/www.k-m.de\\\/brand\\\/de\\\/musikmesse-frankfurt-vom-10-13-april\\\/#primaryimage\"},\"thumbnailUrl\":\"https:\\\/\\\/www.k-m.de\\\/brand\\\/wp-content\\\/uploads\\\/news\\\/news_musikmesse.jpg\",\"datePublished\":\"2013-03-14T09:14:56+00:00\",\"dateModified\":\"2021-03-24T08:44:47+00:00\",\"breadcrumb\":{\"@id\":\"https:\\\/\\\/www.k-m.de\\\/brand\\\/de\\\/musikmesse-frankfurt-vom-10-13-april\\\/#breadcrumb\"},\"inLanguage\":\"de\",\"potentialAction\":[{\"@type\":\"ReadAction\",\"target\":[\"https:\\\/\\\/www.k-m.de\\\/brand\\\/de\\\/musikmesse-frankfurt-vom-10-13-april\\\/\"]}]},{\"@type\":\"ImageObject\",\"inLanguage\":\"de\",\"@id\":\"https:\\\/\\\/www.k-m.de\\\/brand\\\/de\\\/musikmesse-frankfurt-vom-10-13-april\\\/#primaryimage\",\"url\":\"https:\\\/\\\/www.k-m.de\\\/brand\\\/wp-content\\\/uploads\\\/news\\\/news_musikmesse.jpg\",\"contentUrl\":\"https:\\\/\\\/www.k-m.de\\\/brand\\\/wp-content\\\/uploads\\\/news\\\/news_musikmesse.jpg\",\"width\":476,\"height\":379,\"caption\":\"Messe Foto\"},{\"@type\":\"BreadcrumbList\",\"@id\":\"https:\\\/\\\/www.k-m.de\\\/brand\\\/de\\\/musikmesse-frankfurt-vom-10-13-april\\\/#breadcrumb\",\"itemListElement\":[{\"@type\":\"ListItem\",\"position\":1,\"name\":\"Startseite\",\"item\":\"https:\\\/\\\/www.k-m.de\\\/brand\\\/de\\\/\"},{\"@type\":\"ListItem\",\"position\":2,\"name\":\"Musikmesse Frankfurt vom 10. &#8211; 13. April\"}]},{\"@type\":\"WebSite\",\"@id\":\"https:\\\/\\\/www.k-m.de\\\/brand\\\/de\\\/#website\",\"url\":\"https:\\\/\\\/www.k-m.de\\\/brand\\\/de\\\/\",\"name\":\"K\u00f6nig & Meyer\",\"description\":\"K\u00f6nig &amp; Meyer ist ein weltweit f\u00fchrender Hersteller f\u00fcr Musikzubeh\u00f6r. Seit \u00fcber 65 Jahren steht K&amp;M f\u00fcr qualitativ hochwertige Produkte.\",\"publisher\":{\"@id\":\"https:\\\/\\\/www.k-m.de\\\/brand\\\/de\\\/#organization\"},\"potentialAction\":[{\"@type\":\"SearchAction\",\"target\":{\"@type\":\"EntryPoint\",\"urlTemplate\":\"https:\\\/\\\/www.k-m.de\\\/brand\\\/de\\\/?s={search_term_string}\"},\"query-input\":{\"@type\":\"PropertyValueSpecification\",\"valueRequired\":true,\"valueName\":\"search_term_string\"}}],\"inLanguage\":\"de\"},{\"@type\":\"Organization\",\"@id\":\"https:\\\/\\\/www.k-m.de\\\/brand\\\/de\\\/#organization\",\"name\":\"K\u00f6nig & Meyer\",\"url\":\"https:\\\/\\\/www.k-m.de\\\/brand\\\/de\\\/\",\"logo\":{\"@type\":\"ImageObject\",\"inLanguage\":\"de\",\"@id\":\"https:\\\/\\\/www.k-m.de\\\/brand\\\/de\\\/#\\\/schema\\\/logo\\\/image\\\/\",\"url\":\"https:\\\/\\\/www.k-m.de\\\/brand\\\/wp-content\\\/uploads\\\/2023\\\/01\\\/KM_1c.tif\",\"contentUrl\":\"https:\\\/\\\/www.k-m.de\\\/brand\\\/wp-content\\\/uploads\\\/2023\\\/01\\\/KM_1c.tif\",\"width\":1,\"height\":1,\"caption\":\"K\u00f6nig & Meyer\"},\"image\":{\"@id\":\"https:\\\/\\\/www.k-m.de\\\/brand\\\/de\\\/#\\\/schema\\\/logo\\\/image\\\/\"}},{\"@type\":\"Person\",\"@id\":\"https:\\\/\\\/www.k-m.de\\\/brand\\\/de\\\/#\\\/schema\\\/person\\\/3ff4ea52479c68168f700a9de51034c6\",\"name\":\"GabrielaKoenig\",\"description\":\"CEO\",\"url\":\"https:\\\/\\\/www.k-m.de\\\/brand\\\/de\\\/author\\\/gabrielakoenig\\\/\"}]}<\/script>\n<!-- \/ Yoast SEO Premium plugin. -->","yoast_head_json":{"title":"Musikmesse Frankfurt vom 10. - 13. April - K\u00f6nig &amp; Meyer","robots":{"index":"index","follow":"follow","max-snippet":"max-snippet:-1","max-image-preview":"max-image-preview:large","max-video-preview":"max-video-preview:-1"},"canonical":"https:\/\/www.k-m.de\/brand\/de\/musikmesse-frankfurt-vom-10-13-april\/","og_locale":"de_DE","og_type":"article","og_title":"Musikmesse Frankfurt vom 10. - 13. April","og_description":"K\u00f6nig &amp; Meyer pr\u00e4sentiert die Neuheiten 2013 \u2026und dazu laden wir Sie herzlich ein! Besuchen Sie uns auf der kommendenMehr erfahren","og_url":"https:\/\/www.k-m.de\/brand\/de\/musikmesse-frankfurt-vom-10-13-april\/","og_site_name":"K\u00f6nig &amp; Meyer","article_published_time":"2013-03-14T09:14:56+00:00","article_modified_time":"2021-03-24T08:44:47+00:00","og_image":[{"width":476,"height":379,"url":"https:\/\/www.k-m.de\/brand\/wp-content\/uploads\/news\/news_musikmesse.jpg","type":"image\/jpeg"}],"author":"GabrielaKoenig","twitter_card":"summary_large_image","twitter_misc":{"Verfasst von":"GabrielaKoenig","Gesch\u00e4tzte Lesezeit":"1\u00a0Minute"},"schema":{"@context":"https:\/\/schema.org","@graph":[{"@type":"Article","@id":"https:\/\/www.k-m.de\/brand\/de\/musikmesse-frankfurt-vom-10-13-april\/#article","isPartOf":{"@id":"https:\/\/www.k-m.de\/brand\/de\/musikmesse-frankfurt-vom-10-13-april\/"},"author":{"name":"GabrielaKoenig","@id":"https:\/\/www.k-m.de\/brand\/de\/#\/schema\/person\/3ff4ea52479c68168f700a9de51034c6"},"headline":"Musikmesse Frankfurt vom 10. &#8211; 13. April","datePublished":"2013-03-14T09:14:56+00:00","dateModified":"2021-03-24T08:44:47+00:00","mainEntityOfPage":{"@id":"https:\/\/www.k-m.de\/brand\/de\/musikmesse-frankfurt-vom-10-13-april\/"},"wordCount":258,"commentCount":0,"publisher":{"@id":"https:\/\/www.k-m.de\/brand\/de\/#organization"},"image":{"@id":"https:\/\/www.k-m.de\/brand\/de\/musikmesse-frankfurt-vom-10-13-april\/#primaryimage"},"thumbnailUrl":"https:\/\/www.k-m.de\/brand\/wp-content\/uploads\/news\/news_musikmesse.jpg","articleSection":["Messe-News"],"inLanguage":"de","potentialAction":[{"@type":"CommentAction","name":"Comment","target":["https:\/\/www.k-m.de\/brand\/de\/musikmesse-frankfurt-vom-10-13-april\/#respond"]}]},{"@type":"WebPage","@id":"https:\/\/www.k-m.de\/brand\/de\/musikmesse-frankfurt-vom-10-13-april\/","url":"https:\/\/www.k-m.de\/brand\/de\/musikmesse-frankfurt-vom-10-13-april\/","name":"Musikmesse Frankfurt vom 10. - 13. April - K\u00f6nig &amp; Meyer","isPartOf":{"@id":"https:\/\/www.k-m.de\/brand\/de\/#website"},"primaryImageOfPage":{"@id":"https:\/\/www.k-m.de\/brand\/de\/musikmesse-frankfurt-vom-10-13-april\/#primaryimage"},"image":{"@id":"https:\/\/www.k-m.de\/brand\/de\/musikmesse-frankfurt-vom-10-13-april\/#primaryimage"},"thumbnailUrl":"https:\/\/www.k-m.de\/brand\/wp-content\/uploads\/news\/news_musikmesse.jpg","datePublished":"2013-03-14T09:14:56+00:00","dateModified":"2021-03-24T08:44:47+00:00","breadcrumb":{"@id":"https:\/\/www.k-m.de\/brand\/de\/musikmesse-frankfurt-vom-10-13-april\/#breadcrumb"},"inLanguage":"de","potentialAction":[{"@type":"ReadAction","target":["https:\/\/www.k-m.de\/brand\/de\/musikmesse-frankfurt-vom-10-13-april\/"]}]},{"@type":"ImageObject","inLanguage":"de","@id":"https:\/\/www.k-m.de\/brand\/de\/musikmesse-frankfurt-vom-10-13-april\/#primaryimage","url":"https:\/\/www.k-m.de\/brand\/wp-content\/uploads\/news\/news_musikmesse.jpg","contentUrl":"https:\/\/www.k-m.de\/brand\/wp-content\/uploads\/news\/news_musikmesse.jpg","width":476,"height":379,"caption":"Messe Foto"},{"@type":"BreadcrumbList","@id":"https:\/\/www.k-m.de\/brand\/de\/musikmesse-frankfurt-vom-10-13-april\/#breadcrumb","itemListElement":[{"@type":"ListItem","position":1,"name":"Startseite","item":"https:\/\/www.k-m.de\/brand\/de\/"},{"@type":"ListItem","position":2,"name":"Musikmesse Frankfurt vom 10. &#8211; 13. April"}]},{"@type":"WebSite","@id":"https:\/\/www.k-m.de\/brand\/de\/#website","url":"https:\/\/www.k-m.de\/brand\/de\/","name":"K\u00f6nig & Meyer","description":"K\u00f6nig &amp; Meyer ist ein weltweit f\u00fchrender Hersteller f\u00fcr Musikzubeh\u00f6r. Seit \u00fcber 65 Jahren steht K&amp;M f\u00fcr qualitativ hochwertige Produkte.","publisher":{"@id":"https:\/\/www.k-m.de\/brand\/de\/#organization"},"potentialAction":[{"@type":"SearchAction","target":{"@type":"EntryPoint","urlTemplate":"https:\/\/www.k-m.de\/brand\/de\/?s={search_term_string}"},"query-input":{"@type":"PropertyValueSpecification","valueRequired":true,"valueName":"search_term_string"}}],"inLanguage":"de"},{"@type":"Organization","@id":"https:\/\/www.k-m.de\/brand\/de\/#organization","name":"K\u00f6nig & Meyer","url":"https:\/\/www.k-m.de\/brand\/de\/","logo":{"@type":"ImageObject","inLanguage":"de","@id":"https:\/\/www.k-m.de\/brand\/de\/#\/schema\/logo\/image\/","url":"https:\/\/www.k-m.de\/brand\/wp-content\/uploads\/2023\/01\/KM_1c.tif","contentUrl":"https:\/\/www.k-m.de\/brand\/wp-content\/uploads\/2023\/01\/KM_1c.tif","width":1,"height":1,"caption":"K\u00f6nig & Meyer"},"image":{"@id":"https:\/\/www.k-m.de\/brand\/de\/#\/schema\/logo\/image\/"}},{"@type":"Person","@id":"https:\/\/www.k-m.de\/brand\/de\/#\/schema\/person\/3ff4ea52479c68168f700a9de51034c6","name":"GabrielaKoenig","description":"CEO","url":"https:\/\/www.k-m.de\/brand\/de\/author\/gabrielakoenig\/"}]}},"_links":{"self":[{"href":"https:\/\/www.k-m.de\/brand\/de\/wp-json\/wp\/v2\/posts\/6679","targetHints":{"allow":["GET"]}}],"collection":[{"href":"https:\/\/www.k-m.de\/brand\/de\/wp-json\/wp\/v2\/posts"}],"about":[{"href":"https:\/\/www.k-m.de\/brand\/de\/wp-json\/wp\/v2\/types\/post"}],"author":[{"embeddable":true,"href":"https:\/\/www.k-m.de\/brand\/de\/wp-json\/wp\/v2\/users\/11"}],"replies":[{"embeddable":true,"href":"https:\/\/www.k-m.de\/brand\/de\/wp-json\/wp\/v2\/comments?post=6679"}],"version-history":[{"count":2,"href":"https:\/\/www.k-m.de\/brand\/de\/wp-json\/wp\/v2\/posts\/6679\/revisions"}],"predecessor-version":[{"id":8386,"href":"https:\/\/www.k-m.de\/brand\/de\/wp-json\/wp\/v2\/posts\/6679\/revisions\/8386"}],"wp:featuredmedia":[{"embeddable":true,"href":"https:\/\/www.k-m.de\/brand\/de\/wp-json\/wp\/v2\/media\/6680"}],"wp:attachment":[{"href":"https:\/\/www.k-m.de\/brand\/de\/wp-json\/wp\/v2\/media?parent=6679"}],"wp:term":[{"taxonomy":"category","embeddable":true,"href":"https:\/\/www.k-m.de\/brand\/de\/wp-json\/wp\/v2\/categories?post=6679"},{"taxonomy":"post_tag","embeddable":true,"href":"https:\/\/www.k-m.de\/brand\/de\/wp-json\/wp\/v2\/tags?post=6679"}],"curies":[{"name":"wp","href":"https:\/\/api.w.org\/{rel}","templated":true}]}}