{"id":6850,"date":"2011-04-13T13:20:58","date_gmt":"2011-04-13T11:20:58","guid":{"rendered":"https:\/\/www.k-m.de\/brand\/erfolgreiche-messewoche-fuer-koenig-meyer\/"},"modified":"2021-03-24T09:45:34","modified_gmt":"2021-03-24T08:45:34","slug":"erfolgreiche-messewoche-fuer-koenig-meyer","status":"publish","type":"post","link":"https:\/\/www.k-m.de\/brand\/de\/erfolgreiche-messewoche-fuer-koenig-meyer\/","title":{"rendered":"Erfolgreiche Messewoche f\u00fcr K\u00f6nig &#038; Meyer"},"content":{"rendered":"<p>Mit einem <b>Ausstellerrekord<\/b> ist die Musikmesse Frankfurt nach vier Tagen, am Samstag den 09. April, zu Ende gegangen. 2384 Aussteller aus 55 L&auml;ndern zeigten bei der Musikmesse und der Technikmesse Prolight + Sound Neuheiten rund um Instrumente, Musik-Software, Noten, Zubeh&ouml;r und Dienstleistungen. Die <b>weltweit gr&ouml;&szlig;te Messe der Musik-, Sound- und Lichtbranche <\/b>ist auch f&uuml;r K&ouml;nig &amp; Meyer die Wichtigste. Der internationale Kontakt mit den Kunden und die Pr&auml;sentation der Produktneuheiten sowie die Ausstellung bew&auml;hrter Klassiker stehen im Vordergrund.<\/p>\n<p>K&ouml;nig &amp; Meyer ist mit dem <b>Verlauf der Messe sehr zufrieden.<\/b> Die Firma pr&auml;sentierte sich in diesem Jahr auf der musikmesse bzw. prolight+sound mit drei Messest&auml;nden in drei verschiedenen Hallen. Der altbew&auml;hrte Hauptstand in der Halle 3.0 und der Prolight + Sound Stand in Halle 6.1 wurden durch einen kleinen Satellitenstand erg&auml;nzt, der zwecks Imagewerbung f&uuml;r die Marke, wie bereits im letzten Jahr in der Keyboarderhalle 5.0 zu finden war.<\/p>\n<p>Alle wichtigen <b>nationalen und internationalen H&auml;ndlern<\/b>, aber auch interessierte Endverbraucher besuchten die K&ouml;nig &amp; Meyer Messest&auml;nde und informierten sich &uuml;ber diverse Markenprodukte, aber vor allem &uuml;ber die diesj&auml;hrigen Neuheiten. Im Mittelpunkt standen dabei der &raquo;<a href=\"http:\/\/produkte.k-m.de\/de\/Staender-und-Zubehoer-fuer-Instrumente\/Zupfinstrumente\/17515-5-fach-Gitarrenstaender-Guardian-5-schwarz\" target=\"_blank\" rel=\"noopener\">Guardian<\/a>&laquo;, ein professioneller Mehrfachgitarrenst&auml;nder f&uuml;r bis zu f&uuml;nf Gitarren und der &raquo;<a href=\"http:\/\/produkte.k-m.de\/de\/Staender-und-Zubehoer-fuer-Instrumente\/Zupfinstrumente\/17604-4-fach-Gitarrenstaender-Roadie-schwarz\" target=\"_blank\" rel=\"noopener\">Roadie<\/a>&laquo;, ein tourtauglicher Begleiter, der bis zu vier Gitarren sicher in seinen Einh&auml;ngeb&uuml;geln aufnimmt. Daneben waren die <a href=\"http:\/\/produkte.k-m.de\/de\/Multimedia-Equipment\/Halter\/19710-iPad-Stativhalter-schwarz-3-8?x2d71a=mjc4l0rqjp5or1sccc3pkk97s7\" target=\"_blank\" rel=\"noopener\">iPad-Halterungen<\/a> besonders gefragt, da sich das iPad durch zahlreiche Apps f&uuml;r den Musiker auch in dieser Branche zu einem festen Bestandteil etabliert hat.<\/p>\n<p>Eine weitere Premiere hatten <b>vier neue Produktvideos<\/b> zu den Neuheiten &raquo;Roadie&laquo;, &raquo;Guardian&laquo;, den iPad-Halterungen und der <a href=\"http:\/\/produkte.k-m.de\/de\/SitzeBaenke-und-Stehhilfen\/Stehhilfen\/14044-14045-Stehhilfe-schwarz-Stoff\" target=\"_blank\" rel=\"noopener\">Stehhilfe<\/a>. Diese sind wie die bisherigen im K&ouml;nig &amp; Meyer<a href=\"http:\/\/www.youtube,com\/koenigundmeyer\" target=\"_blank\" rel=\"noopener\"> YouTube Kanal<\/a> zu finden sind sowie auf der neuen Website der Firma. Neu ist auch, dass an jedem der zehn Produkte, die nun ein Video besitzen, im Katalog ein QR Code abgebildet ist. Scannt man diesen mit der entsprechenden App eines internetf&auml;higen Mobilger&auml;tes ab, &ouml;ffnet sich die URL des Videos. Damit spart man sich das Aufsuchen des Videos im Internet bzw. das Eintippen einer langen URL und man gelangt prompt zu den bewegten Bildern im Netz.<\/p>\n<p>Am Messedonnerstag pr&auml;sentierte K&ouml;nig &amp; Meyer &bdquo;<a href=\"http:\/\/www.sevenhell.de\" target=\"_blank\" rel=\"noopener\">Seven Hell<\/a>&ldquo; die f&uuml;r die Firma die Agora Stage rockten. Ein besonderes Highlight war auch wieder die Autogrammstunde am Hauptstand der Firma. Diesmal signierten die S&auml;ngerin und der Bassist der Rockband &bdquo;<a href=\"http:\/\/www.k-m.de\/de\/bandsundkuenstler\/jennifer-rostock.html\" target=\"_blank\" rel=\"noopener\">Jennifer Rostock<\/a>&ldquo; eine Stunde lang Poster. Auch die Fotow&uuml;nsche wurden den wartenden Fans erf&uuml;llt.<br \/>\nVor der Autogrammstunde gab die Band ein Video-Interview, das bald auch von K&ouml;nig &amp; Meyer online ver&ouml;ffentlicht wird.<\/p>\n<p>Einigen Kunden wurde innerhalb der vier Messetagen auch die <b>neue Website<\/b>, die mit dem Start der Musikmesse online ging, vorgestellt. Weiterhin unter <a href=\"http:\/\/www.k-m.de\" target=\"_blank\" rel=\"noopener\">www.k-m.de <\/a>erreichbar, befindet sich nun ein komplett neuer Internetauftritt des Musikzubeh&ouml;rherstellers.<\/p>\n<p>Auch <b>n&auml;chstes Jahr vom 21.-24.03.2012<\/b> wird K&ouml;nig &amp; Meyer wieder am gr&ouml;&szlig;ten Treffen der Musikbranche teilnehmen.<\/p>\n","protected":false},"excerpt":{"rendered":"<p>Mit einem Ausstellerrekord ist die Musikmesse Frankfurt nach vier Tagen, am Samstag den 09. April, zu Ende gegangen. 2384 Aussteller<span class=\"read_more\">Mehr erfahren<\/span><\/p>\n","protected":false},"author":11,"featured_media":6851,"comment_status":"open","ping_status":"open","sticky":false,"template":"","format":"standard","meta":{"footnotes":""},"categories":[958],"tags":[],"class_list":["post-6850","post","type-post","status-publish","format-standard","has-post-thumbnail","hentry","category-messenews"],"better_featured_image":{"id":6851,"alt_text":"Messestand Musikmesse I Kundenberatung bei ausgestellten Produkten","caption":"","description":"","media_type":"image","media_details":{"width":1800,"height":1200,"file":"news\/IMG_8190.JPG","sizes":{"medium":{"file":"IMG_8190-600x400.jpg","width":600,"height":400,"mime-type":"image\/jpeg","source_url":"https:\/\/www.k-m.de\/brand\/wp-content\/uploads\/news\/IMG_8190-600x400.jpg"},"profile_24":{"file":"IMG_8190-24x24.jpg","width":24,"height":24,"mime-type":"image\/jpeg","source_url":"https:\/\/www.k-m.de\/brand\/wp-content\/uploads\/news\/IMG_8190-24x24.jpg"},"profile_48":{"file":"IMG_8190-48x48.jpg","width":48,"height":48,"mime-type":"image\/jpeg","source_url":"https:\/\/www.k-m.de\/brand\/wp-content\/uploads\/news\/IMG_8190-48x48.jpg"},"profile_96":{"file":"IMG_8190-96x96.jpg","width":96,"height":96,"mime-type":"image\/jpeg","source_url":"https:\/\/www.k-m.de\/brand\/wp-content\/uploads\/news\/IMG_8190-96x96.jpg"},"thumbnail":{"file":"IMG_8190-800x480.jpg","width":800,"height":480,"mime-type":"image\/jpeg","source_url":"https:\/\/www.k-m.de\/brand\/wp-content\/uploads\/news\/IMG_8190-800x480.jpg"},"medium_large":{"file":"IMG_8190-768x512.jpg","width":768,"height":512,"mime-type":"image\/jpeg","source_url":"https:\/\/www.k-m.de\/brand\/wp-content\/uploads\/news\/IMG_8190-768x512.jpg"},"large":{"file":"IMG_8190-1024x683.jpg","width":1024,"height":683,"mime-type":"image\/jpeg","source_url":"https:\/\/www.k-m.de\/brand\/wp-content\/uploads\/news\/IMG_8190-1024x683.jpg"},"post-thumbnail":{"file":"IMG_8190-800x480.jpg","width":800,"height":480,"mime-type":"image\/jpeg","source_url":"https:\/\/www.k-m.de\/brand\/wp-content\/uploads\/news\/IMG_8190-800x480.jpg"},"medium_cropped":{"file":"IMG_8190-600x600.jpg","width":600,"height":600,"mime-type":"image\/jpeg","source_url":"https:\/\/www.k-m.de\/brand\/wp-content\/uploads\/news\/IMG_8190-600x600.jpg"},"large_cropped":{"file":"IMG_8190-1200x720.jpg","width":1200,"height":720,"mime-type":"image\/jpeg","source_url":"https:\/\/www.k-m.de\/brand\/wp-content\/uploads\/news\/IMG_8190-1200x720.jpg"},"very_large_cropped":{"file":"IMG_8190-1800x900.jpg","width":1800,"height":900,"mime-type":"image\/jpeg","source_url":"https:\/\/www.k-m.de\/brand\/wp-content\/uploads\/news\/IMG_8190-1800x900.jpg"},"landingpage_thumb":{"file":"IMG_8190-450x300.jpg","width":450,"height":300,"mime-type":"image\/jpeg","source_url":"https:\/\/www.k-m.de\/brand\/wp-content\/uploads\/news\/IMG_8190-450x300.jpg"},"medium_old_300x200":{"file":"IMG_8190-300x200.jpg","width":300,"height":200,"mime-type":"image\/jpeg","source_url":"https:\/\/www.k-m.de\/brand\/wp-content\/uploads\/news\/IMG_8190-300x200.jpg"},"thumbnail_old_150x150":{"file":"IMG_8190-150x150.jpg","width":150,"height":150,"mime-type":"image\/jpeg","source_url":"https:\/\/www.k-m.de\/brand\/wp-content\/uploads\/news\/IMG_8190-150x150.jpg"}},"image_meta":{"aperture":"0","credit":"","camera":"","caption":"","created_timestamp":"0","copyright":"","focal_length":"0","iso":"0","shutter_speed":"0","title":"","orientation":"0","keywords":[]}},"post":6850,"source_url":"https:\/\/www.k-m.de\/brand\/wp-content\/uploads\/news\/IMG_8190.JPG"},"post_meta_fields":{"_vc_post_settings":["a:1:{s:10:\"vc_grid_id\";a:0:{}}"],"_wpml_media_featured":["1"],"_wpml_media_duplicate":["1"],"_thumbnail_id":["6851"],"_edit_last":["8"],"_post_dealeronly":[""],"_edit_lock":["1615455182:8"]},"yoast_head":"<!-- This site is optimized with the Yoast SEO Premium plugin v26.8 (Yoast SEO v27.4) - https:\/\/yoast.com\/product\/yoast-seo-premium-wordpress\/ -->\n<title>Erfolgreiche Messewoche f\u00fcr K\u00f6nig &amp; Meyer - K\u00f6nig &amp; Meyer<\/title>\n<meta name=\"robots\" content=\"index, follow, max-snippet:-1, max-image-preview:large, max-video-preview:-1\" \/>\n<link rel=\"canonical\" href=\"https:\/\/www.k-m.de\/brand\/de\/erfolgreiche-messewoche-fuer-koenig-meyer\/\" \/>\n<meta property=\"og:locale\" content=\"de_DE\" \/>\n<meta property=\"og:type\" content=\"article\" \/>\n<meta property=\"og:title\" content=\"Erfolgreiche Messewoche f\u00fcr K\u00f6nig &amp; Meyer\" \/>\n<meta property=\"og:description\" content=\"Mit einem Ausstellerrekord ist die Musikmesse Frankfurt nach vier Tagen, am Samstag den 09. April, zu Ende gegangen. 2384 AusstellerMehr erfahren\" \/>\n<meta property=\"og:url\" content=\"https:\/\/www.k-m.de\/brand\/de\/erfolgreiche-messewoche-fuer-koenig-meyer\/\" \/>\n<meta property=\"og:site_name\" content=\"K\u00f6nig &amp; Meyer\" \/>\n<meta property=\"article:published_time\" content=\"2011-04-13T11:20:58+00:00\" \/>\n<meta property=\"article:modified_time\" content=\"2021-03-24T08:45:34+00:00\" \/>\n<meta property=\"og:image\" content=\"https:\/\/www.k-m.de\/brand\/wp-content\/uploads\/news\/IMG_8190.JPG\" \/>\n\t<meta property=\"og:image:width\" content=\"1800\" \/>\n\t<meta property=\"og:image:height\" content=\"1200\" \/>\n\t<meta property=\"og:image:type\" content=\"image\/jpeg\" \/>\n<meta name=\"author\" content=\"GabrielaKoenig\" \/>\n<meta name=\"twitter:card\" content=\"summary_large_image\" \/>\n<meta name=\"twitter:label1\" content=\"Verfasst von\" \/>\n\t<meta name=\"twitter:data1\" content=\"GabrielaKoenig\" \/>\n\t<meta name=\"twitter:label2\" content=\"Gesch\u00e4tzte Lesezeit\" \/>\n\t<meta name=\"twitter:data2\" content=\"3\u00a0Minuten\" \/>\n<script type=\"application\/ld+json\" class=\"yoast-schema-graph\">{\"@context\":\"https:\\\/\\\/schema.org\",\"@graph\":[{\"@type\":\"Article\",\"@id\":\"https:\\\/\\\/www.k-m.de\\\/brand\\\/de\\\/erfolgreiche-messewoche-fuer-koenig-meyer\\\/#article\",\"isPartOf\":{\"@id\":\"https:\\\/\\\/www.k-m.de\\\/brand\\\/de\\\/erfolgreiche-messewoche-fuer-koenig-meyer\\\/\"},\"author\":{\"name\":\"GabrielaKoenig\",\"@id\":\"https:\\\/\\\/www.k-m.de\\\/brand\\\/de\\\/#\\\/schema\\\/person\\\/3ff4ea52479c68168f700a9de51034c6\"},\"headline\":\"Erfolgreiche Messewoche f\u00fcr K\u00f6nig &#038; Meyer\",\"datePublished\":\"2011-04-13T11:20:58+00:00\",\"dateModified\":\"2021-03-24T08:45:34+00:00\",\"mainEntityOfPage\":{\"@id\":\"https:\\\/\\\/www.k-m.de\\\/brand\\\/de\\\/erfolgreiche-messewoche-fuer-koenig-meyer\\\/\"},\"wordCount\":548,\"commentCount\":0,\"publisher\":{\"@id\":\"https:\\\/\\\/www.k-m.de\\\/brand\\\/de\\\/#organization\"},\"image\":{\"@id\":\"https:\\\/\\\/www.k-m.de\\\/brand\\\/de\\\/erfolgreiche-messewoche-fuer-koenig-meyer\\\/#primaryimage\"},\"thumbnailUrl\":\"https:\\\/\\\/www.k-m.de\\\/brand\\\/wp-content\\\/uploads\\\/news\\\/IMG_8190.JPG\",\"articleSection\":[\"Messe-News\"],\"inLanguage\":\"de\",\"potentialAction\":[{\"@type\":\"CommentAction\",\"name\":\"Comment\",\"target\":[\"https:\\\/\\\/www.k-m.de\\\/brand\\\/de\\\/erfolgreiche-messewoche-fuer-koenig-meyer\\\/#respond\"]}]},{\"@type\":\"WebPage\",\"@id\":\"https:\\\/\\\/www.k-m.de\\\/brand\\\/de\\\/erfolgreiche-messewoche-fuer-koenig-meyer\\\/\",\"url\":\"https:\\\/\\\/www.k-m.de\\\/brand\\\/de\\\/erfolgreiche-messewoche-fuer-koenig-meyer\\\/\",\"name\":\"Erfolgreiche Messewoche f\u00fcr K\u00f6nig & Meyer - K\u00f6nig &amp; Meyer\",\"isPartOf\":{\"@id\":\"https:\\\/\\\/www.k-m.de\\\/brand\\\/de\\\/#website\"},\"primaryImageOfPage\":{\"@id\":\"https:\\\/\\\/www.k-m.de\\\/brand\\\/de\\\/erfolgreiche-messewoche-fuer-koenig-meyer\\\/#primaryimage\"},\"image\":{\"@id\":\"https:\\\/\\\/www.k-m.de\\\/brand\\\/de\\\/erfolgreiche-messewoche-fuer-koenig-meyer\\\/#primaryimage\"},\"thumbnailUrl\":\"https:\\\/\\\/www.k-m.de\\\/brand\\\/wp-content\\\/uploads\\\/news\\\/IMG_8190.JPG\",\"datePublished\":\"2011-04-13T11:20:58+00:00\",\"dateModified\":\"2021-03-24T08:45:34+00:00\",\"breadcrumb\":{\"@id\":\"https:\\\/\\\/www.k-m.de\\\/brand\\\/de\\\/erfolgreiche-messewoche-fuer-koenig-meyer\\\/#breadcrumb\"},\"inLanguage\":\"de\",\"potentialAction\":[{\"@type\":\"ReadAction\",\"target\":[\"https:\\\/\\\/www.k-m.de\\\/brand\\\/de\\\/erfolgreiche-messewoche-fuer-koenig-meyer\\\/\"]}]},{\"@type\":\"ImageObject\",\"inLanguage\":\"de\",\"@id\":\"https:\\\/\\\/www.k-m.de\\\/brand\\\/de\\\/erfolgreiche-messewoche-fuer-koenig-meyer\\\/#primaryimage\",\"url\":\"https:\\\/\\\/www.k-m.de\\\/brand\\\/wp-content\\\/uploads\\\/news\\\/IMG_8190.JPG\",\"contentUrl\":\"https:\\\/\\\/www.k-m.de\\\/brand\\\/wp-content\\\/uploads\\\/news\\\/IMG_8190.JPG\",\"width\":1800,\"height\":1200,\"caption\":\"Messestand Musikmesse I Kundenberatung bei ausgestellten Produkten\"},{\"@type\":\"BreadcrumbList\",\"@id\":\"https:\\\/\\\/www.k-m.de\\\/brand\\\/de\\\/erfolgreiche-messewoche-fuer-koenig-meyer\\\/#breadcrumb\",\"itemListElement\":[{\"@type\":\"ListItem\",\"position\":1,\"name\":\"Startseite\",\"item\":\"https:\\\/\\\/www.k-m.de\\\/brand\\\/de\\\/\"},{\"@type\":\"ListItem\",\"position\":2,\"name\":\"Erfolgreiche Messewoche f\u00fcr K\u00f6nig &#038; Meyer\"}]},{\"@type\":\"WebSite\",\"@id\":\"https:\\\/\\\/www.k-m.de\\\/brand\\\/de\\\/#website\",\"url\":\"https:\\\/\\\/www.k-m.de\\\/brand\\\/de\\\/\",\"name\":\"K\u00f6nig & Meyer\",\"description\":\"K\u00f6nig &amp; Meyer ist ein weltweit f\u00fchrender Hersteller f\u00fcr Musikzubeh\u00f6r. Seit \u00fcber 65 Jahren steht K&amp;M f\u00fcr qualitativ hochwertige Produkte.\",\"publisher\":{\"@id\":\"https:\\\/\\\/www.k-m.de\\\/brand\\\/de\\\/#organization\"},\"potentialAction\":[{\"@type\":\"SearchAction\",\"target\":{\"@type\":\"EntryPoint\",\"urlTemplate\":\"https:\\\/\\\/www.k-m.de\\\/brand\\\/de\\\/?s={search_term_string}\"},\"query-input\":{\"@type\":\"PropertyValueSpecification\",\"valueRequired\":true,\"valueName\":\"search_term_string\"}}],\"inLanguage\":\"de\"},{\"@type\":\"Organization\",\"@id\":\"https:\\\/\\\/www.k-m.de\\\/brand\\\/de\\\/#organization\",\"name\":\"K\u00f6nig & Meyer\",\"url\":\"https:\\\/\\\/www.k-m.de\\\/brand\\\/de\\\/\",\"logo\":{\"@type\":\"ImageObject\",\"inLanguage\":\"de\",\"@id\":\"https:\\\/\\\/www.k-m.de\\\/brand\\\/de\\\/#\\\/schema\\\/logo\\\/image\\\/\",\"url\":\"https:\\\/\\\/www.k-m.de\\\/brand\\\/wp-content\\\/uploads\\\/2023\\\/01\\\/KM_1c.tif\",\"contentUrl\":\"https:\\\/\\\/www.k-m.de\\\/brand\\\/wp-content\\\/uploads\\\/2023\\\/01\\\/KM_1c.tif\",\"width\":1,\"height\":1,\"caption\":\"K\u00f6nig & Meyer\"},\"image\":{\"@id\":\"https:\\\/\\\/www.k-m.de\\\/brand\\\/de\\\/#\\\/schema\\\/logo\\\/image\\\/\"}},{\"@type\":\"Person\",\"@id\":\"https:\\\/\\\/www.k-m.de\\\/brand\\\/de\\\/#\\\/schema\\\/person\\\/3ff4ea52479c68168f700a9de51034c6\",\"name\":\"GabrielaKoenig\",\"description\":\"CEO\",\"url\":\"https:\\\/\\\/www.k-m.de\\\/brand\\\/de\\\/author\\\/gabrielakoenig\\\/\"}]}<\/script>\n<!-- \/ Yoast SEO Premium plugin. -->","yoast_head_json":{"title":"Erfolgreiche Messewoche f\u00fcr K\u00f6nig & Meyer - K\u00f6nig &amp; Meyer","robots":{"index":"index","follow":"follow","max-snippet":"max-snippet:-1","max-image-preview":"max-image-preview:large","max-video-preview":"max-video-preview:-1"},"canonical":"https:\/\/www.k-m.de\/brand\/de\/erfolgreiche-messewoche-fuer-koenig-meyer\/","og_locale":"de_DE","og_type":"article","og_title":"Erfolgreiche Messewoche f\u00fcr K\u00f6nig & Meyer","og_description":"Mit einem Ausstellerrekord ist die Musikmesse Frankfurt nach vier Tagen, am Samstag den 09. April, zu Ende gegangen. 2384 AusstellerMehr erfahren","og_url":"https:\/\/www.k-m.de\/brand\/de\/erfolgreiche-messewoche-fuer-koenig-meyer\/","og_site_name":"K\u00f6nig &amp; Meyer","article_published_time":"2011-04-13T11:20:58+00:00","article_modified_time":"2021-03-24T08:45:34+00:00","og_image":[{"width":1800,"height":1200,"url":"https:\/\/www.k-m.de\/brand\/wp-content\/uploads\/news\/IMG_8190.JPG","type":"image\/jpeg"}],"author":"GabrielaKoenig","twitter_card":"summary_large_image","twitter_misc":{"Verfasst von":"GabrielaKoenig","Gesch\u00e4tzte Lesezeit":"3\u00a0Minuten"},"schema":{"@context":"https:\/\/schema.org","@graph":[{"@type":"Article","@id":"https:\/\/www.k-m.de\/brand\/de\/erfolgreiche-messewoche-fuer-koenig-meyer\/#article","isPartOf":{"@id":"https:\/\/www.k-m.de\/brand\/de\/erfolgreiche-messewoche-fuer-koenig-meyer\/"},"author":{"name":"GabrielaKoenig","@id":"https:\/\/www.k-m.de\/brand\/de\/#\/schema\/person\/3ff4ea52479c68168f700a9de51034c6"},"headline":"Erfolgreiche Messewoche f\u00fcr K\u00f6nig &#038; Meyer","datePublished":"2011-04-13T11:20:58+00:00","dateModified":"2021-03-24T08:45:34+00:00","mainEntityOfPage":{"@id":"https:\/\/www.k-m.de\/brand\/de\/erfolgreiche-messewoche-fuer-koenig-meyer\/"},"wordCount":548,"commentCount":0,"publisher":{"@id":"https:\/\/www.k-m.de\/brand\/de\/#organization"},"image":{"@id":"https:\/\/www.k-m.de\/brand\/de\/erfolgreiche-messewoche-fuer-koenig-meyer\/#primaryimage"},"thumbnailUrl":"https:\/\/www.k-m.de\/brand\/wp-content\/uploads\/news\/IMG_8190.JPG","articleSection":["Messe-News"],"inLanguage":"de","potentialAction":[{"@type":"CommentAction","name":"Comment","target":["https:\/\/www.k-m.de\/brand\/de\/erfolgreiche-messewoche-fuer-koenig-meyer\/#respond"]}]},{"@type":"WebPage","@id":"https:\/\/www.k-m.de\/brand\/de\/erfolgreiche-messewoche-fuer-koenig-meyer\/","url":"https:\/\/www.k-m.de\/brand\/de\/erfolgreiche-messewoche-fuer-koenig-meyer\/","name":"Erfolgreiche Messewoche f\u00fcr K\u00f6nig & Meyer - K\u00f6nig &amp; Meyer","isPartOf":{"@id":"https:\/\/www.k-m.de\/brand\/de\/#website"},"primaryImageOfPage":{"@id":"https:\/\/www.k-m.de\/brand\/de\/erfolgreiche-messewoche-fuer-koenig-meyer\/#primaryimage"},"image":{"@id":"https:\/\/www.k-m.de\/brand\/de\/erfolgreiche-messewoche-fuer-koenig-meyer\/#primaryimage"},"thumbnailUrl":"https:\/\/www.k-m.de\/brand\/wp-content\/uploads\/news\/IMG_8190.JPG","datePublished":"2011-04-13T11:20:58+00:00","dateModified":"2021-03-24T08:45:34+00:00","breadcrumb":{"@id":"https:\/\/www.k-m.de\/brand\/de\/erfolgreiche-messewoche-fuer-koenig-meyer\/#breadcrumb"},"inLanguage":"de","potentialAction":[{"@type":"ReadAction","target":["https:\/\/www.k-m.de\/brand\/de\/erfolgreiche-messewoche-fuer-koenig-meyer\/"]}]},{"@type":"ImageObject","inLanguage":"de","@id":"https:\/\/www.k-m.de\/brand\/de\/erfolgreiche-messewoche-fuer-koenig-meyer\/#primaryimage","url":"https:\/\/www.k-m.de\/brand\/wp-content\/uploads\/news\/IMG_8190.JPG","contentUrl":"https:\/\/www.k-m.de\/brand\/wp-content\/uploads\/news\/IMG_8190.JPG","width":1800,"height":1200,"caption":"Messestand Musikmesse I Kundenberatung bei ausgestellten Produkten"},{"@type":"BreadcrumbList","@id":"https:\/\/www.k-m.de\/brand\/de\/erfolgreiche-messewoche-fuer-koenig-meyer\/#breadcrumb","itemListElement":[{"@type":"ListItem","position":1,"name":"Startseite","item":"https:\/\/www.k-m.de\/brand\/de\/"},{"@type":"ListItem","position":2,"name":"Erfolgreiche Messewoche f\u00fcr K\u00f6nig &#038; Meyer"}]},{"@type":"WebSite","@id":"https:\/\/www.k-m.de\/brand\/de\/#website","url":"https:\/\/www.k-m.de\/brand\/de\/","name":"K\u00f6nig & Meyer","description":"K\u00f6nig &amp; Meyer ist ein weltweit f\u00fchrender Hersteller f\u00fcr Musikzubeh\u00f6r. Seit \u00fcber 65 Jahren steht K&amp;M f\u00fcr qualitativ hochwertige Produkte.","publisher":{"@id":"https:\/\/www.k-m.de\/brand\/de\/#organization"},"potentialAction":[{"@type":"SearchAction","target":{"@type":"EntryPoint","urlTemplate":"https:\/\/www.k-m.de\/brand\/de\/?s={search_term_string}"},"query-input":{"@type":"PropertyValueSpecification","valueRequired":true,"valueName":"search_term_string"}}],"inLanguage":"de"},{"@type":"Organization","@id":"https:\/\/www.k-m.de\/brand\/de\/#organization","name":"K\u00f6nig & Meyer","url":"https:\/\/www.k-m.de\/brand\/de\/","logo":{"@type":"ImageObject","inLanguage":"de","@id":"https:\/\/www.k-m.de\/brand\/de\/#\/schema\/logo\/image\/","url":"https:\/\/www.k-m.de\/brand\/wp-content\/uploads\/2023\/01\/KM_1c.tif","contentUrl":"https:\/\/www.k-m.de\/brand\/wp-content\/uploads\/2023\/01\/KM_1c.tif","width":1,"height":1,"caption":"K\u00f6nig & Meyer"},"image":{"@id":"https:\/\/www.k-m.de\/brand\/de\/#\/schema\/logo\/image\/"}},{"@type":"Person","@id":"https:\/\/www.k-m.de\/brand\/de\/#\/schema\/person\/3ff4ea52479c68168f700a9de51034c6","name":"GabrielaKoenig","description":"CEO","url":"https:\/\/www.k-m.de\/brand\/de\/author\/gabrielakoenig\/"}]}},"_links":{"self":[{"href":"https:\/\/www.k-m.de\/brand\/de\/wp-json\/wp\/v2\/posts\/6850","targetHints":{"allow":["GET"]}}],"collection":[{"href":"https:\/\/www.k-m.de\/brand\/de\/wp-json\/wp\/v2\/posts"}],"about":[{"href":"https:\/\/www.k-m.de\/brand\/de\/wp-json\/wp\/v2\/types\/post"}],"author":[{"embeddable":true,"href":"https:\/\/www.k-m.de\/brand\/de\/wp-json\/wp\/v2\/users\/11"}],"replies":[{"embeddable":true,"href":"https:\/\/www.k-m.de\/brand\/de\/wp-json\/wp\/v2\/comments?post=6850"}],"version-history":[{"count":2,"href":"https:\/\/www.k-m.de\/brand\/de\/wp-json\/wp\/v2\/posts\/6850\/revisions"}],"predecessor-version":[{"id":15593,"href":"https:\/\/www.k-m.de\/brand\/de\/wp-json\/wp\/v2\/posts\/6850\/revisions\/15593"}],"wp:featuredmedia":[{"embeddable":true,"href":"https:\/\/www.k-m.de\/brand\/de\/wp-json\/wp\/v2\/media\/6851"}],"wp:attachment":[{"href":"https:\/\/www.k-m.de\/brand\/de\/wp-json\/wp\/v2\/media?parent=6850"}],"wp:term":[{"taxonomy":"category","embeddable":true,"href":"https:\/\/www.k-m.de\/brand\/de\/wp-json\/wp\/v2\/categories?post=6850"},{"taxonomy":"post_tag","embeddable":true,"href":"https:\/\/www.k-m.de\/brand\/de\/wp-json\/wp\/v2\/tags?post=6850"}],"curies":[{"name":"wp","href":"https:\/\/api.w.org\/{rel}","templated":true}]}}