{"id":6853,"date":"2011-04-09T15:55:09","date_gmt":"2011-04-09T13:55:09","guid":{"rendered":"https:\/\/www.k-m.de\/brand\/der-4-und-letzte-tag-auf-der-musikmesse\/"},"modified":"2024-04-21T14:30:36","modified_gmt":"2024-04-21T12:30:36","slug":"der-4-und-letzte-tag-auf-der-musikmesse","status":"publish","type":"post","link":"https:\/\/www.k-m.de\/brand\/de\/der-4-und-letzte-tag-auf-der-musikmesse\/","title":{"rendered":"Der 4. und letzte Tag auf der Musikmesse!"},"content":{"rendered":"<p>Heute sind haupts&auml;chlich Endverbraucher auf der Messe. So kommen an unseren Stand heute besonders viele private Konsumenten, die Fragen zu ihrem gekauften Produkt haben und allgemein zu unseren Produkten oder sie schauen sich die ausgestellten Produkte an.<br \/>\nDurch die vielen Leute, darunter eben haupts&auml;chlich Musiker, die alle ausgestellten Instrumente spielen oder versuchen zu spielen, ist es heute besonders laut &ndash; zu laut &#8211; hier. Wir haben um, die 100 Dezibel gemessen.<\/p>\n<p>Um kurz vor halb zwei kamen Jennifer Rostock an unseren Stand, das hei&szlig;t die S&auml;ngerin Jennifer und Chris, der Bassist von der Band. In der Kabine wurde mit ihnen ein Interview gefilmt.<br \/>\nUm Punkt zwei kamen sie raus an die Theke zum Autogramme schreiben. Inzwischen hatte sich schon eine lange Schlange gebildet. Eine Stunde lang signiertn die beiden Stars&nbsp; Poster und machten bereitwillig mit den Fans Fotos.<br \/>\nAm Nachmittag schaute dann noch Vivien am Stand vorbei. Die modelnde S&auml;ngerin hatte vor kurzem f&uuml;r uns mit uns ein Fotoshooting gemacht.<\/p>\n<p>So ging auch der letzte Tag und damit die Musikmesse 2011 zu Ende.<\/p>\n","protected":false},"excerpt":{"rendered":"<p>Heute sind haupts&auml;chlich Endverbraucher auf der Messe. So kommen an unseren Stand heute besonders viele private Konsumenten, die Fragen zu<span class=\"read_more\">Mehr erfahren<\/span><\/p>\n","protected":false},"author":9,"featured_media":6854,"comment_status":"open","ping_status":"open","sticky":false,"template":"","format":"standard","meta":{"footnotes":""},"categories":[958],"tags":[],"class_list":["post-6853","post","type-post","status-publish","format-standard","has-post-thumbnail","hentry","category-messenews"],"better_featured_image":{"id":6854,"alt_text":"Jennifer Rostock zur Autogrammstunde auf der Musikmesse","caption":"","description":"","media_type":"image","media_details":{"width":900,"height":1200,"file":"news\/P1030150.JPG","sizes":{"medium":{"file":"P1030150-450x600.jpg","width":450,"height":600,"mime-type":"image\/jpeg","source_url":"https:\/\/www.k-m.de\/brand\/wp-content\/uploads\/news\/P1030150-450x600.jpg"},"profile_24":{"file":"P1030150-24x24.jpg","width":24,"height":24,"mime-type":"image\/jpeg","source_url":"https:\/\/www.k-m.de\/brand\/wp-content\/uploads\/news\/P1030150-24x24.jpg"},"profile_48":{"file":"P1030150-48x48.jpg","width":48,"height":48,"mime-type":"image\/jpeg","source_url":"https:\/\/www.k-m.de\/brand\/wp-content\/uploads\/news\/P1030150-48x48.jpg"},"profile_96":{"file":"P1030150-96x96.jpg","width":96,"height":96,"mime-type":"image\/jpeg","source_url":"https:\/\/www.k-m.de\/brand\/wp-content\/uploads\/news\/P1030150-96x96.jpg"},"thumbnail":{"file":"P1030150-800x480.jpg","width":800,"height":480,"mime-type":"image\/jpeg","source_url":"https:\/\/www.k-m.de\/brand\/wp-content\/uploads\/news\/P1030150-800x480.jpg"},"medium_large":{"file":"P1030150-768x1024.jpg","width":768,"height":1024,"mime-type":"image\/jpeg","source_url":"https:\/\/www.k-m.de\/brand\/wp-content\/uploads\/news\/P1030150-768x1024.jpg"},"large":{"file":"P1030150-768x1024.jpg","width":768,"height":1024,"mime-type":"image\/jpeg","source_url":"https:\/\/www.k-m.de\/brand\/wp-content\/uploads\/news\/P1030150-768x1024.jpg"},"post-thumbnail":{"file":"P1030150-800x480.jpg","width":800,"height":480,"mime-type":"image\/jpeg","source_url":"https:\/\/www.k-m.de\/brand\/wp-content\/uploads\/news\/P1030150-800x480.jpg"},"medium_cropped":{"file":"P1030150-600x600.jpg","width":600,"height":600,"mime-type":"image\/jpeg","source_url":"https:\/\/www.k-m.de\/brand\/wp-content\/uploads\/news\/P1030150-600x600.jpg"},"large_cropped":{"file":"P1030150-1200x720.jpg","width":1200,"height":720,"mime-type":"image\/jpeg","source_url":"https:\/\/www.k-m.de\/brand\/wp-content\/uploads\/news\/P1030150-1200x720.jpg"},"very_large":{"file":"P1030150-900x1200.jpg","width":900,"height":1200,"mime-type":"image\/jpeg","source_url":"https:\/\/www.k-m.de\/brand\/wp-content\/uploads\/news\/P1030150-900x1200.jpg"},"very_large_cropped":{"file":"P1030150-1800x900.jpg","width":1800,"height":900,"mime-type":"image\/jpeg","source_url":"https:\/\/www.k-m.de\/brand\/wp-content\/uploads\/news\/P1030150-1800x900.jpg"},"landingpage_thumb":{"file":"P1030150-225x300.jpg","width":225,"height":300,"mime-type":"image\/jpeg","source_url":"https:\/\/www.k-m.de\/brand\/wp-content\/uploads\/news\/P1030150-225x300.jpg"},"medium_old_225x300":{"file":"P1030150-225x300.jpg","width":225,"height":300,"mime-type":"image\/jpeg","source_url":"https:\/\/www.k-m.de\/brand\/wp-content\/uploads\/news\/P1030150-225x300.jpg"},"thumbnail_old_150x150":{"file":"P1030150-150x150.jpg","width":150,"height":150,"mime-type":"image\/jpeg","source_url":"https:\/\/www.k-m.de\/brand\/wp-content\/uploads\/news\/P1030150-150x150.jpg"}},"image_meta":{"aperture":"0","credit":"","camera":"","caption":"","created_timestamp":"0","copyright":"","focal_length":"0","iso":"0","shutter_speed":"0","title":"","orientation":"0","keywords":[]}},"post":6853,"source_url":"https:\/\/www.k-m.de\/brand\/wp-content\/uploads\/news\/P1030150.JPG"},"post_meta_fields":{"_wpml_media_featured":["1"],"_wpml_media_duplicate":["1"],"_thumbnail_id":["6854"],"_edit_last":["9"],"_post_dealeronly":[""],"_edit_lock":["1755453279:9"],"_yoast_indexnow_last_ping":["1713702637"],"_wpml_word_count":["{\"total\":188,\"to_translate\":{\"en\":188,\"us\":188}}"]},"yoast_head":"<!-- This site is optimized with the Yoast SEO Premium plugin v26.8 (Yoast SEO v27.4) - https:\/\/yoast.com\/product\/yoast-seo-premium-wordpress\/ -->\n<title>Der 4. und letzte Tag auf der Musikmesse! - K\u00f6nig &amp; Meyer<\/title>\n<meta name=\"robots\" content=\"index, follow, max-snippet:-1, max-image-preview:large, max-video-preview:-1\" \/>\n<link rel=\"canonical\" href=\"https:\/\/www.k-m.de\/brand\/de\/der-4-und-letzte-tag-auf-der-musikmesse\/\" \/>\n<meta property=\"og:locale\" content=\"de_DE\" \/>\n<meta property=\"og:type\" content=\"article\" \/>\n<meta property=\"og:title\" content=\"Der 4. und letzte Tag auf der Musikmesse!\" \/>\n<meta property=\"og:description\" content=\"Heute sind haupts&auml;chlich Endverbraucher auf der Messe. So kommen an unseren Stand heute besonders viele private Konsumenten, die Fragen zuMehr erfahren\" \/>\n<meta property=\"og:url\" content=\"https:\/\/www.k-m.de\/brand\/de\/der-4-und-letzte-tag-auf-der-musikmesse\/\" \/>\n<meta property=\"og:site_name\" content=\"K\u00f6nig &amp; Meyer\" \/>\n<meta property=\"article:published_time\" content=\"2011-04-09T13:55:09+00:00\" \/>\n<meta property=\"article:modified_time\" content=\"2024-04-21T12:30:36+00:00\" \/>\n<meta property=\"og:image\" content=\"https:\/\/www.k-m.de\/brand\/wp-content\/uploads\/news\/P1030150.JPG\" \/>\n\t<meta property=\"og:image:width\" content=\"900\" \/>\n\t<meta property=\"og:image:height\" content=\"1200\" \/>\n\t<meta property=\"og:image:type\" content=\"image\/jpeg\" \/>\n<meta name=\"author\" content=\"Sandra Scholtz\" \/>\n<meta name=\"twitter:card\" content=\"summary_large_image\" \/>\n<meta name=\"twitter:label1\" content=\"Verfasst von\" \/>\n\t<meta name=\"twitter:data1\" content=\"Sandra Scholtz\" \/>\n\t<meta name=\"twitter:label2\" content=\"Gesch\u00e4tzte Lesezeit\" \/>\n\t<meta name=\"twitter:data2\" content=\"1\u00a0Minute\" \/>\n<script type=\"application\/ld+json\" class=\"yoast-schema-graph\">{\"@context\":\"https:\\\/\\\/schema.org\",\"@graph\":[{\"@type\":\"Article\",\"@id\":\"https:\\\/\\\/www.k-m.de\\\/brand\\\/de\\\/der-4-und-letzte-tag-auf-der-musikmesse\\\/#article\",\"isPartOf\":{\"@id\":\"https:\\\/\\\/www.k-m.de\\\/brand\\\/de\\\/der-4-und-letzte-tag-auf-der-musikmesse\\\/\"},\"author\":{\"name\":\"Sandra Scholtz\",\"@id\":\"https:\\\/\\\/www.k-m.de\\\/brand\\\/de\\\/#\\\/schema\\\/person\\\/ec9984d920bbfdc597fe63f9d3d0dbcb\"},\"headline\":\"Der 4. und letzte Tag auf der Musikmesse!\",\"datePublished\":\"2011-04-09T13:55:09+00:00\",\"dateModified\":\"2024-04-21T12:30:36+00:00\",\"mainEntityOfPage\":{\"@id\":\"https:\\\/\\\/www.k-m.de\\\/brand\\\/de\\\/der-4-und-letzte-tag-auf-der-musikmesse\\\/\"},\"wordCount\":191,\"commentCount\":0,\"publisher\":{\"@id\":\"https:\\\/\\\/www.k-m.de\\\/brand\\\/de\\\/#organization\"},\"image\":{\"@id\":\"https:\\\/\\\/www.k-m.de\\\/brand\\\/de\\\/der-4-und-letzte-tag-auf-der-musikmesse\\\/#primaryimage\"},\"thumbnailUrl\":\"https:\\\/\\\/www.k-m.de\\\/brand\\\/wp-content\\\/uploads\\\/news\\\/P1030150.JPG\",\"articleSection\":[\"Messe-News\"],\"inLanguage\":\"de\",\"potentialAction\":[{\"@type\":\"CommentAction\",\"name\":\"Comment\",\"target\":[\"https:\\\/\\\/www.k-m.de\\\/brand\\\/de\\\/der-4-und-letzte-tag-auf-der-musikmesse\\\/#respond\"]}]},{\"@type\":\"WebPage\",\"@id\":\"https:\\\/\\\/www.k-m.de\\\/brand\\\/de\\\/der-4-und-letzte-tag-auf-der-musikmesse\\\/\",\"url\":\"https:\\\/\\\/www.k-m.de\\\/brand\\\/de\\\/der-4-und-letzte-tag-auf-der-musikmesse\\\/\",\"name\":\"Der 4. und letzte Tag auf der Musikmesse! - K\u00f6nig &amp; Meyer\",\"isPartOf\":{\"@id\":\"https:\\\/\\\/www.k-m.de\\\/brand\\\/de\\\/#website\"},\"primaryImageOfPage\":{\"@id\":\"https:\\\/\\\/www.k-m.de\\\/brand\\\/de\\\/der-4-und-letzte-tag-auf-der-musikmesse\\\/#primaryimage\"},\"image\":{\"@id\":\"https:\\\/\\\/www.k-m.de\\\/brand\\\/de\\\/der-4-und-letzte-tag-auf-der-musikmesse\\\/#primaryimage\"},\"thumbnailUrl\":\"https:\\\/\\\/www.k-m.de\\\/brand\\\/wp-content\\\/uploads\\\/news\\\/P1030150.JPG\",\"datePublished\":\"2011-04-09T13:55:09+00:00\",\"dateModified\":\"2024-04-21T12:30:36+00:00\",\"breadcrumb\":{\"@id\":\"https:\\\/\\\/www.k-m.de\\\/brand\\\/de\\\/der-4-und-letzte-tag-auf-der-musikmesse\\\/#breadcrumb\"},\"inLanguage\":\"de\",\"potentialAction\":[{\"@type\":\"ReadAction\",\"target\":[\"https:\\\/\\\/www.k-m.de\\\/brand\\\/de\\\/der-4-und-letzte-tag-auf-der-musikmesse\\\/\"]}]},{\"@type\":\"ImageObject\",\"inLanguage\":\"de\",\"@id\":\"https:\\\/\\\/www.k-m.de\\\/brand\\\/de\\\/der-4-und-letzte-tag-auf-der-musikmesse\\\/#primaryimage\",\"url\":\"https:\\\/\\\/www.k-m.de\\\/brand\\\/wp-content\\\/uploads\\\/news\\\/P1030150.JPG\",\"contentUrl\":\"https:\\\/\\\/www.k-m.de\\\/brand\\\/wp-content\\\/uploads\\\/news\\\/P1030150.JPG\",\"width\":900,\"height\":1200,\"caption\":\"Jennifer Rostock zur Autogrammstunde auf der Musikmesse\"},{\"@type\":\"BreadcrumbList\",\"@id\":\"https:\\\/\\\/www.k-m.de\\\/brand\\\/de\\\/der-4-und-letzte-tag-auf-der-musikmesse\\\/#breadcrumb\",\"itemListElement\":[{\"@type\":\"ListItem\",\"position\":1,\"name\":\"Startseite\",\"item\":\"https:\\\/\\\/www.k-m.de\\\/brand\\\/de\\\/\"},{\"@type\":\"ListItem\",\"position\":2,\"name\":\"Der 4. und letzte Tag auf der Musikmesse!\"}]},{\"@type\":\"WebSite\",\"@id\":\"https:\\\/\\\/www.k-m.de\\\/brand\\\/de\\\/#website\",\"url\":\"https:\\\/\\\/www.k-m.de\\\/brand\\\/de\\\/\",\"name\":\"K\u00f6nig & Meyer\",\"description\":\"K\u00f6nig &amp; Meyer ist ein weltweit f\u00fchrender Hersteller f\u00fcr Musikzubeh\u00f6r. Seit \u00fcber 65 Jahren steht K&amp;M f\u00fcr qualitativ hochwertige Produkte.\",\"publisher\":{\"@id\":\"https:\\\/\\\/www.k-m.de\\\/brand\\\/de\\\/#organization\"},\"potentialAction\":[{\"@type\":\"SearchAction\",\"target\":{\"@type\":\"EntryPoint\",\"urlTemplate\":\"https:\\\/\\\/www.k-m.de\\\/brand\\\/de\\\/?s={search_term_string}\"},\"query-input\":{\"@type\":\"PropertyValueSpecification\",\"valueRequired\":true,\"valueName\":\"search_term_string\"}}],\"inLanguage\":\"de\"},{\"@type\":\"Organization\",\"@id\":\"https:\\\/\\\/www.k-m.de\\\/brand\\\/de\\\/#organization\",\"name\":\"K\u00f6nig & Meyer\",\"url\":\"https:\\\/\\\/www.k-m.de\\\/brand\\\/de\\\/\",\"logo\":{\"@type\":\"ImageObject\",\"inLanguage\":\"de\",\"@id\":\"https:\\\/\\\/www.k-m.de\\\/brand\\\/de\\\/#\\\/schema\\\/logo\\\/image\\\/\",\"url\":\"https:\\\/\\\/www.k-m.de\\\/brand\\\/wp-content\\\/uploads\\\/2023\\\/01\\\/KM_1c.tif\",\"contentUrl\":\"https:\\\/\\\/www.k-m.de\\\/brand\\\/wp-content\\\/uploads\\\/2023\\\/01\\\/KM_1c.tif\",\"width\":1,\"height\":1,\"caption\":\"K\u00f6nig & Meyer\"},\"image\":{\"@id\":\"https:\\\/\\\/www.k-m.de\\\/brand\\\/de\\\/#\\\/schema\\\/logo\\\/image\\\/\"}},{\"@type\":\"Person\",\"@id\":\"https:\\\/\\\/www.k-m.de\\\/brand\\\/de\\\/#\\\/schema\\\/person\\\/ec9984d920bbfdc597fe63f9d3d0dbcb\",\"name\":\"Sandra Scholtz\",\"url\":\"https:\\\/\\\/www.k-m.de\\\/brand\\\/de\\\/author\\\/sandra-scholtz\\\/\"}]}<\/script>\n<!-- \/ Yoast SEO Premium plugin. -->","yoast_head_json":{"title":"Der 4. und letzte Tag auf der Musikmesse! - K\u00f6nig &amp; Meyer","robots":{"index":"index","follow":"follow","max-snippet":"max-snippet:-1","max-image-preview":"max-image-preview:large","max-video-preview":"max-video-preview:-1"},"canonical":"https:\/\/www.k-m.de\/brand\/de\/der-4-und-letzte-tag-auf-der-musikmesse\/","og_locale":"de_DE","og_type":"article","og_title":"Der 4. und letzte Tag auf der Musikmesse!","og_description":"Heute sind haupts&auml;chlich Endverbraucher auf der Messe. So kommen an unseren Stand heute besonders viele private Konsumenten, die Fragen zuMehr erfahren","og_url":"https:\/\/www.k-m.de\/brand\/de\/der-4-und-letzte-tag-auf-der-musikmesse\/","og_site_name":"K\u00f6nig &amp; Meyer","article_published_time":"2011-04-09T13:55:09+00:00","article_modified_time":"2024-04-21T12:30:36+00:00","og_image":[{"width":900,"height":1200,"url":"https:\/\/www.k-m.de\/brand\/wp-content\/uploads\/news\/P1030150.JPG","type":"image\/jpeg"}],"author":"Sandra Scholtz","twitter_card":"summary_large_image","twitter_misc":{"Verfasst von":"Sandra Scholtz","Gesch\u00e4tzte Lesezeit":"1\u00a0Minute"},"schema":{"@context":"https:\/\/schema.org","@graph":[{"@type":"Article","@id":"https:\/\/www.k-m.de\/brand\/de\/der-4-und-letzte-tag-auf-der-musikmesse\/#article","isPartOf":{"@id":"https:\/\/www.k-m.de\/brand\/de\/der-4-und-letzte-tag-auf-der-musikmesse\/"},"author":{"name":"Sandra Scholtz","@id":"https:\/\/www.k-m.de\/brand\/de\/#\/schema\/person\/ec9984d920bbfdc597fe63f9d3d0dbcb"},"headline":"Der 4. und letzte Tag auf der Musikmesse!","datePublished":"2011-04-09T13:55:09+00:00","dateModified":"2024-04-21T12:30:36+00:00","mainEntityOfPage":{"@id":"https:\/\/www.k-m.de\/brand\/de\/der-4-und-letzte-tag-auf-der-musikmesse\/"},"wordCount":191,"commentCount":0,"publisher":{"@id":"https:\/\/www.k-m.de\/brand\/de\/#organization"},"image":{"@id":"https:\/\/www.k-m.de\/brand\/de\/der-4-und-letzte-tag-auf-der-musikmesse\/#primaryimage"},"thumbnailUrl":"https:\/\/www.k-m.de\/brand\/wp-content\/uploads\/news\/P1030150.JPG","articleSection":["Messe-News"],"inLanguage":"de","potentialAction":[{"@type":"CommentAction","name":"Comment","target":["https:\/\/www.k-m.de\/brand\/de\/der-4-und-letzte-tag-auf-der-musikmesse\/#respond"]}]},{"@type":"WebPage","@id":"https:\/\/www.k-m.de\/brand\/de\/der-4-und-letzte-tag-auf-der-musikmesse\/","url":"https:\/\/www.k-m.de\/brand\/de\/der-4-und-letzte-tag-auf-der-musikmesse\/","name":"Der 4. und letzte Tag auf der Musikmesse! - K\u00f6nig &amp; Meyer","isPartOf":{"@id":"https:\/\/www.k-m.de\/brand\/de\/#website"},"primaryImageOfPage":{"@id":"https:\/\/www.k-m.de\/brand\/de\/der-4-und-letzte-tag-auf-der-musikmesse\/#primaryimage"},"image":{"@id":"https:\/\/www.k-m.de\/brand\/de\/der-4-und-letzte-tag-auf-der-musikmesse\/#primaryimage"},"thumbnailUrl":"https:\/\/www.k-m.de\/brand\/wp-content\/uploads\/news\/P1030150.JPG","datePublished":"2011-04-09T13:55:09+00:00","dateModified":"2024-04-21T12:30:36+00:00","breadcrumb":{"@id":"https:\/\/www.k-m.de\/brand\/de\/der-4-und-letzte-tag-auf-der-musikmesse\/#breadcrumb"},"inLanguage":"de","potentialAction":[{"@type":"ReadAction","target":["https:\/\/www.k-m.de\/brand\/de\/der-4-und-letzte-tag-auf-der-musikmesse\/"]}]},{"@type":"ImageObject","inLanguage":"de","@id":"https:\/\/www.k-m.de\/brand\/de\/der-4-und-letzte-tag-auf-der-musikmesse\/#primaryimage","url":"https:\/\/www.k-m.de\/brand\/wp-content\/uploads\/news\/P1030150.JPG","contentUrl":"https:\/\/www.k-m.de\/brand\/wp-content\/uploads\/news\/P1030150.JPG","width":900,"height":1200,"caption":"Jennifer Rostock zur Autogrammstunde auf der Musikmesse"},{"@type":"BreadcrumbList","@id":"https:\/\/www.k-m.de\/brand\/de\/der-4-und-letzte-tag-auf-der-musikmesse\/#breadcrumb","itemListElement":[{"@type":"ListItem","position":1,"name":"Startseite","item":"https:\/\/www.k-m.de\/brand\/de\/"},{"@type":"ListItem","position":2,"name":"Der 4. und letzte Tag auf der Musikmesse!"}]},{"@type":"WebSite","@id":"https:\/\/www.k-m.de\/brand\/de\/#website","url":"https:\/\/www.k-m.de\/brand\/de\/","name":"K\u00f6nig & Meyer","description":"K\u00f6nig &amp; Meyer ist ein weltweit f\u00fchrender Hersteller f\u00fcr Musikzubeh\u00f6r. Seit \u00fcber 65 Jahren steht K&amp;M f\u00fcr qualitativ hochwertige Produkte.","publisher":{"@id":"https:\/\/www.k-m.de\/brand\/de\/#organization"},"potentialAction":[{"@type":"SearchAction","target":{"@type":"EntryPoint","urlTemplate":"https:\/\/www.k-m.de\/brand\/de\/?s={search_term_string}"},"query-input":{"@type":"PropertyValueSpecification","valueRequired":true,"valueName":"search_term_string"}}],"inLanguage":"de"},{"@type":"Organization","@id":"https:\/\/www.k-m.de\/brand\/de\/#organization","name":"K\u00f6nig & Meyer","url":"https:\/\/www.k-m.de\/brand\/de\/","logo":{"@type":"ImageObject","inLanguage":"de","@id":"https:\/\/www.k-m.de\/brand\/de\/#\/schema\/logo\/image\/","url":"https:\/\/www.k-m.de\/brand\/wp-content\/uploads\/2023\/01\/KM_1c.tif","contentUrl":"https:\/\/www.k-m.de\/brand\/wp-content\/uploads\/2023\/01\/KM_1c.tif","width":1,"height":1,"caption":"K\u00f6nig & Meyer"},"image":{"@id":"https:\/\/www.k-m.de\/brand\/de\/#\/schema\/logo\/image\/"}},{"@type":"Person","@id":"https:\/\/www.k-m.de\/brand\/de\/#\/schema\/person\/ec9984d920bbfdc597fe63f9d3d0dbcb","name":"Sandra Scholtz","url":"https:\/\/www.k-m.de\/brand\/de\/author\/sandra-scholtz\/"}]}},"_links":{"self":[{"href":"https:\/\/www.k-m.de\/brand\/de\/wp-json\/wp\/v2\/posts\/6853","targetHints":{"allow":["GET"]}}],"collection":[{"href":"https:\/\/www.k-m.de\/brand\/de\/wp-json\/wp\/v2\/posts"}],"about":[{"href":"https:\/\/www.k-m.de\/brand\/de\/wp-json\/wp\/v2\/types\/post"}],"author":[{"embeddable":true,"href":"https:\/\/www.k-m.de\/brand\/de\/wp-json\/wp\/v2\/users\/9"}],"replies":[{"embeddable":true,"href":"https:\/\/www.k-m.de\/brand\/de\/wp-json\/wp\/v2\/comments?post=6853"}],"version-history":[{"count":1,"href":"https:\/\/www.k-m.de\/brand\/de\/wp-json\/wp\/v2\/posts\/6853\/revisions"}],"predecessor-version":[{"id":7547,"href":"https:\/\/www.k-m.de\/brand\/de\/wp-json\/wp\/v2\/posts\/6853\/revisions\/7547"}],"wp:featuredmedia":[{"embeddable":true,"href":"https:\/\/www.k-m.de\/brand\/de\/wp-json\/wp\/v2\/media\/6854"}],"wp:attachment":[{"href":"https:\/\/www.k-m.de\/brand\/de\/wp-json\/wp\/v2\/media?parent=6853"}],"wp:term":[{"taxonomy":"category","embeddable":true,"href":"https:\/\/www.k-m.de\/brand\/de\/wp-json\/wp\/v2\/categories?post=6853"},{"taxonomy":"post_tag","embeddable":true,"href":"https:\/\/www.k-m.de\/brand\/de\/wp-json\/wp\/v2\/tags?post=6853"}],"curies":[{"name":"wp","href":"https:\/\/api.w.org\/{rel}","templated":true}]}}