{"id":6856,"date":"2011-04-08T12:06:08","date_gmt":"2011-04-08T10:06:08","guid":{"rendered":"https:\/\/www.k-m.de\/brand\/tag-3-auf-der-musikmesse-frankfurt-2\/"},"modified":"2024-04-21T14:30:44","modified_gmt":"2024-04-21T12:30:44","slug":"tag-3-auf-der-musikmesse-frankfurt-2","status":"publish","type":"post","link":"https:\/\/www.k-m.de\/brand\/de\/tag-3-auf-der-musikmesse-frankfurt-2\/","title":{"rendered":"Tag 3 auf der Musikmesse Frankfurt"},"content":{"rendered":"<p>Am 3. Tag merkte man fr&uuml;hs den ersten an, dass sie etwas m&uuml;de oder angeschlagen waren.<br \/>\nNichts desto trotz ging es mit guter Laune in den neuen Tag.<br \/>\nGegen Mittag waren die ehemaligen Bandmitglieder von Aloha from hell Moo und Feli am K&ouml;nig &amp; Meyer Stand. Christian Fr&ouml;ber, f&uuml;r die K&uuml;nstlerbetreuung zust&auml;ndig, zeigte ihnen unter anderem auch die Messeneuheiten.<br \/>\nWas war sonst so los?<br \/>\nNeben vielen Kunden und Interessenten war die Band &bdquo;Jerks&ldquo;, die letztes Jahr f&uuml;r uns auf der Agora Stage gespielt haben, am Nachmittag da.<\/p>\n<p>Die Programmierer von Green M, die unsere neue Website entwickelt und programmiert haben sind auch nachmittags erschienen. Sie hatten ein Meeting mit Jochen Erbacher und Gabriela K&ouml;nig und sprachen &uuml;ber das erfolgreiche Ergebnis der neuen Internetseite.<\/p>\n<p>Eyes of solace, wiederrum Endorser von uns kamen ebenfalls kurz vorbei um Hallo zu sagen.<\/p>\n<p>Ein paar Bilder gibt es wieder in der Galerie bzw. rechts zu sehen.<\/p>\n<p><\/p>\n","protected":false},"excerpt":{"rendered":"<p>Am 3. Tag merkte man fr&uuml;hs den ersten an, dass sie etwas m&uuml;de oder angeschlagen waren. Nichts desto trotz ging<span class=\"read_more\">Mehr erfahren<\/span><\/p>\n","protected":false},"author":9,"featured_media":6857,"comment_status":"open","ping_status":"open","sticky":false,"template":"","format":"standard","meta":{"footnotes":""},"categories":[958],"tags":[],"class_list":["post-6856","post","type-post","status-publish","format-standard","has-post-thumbnail","hentry","category-messenews"],"better_featured_image":{"id":6857,"alt_text":"Musikmesse Frankfurt, Gel\u00e4nde mit blauer Himmel Sonnenschein","caption":"","description":"","media_type":"image","media_details":{"width":900,"height":1200,"file":"news\/P1030128.JPG","sizes":{"medium":{"file":"P1030128-450x600.jpg","width":450,"height":600,"mime-type":"image\/jpeg","source_url":"https:\/\/www.k-m.de\/brand\/wp-content\/uploads\/news\/P1030128-450x600.jpg"},"profile_24":{"file":"P1030128-24x24.jpg","width":24,"height":24,"mime-type":"image\/jpeg","source_url":"https:\/\/www.k-m.de\/brand\/wp-content\/uploads\/news\/P1030128-24x24.jpg"},"profile_48":{"file":"P1030128-48x48.jpg","width":48,"height":48,"mime-type":"image\/jpeg","source_url":"https:\/\/www.k-m.de\/brand\/wp-content\/uploads\/news\/P1030128-48x48.jpg"},"profile_96":{"file":"P1030128-96x96.jpg","width":96,"height":96,"mime-type":"image\/jpeg","source_url":"https:\/\/www.k-m.de\/brand\/wp-content\/uploads\/news\/P1030128-96x96.jpg"},"thumbnail":{"file":"P1030128-800x480.jpg","width":800,"height":480,"mime-type":"image\/jpeg","source_url":"https:\/\/www.k-m.de\/brand\/wp-content\/uploads\/news\/P1030128-800x480.jpg"},"medium_large":{"file":"P1030128-768x1024.jpg","width":768,"height":1024,"mime-type":"image\/jpeg","source_url":"https:\/\/www.k-m.de\/brand\/wp-content\/uploads\/news\/P1030128-768x1024.jpg"},"large":{"file":"P1030128-768x1024.jpg","width":768,"height":1024,"mime-type":"image\/jpeg","source_url":"https:\/\/www.k-m.de\/brand\/wp-content\/uploads\/news\/P1030128-768x1024.jpg"},"post-thumbnail":{"file":"P1030128-800x480.jpg","width":800,"height":480,"mime-type":"image\/jpeg","source_url":"https:\/\/www.k-m.de\/brand\/wp-content\/uploads\/news\/P1030128-800x480.jpg"},"medium_cropped":{"file":"P1030128-600x600.jpg","width":600,"height":600,"mime-type":"image\/jpeg","source_url":"https:\/\/www.k-m.de\/brand\/wp-content\/uploads\/news\/P1030128-600x600.jpg"},"large_cropped":{"file":"P1030128-1200x720.jpg","width":1200,"height":720,"mime-type":"image\/jpeg","source_url":"https:\/\/www.k-m.de\/brand\/wp-content\/uploads\/news\/P1030128-1200x720.jpg"},"very_large":{"file":"P1030128-900x1200.jpg","width":900,"height":1200,"mime-type":"image\/jpeg","source_url":"https:\/\/www.k-m.de\/brand\/wp-content\/uploads\/news\/P1030128-900x1200.jpg"},"very_large_cropped":{"file":"P1030128-1800x900.jpg","width":1800,"height":900,"mime-type":"image\/jpeg","source_url":"https:\/\/www.k-m.de\/brand\/wp-content\/uploads\/news\/P1030128-1800x900.jpg"},"landingpage_thumb":{"file":"P1030128-225x300.jpg","width":225,"height":300,"mime-type":"image\/jpeg","source_url":"https:\/\/www.k-m.de\/brand\/wp-content\/uploads\/news\/P1030128-225x300.jpg"},"medium_old_225x300":{"file":"P1030128-225x300.jpg","width":225,"height":300,"mime-type":"image\/jpeg","source_url":"https:\/\/www.k-m.de\/brand\/wp-content\/uploads\/news\/P1030128-225x300.jpg"},"thumbnail_old_150x150":{"file":"P1030128-150x150.jpg","width":150,"height":150,"mime-type":"image\/jpeg","source_url":"https:\/\/www.k-m.de\/brand\/wp-content\/uploads\/news\/P1030128-150x150.jpg"}},"image_meta":{"aperture":"0","credit":"","camera":"","caption":"","created_timestamp":"0","copyright":"","focal_length":"0","iso":"0","shutter_speed":"0","title":"","orientation":"0","keywords":[]}},"post":6856,"source_url":"https:\/\/www.k-m.de\/brand\/wp-content\/uploads\/news\/P1030128.JPG"},"post_meta_fields":{"_wpml_media_featured":["1"],"_wpml_media_duplicate":["1"],"_thumbnail_id":["6857"],"_edit_last":["9"],"_post_dealeronly":[""],"_edit_lock":["1713702645:9"],"_yoast_indexnow_last_ping":["1713702645"],"_wpml_word_count":["{\"total\":164,\"to_translate\":{\"en\":164,\"us\":164}}"]},"yoast_head":"<!-- This site is optimized with the Yoast SEO Premium plugin v26.8 (Yoast SEO v27.4) - https:\/\/yoast.com\/product\/yoast-seo-premium-wordpress\/ -->\n<title>Tag 3 auf der Musikmesse Frankfurt - K\u00f6nig &amp; Meyer<\/title>\n<meta name=\"robots\" content=\"index, follow, max-snippet:-1, max-image-preview:large, max-video-preview:-1\" \/>\n<link rel=\"canonical\" href=\"https:\/\/www.k-m.de\/brand\/de\/tag-3-auf-der-musikmesse-frankfurt-2\/\" \/>\n<meta property=\"og:locale\" content=\"de_DE\" \/>\n<meta property=\"og:type\" content=\"article\" \/>\n<meta property=\"og:title\" content=\"Tag 3 auf der Musikmesse Frankfurt\" \/>\n<meta property=\"og:description\" content=\"Am 3. Tag merkte man fr&uuml;hs den ersten an, dass sie etwas m&uuml;de oder angeschlagen waren. Nichts desto trotz gingMehr erfahren\" \/>\n<meta property=\"og:url\" content=\"https:\/\/www.k-m.de\/brand\/de\/tag-3-auf-der-musikmesse-frankfurt-2\/\" \/>\n<meta property=\"og:site_name\" content=\"K\u00f6nig &amp; Meyer\" \/>\n<meta property=\"article:published_time\" content=\"2011-04-08T10:06:08+00:00\" \/>\n<meta property=\"article:modified_time\" content=\"2024-04-21T12:30:44+00:00\" \/>\n<meta property=\"og:image\" content=\"https:\/\/www.k-m.de\/brand\/wp-content\/uploads\/news\/P1030128.JPG\" \/>\n\t<meta property=\"og:image:width\" content=\"900\" \/>\n\t<meta property=\"og:image:height\" content=\"1200\" \/>\n\t<meta property=\"og:image:type\" content=\"image\/jpeg\" \/>\n<meta name=\"author\" content=\"Sandra Scholtz\" \/>\n<meta name=\"twitter:card\" content=\"summary_large_image\" \/>\n<meta name=\"twitter:label1\" content=\"Verfasst von\" \/>\n\t<meta name=\"twitter:data1\" content=\"Sandra Scholtz\" \/>\n\t<meta name=\"twitter:label2\" content=\"Gesch\u00e4tzte Lesezeit\" \/>\n\t<meta name=\"twitter:data2\" content=\"1\u00a0Minute\" \/>\n<script type=\"application\/ld+json\" class=\"yoast-schema-graph\">{\"@context\":\"https:\\\/\\\/schema.org\",\"@graph\":[{\"@type\":\"Article\",\"@id\":\"https:\\\/\\\/www.k-m.de\\\/brand\\\/de\\\/tag-3-auf-der-musikmesse-frankfurt-2\\\/#article\",\"isPartOf\":{\"@id\":\"https:\\\/\\\/www.k-m.de\\\/brand\\\/de\\\/tag-3-auf-der-musikmesse-frankfurt-2\\\/\"},\"author\":{\"name\":\"Sandra Scholtz\",\"@id\":\"https:\\\/\\\/www.k-m.de\\\/brand\\\/de\\\/#\\\/schema\\\/person\\\/ec9984d920bbfdc597fe63f9d3d0dbcb\"},\"headline\":\"Tag 3 auf der Musikmesse Frankfurt\",\"datePublished\":\"2011-04-08T10:06:08+00:00\",\"dateModified\":\"2024-04-21T12:30:44+00:00\",\"mainEntityOfPage\":{\"@id\":\"https:\\\/\\\/www.k-m.de\\\/brand\\\/de\\\/tag-3-auf-der-musikmesse-frankfurt-2\\\/\"},\"wordCount\":176,\"commentCount\":0,\"publisher\":{\"@id\":\"https:\\\/\\\/www.k-m.de\\\/brand\\\/de\\\/#organization\"},\"image\":{\"@id\":\"https:\\\/\\\/www.k-m.de\\\/brand\\\/de\\\/tag-3-auf-der-musikmesse-frankfurt-2\\\/#primaryimage\"},\"thumbnailUrl\":\"https:\\\/\\\/www.k-m.de\\\/brand\\\/wp-content\\\/uploads\\\/news\\\/P1030128.JPG\",\"articleSection\":[\"Messe-News\"],\"inLanguage\":\"de\",\"potentialAction\":[{\"@type\":\"CommentAction\",\"name\":\"Comment\",\"target\":[\"https:\\\/\\\/www.k-m.de\\\/brand\\\/de\\\/tag-3-auf-der-musikmesse-frankfurt-2\\\/#respond\"]}]},{\"@type\":\"WebPage\",\"@id\":\"https:\\\/\\\/www.k-m.de\\\/brand\\\/de\\\/tag-3-auf-der-musikmesse-frankfurt-2\\\/\",\"url\":\"https:\\\/\\\/www.k-m.de\\\/brand\\\/de\\\/tag-3-auf-der-musikmesse-frankfurt-2\\\/\",\"name\":\"Tag 3 auf der Musikmesse Frankfurt - K\u00f6nig &amp; Meyer\",\"isPartOf\":{\"@id\":\"https:\\\/\\\/www.k-m.de\\\/brand\\\/de\\\/#website\"},\"primaryImageOfPage\":{\"@id\":\"https:\\\/\\\/www.k-m.de\\\/brand\\\/de\\\/tag-3-auf-der-musikmesse-frankfurt-2\\\/#primaryimage\"},\"image\":{\"@id\":\"https:\\\/\\\/www.k-m.de\\\/brand\\\/de\\\/tag-3-auf-der-musikmesse-frankfurt-2\\\/#primaryimage\"},\"thumbnailUrl\":\"https:\\\/\\\/www.k-m.de\\\/brand\\\/wp-content\\\/uploads\\\/news\\\/P1030128.JPG\",\"datePublished\":\"2011-04-08T10:06:08+00:00\",\"dateModified\":\"2024-04-21T12:30:44+00:00\",\"breadcrumb\":{\"@id\":\"https:\\\/\\\/www.k-m.de\\\/brand\\\/de\\\/tag-3-auf-der-musikmesse-frankfurt-2\\\/#breadcrumb\"},\"inLanguage\":\"de\",\"potentialAction\":[{\"@type\":\"ReadAction\",\"target\":[\"https:\\\/\\\/www.k-m.de\\\/brand\\\/de\\\/tag-3-auf-der-musikmesse-frankfurt-2\\\/\"]}]},{\"@type\":\"ImageObject\",\"inLanguage\":\"de\",\"@id\":\"https:\\\/\\\/www.k-m.de\\\/brand\\\/de\\\/tag-3-auf-der-musikmesse-frankfurt-2\\\/#primaryimage\",\"url\":\"https:\\\/\\\/www.k-m.de\\\/brand\\\/wp-content\\\/uploads\\\/news\\\/P1030128.JPG\",\"contentUrl\":\"https:\\\/\\\/www.k-m.de\\\/brand\\\/wp-content\\\/uploads\\\/news\\\/P1030128.JPG\",\"width\":900,\"height\":1200,\"caption\":\"Musikmesse Frankfurt, Gel\u00e4nde mit blauer Himmel Sonnenschein\"},{\"@type\":\"BreadcrumbList\",\"@id\":\"https:\\\/\\\/www.k-m.de\\\/brand\\\/de\\\/tag-3-auf-der-musikmesse-frankfurt-2\\\/#breadcrumb\",\"itemListElement\":[{\"@type\":\"ListItem\",\"position\":1,\"name\":\"Startseite\",\"item\":\"https:\\\/\\\/www.k-m.de\\\/brand\\\/de\\\/\"},{\"@type\":\"ListItem\",\"position\":2,\"name\":\"Tag 3 auf der Musikmesse Frankfurt\"}]},{\"@type\":\"WebSite\",\"@id\":\"https:\\\/\\\/www.k-m.de\\\/brand\\\/de\\\/#website\",\"url\":\"https:\\\/\\\/www.k-m.de\\\/brand\\\/de\\\/\",\"name\":\"K\u00f6nig & Meyer\",\"description\":\"K\u00f6nig &amp; Meyer ist ein weltweit f\u00fchrender Hersteller f\u00fcr Musikzubeh\u00f6r. Seit \u00fcber 65 Jahren steht K&amp;M f\u00fcr qualitativ hochwertige Produkte.\",\"publisher\":{\"@id\":\"https:\\\/\\\/www.k-m.de\\\/brand\\\/de\\\/#organization\"},\"potentialAction\":[{\"@type\":\"SearchAction\",\"target\":{\"@type\":\"EntryPoint\",\"urlTemplate\":\"https:\\\/\\\/www.k-m.de\\\/brand\\\/de\\\/?s={search_term_string}\"},\"query-input\":{\"@type\":\"PropertyValueSpecification\",\"valueRequired\":true,\"valueName\":\"search_term_string\"}}],\"inLanguage\":\"de\"},{\"@type\":\"Organization\",\"@id\":\"https:\\\/\\\/www.k-m.de\\\/brand\\\/de\\\/#organization\",\"name\":\"K\u00f6nig & Meyer\",\"url\":\"https:\\\/\\\/www.k-m.de\\\/brand\\\/de\\\/\",\"logo\":{\"@type\":\"ImageObject\",\"inLanguage\":\"de\",\"@id\":\"https:\\\/\\\/www.k-m.de\\\/brand\\\/de\\\/#\\\/schema\\\/logo\\\/image\\\/\",\"url\":\"https:\\\/\\\/www.k-m.de\\\/brand\\\/wp-content\\\/uploads\\\/2023\\\/01\\\/KM_1c.tif\",\"contentUrl\":\"https:\\\/\\\/www.k-m.de\\\/brand\\\/wp-content\\\/uploads\\\/2023\\\/01\\\/KM_1c.tif\",\"width\":1,\"height\":1,\"caption\":\"K\u00f6nig & Meyer\"},\"image\":{\"@id\":\"https:\\\/\\\/www.k-m.de\\\/brand\\\/de\\\/#\\\/schema\\\/logo\\\/image\\\/\"}},{\"@type\":\"Person\",\"@id\":\"https:\\\/\\\/www.k-m.de\\\/brand\\\/de\\\/#\\\/schema\\\/person\\\/ec9984d920bbfdc597fe63f9d3d0dbcb\",\"name\":\"Sandra Scholtz\",\"url\":\"https:\\\/\\\/www.k-m.de\\\/brand\\\/de\\\/author\\\/sandra-scholtz\\\/\"}]}<\/script>\n<!-- \/ Yoast SEO Premium plugin. -->","yoast_head_json":{"title":"Tag 3 auf der Musikmesse Frankfurt - K\u00f6nig &amp; Meyer","robots":{"index":"index","follow":"follow","max-snippet":"max-snippet:-1","max-image-preview":"max-image-preview:large","max-video-preview":"max-video-preview:-1"},"canonical":"https:\/\/www.k-m.de\/brand\/de\/tag-3-auf-der-musikmesse-frankfurt-2\/","og_locale":"de_DE","og_type":"article","og_title":"Tag 3 auf der Musikmesse Frankfurt","og_description":"Am 3. Tag merkte man fr&uuml;hs den ersten an, dass sie etwas m&uuml;de oder angeschlagen waren. Nichts desto trotz gingMehr erfahren","og_url":"https:\/\/www.k-m.de\/brand\/de\/tag-3-auf-der-musikmesse-frankfurt-2\/","og_site_name":"K\u00f6nig &amp; Meyer","article_published_time":"2011-04-08T10:06:08+00:00","article_modified_time":"2024-04-21T12:30:44+00:00","og_image":[{"width":900,"height":1200,"url":"https:\/\/www.k-m.de\/brand\/wp-content\/uploads\/news\/P1030128.JPG","type":"image\/jpeg"}],"author":"Sandra Scholtz","twitter_card":"summary_large_image","twitter_misc":{"Verfasst von":"Sandra Scholtz","Gesch\u00e4tzte Lesezeit":"1\u00a0Minute"},"schema":{"@context":"https:\/\/schema.org","@graph":[{"@type":"Article","@id":"https:\/\/www.k-m.de\/brand\/de\/tag-3-auf-der-musikmesse-frankfurt-2\/#article","isPartOf":{"@id":"https:\/\/www.k-m.de\/brand\/de\/tag-3-auf-der-musikmesse-frankfurt-2\/"},"author":{"name":"Sandra Scholtz","@id":"https:\/\/www.k-m.de\/brand\/de\/#\/schema\/person\/ec9984d920bbfdc597fe63f9d3d0dbcb"},"headline":"Tag 3 auf der Musikmesse Frankfurt","datePublished":"2011-04-08T10:06:08+00:00","dateModified":"2024-04-21T12:30:44+00:00","mainEntityOfPage":{"@id":"https:\/\/www.k-m.de\/brand\/de\/tag-3-auf-der-musikmesse-frankfurt-2\/"},"wordCount":176,"commentCount":0,"publisher":{"@id":"https:\/\/www.k-m.de\/brand\/de\/#organization"},"image":{"@id":"https:\/\/www.k-m.de\/brand\/de\/tag-3-auf-der-musikmesse-frankfurt-2\/#primaryimage"},"thumbnailUrl":"https:\/\/www.k-m.de\/brand\/wp-content\/uploads\/news\/P1030128.JPG","articleSection":["Messe-News"],"inLanguage":"de","potentialAction":[{"@type":"CommentAction","name":"Comment","target":["https:\/\/www.k-m.de\/brand\/de\/tag-3-auf-der-musikmesse-frankfurt-2\/#respond"]}]},{"@type":"WebPage","@id":"https:\/\/www.k-m.de\/brand\/de\/tag-3-auf-der-musikmesse-frankfurt-2\/","url":"https:\/\/www.k-m.de\/brand\/de\/tag-3-auf-der-musikmesse-frankfurt-2\/","name":"Tag 3 auf der Musikmesse Frankfurt - K\u00f6nig &amp; Meyer","isPartOf":{"@id":"https:\/\/www.k-m.de\/brand\/de\/#website"},"primaryImageOfPage":{"@id":"https:\/\/www.k-m.de\/brand\/de\/tag-3-auf-der-musikmesse-frankfurt-2\/#primaryimage"},"image":{"@id":"https:\/\/www.k-m.de\/brand\/de\/tag-3-auf-der-musikmesse-frankfurt-2\/#primaryimage"},"thumbnailUrl":"https:\/\/www.k-m.de\/brand\/wp-content\/uploads\/news\/P1030128.JPG","datePublished":"2011-04-08T10:06:08+00:00","dateModified":"2024-04-21T12:30:44+00:00","breadcrumb":{"@id":"https:\/\/www.k-m.de\/brand\/de\/tag-3-auf-der-musikmesse-frankfurt-2\/#breadcrumb"},"inLanguage":"de","potentialAction":[{"@type":"ReadAction","target":["https:\/\/www.k-m.de\/brand\/de\/tag-3-auf-der-musikmesse-frankfurt-2\/"]}]},{"@type":"ImageObject","inLanguage":"de","@id":"https:\/\/www.k-m.de\/brand\/de\/tag-3-auf-der-musikmesse-frankfurt-2\/#primaryimage","url":"https:\/\/www.k-m.de\/brand\/wp-content\/uploads\/news\/P1030128.JPG","contentUrl":"https:\/\/www.k-m.de\/brand\/wp-content\/uploads\/news\/P1030128.JPG","width":900,"height":1200,"caption":"Musikmesse Frankfurt, Gel\u00e4nde mit blauer Himmel Sonnenschein"},{"@type":"BreadcrumbList","@id":"https:\/\/www.k-m.de\/brand\/de\/tag-3-auf-der-musikmesse-frankfurt-2\/#breadcrumb","itemListElement":[{"@type":"ListItem","position":1,"name":"Startseite","item":"https:\/\/www.k-m.de\/brand\/de\/"},{"@type":"ListItem","position":2,"name":"Tag 3 auf der Musikmesse Frankfurt"}]},{"@type":"WebSite","@id":"https:\/\/www.k-m.de\/brand\/de\/#website","url":"https:\/\/www.k-m.de\/brand\/de\/","name":"K\u00f6nig & Meyer","description":"K\u00f6nig &amp; Meyer ist ein weltweit f\u00fchrender Hersteller f\u00fcr Musikzubeh\u00f6r. Seit \u00fcber 65 Jahren steht K&amp;M f\u00fcr qualitativ hochwertige Produkte.","publisher":{"@id":"https:\/\/www.k-m.de\/brand\/de\/#organization"},"potentialAction":[{"@type":"SearchAction","target":{"@type":"EntryPoint","urlTemplate":"https:\/\/www.k-m.de\/brand\/de\/?s={search_term_string}"},"query-input":{"@type":"PropertyValueSpecification","valueRequired":true,"valueName":"search_term_string"}}],"inLanguage":"de"},{"@type":"Organization","@id":"https:\/\/www.k-m.de\/brand\/de\/#organization","name":"K\u00f6nig & Meyer","url":"https:\/\/www.k-m.de\/brand\/de\/","logo":{"@type":"ImageObject","inLanguage":"de","@id":"https:\/\/www.k-m.de\/brand\/de\/#\/schema\/logo\/image\/","url":"https:\/\/www.k-m.de\/brand\/wp-content\/uploads\/2023\/01\/KM_1c.tif","contentUrl":"https:\/\/www.k-m.de\/brand\/wp-content\/uploads\/2023\/01\/KM_1c.tif","width":1,"height":1,"caption":"K\u00f6nig & Meyer"},"image":{"@id":"https:\/\/www.k-m.de\/brand\/de\/#\/schema\/logo\/image\/"}},{"@type":"Person","@id":"https:\/\/www.k-m.de\/brand\/de\/#\/schema\/person\/ec9984d920bbfdc597fe63f9d3d0dbcb","name":"Sandra Scholtz","url":"https:\/\/www.k-m.de\/brand\/de\/author\/sandra-scholtz\/"}]}},"_links":{"self":[{"href":"https:\/\/www.k-m.de\/brand\/de\/wp-json\/wp\/v2\/posts\/6856","targetHints":{"allow":["GET"]}}],"collection":[{"href":"https:\/\/www.k-m.de\/brand\/de\/wp-json\/wp\/v2\/posts"}],"about":[{"href":"https:\/\/www.k-m.de\/brand\/de\/wp-json\/wp\/v2\/types\/post"}],"author":[{"embeddable":true,"href":"https:\/\/www.k-m.de\/brand\/de\/wp-json\/wp\/v2\/users\/9"}],"replies":[{"embeddable":true,"href":"https:\/\/www.k-m.de\/brand\/de\/wp-json\/wp\/v2\/comments?post=6856"}],"version-history":[{"count":1,"href":"https:\/\/www.k-m.de\/brand\/de\/wp-json\/wp\/v2\/posts\/6856\/revisions"}],"predecessor-version":[{"id":7548,"href":"https:\/\/www.k-m.de\/brand\/de\/wp-json\/wp\/v2\/posts\/6856\/revisions\/7548"}],"wp:featuredmedia":[{"embeddable":true,"href":"https:\/\/www.k-m.de\/brand\/de\/wp-json\/wp\/v2\/media\/6857"}],"wp:attachment":[{"href":"https:\/\/www.k-m.de\/brand\/de\/wp-json\/wp\/v2\/media?parent=6856"}],"wp:term":[{"taxonomy":"category","embeddable":true,"href":"https:\/\/www.k-m.de\/brand\/de\/wp-json\/wp\/v2\/categories?post=6856"},{"taxonomy":"post_tag","embeddable":true,"href":"https:\/\/www.k-m.de\/brand\/de\/wp-json\/wp\/v2\/tags?post=6856"}],"curies":[{"name":"wp","href":"https:\/\/api.w.org\/{rel}","templated":true}]}}