{"id":6862,"date":"2011-04-06T16:49:00","date_gmt":"2011-04-06T14:49:00","guid":{"rendered":"https:\/\/www.k-m.de\/brand\/messe-tagebuch-tag-1\/"},"modified":"2024-04-21T14:31:03","modified_gmt":"2024-04-21T12:31:03","slug":"messe-tagebuch-tag-1","status":"publish","type":"post","link":"https:\/\/www.k-m.de\/brand\/de\/messe-tagebuch-tag-1\/","title":{"rendered":"Messe-Tagebuch: Tag 1"},"content":{"rendered":"<p>Startschuss der Messe f&uuml;r rund 40 K&ouml;nig &amp; Meyer Mitarbeiter!<br \/>\nHeute Morgen um 6:45 Uhr ging es los. Nach 1 &frac12; Stunden Busfahrt waren wir auf dem Messegel&auml;nde. Da (fast) alle Mitarbeiter schon seit Jahren dabei und somit Messe-erfahren sind, haben sich alle schnell orientiert und ihre Pl&auml;tze auf den Messest&auml;nden gefunden. Die meisten Mitarbeiter, vor allem unsere Verk&auml;ufer sind am Hauptstand C 39 in Halle 3.0. Hier sind unter anderem auch alle unsere Produktneuheiten ausgestellt.<\/p>\n<p>Unser zweiter Stand ist auf der Prolight + Sound. Hier sind wir in Halle 6.1 am Stand B 31. Daneben haben wir noch einen kleinen Ausstellungsstand in der Keyboard-Halle. Hier sind nur die Keyboardst&auml;nder und &ndash;b&auml;nke zu finden, dabei nat&uuml;rlich der &raquo;SPIDER PRO&laquo; und der &raquo;Omega&laquo;.<\/p>\n<p>Um 9 Uhr war Messe-Beginn. Die T&uuml;ren &ouml;ffnen sich ab heute bis Samstag t&auml;glich von 9 &ndash; 18 Uhr.<br \/>\nAnfangs war es noch recht ruhig. Nach und nach kamen dann immer mehr Besucher und der Ger&auml;uschpegel stieg auch dementsprechend.<\/p>\n<p>An unserem Hauptstand sind\/waren neben Besuchern und Gesch&auml;ftspartnern\/Kunden auch das Team von drumsolos.tv und guitarsolos.tv. Sie haben unseren Produktmanager gefilmt, der ein paar der Neuheiten pr&auml;sentierte: So zum Beispiel den Mehrfachgitarrenst&auml;nder &raquo;Roadie&laquo;.<\/p>\n<p>Um 12 Uhr haben &bdquo;Noch ne Band&ldquo; auf der Agora Stage gespielt. Die junge Rockband z&auml;hlt auch zu unseren Endorsern. So haben sie nachmittags auch noch an unserem Stand vorbeigeschaut.<\/p>\n<p>Um einige Eindr&uuml;cke von unserem Tag zu bekommen, haben wir hier ein paar Fotos hochgeladen.<\/p>\n","protected":false},"excerpt":{"rendered":"<p>Startschuss der Messe f&uuml;r rund 40 K&ouml;nig &amp; Meyer Mitarbeiter! Heute Morgen um 6:45 Uhr ging es los. Nach 1<span class=\"read_more\">Mehr erfahren<\/span><\/p>\n","protected":false},"author":9,"featured_media":6863,"comment_status":"open","ping_status":"open","sticky":false,"template":"","format":"standard","meta":{"footnotes":""},"categories":[958],"tags":[],"class_list":["post-6862","post","type-post","status-publish","format-standard","has-post-thumbnail","hentry","category-messenews"],"better_featured_image":{"id":6863,"alt_text":"K&M Messestand: Beratung bei den Produkten","caption":"","description":"","media_type":"image","media_details":{"width":1800,"height":1200,"file":"news\/IMG_8190.JPG","sizes":{"medium":{"file":"IMG_8190-600x400.jpg","width":600,"height":400,"mime-type":"image\/jpeg","source_url":"https:\/\/www.k-m.de\/brand\/wp-content\/uploads\/news\/IMG_8190-600x400.jpg"},"profile_24":{"file":"IMG_8190-24x24.jpg","width":24,"height":24,"mime-type":"image\/jpeg","source_url":"https:\/\/www.k-m.de\/brand\/wp-content\/uploads\/news\/IMG_8190-24x24.jpg"},"profile_48":{"file":"IMG_8190-48x48.jpg","width":48,"height":48,"mime-type":"image\/jpeg","source_url":"https:\/\/www.k-m.de\/brand\/wp-content\/uploads\/news\/IMG_8190-48x48.jpg"},"profile_96":{"file":"IMG_8190-96x96.jpg","width":96,"height":96,"mime-type":"image\/jpeg","source_url":"https:\/\/www.k-m.de\/brand\/wp-content\/uploads\/news\/IMG_8190-96x96.jpg"},"thumbnail":{"file":"IMG_8190-800x480.jpg","width":800,"height":480,"mime-type":"image\/jpeg","source_url":"https:\/\/www.k-m.de\/brand\/wp-content\/uploads\/news\/IMG_8190-800x480.jpg"},"medium_large":{"file":"IMG_8190-768x512.jpg","width":768,"height":512,"mime-type":"image\/jpeg","source_url":"https:\/\/www.k-m.de\/brand\/wp-content\/uploads\/news\/IMG_8190-768x512.jpg"},"large":{"file":"IMG_8190-1024x683.jpg","width":1024,"height":683,"mime-type":"image\/jpeg","source_url":"https:\/\/www.k-m.de\/brand\/wp-content\/uploads\/news\/IMG_8190-1024x683.jpg"},"post-thumbnail":{"file":"IMG_8190-800x480.jpg","width":800,"height":480,"mime-type":"image\/jpeg","source_url":"https:\/\/www.k-m.de\/brand\/wp-content\/uploads\/news\/IMG_8190-800x480.jpg"},"medium_cropped":{"file":"IMG_8190-600x600.jpg","width":600,"height":600,"mime-type":"image\/jpeg","source_url":"https:\/\/www.k-m.de\/brand\/wp-content\/uploads\/news\/IMG_8190-600x600.jpg"},"large_cropped":{"file":"IMG_8190-1200x720.jpg","width":1200,"height":720,"mime-type":"image\/jpeg","source_url":"https:\/\/www.k-m.de\/brand\/wp-content\/uploads\/news\/IMG_8190-1200x720.jpg"},"very_large_cropped":{"file":"IMG_8190-1800x900.jpg","width":1800,"height":900,"mime-type":"image\/jpeg","source_url":"https:\/\/www.k-m.de\/brand\/wp-content\/uploads\/news\/IMG_8190-1800x900.jpg"},"landingpage_thumb":{"file":"IMG_8190-450x300.jpg","width":450,"height":300,"mime-type":"image\/jpeg","source_url":"https:\/\/www.k-m.de\/brand\/wp-content\/uploads\/news\/IMG_8190-450x300.jpg"},"medium_old_300x200":{"file":"IMG_8190-300x200.jpg","width":300,"height":200,"mime-type":"image\/jpeg","source_url":"https:\/\/www.k-m.de\/brand\/wp-content\/uploads\/news\/IMG_8190-300x200.jpg"},"thumbnail_old_150x150":{"file":"IMG_8190-150x150.jpg","width":150,"height":150,"mime-type":"image\/jpeg","source_url":"https:\/\/www.k-m.de\/brand\/wp-content\/uploads\/news\/IMG_8190-150x150.jpg"}},"image_meta":{"aperture":"0","credit":"","camera":"","caption":"","created_timestamp":"0","copyright":"","focal_length":"0","iso":"0","shutter_speed":"0","title":"","orientation":"0","keywords":[]}},"post":6862,"source_url":"https:\/\/www.k-m.de\/brand\/wp-content\/uploads\/news\/IMG_8190.JPG"},"post_meta_fields":{"_wpml_media_featured":["1"],"_wpml_media_duplicate":["1"],"_thumbnail_id":["6863"],"_edit_last":["9"],"_post_dealeronly":[""],"_edit_lock":["1713702664:9"],"_yoast_indexnow_last_ping":["1713702664"],"_wpml_word_count":["{\"total\":256,\"to_translate\":{\"en\":256,\"us\":256}}"]},"yoast_head":"<!-- This site is optimized with the Yoast SEO Premium plugin v26.8 (Yoast SEO v27.4) - https:\/\/yoast.com\/product\/yoast-seo-premium-wordpress\/ -->\n<title>Messe-Tagebuch: Tag 1 - K\u00f6nig &amp; Meyer<\/title>\n<meta name=\"robots\" content=\"index, follow, max-snippet:-1, max-image-preview:large, max-video-preview:-1\" \/>\n<link rel=\"canonical\" href=\"https:\/\/www.k-m.de\/brand\/de\/messe-tagebuch-tag-1\/\" \/>\n<meta property=\"og:locale\" content=\"de_DE\" \/>\n<meta property=\"og:type\" content=\"article\" \/>\n<meta property=\"og:title\" content=\"Messe-Tagebuch: Tag 1\" \/>\n<meta property=\"og:description\" content=\"Startschuss der Messe f&uuml;r rund 40 K&ouml;nig &amp; Meyer Mitarbeiter! Heute Morgen um 6:45 Uhr ging es los. Nach 1Mehr erfahren\" \/>\n<meta property=\"og:url\" content=\"https:\/\/www.k-m.de\/brand\/de\/messe-tagebuch-tag-1\/\" \/>\n<meta property=\"og:site_name\" content=\"K\u00f6nig &amp; Meyer\" \/>\n<meta property=\"article:published_time\" content=\"2011-04-06T14:49:00+00:00\" \/>\n<meta property=\"article:modified_time\" content=\"2024-04-21T12:31:03+00:00\" \/>\n<meta property=\"og:image\" content=\"https:\/\/www.k-m.de\/brand\/wp-content\/uploads\/news\/IMG_8190.JPG\" \/>\n\t<meta property=\"og:image:width\" content=\"1800\" \/>\n\t<meta property=\"og:image:height\" content=\"1200\" \/>\n\t<meta property=\"og:image:type\" content=\"image\/jpeg\" \/>\n<meta name=\"author\" content=\"Sandra Scholtz\" \/>\n<meta name=\"twitter:card\" content=\"summary_large_image\" \/>\n<meta name=\"twitter:label1\" content=\"Verfasst von\" \/>\n\t<meta name=\"twitter:data1\" content=\"Sandra Scholtz\" \/>\n\t<meta name=\"twitter:label2\" content=\"Gesch\u00e4tzte Lesezeit\" \/>\n\t<meta name=\"twitter:data2\" content=\"1\u00a0Minute\" \/>\n<script type=\"application\/ld+json\" class=\"yoast-schema-graph\">{\"@context\":\"https:\\\/\\\/schema.org\",\"@graph\":[{\"@type\":\"Article\",\"@id\":\"https:\\\/\\\/www.k-m.de\\\/brand\\\/de\\\/messe-tagebuch-tag-1\\\/#article\",\"isPartOf\":{\"@id\":\"https:\\\/\\\/www.k-m.de\\\/brand\\\/de\\\/messe-tagebuch-tag-1\\\/\"},\"author\":{\"name\":\"Sandra Scholtz\",\"@id\":\"https:\\\/\\\/www.k-m.de\\\/brand\\\/de\\\/#\\\/schema\\\/person\\\/ec9984d920bbfdc597fe63f9d3d0dbcb\"},\"headline\":\"Messe-Tagebuch: Tag 1\",\"datePublished\":\"2011-04-06T14:49:00+00:00\",\"dateModified\":\"2024-04-21T12:31:03+00:00\",\"mainEntityOfPage\":{\"@id\":\"https:\\\/\\\/www.k-m.de\\\/brand\\\/de\\\/messe-tagebuch-tag-1\\\/\"},\"wordCount\":276,\"commentCount\":0,\"publisher\":{\"@id\":\"https:\\\/\\\/www.k-m.de\\\/brand\\\/de\\\/#organization\"},\"image\":{\"@id\":\"https:\\\/\\\/www.k-m.de\\\/brand\\\/de\\\/messe-tagebuch-tag-1\\\/#primaryimage\"},\"thumbnailUrl\":\"https:\\\/\\\/www.k-m.de\\\/brand\\\/wp-content\\\/uploads\\\/news\\\/IMG_8190.JPG\",\"articleSection\":[\"Messe-News\"],\"inLanguage\":\"de\",\"potentialAction\":[{\"@type\":\"CommentAction\",\"name\":\"Comment\",\"target\":[\"https:\\\/\\\/www.k-m.de\\\/brand\\\/de\\\/messe-tagebuch-tag-1\\\/#respond\"]}]},{\"@type\":\"WebPage\",\"@id\":\"https:\\\/\\\/www.k-m.de\\\/brand\\\/de\\\/messe-tagebuch-tag-1\\\/\",\"url\":\"https:\\\/\\\/www.k-m.de\\\/brand\\\/de\\\/messe-tagebuch-tag-1\\\/\",\"name\":\"Messe-Tagebuch: Tag 1 - K\u00f6nig &amp; Meyer\",\"isPartOf\":{\"@id\":\"https:\\\/\\\/www.k-m.de\\\/brand\\\/de\\\/#website\"},\"primaryImageOfPage\":{\"@id\":\"https:\\\/\\\/www.k-m.de\\\/brand\\\/de\\\/messe-tagebuch-tag-1\\\/#primaryimage\"},\"image\":{\"@id\":\"https:\\\/\\\/www.k-m.de\\\/brand\\\/de\\\/messe-tagebuch-tag-1\\\/#primaryimage\"},\"thumbnailUrl\":\"https:\\\/\\\/www.k-m.de\\\/brand\\\/wp-content\\\/uploads\\\/news\\\/IMG_8190.JPG\",\"datePublished\":\"2011-04-06T14:49:00+00:00\",\"dateModified\":\"2024-04-21T12:31:03+00:00\",\"breadcrumb\":{\"@id\":\"https:\\\/\\\/www.k-m.de\\\/brand\\\/de\\\/messe-tagebuch-tag-1\\\/#breadcrumb\"},\"inLanguage\":\"de\",\"potentialAction\":[{\"@type\":\"ReadAction\",\"target\":[\"https:\\\/\\\/www.k-m.de\\\/brand\\\/de\\\/messe-tagebuch-tag-1\\\/\"]}]},{\"@type\":\"ImageObject\",\"inLanguage\":\"de\",\"@id\":\"https:\\\/\\\/www.k-m.de\\\/brand\\\/de\\\/messe-tagebuch-tag-1\\\/#primaryimage\",\"url\":\"https:\\\/\\\/www.k-m.de\\\/brand\\\/wp-content\\\/uploads\\\/news\\\/IMG_8190.JPG\",\"contentUrl\":\"https:\\\/\\\/www.k-m.de\\\/brand\\\/wp-content\\\/uploads\\\/news\\\/IMG_8190.JPG\",\"width\":1800,\"height\":1200,\"caption\":\"K&M Messestand: Beratung bei den Produkten\"},{\"@type\":\"BreadcrumbList\",\"@id\":\"https:\\\/\\\/www.k-m.de\\\/brand\\\/de\\\/messe-tagebuch-tag-1\\\/#breadcrumb\",\"itemListElement\":[{\"@type\":\"ListItem\",\"position\":1,\"name\":\"Startseite\",\"item\":\"https:\\\/\\\/www.k-m.de\\\/brand\\\/de\\\/\"},{\"@type\":\"ListItem\",\"position\":2,\"name\":\"Messe-Tagebuch: Tag 1\"}]},{\"@type\":\"WebSite\",\"@id\":\"https:\\\/\\\/www.k-m.de\\\/brand\\\/de\\\/#website\",\"url\":\"https:\\\/\\\/www.k-m.de\\\/brand\\\/de\\\/\",\"name\":\"K\u00f6nig & Meyer\",\"description\":\"K\u00f6nig &amp; Meyer ist ein weltweit f\u00fchrender Hersteller f\u00fcr Musikzubeh\u00f6r. Seit \u00fcber 65 Jahren steht K&amp;M f\u00fcr qualitativ hochwertige Produkte.\",\"publisher\":{\"@id\":\"https:\\\/\\\/www.k-m.de\\\/brand\\\/de\\\/#organization\"},\"potentialAction\":[{\"@type\":\"SearchAction\",\"target\":{\"@type\":\"EntryPoint\",\"urlTemplate\":\"https:\\\/\\\/www.k-m.de\\\/brand\\\/de\\\/?s={search_term_string}\"},\"query-input\":{\"@type\":\"PropertyValueSpecification\",\"valueRequired\":true,\"valueName\":\"search_term_string\"}}],\"inLanguage\":\"de\"},{\"@type\":\"Organization\",\"@id\":\"https:\\\/\\\/www.k-m.de\\\/brand\\\/de\\\/#organization\",\"name\":\"K\u00f6nig & Meyer\",\"url\":\"https:\\\/\\\/www.k-m.de\\\/brand\\\/de\\\/\",\"logo\":{\"@type\":\"ImageObject\",\"inLanguage\":\"de\",\"@id\":\"https:\\\/\\\/www.k-m.de\\\/brand\\\/de\\\/#\\\/schema\\\/logo\\\/image\\\/\",\"url\":\"https:\\\/\\\/www.k-m.de\\\/brand\\\/wp-content\\\/uploads\\\/2023\\\/01\\\/KM_1c.tif\",\"contentUrl\":\"https:\\\/\\\/www.k-m.de\\\/brand\\\/wp-content\\\/uploads\\\/2023\\\/01\\\/KM_1c.tif\",\"width\":1,\"height\":1,\"caption\":\"K\u00f6nig & Meyer\"},\"image\":{\"@id\":\"https:\\\/\\\/www.k-m.de\\\/brand\\\/de\\\/#\\\/schema\\\/logo\\\/image\\\/\"}},{\"@type\":\"Person\",\"@id\":\"https:\\\/\\\/www.k-m.de\\\/brand\\\/de\\\/#\\\/schema\\\/person\\\/ec9984d920bbfdc597fe63f9d3d0dbcb\",\"name\":\"Sandra Scholtz\",\"url\":\"https:\\\/\\\/www.k-m.de\\\/brand\\\/de\\\/author\\\/sandra-scholtz\\\/\"}]}<\/script>\n<!-- \/ Yoast SEO Premium plugin. -->","yoast_head_json":{"title":"Messe-Tagebuch: Tag 1 - K\u00f6nig &amp; Meyer","robots":{"index":"index","follow":"follow","max-snippet":"max-snippet:-1","max-image-preview":"max-image-preview:large","max-video-preview":"max-video-preview:-1"},"canonical":"https:\/\/www.k-m.de\/brand\/de\/messe-tagebuch-tag-1\/","og_locale":"de_DE","og_type":"article","og_title":"Messe-Tagebuch: Tag 1","og_description":"Startschuss der Messe f&uuml;r rund 40 K&ouml;nig &amp; Meyer Mitarbeiter! Heute Morgen um 6:45 Uhr ging es los. Nach 1Mehr erfahren","og_url":"https:\/\/www.k-m.de\/brand\/de\/messe-tagebuch-tag-1\/","og_site_name":"K\u00f6nig &amp; Meyer","article_published_time":"2011-04-06T14:49:00+00:00","article_modified_time":"2024-04-21T12:31:03+00:00","og_image":[{"width":1800,"height":1200,"url":"https:\/\/www.k-m.de\/brand\/wp-content\/uploads\/news\/IMG_8190.JPG","type":"image\/jpeg"}],"author":"Sandra Scholtz","twitter_card":"summary_large_image","twitter_misc":{"Verfasst von":"Sandra Scholtz","Gesch\u00e4tzte Lesezeit":"1\u00a0Minute"},"schema":{"@context":"https:\/\/schema.org","@graph":[{"@type":"Article","@id":"https:\/\/www.k-m.de\/brand\/de\/messe-tagebuch-tag-1\/#article","isPartOf":{"@id":"https:\/\/www.k-m.de\/brand\/de\/messe-tagebuch-tag-1\/"},"author":{"name":"Sandra Scholtz","@id":"https:\/\/www.k-m.de\/brand\/de\/#\/schema\/person\/ec9984d920bbfdc597fe63f9d3d0dbcb"},"headline":"Messe-Tagebuch: Tag 1","datePublished":"2011-04-06T14:49:00+00:00","dateModified":"2024-04-21T12:31:03+00:00","mainEntityOfPage":{"@id":"https:\/\/www.k-m.de\/brand\/de\/messe-tagebuch-tag-1\/"},"wordCount":276,"commentCount":0,"publisher":{"@id":"https:\/\/www.k-m.de\/brand\/de\/#organization"},"image":{"@id":"https:\/\/www.k-m.de\/brand\/de\/messe-tagebuch-tag-1\/#primaryimage"},"thumbnailUrl":"https:\/\/www.k-m.de\/brand\/wp-content\/uploads\/news\/IMG_8190.JPG","articleSection":["Messe-News"],"inLanguage":"de","potentialAction":[{"@type":"CommentAction","name":"Comment","target":["https:\/\/www.k-m.de\/brand\/de\/messe-tagebuch-tag-1\/#respond"]}]},{"@type":"WebPage","@id":"https:\/\/www.k-m.de\/brand\/de\/messe-tagebuch-tag-1\/","url":"https:\/\/www.k-m.de\/brand\/de\/messe-tagebuch-tag-1\/","name":"Messe-Tagebuch: Tag 1 - K\u00f6nig &amp; Meyer","isPartOf":{"@id":"https:\/\/www.k-m.de\/brand\/de\/#website"},"primaryImageOfPage":{"@id":"https:\/\/www.k-m.de\/brand\/de\/messe-tagebuch-tag-1\/#primaryimage"},"image":{"@id":"https:\/\/www.k-m.de\/brand\/de\/messe-tagebuch-tag-1\/#primaryimage"},"thumbnailUrl":"https:\/\/www.k-m.de\/brand\/wp-content\/uploads\/news\/IMG_8190.JPG","datePublished":"2011-04-06T14:49:00+00:00","dateModified":"2024-04-21T12:31:03+00:00","breadcrumb":{"@id":"https:\/\/www.k-m.de\/brand\/de\/messe-tagebuch-tag-1\/#breadcrumb"},"inLanguage":"de","potentialAction":[{"@type":"ReadAction","target":["https:\/\/www.k-m.de\/brand\/de\/messe-tagebuch-tag-1\/"]}]},{"@type":"ImageObject","inLanguage":"de","@id":"https:\/\/www.k-m.de\/brand\/de\/messe-tagebuch-tag-1\/#primaryimage","url":"https:\/\/www.k-m.de\/brand\/wp-content\/uploads\/news\/IMG_8190.JPG","contentUrl":"https:\/\/www.k-m.de\/brand\/wp-content\/uploads\/news\/IMG_8190.JPG","width":1800,"height":1200,"caption":"K&M Messestand: Beratung bei den Produkten"},{"@type":"BreadcrumbList","@id":"https:\/\/www.k-m.de\/brand\/de\/messe-tagebuch-tag-1\/#breadcrumb","itemListElement":[{"@type":"ListItem","position":1,"name":"Startseite","item":"https:\/\/www.k-m.de\/brand\/de\/"},{"@type":"ListItem","position":2,"name":"Messe-Tagebuch: Tag 1"}]},{"@type":"WebSite","@id":"https:\/\/www.k-m.de\/brand\/de\/#website","url":"https:\/\/www.k-m.de\/brand\/de\/","name":"K\u00f6nig & Meyer","description":"K\u00f6nig &amp; Meyer ist ein weltweit f\u00fchrender Hersteller f\u00fcr Musikzubeh\u00f6r. Seit \u00fcber 65 Jahren steht K&amp;M f\u00fcr qualitativ hochwertige Produkte.","publisher":{"@id":"https:\/\/www.k-m.de\/brand\/de\/#organization"},"potentialAction":[{"@type":"SearchAction","target":{"@type":"EntryPoint","urlTemplate":"https:\/\/www.k-m.de\/brand\/de\/?s={search_term_string}"},"query-input":{"@type":"PropertyValueSpecification","valueRequired":true,"valueName":"search_term_string"}}],"inLanguage":"de"},{"@type":"Organization","@id":"https:\/\/www.k-m.de\/brand\/de\/#organization","name":"K\u00f6nig & Meyer","url":"https:\/\/www.k-m.de\/brand\/de\/","logo":{"@type":"ImageObject","inLanguage":"de","@id":"https:\/\/www.k-m.de\/brand\/de\/#\/schema\/logo\/image\/","url":"https:\/\/www.k-m.de\/brand\/wp-content\/uploads\/2023\/01\/KM_1c.tif","contentUrl":"https:\/\/www.k-m.de\/brand\/wp-content\/uploads\/2023\/01\/KM_1c.tif","width":1,"height":1,"caption":"K\u00f6nig & Meyer"},"image":{"@id":"https:\/\/www.k-m.de\/brand\/de\/#\/schema\/logo\/image\/"}},{"@type":"Person","@id":"https:\/\/www.k-m.de\/brand\/de\/#\/schema\/person\/ec9984d920bbfdc597fe63f9d3d0dbcb","name":"Sandra Scholtz","url":"https:\/\/www.k-m.de\/brand\/de\/author\/sandra-scholtz\/"}]}},"_links":{"self":[{"href":"https:\/\/www.k-m.de\/brand\/de\/wp-json\/wp\/v2\/posts\/6862","targetHints":{"allow":["GET"]}}],"collection":[{"href":"https:\/\/www.k-m.de\/brand\/de\/wp-json\/wp\/v2\/posts"}],"about":[{"href":"https:\/\/www.k-m.de\/brand\/de\/wp-json\/wp\/v2\/types\/post"}],"author":[{"embeddable":true,"href":"https:\/\/www.k-m.de\/brand\/de\/wp-json\/wp\/v2\/users\/9"}],"replies":[{"embeddable":true,"href":"https:\/\/www.k-m.de\/brand\/de\/wp-json\/wp\/v2\/comments?post=6862"}],"version-history":[{"count":1,"href":"https:\/\/www.k-m.de\/brand\/de\/wp-json\/wp\/v2\/posts\/6862\/revisions"}],"predecessor-version":[{"id":7550,"href":"https:\/\/www.k-m.de\/brand\/de\/wp-json\/wp\/v2\/posts\/6862\/revisions\/7550"}],"wp:featuredmedia":[{"embeddable":true,"href":"https:\/\/www.k-m.de\/brand\/de\/wp-json\/wp\/v2\/media\/6863"}],"wp:attachment":[{"href":"https:\/\/www.k-m.de\/brand\/de\/wp-json\/wp\/v2\/media?parent=6862"}],"wp:term":[{"taxonomy":"category","embeddable":true,"href":"https:\/\/www.k-m.de\/brand\/de\/wp-json\/wp\/v2\/categories?post=6862"},{"taxonomy":"post_tag","embeddable":true,"href":"https:\/\/www.k-m.de\/brand\/de\/wp-json\/wp\/v2\/tags?post=6862"}],"curies":[{"name":"wp","href":"https:\/\/api.w.org\/{rel}","templated":true}]}}