{"id":23355,"date":"2022-10-10T08:54:28","date_gmt":"2022-10-10T06:54:28","guid":{"rendered":"https:\/\/www.k-m.de\/brand\/?p=23355"},"modified":"2025-11-04T12:27:43","modified_gmt":"2025-11-04T11:27:43","slug":"mi-industry-will-meet-in-berlin-at-the-somm-dealer-days","status":"publish","type":"post","link":"https:\/\/www.k-m.de\/brand\/en\/mi-industry-will-meet-in-berlin-at-the-somm-dealer-days\/","title":{"rendered":"MI industry will meet in Berlin at the SOMM DEALER DAYS"},"content":{"rendered":"<p>On October 29 and 30, the SOMM Dealer Days will take place in Berlin at the Estrel Congress Hotel. About 30 international exhibitors will present their products and services during the two days of the trade show.<\/p>\n<p>We from K\u00f6nig &amp; Meyer will show you at our booth in <strong>Estrel Hall A booth number 29<\/strong> especially our new products from 2021 and 2022.<br \/>\nIn addition to the trade show exhibition, the pure B2B event will be accompanied by a congress with exclusive keynote speeches and information (MIBKON) specially designed for industry participants, as well as a first-class evening event with a gala dinner for all exhibiting companies, trade visitors and guests.<\/p>\n<p>We look forward to seeing our customers again in Berlin and to the personal exchange that has been so lacking in the last 3 years! If you would like to arrange a meeting, please send us your appointment proposal <a href=\"mailto:mailing@k-m.de?subject= SOMM%20Dealer%20Days\">by mail<\/a>.<\/p>\n<p>&nbsp;<\/p>\n<p>&nbsp;<\/p>\n<p>Besides K\u00f6nig &amp; Meyer the following companies will be present (in alphabetical order) : AUDIOWERK e. Kfm, Casio Europe GmbH, Conrad Mollenhauer GmbH, Cordial GmbH Sound &amp; Audio Equipment, DAS Audio GmbH, FACE bvba, GEWA music GmbH, Hal Leonard Europe BV, inMusic Gmbh, KAWAI Europa GmbH, Lakewood Guitars GmbH &amp; Co. KG, Mega Audio Gesellschaft f\u00fcr professionelle Audiotechnik mbH, Migma eG, Miyazawa Flutes Europe GmbH, MUSIK MEYER GmbH, Pearl Music Europe BV, Pro Arte Fine Acoustics GmbH, Reinhardt GmbH, Roland Meinl Musikinstrumente GmbH &amp; Co. KG, SCHOTT MUSIC GmbH &amp; Co. KG, Shure Europe GmbH, Sound Service Musikanlagen-Vertriebsgesellschaft mbH, Trius GmbH &amp; Co. KG, Voggenreiter Verlag GmbH, Yamaha Music Europe GmbH<\/p>\n<p>&nbsp;<\/p>\n<p>Further information to the industry event under: <a href=\"http:\/\/www.somm-dealer-days.eu\">www.somm-dealer-days.eu<\/a><\/p>\n<p>Address event location: ESTREL BERLIN | SONNENALLEE 225 | 12057 BERLIN<\/p>\n","protected":false},"excerpt":{"rendered":"<p>On October 29 and 30, the SOMM Dealer Days will take place in Berlin at the Estrel Congress Hotel. About<span class=\"read_more\">Mehr erfahren<\/span><\/p>\n","protected":false},"author":11,"featured_media":23352,"comment_status":"open","ping_status":"open","sticky":false,"template":"","format":"standard","meta":{"footnotes":""},"categories":[1462],"tags":[],"class_list":["post-23355","post","type-post","status-publish","format-standard","has-post-thumbnail","hentry","category-companynews"],"better_featured_image":{"id":23352,"alt_text":"","caption":"","description":"","media_type":"image","media_details":{"width":2560,"height":1280,"file":"2022\/10\/Blog_header_SOMM_2022_1800x900-scaled.jpg","filesize":973975,"sizes":{"medium":{"file":"Blog_header_SOMM_2022_1800x900-600x300.jpg","width":600,"height":300,"mime-type":"image\/jpeg","filesize":84663,"source_url":"https:\/\/www.k-m.de\/brand\/wp-content\/uploads\/2022\/10\/Blog_header_SOMM_2022_1800x900-600x300.jpg"},"large":{"file":"Blog_header_SOMM_2022_1800x900-1024x512.jpg","width":1024,"height":512,"mime-type":"image\/jpeg","filesize":221018,"source_url":"https:\/\/www.k-m.de\/brand\/wp-content\/uploads\/2022\/10\/Blog_header_SOMM_2022_1800x900-1024x512.jpg"},"thumbnail":{"file":"Blog_header_SOMM_2022_1800x900-800x480.jpg","width":800,"height":480,"mime-type":"image\/jpeg","filesize":170221,"source_url":"https:\/\/www.k-m.de\/brand\/wp-content\/uploads\/2022\/10\/Blog_header_SOMM_2022_1800x900-800x480.jpg"},"medium_large":{"file":"Blog_header_SOMM_2022_1800x900-768x384.jpg","width":768,"height":384,"mime-type":"image\/jpeg","filesize":131416,"source_url":"https:\/\/www.k-m.de\/brand\/wp-content\/uploads\/2022\/10\/Blog_header_SOMM_2022_1800x900-768x384.jpg"},"ug_big":{"file":"Blog_header_SOMM_2022_1800x900-768x384.jpg","width":768,"height":384,"mime-type":"image\/jpeg","filesize":131416,"source_url":"https:\/\/www.k-m.de\/brand\/wp-content\/uploads\/2022\/10\/Blog_header_SOMM_2022_1800x900-768x384.jpg"},"1536x1536":{"file":"Blog_header_SOMM_2022_1800x900-1536x768.jpg","width":1536,"height":768,"mime-type":"image\/jpeg","filesize":439217,"source_url":"https:\/\/www.k-m.de\/brand\/wp-content\/uploads\/2022\/10\/Blog_header_SOMM_2022_1800x900-1536x768.jpg"},"2048x2048":{"file":"Blog_header_SOMM_2022_1800x900-2048x1024.jpg","width":2048,"height":1024,"mime-type":"image\/jpeg","filesize":691828,"source_url":"https:\/\/www.k-m.de\/brand\/wp-content\/uploads\/2022\/10\/Blog_header_SOMM_2022_1800x900-2048x1024.jpg"},"post-thumbnail":{"file":"Blog_header_SOMM_2022_1800x900-800x480.jpg","width":800,"height":480,"mime-type":"image\/jpeg","filesize":170221,"source_url":"https:\/\/www.k-m.de\/brand\/wp-content\/uploads\/2022\/10\/Blog_header_SOMM_2022_1800x900-800x480.jpg"},"medium_cropped":{"file":"Blog_header_SOMM_2022_1800x900-600x600.jpg","width":600,"height":600,"mime-type":"image\/jpeg","filesize":165181,"source_url":"https:\/\/www.k-m.de\/brand\/wp-content\/uploads\/2022\/10\/Blog_header_SOMM_2022_1800x900-600x600.jpg"},"large_cropped":{"file":"Blog_header_SOMM_2022_1800x900-1200x720.jpg","width":1200,"height":720,"mime-type":"image\/jpeg","filesize":344522,"source_url":"https:\/\/www.k-m.de\/brand\/wp-content\/uploads\/2022\/10\/Blog_header_SOMM_2022_1800x900-1200x720.jpg"},"very_large":{"file":"Blog_header_SOMM_2022_1800x900-1800x900.jpg","width":1800,"height":900,"mime-type":"image\/jpeg","filesize":568213,"source_url":"https:\/\/www.k-m.de\/brand\/wp-content\/uploads\/2022\/10\/Blog_header_SOMM_2022_1800x900-1800x900.jpg"},"very_large_cropped":{"file":"Blog_header_SOMM_2022_1800x900-1800x900.jpg","width":1800,"height":900,"mime-type":"image\/jpeg","filesize":568213,"source_url":"https:\/\/www.k-m.de\/brand\/wp-content\/uploads\/2022\/10\/Blog_header_SOMM_2022_1800x900-1800x900.jpg"},"x_large_cropped":{"file":"Blog_header_SOMM_2022_1800x900-2200x1100.jpg","width":2200,"height":1100,"mime-type":"image\/jpeg","filesize":776481,"source_url":"https:\/\/www.k-m.de\/brand\/wp-content\/uploads\/2022\/10\/Blog_header_SOMM_2022_1800x900-2200x1100.jpg"},"job_pdf_cropped":{"file":"Blog_header_SOMM_2022_1800x900-1800x600.jpg","width":1800,"height":600,"mime-type":"image\/jpeg","filesize":422126,"source_url":"https:\/\/www.k-m.de\/brand\/wp-content\/uploads\/2022\/10\/Blog_header_SOMM_2022_1800x900-1800x600.jpg"},"landingpage_thumb":{"file":"Blog_header_SOMM_2022_1800x900-600x300.jpg","width":600,"height":300,"mime-type":"image\/jpeg","filesize":84663,"source_url":"https:\/\/www.k-m.de\/brand\/wp-content\/uploads\/2022\/10\/Blog_header_SOMM_2022_1800x900-600x300.jpg"},"profile_24":{"file":"Blog_header_SOMM_2022_1800x900-24x24.jpg","width":24,"height":24,"mime-type":"image\/jpeg","filesize":1169,"source_url":"https:\/\/www.k-m.de\/brand\/wp-content\/uploads\/2022\/10\/Blog_header_SOMM_2022_1800x900-24x24.jpg"},"profile_48":{"file":"Blog_header_SOMM_2022_1800x900-48x48.jpg","width":48,"height":48,"mime-type":"image\/jpeg","filesize":2307,"source_url":"https:\/\/www.k-m.de\/brand\/wp-content\/uploads\/2022\/10\/Blog_header_SOMM_2022_1800x900-48x48.jpg"},"profile_96":{"file":"Blog_header_SOMM_2022_1800x900-96x96.jpg","width":96,"height":96,"mime-type":"image\/jpeg","filesize":6466,"source_url":"https:\/\/www.k-m.de\/brand\/wp-content\/uploads\/2022\/10\/Blog_header_SOMM_2022_1800x900-96x96.jpg"},"profile_150":{"file":"Blog_header_SOMM_2022_1800x900-150x150.jpg","width":150,"height":150,"mime-type":"image\/jpeg","filesize":14492,"source_url":"https:\/\/www.k-m.de\/brand\/wp-content\/uploads\/2022\/10\/Blog_header_SOMM_2022_1800x900-150x150.jpg"},"profile_300":{"file":"Blog_header_SOMM_2022_1800x900-300x300.jpg","width":300,"height":300,"mime-type":"image\/jpeg","filesize":48820,"source_url":"https:\/\/www.k-m.de\/brand\/wp-content\/uploads\/2022\/10\/Blog_header_SOMM_2022_1800x900-300x300.jpg"}},"image_meta":{"aperture":"0","credit":"","camera":"","caption":"","created_timestamp":"0","copyright":"","focal_length":"0","iso":"0","shutter_speed":"0","title":"","orientation":"1","keywords":[]},"original_image":"Blog_header_SOMM_2022_1800x900.jpg"},"post":23355,"source_url":"https:\/\/www.k-m.de\/brand\/wp-content\/uploads\/2022\/10\/Blog_header_SOMM_2022_1800x900-scaled.jpg"},"post_meta_fields":{"_post_dealeronly":[""],"_edit_lock":["1713803802:9"],"_edit_last":["31"],"_wpml_media_featured":["1"],"_wpml_media_duplicate":["1"],"_wpb_vc_js_status":["false"],"_yoast_wpseo_content_score":["30"],"_yoast_wpseo_focuskeywords":["[]"],"_yoast_wpseo_keywordsynonyms":["[\"\"]"],"_yoast_wpseo_estimated-reading-time-minutes":["2"],"_yoast_wpseo_wordproof_timestamp":[""],"_thumbnail_id":["23352"],"_yoast_indexnow_last_ping":["1762255663"],"_encloseme":["1"],"_yoast_wpseo_primary_category":["958"],"_wpml_word_count":["301"]},"yoast_head":"<!-- This site is optimized with the Yoast SEO Premium plugin v26.8 (Yoast SEO v27.4) - https:\/\/yoast.com\/product\/yoast-seo-premium-wordpress\/ -->\n<title>MI industry will meet in Berlin at the SOMM DEALER DAYS - K\u00f6nig &amp; Meyer<\/title>\n<meta name=\"robots\" content=\"index, follow, max-snippet:-1, max-image-preview:large, max-video-preview:-1\" \/>\n<link rel=\"canonical\" href=\"https:\/\/www.k-m.de\/brand\/en\/mi-industry-will-meet-in-berlin-at-the-somm-dealer-days\/\" \/>\n<meta property=\"og:locale\" content=\"en_GB\" \/>\n<meta property=\"og:type\" content=\"article\" \/>\n<meta property=\"og:title\" content=\"MI industry will meet in Berlin at the SOMM DEALER DAYS\" \/>\n<meta property=\"og:description\" content=\"On October 29 and 30, the SOMM Dealer Days will take place in Berlin at the Estrel Congress Hotel. AboutMehr erfahren\" \/>\n<meta property=\"og:url\" content=\"https:\/\/www.k-m.de\/brand\/en\/mi-industry-will-meet-in-berlin-at-the-somm-dealer-days\/\" \/>\n<meta property=\"og:site_name\" content=\"K\u00f6nig &amp; Meyer\" \/>\n<meta property=\"article:published_time\" content=\"2022-10-10T06:54:28+00:00\" \/>\n<meta property=\"article:modified_time\" content=\"2025-11-04T11:27:43+00:00\" \/>\n<meta property=\"og:image\" content=\"https:\/\/www.k-m.de\/brand\/wp-content\/uploads\/2022\/10\/Blog_header_SOMM_2022_1800x900-scaled.jpg\" \/>\n\t<meta property=\"og:image:width\" content=\"2560\" \/>\n\t<meta property=\"og:image:height\" content=\"1280\" \/>\n\t<meta property=\"og:image:type\" content=\"image\/jpeg\" \/>\n<meta name=\"author\" content=\"GabrielaKoenig\" \/>\n<meta name=\"twitter:card\" content=\"summary_large_image\" \/>\n<meta name=\"twitter:label1\" content=\"Written by\" \/>\n\t<meta name=\"twitter:data1\" content=\"GabrielaKoenig\" \/>\n\t<meta name=\"twitter:label2\" content=\"Estimated reading time\" \/>\n\t<meta name=\"twitter:data2\" content=\"2 minutes\" \/>\n<script type=\"application\/ld+json\" class=\"yoast-schema-graph\">{\"@context\":\"https:\\\/\\\/schema.org\",\"@graph\":[{\"@type\":\"Article\",\"@id\":\"https:\\\/\\\/www.k-m.de\\\/brand\\\/en\\\/mi-industry-will-meet-in-berlin-at-the-somm-dealer-days\\\/#article\",\"isPartOf\":{\"@id\":\"https:\\\/\\\/www.k-m.de\\\/brand\\\/en\\\/mi-industry-will-meet-in-berlin-at-the-somm-dealer-days\\\/\"},\"author\":{\"name\":\"GabrielaKoenig\",\"@id\":\"https:\\\/\\\/www.k-m.de\\\/brand\\\/de\\\/#\\\/schema\\\/person\\\/3ff4ea52479c68168f700a9de51034c6\"},\"headline\":\"MI industry will meet in Berlin at the SOMM DEALER DAYS\",\"datePublished\":\"2022-10-10T06:54:28+00:00\",\"dateModified\":\"2025-11-04T11:27:43+00:00\",\"mainEntityOfPage\":{\"@id\":\"https:\\\/\\\/www.k-m.de\\\/brand\\\/en\\\/mi-industry-will-meet-in-berlin-at-the-somm-dealer-days\\\/\"},\"wordCount\":290,\"commentCount\":0,\"publisher\":{\"@id\":\"https:\\\/\\\/www.k-m.de\\\/brand\\\/de\\\/#organization\"},\"image\":{\"@id\":\"https:\\\/\\\/www.k-m.de\\\/brand\\\/en\\\/mi-industry-will-meet-in-berlin-at-the-somm-dealer-days\\\/#primaryimage\"},\"thumbnailUrl\":\"https:\\\/\\\/www.k-m.de\\\/brand\\\/wp-content\\\/uploads\\\/2022\\\/10\\\/Blog_header_SOMM_2022_1800x900-scaled.jpg\",\"articleSection\":[\"Company News\"],\"inLanguage\":\"en-GB\",\"potentialAction\":[{\"@type\":\"CommentAction\",\"name\":\"Comment\",\"target\":[\"https:\\\/\\\/www.k-m.de\\\/brand\\\/en\\\/mi-industry-will-meet-in-berlin-at-the-somm-dealer-days\\\/#respond\"]}]},{\"@type\":\"WebPage\",\"@id\":\"https:\\\/\\\/www.k-m.de\\\/brand\\\/en\\\/mi-industry-will-meet-in-berlin-at-the-somm-dealer-days\\\/\",\"url\":\"https:\\\/\\\/www.k-m.de\\\/brand\\\/en\\\/mi-industry-will-meet-in-berlin-at-the-somm-dealer-days\\\/\",\"name\":\"MI industry will meet in Berlin at the SOMM DEALER DAYS - K\u00f6nig &amp; Meyer\",\"isPartOf\":{\"@id\":\"https:\\\/\\\/www.k-m.de\\\/brand\\\/de\\\/#website\"},\"primaryImageOfPage\":{\"@id\":\"https:\\\/\\\/www.k-m.de\\\/brand\\\/en\\\/mi-industry-will-meet-in-berlin-at-the-somm-dealer-days\\\/#primaryimage\"},\"image\":{\"@id\":\"https:\\\/\\\/www.k-m.de\\\/brand\\\/en\\\/mi-industry-will-meet-in-berlin-at-the-somm-dealer-days\\\/#primaryimage\"},\"thumbnailUrl\":\"https:\\\/\\\/www.k-m.de\\\/brand\\\/wp-content\\\/uploads\\\/2022\\\/10\\\/Blog_header_SOMM_2022_1800x900-scaled.jpg\",\"datePublished\":\"2022-10-10T06:54:28+00:00\",\"dateModified\":\"2025-11-04T11:27:43+00:00\",\"breadcrumb\":{\"@id\":\"https:\\\/\\\/www.k-m.de\\\/brand\\\/en\\\/mi-industry-will-meet-in-berlin-at-the-somm-dealer-days\\\/#breadcrumb\"},\"inLanguage\":\"en-GB\",\"potentialAction\":[{\"@type\":\"ReadAction\",\"target\":[\"https:\\\/\\\/www.k-m.de\\\/brand\\\/en\\\/mi-industry-will-meet-in-berlin-at-the-somm-dealer-days\\\/\"]}]},{\"@type\":\"ImageObject\",\"inLanguage\":\"en-GB\",\"@id\":\"https:\\\/\\\/www.k-m.de\\\/brand\\\/en\\\/mi-industry-will-meet-in-berlin-at-the-somm-dealer-days\\\/#primaryimage\",\"url\":\"https:\\\/\\\/www.k-m.de\\\/brand\\\/wp-content\\\/uploads\\\/2022\\\/10\\\/Blog_header_SOMM_2022_1800x900-scaled.jpg\",\"contentUrl\":\"https:\\\/\\\/www.k-m.de\\\/brand\\\/wp-content\\\/uploads\\\/2022\\\/10\\\/Blog_header_SOMM_2022_1800x900-scaled.jpg\",\"width\":2560,\"height\":1280},{\"@type\":\"BreadcrumbList\",\"@id\":\"https:\\\/\\\/www.k-m.de\\\/brand\\\/en\\\/mi-industry-will-meet-in-berlin-at-the-somm-dealer-days\\\/#breadcrumb\",\"itemListElement\":[{\"@type\":\"ListItem\",\"position\":1,\"name\":\"Startseite\",\"item\":\"https:\\\/\\\/www.k-m.de\\\/brand\\\/en\\\/\"},{\"@type\":\"ListItem\",\"position\":2,\"name\":\"MI industry will meet in Berlin at the SOMM DEALER DAYS\"}]},{\"@type\":\"WebSite\",\"@id\":\"https:\\\/\\\/www.k-m.de\\\/brand\\\/de\\\/#website\",\"url\":\"https:\\\/\\\/www.k-m.de\\\/brand\\\/de\\\/\",\"name\":\"K\u00f6nig & Meyer\",\"description\":\"K\u00f6nig &amp; Meyer ist ein weltweit f\u00fchrender Hersteller f\u00fcr Musikzubeh\u00f6r. Seit \u00fcber 65 Jahren steht K&amp;M f\u00fcr qualitativ hochwertige Produkte.\",\"publisher\":{\"@id\":\"https:\\\/\\\/www.k-m.de\\\/brand\\\/de\\\/#organization\"},\"potentialAction\":[{\"@type\":\"SearchAction\",\"target\":{\"@type\":\"EntryPoint\",\"urlTemplate\":\"https:\\\/\\\/www.k-m.de\\\/brand\\\/de\\\/?s={search_term_string}\"},\"query-input\":{\"@type\":\"PropertyValueSpecification\",\"valueRequired\":true,\"valueName\":\"search_term_string\"}}],\"inLanguage\":\"en-GB\"},{\"@type\":\"Organization\",\"@id\":\"https:\\\/\\\/www.k-m.de\\\/brand\\\/de\\\/#organization\",\"name\":\"K\u00f6nig & Meyer\",\"url\":\"https:\\\/\\\/www.k-m.de\\\/brand\\\/de\\\/\",\"logo\":{\"@type\":\"ImageObject\",\"inLanguage\":\"en-GB\",\"@id\":\"https:\\\/\\\/www.k-m.de\\\/brand\\\/de\\\/#\\\/schema\\\/logo\\\/image\\\/\",\"url\":\"https:\\\/\\\/www.k-m.de\\\/brand\\\/wp-content\\\/uploads\\\/2023\\\/01\\\/KM_1c.tif\",\"contentUrl\":\"https:\\\/\\\/www.k-m.de\\\/brand\\\/wp-content\\\/uploads\\\/2023\\\/01\\\/KM_1c.tif\",\"width\":1,\"height\":1,\"caption\":\"K\u00f6nig & Meyer\"},\"image\":{\"@id\":\"https:\\\/\\\/www.k-m.de\\\/brand\\\/de\\\/#\\\/schema\\\/logo\\\/image\\\/\"}},{\"@type\":\"Person\",\"@id\":\"https:\\\/\\\/www.k-m.de\\\/brand\\\/de\\\/#\\\/schema\\\/person\\\/3ff4ea52479c68168f700a9de51034c6\",\"name\":\"GabrielaKoenig\",\"description\":\"CEO\",\"url\":\"https:\\\/\\\/www.k-m.de\\\/brand\\\/en\\\/author\\\/gabrielakoenig\\\/\"}]}<\/script>\n<!-- \/ Yoast SEO Premium plugin. -->","yoast_head_json":{"title":"MI industry will meet in Berlin at the SOMM DEALER DAYS - K\u00f6nig &amp; Meyer","robots":{"index":"index","follow":"follow","max-snippet":"max-snippet:-1","max-image-preview":"max-image-preview:large","max-video-preview":"max-video-preview:-1"},"canonical":"https:\/\/www.k-m.de\/brand\/en\/mi-industry-will-meet-in-berlin-at-the-somm-dealer-days\/","og_locale":"en_GB","og_type":"article","og_title":"MI industry will meet in Berlin at the SOMM DEALER DAYS","og_description":"On October 29 and 30, the SOMM Dealer Days will take place in Berlin at the Estrel Congress Hotel. AboutMehr erfahren","og_url":"https:\/\/www.k-m.de\/brand\/en\/mi-industry-will-meet-in-berlin-at-the-somm-dealer-days\/","og_site_name":"K\u00f6nig &amp; Meyer","article_published_time":"2022-10-10T06:54:28+00:00","article_modified_time":"2025-11-04T11:27:43+00:00","og_image":[{"width":2560,"height":1280,"url":"https:\/\/www.k-m.de\/brand\/wp-content\/uploads\/2022\/10\/Blog_header_SOMM_2022_1800x900-scaled.jpg","type":"image\/jpeg"}],"author":"GabrielaKoenig","twitter_card":"summary_large_image","twitter_misc":{"Written by":"GabrielaKoenig","Estimated reading time":"2 minutes"},"schema":{"@context":"https:\/\/schema.org","@graph":[{"@type":"Article","@id":"https:\/\/www.k-m.de\/brand\/en\/mi-industry-will-meet-in-berlin-at-the-somm-dealer-days\/#article","isPartOf":{"@id":"https:\/\/www.k-m.de\/brand\/en\/mi-industry-will-meet-in-berlin-at-the-somm-dealer-days\/"},"author":{"name":"GabrielaKoenig","@id":"https:\/\/www.k-m.de\/brand\/de\/#\/schema\/person\/3ff4ea52479c68168f700a9de51034c6"},"headline":"MI industry will meet in Berlin at the SOMM DEALER DAYS","datePublished":"2022-10-10T06:54:28+00:00","dateModified":"2025-11-04T11:27:43+00:00","mainEntityOfPage":{"@id":"https:\/\/www.k-m.de\/brand\/en\/mi-industry-will-meet-in-berlin-at-the-somm-dealer-days\/"},"wordCount":290,"commentCount":0,"publisher":{"@id":"https:\/\/www.k-m.de\/brand\/de\/#organization"},"image":{"@id":"https:\/\/www.k-m.de\/brand\/en\/mi-industry-will-meet-in-berlin-at-the-somm-dealer-days\/#primaryimage"},"thumbnailUrl":"https:\/\/www.k-m.de\/brand\/wp-content\/uploads\/2022\/10\/Blog_header_SOMM_2022_1800x900-scaled.jpg","articleSection":["Company News"],"inLanguage":"en-GB","potentialAction":[{"@type":"CommentAction","name":"Comment","target":["https:\/\/www.k-m.de\/brand\/en\/mi-industry-will-meet-in-berlin-at-the-somm-dealer-days\/#respond"]}]},{"@type":"WebPage","@id":"https:\/\/www.k-m.de\/brand\/en\/mi-industry-will-meet-in-berlin-at-the-somm-dealer-days\/","url":"https:\/\/www.k-m.de\/brand\/en\/mi-industry-will-meet-in-berlin-at-the-somm-dealer-days\/","name":"MI industry will meet in Berlin at the SOMM DEALER DAYS - K\u00f6nig &amp; Meyer","isPartOf":{"@id":"https:\/\/www.k-m.de\/brand\/de\/#website"},"primaryImageOfPage":{"@id":"https:\/\/www.k-m.de\/brand\/en\/mi-industry-will-meet-in-berlin-at-the-somm-dealer-days\/#primaryimage"},"image":{"@id":"https:\/\/www.k-m.de\/brand\/en\/mi-industry-will-meet-in-berlin-at-the-somm-dealer-days\/#primaryimage"},"thumbnailUrl":"https:\/\/www.k-m.de\/brand\/wp-content\/uploads\/2022\/10\/Blog_header_SOMM_2022_1800x900-scaled.jpg","datePublished":"2022-10-10T06:54:28+00:00","dateModified":"2025-11-04T11:27:43+00:00","breadcrumb":{"@id":"https:\/\/www.k-m.de\/brand\/en\/mi-industry-will-meet-in-berlin-at-the-somm-dealer-days\/#breadcrumb"},"inLanguage":"en-GB","potentialAction":[{"@type":"ReadAction","target":["https:\/\/www.k-m.de\/brand\/en\/mi-industry-will-meet-in-berlin-at-the-somm-dealer-days\/"]}]},{"@type":"ImageObject","inLanguage":"en-GB","@id":"https:\/\/www.k-m.de\/brand\/en\/mi-industry-will-meet-in-berlin-at-the-somm-dealer-days\/#primaryimage","url":"https:\/\/www.k-m.de\/brand\/wp-content\/uploads\/2022\/10\/Blog_header_SOMM_2022_1800x900-scaled.jpg","contentUrl":"https:\/\/www.k-m.de\/brand\/wp-content\/uploads\/2022\/10\/Blog_header_SOMM_2022_1800x900-scaled.jpg","width":2560,"height":1280},{"@type":"BreadcrumbList","@id":"https:\/\/www.k-m.de\/brand\/en\/mi-industry-will-meet-in-berlin-at-the-somm-dealer-days\/#breadcrumb","itemListElement":[{"@type":"ListItem","position":1,"name":"Startseite","item":"https:\/\/www.k-m.de\/brand\/en\/"},{"@type":"ListItem","position":2,"name":"MI industry will meet in Berlin at the SOMM DEALER DAYS"}]},{"@type":"WebSite","@id":"https:\/\/www.k-m.de\/brand\/de\/#website","url":"https:\/\/www.k-m.de\/brand\/de\/","name":"K\u00f6nig & Meyer","description":"K\u00f6nig &amp; Meyer ist ein weltweit f\u00fchrender Hersteller f\u00fcr Musikzubeh\u00f6r. Seit \u00fcber 65 Jahren steht K&amp;M f\u00fcr qualitativ hochwertige Produkte.","publisher":{"@id":"https:\/\/www.k-m.de\/brand\/de\/#organization"},"potentialAction":[{"@type":"SearchAction","target":{"@type":"EntryPoint","urlTemplate":"https:\/\/www.k-m.de\/brand\/de\/?s={search_term_string}"},"query-input":{"@type":"PropertyValueSpecification","valueRequired":true,"valueName":"search_term_string"}}],"inLanguage":"en-GB"},{"@type":"Organization","@id":"https:\/\/www.k-m.de\/brand\/de\/#organization","name":"K\u00f6nig & Meyer","url":"https:\/\/www.k-m.de\/brand\/de\/","logo":{"@type":"ImageObject","inLanguage":"en-GB","@id":"https:\/\/www.k-m.de\/brand\/de\/#\/schema\/logo\/image\/","url":"https:\/\/www.k-m.de\/brand\/wp-content\/uploads\/2023\/01\/KM_1c.tif","contentUrl":"https:\/\/www.k-m.de\/brand\/wp-content\/uploads\/2023\/01\/KM_1c.tif","width":1,"height":1,"caption":"K\u00f6nig & Meyer"},"image":{"@id":"https:\/\/www.k-m.de\/brand\/de\/#\/schema\/logo\/image\/"}},{"@type":"Person","@id":"https:\/\/www.k-m.de\/brand\/de\/#\/schema\/person\/3ff4ea52479c68168f700a9de51034c6","name":"GabrielaKoenig","description":"CEO","url":"https:\/\/www.k-m.de\/brand\/en\/author\/gabrielakoenig\/"}]}},"_links":{"self":[{"href":"https:\/\/www.k-m.de\/brand\/en\/wp-json\/wp\/v2\/posts\/23355","targetHints":{"allow":["GET"]}}],"collection":[{"href":"https:\/\/www.k-m.de\/brand\/en\/wp-json\/wp\/v2\/posts"}],"about":[{"href":"https:\/\/www.k-m.de\/brand\/en\/wp-json\/wp\/v2\/types\/post"}],"author":[{"embeddable":true,"href":"https:\/\/www.k-m.de\/brand\/en\/wp-json\/wp\/v2\/users\/11"}],"replies":[{"embeddable":true,"href":"https:\/\/www.k-m.de\/brand\/en\/wp-json\/wp\/v2\/comments?post=23355"}],"version-history":[{"count":1,"href":"https:\/\/www.k-m.de\/brand\/en\/wp-json\/wp\/v2\/posts\/23355\/revisions"}],"predecessor-version":[{"id":23356,"href":"https:\/\/www.k-m.de\/brand\/en\/wp-json\/wp\/v2\/posts\/23355\/revisions\/23356"}],"wp:featuredmedia":[{"embeddable":true,"href":"https:\/\/www.k-m.de\/brand\/en\/wp-json\/wp\/v2\/media\/23352"}],"wp:attachment":[{"href":"https:\/\/www.k-m.de\/brand\/en\/wp-json\/wp\/v2\/media?parent=23355"}],"wp:term":[{"taxonomy":"category","embeddable":true,"href":"https:\/\/www.k-m.de\/brand\/en\/wp-json\/wp\/v2\/categories?post=23355"},{"taxonomy":"post_tag","embeddable":true,"href":"https:\/\/www.k-m.de\/brand\/en\/wp-json\/wp\/v2\/tags?post=23355"}],"curies":[{"name":"wp","href":"https:\/\/api.w.org\/{rel}","templated":true}]}}