{"id":26147,"date":"2023-01-11T11:36:40","date_gmt":"2023-01-11T10:36:40","guid":{"rendered":"https:\/\/www.k-m.de\/brand\/?p=26147"},"modified":"2025-11-04T12:27:42","modified_gmt":"2025-11-04T11:27:42","slug":"with-deep-sympathywe-take-leave","status":"publish","type":"post","link":"https:\/\/www.k-m.de\/brand\/en\/with-deep-sympathywe-take-leave\/","title":{"rendered":"With deep sympathy<\/br>we take leave"},"content":{"rendered":"<p>With deep sympathy we take leave of our President and Managing Partner<\/p>\n<h1 style=\"text-align: center;\"><strong>Martin K\u00f6nig<\/strong><\/h1>\n<p style=\"text-align: center;\">* February 7, 1936 in Zella-Mehlis \u00a0 \u00a0\u271d January 4, 2023 in Wertheim<\/p>\n<p>&nbsp;<\/p>\n<p style=\"text-align: center;\"><strong><img loading=\"lazy\" decoding=\"async\" class=\"aligncenter wp-image-25973\" src=\"https:\/\/www.k-m.de\/brand\/wp-content\/uploads\/2023\/01\/2051432.jpeg\" alt=\"\" width=\"346\" height=\"490\" srcset=\"https:\/\/www.k-m.de\/brand\/wp-content\/uploads\/2023\/01\/2051432.jpeg 636w, https:\/\/www.k-m.de\/brand\/wp-content\/uploads\/2023\/01\/2051432-424x600.jpeg 424w, https:\/\/www.k-m.de\/brand\/wp-content\/uploads\/2023\/01\/2051432-543x768.jpeg 543w, https:\/\/www.k-m.de\/brand\/wp-content\/uploads\/2023\/01\/2051432-212x300.jpeg 212w\" sizes=\"auto, (max-width: 346px) 100vw, 346px\" \/><\/strong><\/p>\n<p>&nbsp;<\/p>\n<p>&nbsp;<\/p>\n<p>Martin K\u00f6nig joined K\u00f6nig &amp; Meyer in 1950, a company that had been reestablished in Wertheim the year before by his father Karl K\u00f6nig and Erich Meyer. Since the company, which had been founded in the 1930s, had been expropriated for the second time in 1948, the K\u00f6nig and Meyer families had decided to pull up stakes in Zella-Mehlis\/Thuringia and start anew in Wertheim. Martin K\u00f6nig began an apprenticeship as a toolmaker, which he completed as the best in his guild. From 1957 to 1961, he studied and graduated as a mechanical engineer in Mannheim. He initially worked for Philipps and BASF. In 1965, he returned to K\u00f6nig &amp; Meyer as chief operating officer. After the early death of his father in 1967, he became managing director of the company together with Erich Meyer. This was followed by the continuous expansion of the company. The product range, number of employees and production areas grew steadily. Martin K\u00f6nig was particularly interested in developing innovative products, improving production processes and modernizing and expanding production facilities. Numerous world innovations in the field of music accessories were developed by him, such as the successful product 210\/2 microphone stand.<\/p>\n<p>&nbsp;<\/p>\n<p><img loading=\"lazy\" decoding=\"async\" class=\"aligncenter wp-image-26141\" src=\"https:\/\/www.k-m.de\/brand\/wp-content\/uploads\/2023\/01\/2061453.jpeg\" alt=\"\" width=\"727\" height=\"1029\" srcset=\"https:\/\/www.k-m.de\/brand\/wp-content\/uploads\/2023\/01\/2061453.jpeg 636w, https:\/\/www.k-m.de\/brand\/wp-content\/uploads\/2023\/01\/2061453-424x600.jpeg 424w, https:\/\/www.k-m.de\/brand\/wp-content\/uploads\/2023\/01\/2061453-543x768.jpeg 543w, https:\/\/www.k-m.de\/brand\/wp-content\/uploads\/2023\/01\/2061453-212x300.jpeg 212w\" sizes=\"auto, (max-width: 727px) 100vw, 727px\" \/><\/p>\n<p>&nbsp;<\/p>\n<p>Cooperative spirit, humanity and a good, open working environment have always been promoted by Martin K\u00f6nig. In addition, job protection and the promotion of young talent have always been a priority. With a high level of personal commitment, entrepreneurial foresight and open-mindedness, he paved the way for the company&#8217;s rise to its current status as a world market leader. In 1996, Martin K\u00f6nig was awarded the silver city medal by the city of Wertheim for his success and services. Although he slowly withdrew from business life from 2005, he continued to be associated with the company with his experience and commitment as managing director for representative tasks.<\/p>\n<p>&nbsp;<\/p>\n<p>We bid farewell to a great entrepreneur. With the greatest respect, we will remember him with gratitude.\u00a0Our sympathy goes out to his wife and his family, who today also share in his entrepreneurial responsibility. His values and principles will continue to shape the future of the company.<\/p>\n<p>&nbsp;<\/p>\n<p><strong>K\u00f6nig &amp; Meyer GmbH &amp; Co. KG<br \/>\nManagement, shareholders, works council and staff<\/strong><\/p>\n","protected":false},"excerpt":{"rendered":"<p>With deep sympathy we take leave of our President and Managing Partner Martin K\u00f6nig * February 7, 1936 in Zella-Mehlis<span class=\"read_more\">Mehr erfahren<\/span><\/p>\n","protected":false},"author":30,"featured_media":25958,"comment_status":"open","ping_status":"open","sticky":false,"template":"","format":"standard","meta":{"footnotes":""},"categories":[1462,1043],"tags":[],"class_list":["post-26147","post","type-post","status-publish","format-standard","has-post-thumbnail","hentry","category-companynews","category-news-en"],"better_featured_image":{"id":25958,"alt_text":"","caption":"","description":"","media_type":"image","media_details":{"width":2560,"height":1280,"file":"2023\/01\/RZ_blog_MKoenig_Nachruf_1800x900-scaled.jpg","filesize":762006,"sizes":{"medium":{"file":"RZ_blog_MKoenig_Nachruf_1800x900-600x300.jpg","width":600,"height":300,"mime-type":"image\/jpeg","filesize":42908,"source_url":"https:\/\/www.k-m.de\/brand\/wp-content\/uploads\/2023\/01\/RZ_blog_MKoenig_Nachruf_1800x900-600x300.jpg"},"large":{"file":"RZ_blog_MKoenig_Nachruf_1800x900-1024x512.jpg","width":1024,"height":512,"mime-type":"image\/jpeg","filesize":112000,"source_url":"https:\/\/www.k-m.de\/brand\/wp-content\/uploads\/2023\/01\/RZ_blog_MKoenig_Nachruf_1800x900-1024x512.jpg"},"thumbnail":{"file":"RZ_blog_MKoenig_Nachruf_1800x900-800x480.jpg","width":800,"height":480,"mime-type":"image\/jpeg","filesize":87491,"source_url":"https:\/\/www.k-m.de\/brand\/wp-content\/uploads\/2023\/01\/RZ_blog_MKoenig_Nachruf_1800x900-800x480.jpg"},"medium_large":{"file":"RZ_blog_MKoenig_Nachruf_1800x900-768x384.jpg","width":768,"height":384,"mime-type":"image\/jpeg","filesize":64529,"source_url":"https:\/\/www.k-m.de\/brand\/wp-content\/uploads\/2023\/01\/RZ_blog_MKoenig_Nachruf_1800x900-768x384.jpg"},"ug_big":{"file":"RZ_blog_MKoenig_Nachruf_1800x900-768x384.jpg","width":768,"height":384,"mime-type":"image\/jpeg","filesize":64529,"source_url":"https:\/\/www.k-m.de\/brand\/wp-content\/uploads\/2023\/01\/RZ_blog_MKoenig_Nachruf_1800x900-768x384.jpg"},"1536x1536":{"file":"RZ_blog_MKoenig_Nachruf_1800x900-1536x768.jpg","width":1536,"height":768,"mime-type":"image\/jpeg","filesize":269486,"source_url":"https:\/\/www.k-m.de\/brand\/wp-content\/uploads\/2023\/01\/RZ_blog_MKoenig_Nachruf_1800x900-1536x768.jpg"},"2048x2048":{"file":"RZ_blog_MKoenig_Nachruf_1800x900-2048x1024.jpg","width":2048,"height":1024,"mime-type":"image\/jpeg","filesize":495506,"source_url":"https:\/\/www.k-m.de\/brand\/wp-content\/uploads\/2023\/01\/RZ_blog_MKoenig_Nachruf_1800x900-2048x1024.jpg"},"post-thumbnail":{"file":"RZ_blog_MKoenig_Nachruf_1800x900-800x480.jpg","width":800,"height":480,"mime-type":"image\/jpeg","filesize":87491,"source_url":"https:\/\/www.k-m.de\/brand\/wp-content\/uploads\/2023\/01\/RZ_blog_MKoenig_Nachruf_1800x900-800x480.jpg"},"medium_cropped":{"file":"RZ_blog_MKoenig_Nachruf_1800x900-600x600.jpg","width":600,"height":600,"mime-type":"image\/jpeg","filesize":94280,"source_url":"https:\/\/www.k-m.de\/brand\/wp-content\/uploads\/2023\/01\/RZ_blog_MKoenig_Nachruf_1800x900-600x600.jpg"},"large_cropped":{"file":"RZ_blog_MKoenig_Nachruf_1800x900-1200x720.jpg","width":1200,"height":720,"mime-type":"image\/jpeg","filesize":206889,"source_url":"https:\/\/www.k-m.de\/brand\/wp-content\/uploads\/2023\/01\/RZ_blog_MKoenig_Nachruf_1800x900-1200x720.jpg"},"very_large":{"file":"RZ_blog_MKoenig_Nachruf_1800x900-1800x900.jpg","width":1800,"height":900,"mime-type":"image\/jpeg","filesize":381035,"source_url":"https:\/\/www.k-m.de\/brand\/wp-content\/uploads\/2023\/01\/RZ_blog_MKoenig_Nachruf_1800x900-1800x900.jpg"},"very_large_cropped":{"file":"RZ_blog_MKoenig_Nachruf_1800x900-1800x900.jpg","width":1800,"height":900,"mime-type":"image\/jpeg","filesize":381035,"source_url":"https:\/\/www.k-m.de\/brand\/wp-content\/uploads\/2023\/01\/RZ_blog_MKoenig_Nachruf_1800x900-1800x900.jpg"},"x_large_cropped":{"file":"RZ_blog_MKoenig_Nachruf_1800x900-2200x1100.jpg","width":2200,"height":1100,"mime-type":"image\/jpeg","filesize":573475,"source_url":"https:\/\/www.k-m.de\/brand\/wp-content\/uploads\/2023\/01\/RZ_blog_MKoenig_Nachruf_1800x900-2200x1100.jpg"},"job_pdf_cropped":{"file":"RZ_blog_MKoenig_Nachruf_1800x900-1800x600.jpg","width":1800,"height":600,"mime-type":"image\/jpeg","filesize":267885,"source_url":"https:\/\/www.k-m.de\/brand\/wp-content\/uploads\/2023\/01\/RZ_blog_MKoenig_Nachruf_1800x900-1800x600.jpg"},"landingpage_thumb":{"file":"RZ_blog_MKoenig_Nachruf_1800x900-600x300.jpg","width":600,"height":300,"mime-type":"image\/jpeg","filesize":42908,"source_url":"https:\/\/www.k-m.de\/brand\/wp-content\/uploads\/2023\/01\/RZ_blog_MKoenig_Nachruf_1800x900-600x300.jpg"},"profile_24":{"file":"RZ_blog_MKoenig_Nachruf_1800x900-24x24.jpg","width":24,"height":24,"mime-type":"image\/jpeg","filesize":1144,"source_url":"https:\/\/www.k-m.de\/brand\/wp-content\/uploads\/2023\/01\/RZ_blog_MKoenig_Nachruf_1800x900-24x24.jpg"},"profile_48":{"file":"RZ_blog_MKoenig_Nachruf_1800x900-48x48.jpg","width":48,"height":48,"mime-type":"image\/jpeg","filesize":2117,"source_url":"https:\/\/www.k-m.de\/brand\/wp-content\/uploads\/2023\/01\/RZ_blog_MKoenig_Nachruf_1800x900-48x48.jpg"},"profile_96":{"file":"RZ_blog_MKoenig_Nachruf_1800x900-96x96.jpg","width":96,"height":96,"mime-type":"image\/jpeg","filesize":5083,"source_url":"https:\/\/www.k-m.de\/brand\/wp-content\/uploads\/2023\/01\/RZ_blog_MKoenig_Nachruf_1800x900-96x96.jpg"},"profile_150":{"file":"RZ_blog_MKoenig_Nachruf_1800x900-150x150.jpg","width":150,"height":150,"mime-type":"image\/jpeg","filesize":10083,"source_url":"https:\/\/www.k-m.de\/brand\/wp-content\/uploads\/2023\/01\/RZ_blog_MKoenig_Nachruf_1800x900-150x150.jpg"},"profile_300":{"file":"RZ_blog_MKoenig_Nachruf_1800x900-300x300.jpg","width":300,"height":300,"mime-type":"image\/jpeg","filesize":28531,"source_url":"https:\/\/www.k-m.de\/brand\/wp-content\/uploads\/2023\/01\/RZ_blog_MKoenig_Nachruf_1800x900-300x300.jpg"}},"image_meta":{"aperture":"0","credit":"","camera":"","caption":"","created_timestamp":"0","copyright":"","focal_length":"0","iso":"0","shutter_speed":"0","title":"","orientation":"1","keywords":[]},"original_image":"RZ_blog_MKoenig_Nachruf_1800x900.jpg"},"post":26147,"source_url":"https:\/\/www.k-m.de\/brand\/wp-content\/uploads\/2023\/01\/RZ_blog_MKoenig_Nachruf_1800x900-scaled.jpg"},"post_meta_fields":{"_post_dealeronly":[""],"_edit_lock":["1673433950:8"],"_edit_last":["31"],"_wpml_media_featured":["1"],"_wpml_media_duplicate":["1"],"_wpb_vc_js_status":["false"],"_yoast_wpseo_content_score":["30"],"_yoast_wpseo_focuskeywords":["[]"],"_yoast_wpseo_keywordsynonyms":["[\"\"]"],"_yoast_wpseo_estimated-reading-time-minutes":["3"],"_yoast_wpseo_wordproof_timestamp":[""],"_thumbnail_id":["25958"],"_yoast_wpseo_primary_category":["957"],"_yoast_indexnow_last_ping":["1762255663"],"_encloseme":["1"],"_wpml_word_count":["411"]},"yoast_head":"<!-- This site is optimized with the Yoast SEO Premium plugin v26.8 (Yoast SEO v27.4) - https:\/\/yoast.com\/product\/yoast-seo-premium-wordpress\/ -->\n<title>With deep sympathywe take leave - K\u00f6nig &amp; Meyer<\/title>\n<meta name=\"robots\" content=\"index, follow, max-snippet:-1, max-image-preview:large, max-video-preview:-1\" \/>\n<link rel=\"canonical\" href=\"https:\/\/www.k-m.de\/brand\/en\/with-deep-sympathywe-take-leave\/\" \/>\n<meta property=\"og:locale\" content=\"en_GB\" \/>\n<meta property=\"og:type\" content=\"article\" \/>\n<meta property=\"og:title\" content=\"With deep sympathywe take leave\" \/>\n<meta property=\"og:description\" content=\"With deep sympathy we take leave of our President and Managing Partner Martin K\u00f6nig * February 7, 1936 in Zella-MehlisMehr erfahren\" \/>\n<meta property=\"og:url\" content=\"https:\/\/www.k-m.de\/brand\/en\/with-deep-sympathywe-take-leave\/\" \/>\n<meta property=\"og:site_name\" content=\"K\u00f6nig &amp; Meyer\" \/>\n<meta property=\"article:published_time\" content=\"2023-01-11T10:36:40+00:00\" \/>\n<meta property=\"article:modified_time\" content=\"2025-11-04T11:27:42+00:00\" \/>\n<meta property=\"og:image\" content=\"https:\/\/www.k-m.de\/brand\/wp-content\/uploads\/2023\/01\/RZ_blog_MKoenig_Nachruf_1800x900-scaled.jpg\" \/>\n\t<meta property=\"og:image:width\" content=\"2560\" \/>\n\t<meta property=\"og:image:height\" content=\"1280\" \/>\n\t<meta property=\"og:image:type\" content=\"image\/jpeg\" \/>\n<meta name=\"author\" content=\"K\u00f6nig &amp; Meyer\" \/>\n<meta name=\"twitter:card\" content=\"summary_large_image\" \/>\n<meta name=\"twitter:label1\" content=\"Written by\" \/>\n\t<meta name=\"twitter:data1\" content=\"K\u00f6nig &amp; Meyer\" \/>\n\t<meta name=\"twitter:label2\" content=\"Estimated reading time\" \/>\n\t<meta name=\"twitter:data2\" content=\"3 minutes\" \/>\n<script type=\"application\/ld+json\" class=\"yoast-schema-graph\">{\"@context\":\"https:\\\/\\\/schema.org\",\"@graph\":[{\"@type\":\"Article\",\"@id\":\"https:\\\/\\\/www.k-m.de\\\/brand\\\/en\\\/with-deep-sympathywe-take-leave\\\/#article\",\"isPartOf\":{\"@id\":\"https:\\\/\\\/www.k-m.de\\\/brand\\\/en\\\/with-deep-sympathywe-take-leave\\\/\"},\"author\":{\"name\":\"K\u00f6nig &amp; Meyer\",\"@id\":\"https:\\\/\\\/www.k-m.de\\\/brand\\\/de\\\/#\\\/schema\\\/person\\\/f91c992e17f8768b790d20ce574ea630\"},\"headline\":\"With deep sympathywe take leave\",\"datePublished\":\"2023-01-11T10:36:40+00:00\",\"dateModified\":\"2025-11-04T11:27:42+00:00\",\"mainEntityOfPage\":{\"@id\":\"https:\\\/\\\/www.k-m.de\\\/brand\\\/en\\\/with-deep-sympathywe-take-leave\\\/\"},\"wordCount\":398,\"commentCount\":3,\"publisher\":{\"@id\":\"https:\\\/\\\/www.k-m.de\\\/brand\\\/de\\\/#organization\"},\"image\":{\"@id\":\"https:\\\/\\\/www.k-m.de\\\/brand\\\/en\\\/with-deep-sympathywe-take-leave\\\/#primaryimage\"},\"thumbnailUrl\":\"https:\\\/\\\/www.k-m.de\\\/brand\\\/wp-content\\\/uploads\\\/2023\\\/01\\\/RZ_blog_MKoenig_Nachruf_1800x900-scaled.jpg\",\"articleSection\":[\"Company News\",\"News\"],\"inLanguage\":\"en-GB\",\"potentialAction\":[{\"@type\":\"CommentAction\",\"name\":\"Comment\",\"target\":[\"https:\\\/\\\/www.k-m.de\\\/brand\\\/en\\\/with-deep-sympathywe-take-leave\\\/#respond\"]}]},{\"@type\":\"WebPage\",\"@id\":\"https:\\\/\\\/www.k-m.de\\\/brand\\\/en\\\/with-deep-sympathywe-take-leave\\\/\",\"url\":\"https:\\\/\\\/www.k-m.de\\\/brand\\\/en\\\/with-deep-sympathywe-take-leave\\\/\",\"name\":\"With deep sympathywe take leave - K\u00f6nig &amp; Meyer\",\"isPartOf\":{\"@id\":\"https:\\\/\\\/www.k-m.de\\\/brand\\\/de\\\/#website\"},\"primaryImageOfPage\":{\"@id\":\"https:\\\/\\\/www.k-m.de\\\/brand\\\/en\\\/with-deep-sympathywe-take-leave\\\/#primaryimage\"},\"image\":{\"@id\":\"https:\\\/\\\/www.k-m.de\\\/brand\\\/en\\\/with-deep-sympathywe-take-leave\\\/#primaryimage\"},\"thumbnailUrl\":\"https:\\\/\\\/www.k-m.de\\\/brand\\\/wp-content\\\/uploads\\\/2023\\\/01\\\/RZ_blog_MKoenig_Nachruf_1800x900-scaled.jpg\",\"datePublished\":\"2023-01-11T10:36:40+00:00\",\"dateModified\":\"2025-11-04T11:27:42+00:00\",\"breadcrumb\":{\"@id\":\"https:\\\/\\\/www.k-m.de\\\/brand\\\/en\\\/with-deep-sympathywe-take-leave\\\/#breadcrumb\"},\"inLanguage\":\"en-GB\",\"potentialAction\":[{\"@type\":\"ReadAction\",\"target\":[\"https:\\\/\\\/www.k-m.de\\\/brand\\\/en\\\/with-deep-sympathywe-take-leave\\\/\"]}]},{\"@type\":\"ImageObject\",\"inLanguage\":\"en-GB\",\"@id\":\"https:\\\/\\\/www.k-m.de\\\/brand\\\/en\\\/with-deep-sympathywe-take-leave\\\/#primaryimage\",\"url\":\"https:\\\/\\\/www.k-m.de\\\/brand\\\/wp-content\\\/uploads\\\/2023\\\/01\\\/RZ_blog_MKoenig_Nachruf_1800x900-scaled.jpg\",\"contentUrl\":\"https:\\\/\\\/www.k-m.de\\\/brand\\\/wp-content\\\/uploads\\\/2023\\\/01\\\/RZ_blog_MKoenig_Nachruf_1800x900-scaled.jpg\",\"width\":2560,\"height\":1280},{\"@type\":\"BreadcrumbList\",\"@id\":\"https:\\\/\\\/www.k-m.de\\\/brand\\\/en\\\/with-deep-sympathywe-take-leave\\\/#breadcrumb\",\"itemListElement\":[{\"@type\":\"ListItem\",\"position\":1,\"name\":\"Startseite\",\"item\":\"https:\\\/\\\/www.k-m.de\\\/brand\\\/en\\\/\"},{\"@type\":\"ListItem\",\"position\":2,\"name\":\"With deep sympathywe take leave\"}]},{\"@type\":\"WebSite\",\"@id\":\"https:\\\/\\\/www.k-m.de\\\/brand\\\/de\\\/#website\",\"url\":\"https:\\\/\\\/www.k-m.de\\\/brand\\\/de\\\/\",\"name\":\"K\u00f6nig & Meyer\",\"description\":\"K\u00f6nig &amp; Meyer ist ein weltweit f\u00fchrender Hersteller f\u00fcr Musikzubeh\u00f6r. Seit \u00fcber 65 Jahren steht K&amp;M f\u00fcr qualitativ hochwertige Produkte.\",\"publisher\":{\"@id\":\"https:\\\/\\\/www.k-m.de\\\/brand\\\/de\\\/#organization\"},\"potentialAction\":[{\"@type\":\"SearchAction\",\"target\":{\"@type\":\"EntryPoint\",\"urlTemplate\":\"https:\\\/\\\/www.k-m.de\\\/brand\\\/de\\\/?s={search_term_string}\"},\"query-input\":{\"@type\":\"PropertyValueSpecification\",\"valueRequired\":true,\"valueName\":\"search_term_string\"}}],\"inLanguage\":\"en-GB\"},{\"@type\":\"Organization\",\"@id\":\"https:\\\/\\\/www.k-m.de\\\/brand\\\/de\\\/#organization\",\"name\":\"K\u00f6nig & Meyer\",\"url\":\"https:\\\/\\\/www.k-m.de\\\/brand\\\/de\\\/\",\"logo\":{\"@type\":\"ImageObject\",\"inLanguage\":\"en-GB\",\"@id\":\"https:\\\/\\\/www.k-m.de\\\/brand\\\/de\\\/#\\\/schema\\\/logo\\\/image\\\/\",\"url\":\"https:\\\/\\\/www.k-m.de\\\/brand\\\/wp-content\\\/uploads\\\/2023\\\/01\\\/KM_1c.tif\",\"contentUrl\":\"https:\\\/\\\/www.k-m.de\\\/brand\\\/wp-content\\\/uploads\\\/2023\\\/01\\\/KM_1c.tif\",\"width\":1,\"height\":1,\"caption\":\"K\u00f6nig & Meyer\"},\"image\":{\"@id\":\"https:\\\/\\\/www.k-m.de\\\/brand\\\/de\\\/#\\\/schema\\\/logo\\\/image\\\/\"}},{\"@type\":\"Person\",\"@id\":\"https:\\\/\\\/www.k-m.de\\\/brand\\\/de\\\/#\\\/schema\\\/person\\\/f91c992e17f8768b790d20ce574ea630\",\"name\":\"K\u00f6nig &amp; Meyer\",\"url\":\"https:\\\/\\\/www.k-m.de\\\/brand\\\/en\\\/author\\\/koenig-und-meyer\\\/\"}]}<\/script>\n<!-- \/ Yoast SEO Premium plugin. -->","yoast_head_json":{"title":"With deep sympathywe take leave - K\u00f6nig &amp; Meyer","robots":{"index":"index","follow":"follow","max-snippet":"max-snippet:-1","max-image-preview":"max-image-preview:large","max-video-preview":"max-video-preview:-1"},"canonical":"https:\/\/www.k-m.de\/brand\/en\/with-deep-sympathywe-take-leave\/","og_locale":"en_GB","og_type":"article","og_title":"With deep sympathywe take leave","og_description":"With deep sympathy we take leave of our President and Managing Partner Martin K\u00f6nig * February 7, 1936 in Zella-MehlisMehr erfahren","og_url":"https:\/\/www.k-m.de\/brand\/en\/with-deep-sympathywe-take-leave\/","og_site_name":"K\u00f6nig &amp; Meyer","article_published_time":"2023-01-11T10:36:40+00:00","article_modified_time":"2025-11-04T11:27:42+00:00","og_image":[{"width":2560,"height":1280,"url":"https:\/\/www.k-m.de\/brand\/wp-content\/uploads\/2023\/01\/RZ_blog_MKoenig_Nachruf_1800x900-scaled.jpg","type":"image\/jpeg"}],"author":"K\u00f6nig &amp; Meyer","twitter_card":"summary_large_image","twitter_misc":{"Written by":"K\u00f6nig &amp; Meyer","Estimated reading time":"3 minutes"},"schema":{"@context":"https:\/\/schema.org","@graph":[{"@type":"Article","@id":"https:\/\/www.k-m.de\/brand\/en\/with-deep-sympathywe-take-leave\/#article","isPartOf":{"@id":"https:\/\/www.k-m.de\/brand\/en\/with-deep-sympathywe-take-leave\/"},"author":{"name":"K\u00f6nig &amp; Meyer","@id":"https:\/\/www.k-m.de\/brand\/de\/#\/schema\/person\/f91c992e17f8768b790d20ce574ea630"},"headline":"With deep sympathywe take leave","datePublished":"2023-01-11T10:36:40+00:00","dateModified":"2025-11-04T11:27:42+00:00","mainEntityOfPage":{"@id":"https:\/\/www.k-m.de\/brand\/en\/with-deep-sympathywe-take-leave\/"},"wordCount":398,"commentCount":3,"publisher":{"@id":"https:\/\/www.k-m.de\/brand\/de\/#organization"},"image":{"@id":"https:\/\/www.k-m.de\/brand\/en\/with-deep-sympathywe-take-leave\/#primaryimage"},"thumbnailUrl":"https:\/\/www.k-m.de\/brand\/wp-content\/uploads\/2023\/01\/RZ_blog_MKoenig_Nachruf_1800x900-scaled.jpg","articleSection":["Company News","News"],"inLanguage":"en-GB","potentialAction":[{"@type":"CommentAction","name":"Comment","target":["https:\/\/www.k-m.de\/brand\/en\/with-deep-sympathywe-take-leave\/#respond"]}]},{"@type":"WebPage","@id":"https:\/\/www.k-m.de\/brand\/en\/with-deep-sympathywe-take-leave\/","url":"https:\/\/www.k-m.de\/brand\/en\/with-deep-sympathywe-take-leave\/","name":"With deep sympathywe take leave - K\u00f6nig &amp; Meyer","isPartOf":{"@id":"https:\/\/www.k-m.de\/brand\/de\/#website"},"primaryImageOfPage":{"@id":"https:\/\/www.k-m.de\/brand\/en\/with-deep-sympathywe-take-leave\/#primaryimage"},"image":{"@id":"https:\/\/www.k-m.de\/brand\/en\/with-deep-sympathywe-take-leave\/#primaryimage"},"thumbnailUrl":"https:\/\/www.k-m.de\/brand\/wp-content\/uploads\/2023\/01\/RZ_blog_MKoenig_Nachruf_1800x900-scaled.jpg","datePublished":"2023-01-11T10:36:40+00:00","dateModified":"2025-11-04T11:27:42+00:00","breadcrumb":{"@id":"https:\/\/www.k-m.de\/brand\/en\/with-deep-sympathywe-take-leave\/#breadcrumb"},"inLanguage":"en-GB","potentialAction":[{"@type":"ReadAction","target":["https:\/\/www.k-m.de\/brand\/en\/with-deep-sympathywe-take-leave\/"]}]},{"@type":"ImageObject","inLanguage":"en-GB","@id":"https:\/\/www.k-m.de\/brand\/en\/with-deep-sympathywe-take-leave\/#primaryimage","url":"https:\/\/www.k-m.de\/brand\/wp-content\/uploads\/2023\/01\/RZ_blog_MKoenig_Nachruf_1800x900-scaled.jpg","contentUrl":"https:\/\/www.k-m.de\/brand\/wp-content\/uploads\/2023\/01\/RZ_blog_MKoenig_Nachruf_1800x900-scaled.jpg","width":2560,"height":1280},{"@type":"BreadcrumbList","@id":"https:\/\/www.k-m.de\/brand\/en\/with-deep-sympathywe-take-leave\/#breadcrumb","itemListElement":[{"@type":"ListItem","position":1,"name":"Startseite","item":"https:\/\/www.k-m.de\/brand\/en\/"},{"@type":"ListItem","position":2,"name":"With deep sympathywe take leave"}]},{"@type":"WebSite","@id":"https:\/\/www.k-m.de\/brand\/de\/#website","url":"https:\/\/www.k-m.de\/brand\/de\/","name":"K\u00f6nig & Meyer","description":"K\u00f6nig &amp; Meyer ist ein weltweit f\u00fchrender Hersteller f\u00fcr Musikzubeh\u00f6r. Seit \u00fcber 65 Jahren steht K&amp;M f\u00fcr qualitativ hochwertige Produkte.","publisher":{"@id":"https:\/\/www.k-m.de\/brand\/de\/#organization"},"potentialAction":[{"@type":"SearchAction","target":{"@type":"EntryPoint","urlTemplate":"https:\/\/www.k-m.de\/brand\/de\/?s={search_term_string}"},"query-input":{"@type":"PropertyValueSpecification","valueRequired":true,"valueName":"search_term_string"}}],"inLanguage":"en-GB"},{"@type":"Organization","@id":"https:\/\/www.k-m.de\/brand\/de\/#organization","name":"K\u00f6nig & Meyer","url":"https:\/\/www.k-m.de\/brand\/de\/","logo":{"@type":"ImageObject","inLanguage":"en-GB","@id":"https:\/\/www.k-m.de\/brand\/de\/#\/schema\/logo\/image\/","url":"https:\/\/www.k-m.de\/brand\/wp-content\/uploads\/2023\/01\/KM_1c.tif","contentUrl":"https:\/\/www.k-m.de\/brand\/wp-content\/uploads\/2023\/01\/KM_1c.tif","width":1,"height":1,"caption":"K\u00f6nig & Meyer"},"image":{"@id":"https:\/\/www.k-m.de\/brand\/de\/#\/schema\/logo\/image\/"}},{"@type":"Person","@id":"https:\/\/www.k-m.de\/brand\/de\/#\/schema\/person\/f91c992e17f8768b790d20ce574ea630","name":"K\u00f6nig &amp; Meyer","url":"https:\/\/www.k-m.de\/brand\/en\/author\/koenig-und-meyer\/"}]}},"_links":{"self":[{"href":"https:\/\/www.k-m.de\/brand\/en\/wp-json\/wp\/v2\/posts\/26147","targetHints":{"allow":["GET"]}}],"collection":[{"href":"https:\/\/www.k-m.de\/brand\/en\/wp-json\/wp\/v2\/posts"}],"about":[{"href":"https:\/\/www.k-m.de\/brand\/en\/wp-json\/wp\/v2\/types\/post"}],"author":[{"embeddable":true,"href":"https:\/\/www.k-m.de\/brand\/en\/wp-json\/wp\/v2\/users\/30"}],"replies":[{"embeddable":true,"href":"https:\/\/www.k-m.de\/brand\/en\/wp-json\/wp\/v2\/comments?post=26147"}],"version-history":[{"count":2,"href":"https:\/\/www.k-m.de\/brand\/en\/wp-json\/wp\/v2\/posts\/26147\/revisions"}],"predecessor-version":[{"id":26149,"href":"https:\/\/www.k-m.de\/brand\/en\/wp-json\/wp\/v2\/posts\/26147\/revisions\/26149"}],"wp:featuredmedia":[{"embeddable":true,"href":"https:\/\/www.k-m.de\/brand\/en\/wp-json\/wp\/v2\/media\/25958"}],"wp:attachment":[{"href":"https:\/\/www.k-m.de\/brand\/en\/wp-json\/wp\/v2\/media?parent=26147"}],"wp:term":[{"taxonomy":"category","embeddable":true,"href":"https:\/\/www.k-m.de\/brand\/en\/wp-json\/wp\/v2\/categories?post=26147"},{"taxonomy":"post_tag","embeddable":true,"href":"https:\/\/www.k-m.de\/brand\/en\/wp-json\/wp\/v2\/tags?post=26147"}],"curies":[{"name":"wp","href":"https:\/\/api.w.org\/{rel}","templated":true}]}}