{"id":7300,"date":"2011-04-06T16:49:00","date_gmt":"2011-04-06T14:49:00","guid":{"rendered":"https:\/\/www.k-m.de\/brand\/dairy-1st-day-at-the-musikmesse-frankfurt\/"},"modified":"2021-03-22T15:23:26","modified_gmt":"2021-03-22T14:23:26","slug":"dairy-1st-day-at-the-musikmesse-frankfurt","status":"publish","type":"post","link":"https:\/\/www.k-m.de\/brand\/en\/dairy-1st-day-at-the-musikmesse-frankfurt\/","title":{"rendered":"Dairy: 1st day at the Musikmesse Frankfurt."},"content":{"rendered":"<p>Today the musikmesse in Frankfurt has started.<br \/>\nThe 40 K\u00f6nig &amp; Meyer employees went by bus \u2013 our departure: 6:45 this morning.<br \/>\nNearly all employees are experienced, because they already have often been at the musikmesse. So everyone knows what to do and where: There\u2019s our main booth C 39 in hall 3.0. There are the most area sales managers and you find our new products there.<br \/>\nOur second booth is at the Prolight + Sound: booth B 31 in hall 6.1.<br \/>\nThen we have a little booth in the keyboard hall. Here you find all keyboard stands and benches and of course the \u00bbSPIDER PRO\u00ab and the \u00bbOmega\u00ab. At 9 o\u2019clock the doors at the musikmesse opened. Until Saturday you can visit the musikmesse from 9 until 18 o\u2019clock.<\/p>\n<p>The first hours in the morning it was calm, but\u00a0 then more and more visitors has arrived. So the acoustic level has increased.<br \/>\nAt our main booth are a lot of visitors, customers and there was also the team from drumsolos.tv and guitarsolos.tv. They have made a video of Michael Wamser, our product manager who has presented the new products \u2013 for example the 4-guitar-stand \u00bbRoadie\u00ab.<br \/>\nAt 12 o\u00b4clock \u201cNoch ne Band\u201d played at Agora Stage. The members of the young rock band are also endorsed by us. So the band was at our main booth this afternoon.<\/p>\n<p>To get some impressions of our day we\u00b4ve load up some pictures.<\/p>\n","protected":false},"excerpt":{"rendered":"<p>Today the musikmesse in Frankfurt has started. The 40 K\u00f6nig &amp; Meyer employees went by bus \u2013 our departure: 6:45<span class=\"read_more\">Mehr erfahren<\/span><\/p>\n","protected":false},"author":9,"featured_media":7301,"comment_status":"open","ping_status":"open","sticky":false,"template":"","format":"standard","meta":{"footnotes":""},"categories":[958,960],"tags":[],"class_list":["post-7300","post","type-post","status-publish","format-standard","has-post-thumbnail","hentry","category-messenews","category-musikmesse"],"better_featured_image":{"id":7301,"alt_text":"","caption":"","description":"","media_type":"image","media_details":{"width":1800,"height":1200,"file":"news\/IMG_8190.JPG","sizes":{"medium":{"file":"IMG_8190-600x400.jpg","width":600,"height":400,"mime-type":"image\/jpeg","source_url":"https:\/\/www.k-m.de\/brand\/wp-content\/uploads\/news\/IMG_8190-600x400.jpg"},"profile_24":{"file":"IMG_8190-24x24.jpg","width":24,"height":24,"mime-type":"image\/jpeg","source_url":"https:\/\/www.k-m.de\/brand\/wp-content\/uploads\/news\/IMG_8190-24x24.jpg"},"profile_48":{"file":"IMG_8190-48x48.jpg","width":48,"height":48,"mime-type":"image\/jpeg","source_url":"https:\/\/www.k-m.de\/brand\/wp-content\/uploads\/news\/IMG_8190-48x48.jpg"},"profile_96":{"file":"IMG_8190-96x96.jpg","width":96,"height":96,"mime-type":"image\/jpeg","source_url":"https:\/\/www.k-m.de\/brand\/wp-content\/uploads\/news\/IMG_8190-96x96.jpg"},"thumbnail":{"file":"IMG_8190-800x480.jpg","width":800,"height":480,"mime-type":"image\/jpeg","source_url":"https:\/\/www.k-m.de\/brand\/wp-content\/uploads\/news\/IMG_8190-800x480.jpg"},"medium_large":{"file":"IMG_8190-768x512.jpg","width":768,"height":512,"mime-type":"image\/jpeg","source_url":"https:\/\/www.k-m.de\/brand\/wp-content\/uploads\/news\/IMG_8190-768x512.jpg"},"large":{"file":"IMG_8190-1024x683.jpg","width":1024,"height":683,"mime-type":"image\/jpeg","source_url":"https:\/\/www.k-m.de\/brand\/wp-content\/uploads\/news\/IMG_8190-1024x683.jpg"},"post-thumbnail":{"file":"IMG_8190-800x480.jpg","width":800,"height":480,"mime-type":"image\/jpeg","source_url":"https:\/\/www.k-m.de\/brand\/wp-content\/uploads\/news\/IMG_8190-800x480.jpg"},"medium_cropped":{"file":"IMG_8190-600x600.jpg","width":600,"height":600,"mime-type":"image\/jpeg","source_url":"https:\/\/www.k-m.de\/brand\/wp-content\/uploads\/news\/IMG_8190-600x600.jpg"},"large_cropped":{"file":"IMG_8190-1200x720.jpg","width":1200,"height":720,"mime-type":"image\/jpeg","source_url":"https:\/\/www.k-m.de\/brand\/wp-content\/uploads\/news\/IMG_8190-1200x720.jpg"},"very_large_cropped":{"file":"IMG_8190-1800x900.jpg","width":1800,"height":900,"mime-type":"image\/jpeg","source_url":"https:\/\/www.k-m.de\/brand\/wp-content\/uploads\/news\/IMG_8190-1800x900.jpg"},"landingpage_thumb":{"file":"IMG_8190-450x300.jpg","width":450,"height":300,"mime-type":"image\/jpeg","source_url":"https:\/\/www.k-m.de\/brand\/wp-content\/uploads\/news\/IMG_8190-450x300.jpg"},"medium_old_300x200":{"file":"IMG_8190-300x200.jpg","width":300,"height":200,"mime-type":"image\/jpeg","source_url":"https:\/\/www.k-m.de\/brand\/wp-content\/uploads\/news\/IMG_8190-300x200.jpg"},"thumbnail_old_150x150":{"file":"IMG_8190-150x150.jpg","width":150,"height":150,"mime-type":"image\/jpeg","source_url":"https:\/\/www.k-m.de\/brand\/wp-content\/uploads\/news\/IMG_8190-150x150.jpg"}},"image_meta":{"aperture":"0","credit":"","camera":"","caption":"","created_timestamp":"0","copyright":"","focal_length":"0","iso":"0","shutter_speed":"0","title":"","orientation":"0","keywords":[]}},"post":7300,"source_url":"https:\/\/www.k-m.de\/brand\/wp-content\/uploads\/news\/IMG_8190.JPG"},"post_meta_fields":{"_vc_post_settings":["a:1:{s:10:\"vc_grid_id\";a:0:{}}"],"_wpml_media_featured":["1"],"_wpml_media_duplicate":["1"],"_thumbnail_id":["7301"],"_edit_lock":["1616423006:8"],"_edit_last":["8"],"_wpb_vc_js_status":["false"],"_post_dealeronly":[""],"_encloseme":["1"]},"yoast_head":"<!-- This site is optimized with the Yoast SEO Premium plugin v26.8 (Yoast SEO v27.4) - https:\/\/yoast.com\/product\/yoast-seo-premium-wordpress\/ -->\n<title>Dairy: 1st day at the Musikmesse Frankfurt. - K\u00f6nig &amp; Meyer<\/title>\n<meta name=\"robots\" content=\"index, follow, max-snippet:-1, max-image-preview:large, max-video-preview:-1\" \/>\n<link rel=\"canonical\" href=\"https:\/\/www.k-m.de\/brand\/de\/musikmesse-tagebuch-tag-1\/\" \/>\n<meta property=\"og:locale\" content=\"en_GB\" \/>\n<meta property=\"og:type\" content=\"article\" \/>\n<meta property=\"og:title\" content=\"Dairy: 1st day at the Musikmesse Frankfurt.\" \/>\n<meta property=\"og:description\" content=\"Today the musikmesse in Frankfurt has started. The 40 K\u00f6nig &amp; Meyer employees went by bus \u2013 our departure: 6:45Mehr erfahren\" \/>\n<meta property=\"og:url\" content=\"https:\/\/www.k-m.de\/brand\/de\/musikmesse-tagebuch-tag-1\/\" \/>\n<meta property=\"og:site_name\" content=\"K\u00f6nig &amp; Meyer\" \/>\n<meta property=\"article:published_time\" content=\"2011-04-06T14:49:00+00:00\" \/>\n<meta property=\"article:modified_time\" content=\"2021-03-22T14:23:26+00:00\" \/>\n<meta property=\"og:image\" content=\"https:\/\/www.k-m.de\/brand\/wp-content\/uploads\/news\/IMG_8190.JPG\" \/>\n\t<meta property=\"og:image:width\" content=\"1800\" \/>\n\t<meta property=\"og:image:height\" content=\"1200\" \/>\n\t<meta property=\"og:image:type\" content=\"image\/jpeg\" \/>\n<meta name=\"author\" content=\"Sandra Scholtz\" \/>\n<meta name=\"twitter:card\" content=\"summary_large_image\" \/>\n<meta name=\"twitter:label1\" content=\"Written by\" \/>\n\t<meta name=\"twitter:data1\" content=\"Sandra Scholtz\" \/>\n\t<meta name=\"twitter:label2\" content=\"Estimated reading time\" \/>\n\t<meta name=\"twitter:data2\" content=\"1 minute\" \/>\n<script type=\"application\/ld+json\" class=\"yoast-schema-graph\">{\"@context\":\"https:\\\/\\\/schema.org\",\"@graph\":[{\"@type\":\"Article\",\"@id\":\"https:\\\/\\\/www.k-m.de\\\/brand\\\/de\\\/musikmesse-tagebuch-tag-1\\\/#article\",\"isPartOf\":{\"@id\":\"https:\\\/\\\/www.k-m.de\\\/brand\\\/de\\\/musikmesse-tagebuch-tag-1\\\/\"},\"author\":{\"name\":\"Sandra Scholtz\",\"@id\":\"https:\\\/\\\/www.k-m.de\\\/brand\\\/de\\\/#\\\/schema\\\/person\\\/ec9984d920bbfdc597fe63f9d3d0dbcb\"},\"headline\":\"Dairy: 1st day at the Musikmesse Frankfurt.\",\"datePublished\":\"2011-04-06T14:49:00+00:00\",\"dateModified\":\"2021-03-22T14:23:26+00:00\",\"mainEntityOfPage\":{\"@id\":\"https:\\\/\\\/www.k-m.de\\\/brand\\\/de\\\/musikmesse-tagebuch-tag-1\\\/\"},\"wordCount\":242,\"commentCount\":0,\"publisher\":{\"@id\":\"https:\\\/\\\/www.k-m.de\\\/brand\\\/de\\\/#organization\"},\"image\":{\"@id\":\"https:\\\/\\\/www.k-m.de\\\/brand\\\/de\\\/musikmesse-tagebuch-tag-1\\\/#primaryimage\"},\"thumbnailUrl\":\"https:\\\/\\\/www.k-m.de\\\/brand\\\/wp-content\\\/uploads\\\/news\\\/IMG_8190.JPG\",\"articleSection\":[\"Messe-News\",\"Trade Fair News\"],\"inLanguage\":\"en-GB\",\"potentialAction\":[{\"@type\":\"CommentAction\",\"name\":\"Comment\",\"target\":[\"https:\\\/\\\/www.k-m.de\\\/brand\\\/de\\\/musikmesse-tagebuch-tag-1\\\/#respond\"]}]},{\"@type\":\"WebPage\",\"@id\":\"https:\\\/\\\/www.k-m.de\\\/brand\\\/de\\\/musikmesse-tagebuch-tag-1\\\/\",\"url\":\"https:\\\/\\\/www.k-m.de\\\/brand\\\/de\\\/musikmesse-tagebuch-tag-1\\\/\",\"name\":\"Dairy: 1st day at the Musikmesse Frankfurt. - K\u00f6nig &amp; Meyer\",\"isPartOf\":{\"@id\":\"https:\\\/\\\/www.k-m.de\\\/brand\\\/de\\\/#website\"},\"primaryImageOfPage\":{\"@id\":\"https:\\\/\\\/www.k-m.de\\\/brand\\\/de\\\/musikmesse-tagebuch-tag-1\\\/#primaryimage\"},\"image\":{\"@id\":\"https:\\\/\\\/www.k-m.de\\\/brand\\\/de\\\/musikmesse-tagebuch-tag-1\\\/#primaryimage\"},\"thumbnailUrl\":\"https:\\\/\\\/www.k-m.de\\\/brand\\\/wp-content\\\/uploads\\\/news\\\/IMG_8190.JPG\",\"datePublished\":\"2011-04-06T14:49:00+00:00\",\"dateModified\":\"2021-03-22T14:23:26+00:00\",\"breadcrumb\":{\"@id\":\"https:\\\/\\\/www.k-m.de\\\/brand\\\/de\\\/musikmesse-tagebuch-tag-1\\\/#breadcrumb\"},\"inLanguage\":\"en-GB\",\"potentialAction\":[{\"@type\":\"ReadAction\",\"target\":[\"https:\\\/\\\/www.k-m.de\\\/brand\\\/de\\\/musikmesse-tagebuch-tag-1\\\/\"]}]},{\"@type\":\"ImageObject\",\"inLanguage\":\"en-GB\",\"@id\":\"https:\\\/\\\/www.k-m.de\\\/brand\\\/de\\\/musikmesse-tagebuch-tag-1\\\/#primaryimage\",\"url\":\"https:\\\/\\\/www.k-m.de\\\/brand\\\/wp-content\\\/uploads\\\/news\\\/IMG_8190.JPG\",\"contentUrl\":\"https:\\\/\\\/www.k-m.de\\\/brand\\\/wp-content\\\/uploads\\\/news\\\/IMG_8190.JPG\",\"width\":1800,\"height\":1200},{\"@type\":\"BreadcrumbList\",\"@id\":\"https:\\\/\\\/www.k-m.de\\\/brand\\\/de\\\/musikmesse-tagebuch-tag-1\\\/#breadcrumb\",\"itemListElement\":[{\"@type\":\"ListItem\",\"position\":1,\"name\":\"Startseite\",\"item\":\"https:\\\/\\\/www.k-m.de\\\/brand\\\/en\\\/\"},{\"@type\":\"ListItem\",\"position\":2,\"name\":\"Dairy: 1st day at the Musikmesse Frankfurt.\"}]},{\"@type\":\"WebSite\",\"@id\":\"https:\\\/\\\/www.k-m.de\\\/brand\\\/de\\\/#website\",\"url\":\"https:\\\/\\\/www.k-m.de\\\/brand\\\/de\\\/\",\"name\":\"K\u00f6nig & Meyer\",\"description\":\"K\u00f6nig &amp; Meyer ist ein weltweit f\u00fchrender Hersteller f\u00fcr Musikzubeh\u00f6r. Seit \u00fcber 65 Jahren steht K&amp;M f\u00fcr qualitativ hochwertige Produkte.\",\"publisher\":{\"@id\":\"https:\\\/\\\/www.k-m.de\\\/brand\\\/de\\\/#organization\"},\"potentialAction\":[{\"@type\":\"SearchAction\",\"target\":{\"@type\":\"EntryPoint\",\"urlTemplate\":\"https:\\\/\\\/www.k-m.de\\\/brand\\\/de\\\/?s={search_term_string}\"},\"query-input\":{\"@type\":\"PropertyValueSpecification\",\"valueRequired\":true,\"valueName\":\"search_term_string\"}}],\"inLanguage\":\"en-GB\"},{\"@type\":\"Organization\",\"@id\":\"https:\\\/\\\/www.k-m.de\\\/brand\\\/de\\\/#organization\",\"name\":\"K\u00f6nig & Meyer\",\"url\":\"https:\\\/\\\/www.k-m.de\\\/brand\\\/de\\\/\",\"logo\":{\"@type\":\"ImageObject\",\"inLanguage\":\"en-GB\",\"@id\":\"https:\\\/\\\/www.k-m.de\\\/brand\\\/de\\\/#\\\/schema\\\/logo\\\/image\\\/\",\"url\":\"https:\\\/\\\/www.k-m.de\\\/brand\\\/wp-content\\\/uploads\\\/2023\\\/01\\\/KM_1c.tif\",\"contentUrl\":\"https:\\\/\\\/www.k-m.de\\\/brand\\\/wp-content\\\/uploads\\\/2023\\\/01\\\/KM_1c.tif\",\"width\":1,\"height\":1,\"caption\":\"K\u00f6nig & Meyer\"},\"image\":{\"@id\":\"https:\\\/\\\/www.k-m.de\\\/brand\\\/de\\\/#\\\/schema\\\/logo\\\/image\\\/\"}},{\"@type\":\"Person\",\"@id\":\"https:\\\/\\\/www.k-m.de\\\/brand\\\/de\\\/#\\\/schema\\\/person\\\/ec9984d920bbfdc597fe63f9d3d0dbcb\",\"name\":\"Sandra Scholtz\",\"url\":\"https:\\\/\\\/www.k-m.de\\\/brand\\\/en\\\/author\\\/sandra-scholtz\\\/\"}]}<\/script>\n<!-- \/ Yoast SEO Premium plugin. -->","yoast_head_json":{"title":"Dairy: 1st day at the Musikmesse Frankfurt. - K\u00f6nig &amp; Meyer","robots":{"index":"index","follow":"follow","max-snippet":"max-snippet:-1","max-image-preview":"max-image-preview:large","max-video-preview":"max-video-preview:-1"},"canonical":"https:\/\/www.k-m.de\/brand\/de\/musikmesse-tagebuch-tag-1\/","og_locale":"en_GB","og_type":"article","og_title":"Dairy: 1st day at the Musikmesse Frankfurt.","og_description":"Today the musikmesse in Frankfurt has started. The 40 K\u00f6nig &amp; Meyer employees went by bus \u2013 our departure: 6:45Mehr erfahren","og_url":"https:\/\/www.k-m.de\/brand\/de\/musikmesse-tagebuch-tag-1\/","og_site_name":"K\u00f6nig &amp; Meyer","article_published_time":"2011-04-06T14:49:00+00:00","article_modified_time":"2021-03-22T14:23:26+00:00","og_image":[{"width":1800,"height":1200,"url":"https:\/\/www.k-m.de\/brand\/wp-content\/uploads\/news\/IMG_8190.JPG","type":"image\/jpeg"}],"author":"Sandra Scholtz","twitter_card":"summary_large_image","twitter_misc":{"Written by":"Sandra Scholtz","Estimated reading time":"1 minute"},"schema":{"@context":"https:\/\/schema.org","@graph":[{"@type":"Article","@id":"https:\/\/www.k-m.de\/brand\/de\/musikmesse-tagebuch-tag-1\/#article","isPartOf":{"@id":"https:\/\/www.k-m.de\/brand\/de\/musikmesse-tagebuch-tag-1\/"},"author":{"name":"Sandra Scholtz","@id":"https:\/\/www.k-m.de\/brand\/de\/#\/schema\/person\/ec9984d920bbfdc597fe63f9d3d0dbcb"},"headline":"Dairy: 1st day at the Musikmesse Frankfurt.","datePublished":"2011-04-06T14:49:00+00:00","dateModified":"2021-03-22T14:23:26+00:00","mainEntityOfPage":{"@id":"https:\/\/www.k-m.de\/brand\/de\/musikmesse-tagebuch-tag-1\/"},"wordCount":242,"commentCount":0,"publisher":{"@id":"https:\/\/www.k-m.de\/brand\/de\/#organization"},"image":{"@id":"https:\/\/www.k-m.de\/brand\/de\/musikmesse-tagebuch-tag-1\/#primaryimage"},"thumbnailUrl":"https:\/\/www.k-m.de\/brand\/wp-content\/uploads\/news\/IMG_8190.JPG","articleSection":["Messe-News","Trade Fair News"],"inLanguage":"en-GB","potentialAction":[{"@type":"CommentAction","name":"Comment","target":["https:\/\/www.k-m.de\/brand\/de\/musikmesse-tagebuch-tag-1\/#respond"]}]},{"@type":"WebPage","@id":"https:\/\/www.k-m.de\/brand\/de\/musikmesse-tagebuch-tag-1\/","url":"https:\/\/www.k-m.de\/brand\/de\/musikmesse-tagebuch-tag-1\/","name":"Dairy: 1st day at the Musikmesse Frankfurt. - K\u00f6nig &amp; Meyer","isPartOf":{"@id":"https:\/\/www.k-m.de\/brand\/de\/#website"},"primaryImageOfPage":{"@id":"https:\/\/www.k-m.de\/brand\/de\/musikmesse-tagebuch-tag-1\/#primaryimage"},"image":{"@id":"https:\/\/www.k-m.de\/brand\/de\/musikmesse-tagebuch-tag-1\/#primaryimage"},"thumbnailUrl":"https:\/\/www.k-m.de\/brand\/wp-content\/uploads\/news\/IMG_8190.JPG","datePublished":"2011-04-06T14:49:00+00:00","dateModified":"2021-03-22T14:23:26+00:00","breadcrumb":{"@id":"https:\/\/www.k-m.de\/brand\/de\/musikmesse-tagebuch-tag-1\/#breadcrumb"},"inLanguage":"en-GB","potentialAction":[{"@type":"ReadAction","target":["https:\/\/www.k-m.de\/brand\/de\/musikmesse-tagebuch-tag-1\/"]}]},{"@type":"ImageObject","inLanguage":"en-GB","@id":"https:\/\/www.k-m.de\/brand\/de\/musikmesse-tagebuch-tag-1\/#primaryimage","url":"https:\/\/www.k-m.de\/brand\/wp-content\/uploads\/news\/IMG_8190.JPG","contentUrl":"https:\/\/www.k-m.de\/brand\/wp-content\/uploads\/news\/IMG_8190.JPG","width":1800,"height":1200},{"@type":"BreadcrumbList","@id":"https:\/\/www.k-m.de\/brand\/de\/musikmesse-tagebuch-tag-1\/#breadcrumb","itemListElement":[{"@type":"ListItem","position":1,"name":"Startseite","item":"https:\/\/www.k-m.de\/brand\/en\/"},{"@type":"ListItem","position":2,"name":"Dairy: 1st day at the Musikmesse Frankfurt."}]},{"@type":"WebSite","@id":"https:\/\/www.k-m.de\/brand\/de\/#website","url":"https:\/\/www.k-m.de\/brand\/de\/","name":"K\u00f6nig & Meyer","description":"K\u00f6nig &amp; Meyer ist ein weltweit f\u00fchrender Hersteller f\u00fcr Musikzubeh\u00f6r. Seit \u00fcber 65 Jahren steht K&amp;M f\u00fcr qualitativ hochwertige Produkte.","publisher":{"@id":"https:\/\/www.k-m.de\/brand\/de\/#organization"},"potentialAction":[{"@type":"SearchAction","target":{"@type":"EntryPoint","urlTemplate":"https:\/\/www.k-m.de\/brand\/de\/?s={search_term_string}"},"query-input":{"@type":"PropertyValueSpecification","valueRequired":true,"valueName":"search_term_string"}}],"inLanguage":"en-GB"},{"@type":"Organization","@id":"https:\/\/www.k-m.de\/brand\/de\/#organization","name":"K\u00f6nig & Meyer","url":"https:\/\/www.k-m.de\/brand\/de\/","logo":{"@type":"ImageObject","inLanguage":"en-GB","@id":"https:\/\/www.k-m.de\/brand\/de\/#\/schema\/logo\/image\/","url":"https:\/\/www.k-m.de\/brand\/wp-content\/uploads\/2023\/01\/KM_1c.tif","contentUrl":"https:\/\/www.k-m.de\/brand\/wp-content\/uploads\/2023\/01\/KM_1c.tif","width":1,"height":1,"caption":"K\u00f6nig & Meyer"},"image":{"@id":"https:\/\/www.k-m.de\/brand\/de\/#\/schema\/logo\/image\/"}},{"@type":"Person","@id":"https:\/\/www.k-m.de\/brand\/de\/#\/schema\/person\/ec9984d920bbfdc597fe63f9d3d0dbcb","name":"Sandra Scholtz","url":"https:\/\/www.k-m.de\/brand\/en\/author\/sandra-scholtz\/"}]}},"_links":{"self":[{"href":"https:\/\/www.k-m.de\/brand\/en\/wp-json\/wp\/v2\/posts\/7300","targetHints":{"allow":["GET"]}}],"collection":[{"href":"https:\/\/www.k-m.de\/brand\/en\/wp-json\/wp\/v2\/posts"}],"about":[{"href":"https:\/\/www.k-m.de\/brand\/en\/wp-json\/wp\/v2\/types\/post"}],"author":[{"embeddable":true,"href":"https:\/\/www.k-m.de\/brand\/en\/wp-json\/wp\/v2\/users\/9"}],"replies":[{"embeddable":true,"href":"https:\/\/www.k-m.de\/brand\/en\/wp-json\/wp\/v2\/comments?post=7300"}],"version-history":[{"count":2,"href":"https:\/\/www.k-m.de\/brand\/en\/wp-json\/wp\/v2\/posts\/7300\/revisions"}],"predecessor-version":[{"id":8901,"href":"https:\/\/www.k-m.de\/brand\/en\/wp-json\/wp\/v2\/posts\/7300\/revisions\/8901"}],"wp:featuredmedia":[{"embeddable":true,"href":"https:\/\/www.k-m.de\/brand\/en\/wp-json\/wp\/v2\/media\/7301"}],"wp:attachment":[{"href":"https:\/\/www.k-m.de\/brand\/en\/wp-json\/wp\/v2\/media?parent=7300"}],"wp:term":[{"taxonomy":"category","embeddable":true,"href":"https:\/\/www.k-m.de\/brand\/en\/wp-json\/wp\/v2\/categories?post=7300"},{"taxonomy":"post_tag","embeddable":true,"href":"https:\/\/www.k-m.de\/brand\/en\/wp-json\/wp\/v2\/tags?post=7300"}],"curies":[{"name":"wp","href":"https:\/\/api.w.org\/{rel}","templated":true}]}}