{"id":13684,"date":"2015-11-29T12:50:29","date_gmt":"2015-11-29T11:50:29","guid":{"rendered":"https:\/\/www.k-m.de\/brand\/?p=13684"},"modified":"2021-12-19T16:35:23","modified_gmt":"2021-12-19T15:35:23","slug":"a-holder-for-everything-from-9-inch-tablets-to-ipad-pro","status":"publish","type":"post","link":"https:\/\/www.k-m.de\/brand\/us\/a-holder-for-everything-from-9-inch-tablets-to-ipad-pro\/","title":{"rendered":"A holder for everything from 9-inch tablets to iPad Pro"},"content":{"rendered":"<p>Right in time to accompany the holders made to fit the current iPad models, K\u00f6nig &amp; Meyer launched a <strong>new series of universally adjustable tablet PC holders<\/strong> on the market in November. The new holders\u2019 support arms can be adjusted to the size of the tablet, allowing them to hold devices 220 to 331 mm in height and 128 to 232 mm in width. The depth of the tablets used can range from 5 to 11 mm. Alongside classic iPads, the iPad Air, a Samsung Galaxy Tab (starting at 9.7\u201d) and the Microsoft Surface or Surface Pro, the holder also fits other models, such as the large iPad Pro. The tablets are inserted into the holder after the settings have been adjusted via a snap lock and taken back out the same way. Three different holder versions are available.<\/p>\n<p>The <a href=\"https:\/\/www.k-m.de\/us\/products\/multimedia-equipment\/holders\/19790-tablet-pc-stand-holder-black-5-8?number=US-19790-516-55\" target=\"_blank\" rel=\"noopener noreferrer\"><strong>Tablet PC stand holder 19790<\/strong><\/a> is screwed onto a microphone stand via a 3\/8\u201d or 5\/8\u201d threaded bolts. The <strong><a href=\"https:\/\/www.k-m.de\/us\/products\/multimedia-equipment\/holders\/19791-tablet-pc-holder-black?number=US-19791-016-55\">model 19791<\/a><\/strong>\u00a0can alternatively be attached to the side of any tube with a maximum diameter of 30 mm via a strong clamp element.<\/p>\n<p>The <a href=\"https:\/\/www.k-m.de\/us\/products\/multimedia-equipment\/stands\/19792-tablet-pc-table-stand-black?number=US-19792-016-55\" target=\"_blank\" rel=\"noopener noreferrer\"><strong>tablet PC table stand 19792<\/strong><\/a> features a robust base, making it perfect for studio or home use. All holders can turn between portrait and landscape positions.\u00a0It is also possible to adjust the tilt and the holder angle.<\/p>\n","protected":false},"excerpt":{"rendered":"<p>Right in time to accompany the holders made to fit the current iPad models, K\u00f6nig &amp; Meyer launched a new<span class=\"read_more\">Mehr erfahren<\/span><\/p>\n","protected":false},"author":11,"featured_media":10194,"comment_status":"open","ping_status":"open","sticky":false,"template":"","format":"standard","meta":{"footnotes":""},"categories":[985,984],"tags":[],"class_list":["post-13684","post","type-post","status-publish","format-standard","has-post-thumbnail","hentry","category-company-us","category-product-know-how-us"],"better_featured_image":{"id":10194,"alt_text":"","caption":"","description":"","media_type":"image","media_details":{"width":456,"height":346,"file":"news\/Foto_KM_Tablet-PC-Halter-news.jpg","sizes":{"profile_24":{"file":"Foto_KM_Tablet-PC-Halter-news-24x24.jpg","width":24,"height":24,"mime-type":"image\/jpeg","source_url":"https:\/\/www.k-m.de\/brand\/wp-content\/uploads\/news\/Foto_KM_Tablet-PC-Halter-news-24x24.jpg"},"profile_48":{"file":"Foto_KM_Tablet-PC-Halter-news-48x48.jpg","width":48,"height":48,"mime-type":"image\/jpeg","source_url":"https:\/\/www.k-m.de\/brand\/wp-content\/uploads\/news\/Foto_KM_Tablet-PC-Halter-news-48x48.jpg"},"profile_96":{"file":"Foto_KM_Tablet-PC-Halter-news-96x96.jpg","width":96,"height":96,"mime-type":"image\/jpeg","source_url":"https:\/\/www.k-m.de\/brand\/wp-content\/uploads\/news\/Foto_KM_Tablet-PC-Halter-news-96x96.jpg"},"thumbnail":{"file":"Foto_KM_Tablet-PC-Halter-news-800x480.jpg","width":800,"height":480,"mime-type":"image\/jpeg","source_url":"https:\/\/www.k-m.de\/brand\/wp-content\/uploads\/news\/Foto_KM_Tablet-PC-Halter-news-800x480.jpg"},"medium":{"file":"Foto_KM_Tablet-PC-Halter-news-300x228.jpg","width":300,"height":228,"mime-type":"image\/jpeg","source_url":"https:\/\/www.k-m.de\/brand\/wp-content\/uploads\/news\/Foto_KM_Tablet-PC-Halter-news-300x228.jpg"},"post-thumbnail":{"file":"Foto_KM_Tablet-PC-Halter-news-800x480.jpg","width":800,"height":480,"mime-type":"image\/jpeg","source_url":"https:\/\/www.k-m.de\/brand\/wp-content\/uploads\/news\/Foto_KM_Tablet-PC-Halter-news-800x480.jpg"},"medium_cropped":{"file":"Foto_KM_Tablet-PC-Halter-news-600x600.jpg","width":600,"height":600,"mime-type":"image\/jpeg","source_url":"https:\/\/www.k-m.de\/brand\/wp-content\/uploads\/news\/Foto_KM_Tablet-PC-Halter-news-600x600.jpg"},"large_cropped":{"file":"Foto_KM_Tablet-PC-Halter-news-1200x720.jpg","width":1200,"height":720,"mime-type":"image\/jpeg","source_url":"https:\/\/www.k-m.de\/brand\/wp-content\/uploads\/news\/Foto_KM_Tablet-PC-Halter-news-1200x720.jpg"},"very_large_cropped":{"file":"Foto_KM_Tablet-PC-Halter-news-1800x900.jpg","width":1800,"height":900,"mime-type":"image\/jpeg","source_url":"https:\/\/www.k-m.de\/brand\/wp-content\/uploads\/news\/Foto_KM_Tablet-PC-Halter-news-1800x900.jpg"},"landingpage_thumb":{"file":"Foto_KM_Tablet-PC-Halter-news-395x300.jpg","width":395,"height":300,"mime-type":"image\/jpeg","source_url":"https:\/\/www.k-m.de\/brand\/wp-content\/uploads\/news\/Foto_KM_Tablet-PC-Halter-news-395x300.jpg"},"thumbnail_old_150x150":{"file":"Foto_KM_Tablet-PC-Halter-news-150x150.jpg","width":150,"height":150,"mime-type":"image\/jpeg","source_url":"https:\/\/www.k-m.de\/brand\/wp-content\/uploads\/news\/Foto_KM_Tablet-PC-Halter-news-150x150.jpg"}},"image_meta":{"aperture":"0","credit":"","camera":"","caption":"","created_timestamp":"0","copyright":"","focal_length":"0","iso":"0","shutter_speed":"0","title":"","orientation":"1","keywords":[]}},"post":13684,"source_url":"https:\/\/www.k-m.de\/brand\/wp-content\/uploads\/news\/Foto_KM_Tablet-PC-Halter-news.jpg"},"post_meta_fields":{"_post_dealeronly":[""],"_edit_lock":["1639927988:9"],"_edit_last":["9"],"_wpb_vc_js_status":["false"],"_yoast_wpseo_content_score":["30"],"_wpml_media_duplicate":["1"],"_wpml_media_featured":["1"],"_thumbnail_id":["10194"],"_wp_old_date":["2020-02-29"],"_pingme":["1"],"_encloseme":["1"],"_post_knowhow_products":["19790-516-55,19791-016-55,19792-016-55"],"_yoast_wpseo_estimated-reading-time-minutes":[""]},"yoast_head":"<!-- This site is optimized with the Yoast SEO Premium plugin v26.8 (Yoast SEO v27.4) - https:\/\/yoast.com\/product\/yoast-seo-premium-wordpress\/ -->\n<title>A holder for everything from 9-inch tablets to iPad Pro - K\u00f6nig &amp; Meyer<\/title>\n<meta name=\"robots\" content=\"index, follow, max-snippet:-1, max-image-preview:large, max-video-preview:-1\" \/>\n<link rel=\"canonical\" href=\"https:\/\/www.k-m.de\/brand\/us\/a-holder-for-everything-from-9-inch-tablets-to-ipad-pro\/\" \/>\n<meta property=\"og:locale\" content=\"en_US\" \/>\n<meta property=\"og:type\" content=\"article\" \/>\n<meta property=\"og:title\" content=\"A holder for everything from 9-inch tablets to iPad Pro\" \/>\n<meta property=\"og:description\" content=\"Right in time to accompany the holders made to fit the current iPad models, K\u00f6nig &amp; Meyer launched a newMehr erfahren\" \/>\n<meta property=\"og:url\" content=\"https:\/\/www.k-m.de\/brand\/us\/a-holder-for-everything-from-9-inch-tablets-to-ipad-pro\/\" \/>\n<meta property=\"og:site_name\" content=\"K\u00f6nig &amp; Meyer\" \/>\n<meta property=\"article:published_time\" content=\"2015-11-29T11:50:29+00:00\" \/>\n<meta property=\"article:modified_time\" content=\"2021-12-19T15:35:23+00:00\" \/>\n<meta property=\"og:image\" content=\"https:\/\/www.k-m.de\/brand\/wp-content\/uploads\/news\/Foto_KM_Tablet-PC-Halter-news.jpg\" \/>\n\t<meta property=\"og:image:width\" content=\"456\" \/>\n\t<meta property=\"og:image:height\" content=\"346\" \/>\n\t<meta property=\"og:image:type\" content=\"image\/jpeg\" \/>\n<meta name=\"author\" content=\"GabrielaKoenig\" \/>\n<meta name=\"twitter:card\" content=\"summary_large_image\" \/>\n<meta name=\"twitter:label1\" content=\"Written by\" \/>\n\t<meta name=\"twitter:data1\" content=\"GabrielaKoenig\" \/>\n\t<meta name=\"twitter:label2\" content=\"Est. reading time\" \/>\n\t<meta name=\"twitter:data2\" content=\"1 minute\" \/>\n<script type=\"application\/ld+json\" class=\"yoast-schema-graph\">{\"@context\":\"https:\\\/\\\/schema.org\",\"@graph\":[{\"@type\":\"Article\",\"@id\":\"https:\\\/\\\/www.k-m.de\\\/brand\\\/us\\\/a-holder-for-everything-from-9-inch-tablets-to-ipad-pro\\\/#article\",\"isPartOf\":{\"@id\":\"https:\\\/\\\/www.k-m.de\\\/brand\\\/us\\\/a-holder-for-everything-from-9-inch-tablets-to-ipad-pro\\\/\"},\"author\":{\"name\":\"GabrielaKoenig\",\"@id\":\"https:\\\/\\\/www.k-m.de\\\/brand\\\/de\\\/#\\\/schema\\\/person\\\/3ff4ea52479c68168f700a9de51034c6\"},\"headline\":\"A holder for everything from 9-inch tablets to iPad Pro\",\"datePublished\":\"2015-11-29T11:50:29+00:00\",\"dateModified\":\"2021-12-19T15:35:23+00:00\",\"mainEntityOfPage\":{\"@id\":\"https:\\\/\\\/www.k-m.de\\\/brand\\\/us\\\/a-holder-for-everything-from-9-inch-tablets-to-ipad-pro\\\/\"},\"wordCount\":220,\"commentCount\":0,\"publisher\":{\"@id\":\"https:\\\/\\\/www.k-m.de\\\/brand\\\/de\\\/#organization\"},\"image\":{\"@id\":\"https:\\\/\\\/www.k-m.de\\\/brand\\\/us\\\/a-holder-for-everything-from-9-inch-tablets-to-ipad-pro\\\/#primaryimage\"},\"thumbnailUrl\":\"https:\\\/\\\/www.k-m.de\\\/brand\\\/wp-content\\\/uploads\\\/news\\\/Foto_KM_Tablet-PC-Halter-news.jpg\",\"articleSection\":[\"Company News\",\"Product Know How\"],\"inLanguage\":\"en-US\",\"potentialAction\":[{\"@type\":\"CommentAction\",\"name\":\"Comment\",\"target\":[\"https:\\\/\\\/www.k-m.de\\\/brand\\\/us\\\/a-holder-for-everything-from-9-inch-tablets-to-ipad-pro\\\/#respond\"]}]},{\"@type\":\"WebPage\",\"@id\":\"https:\\\/\\\/www.k-m.de\\\/brand\\\/us\\\/a-holder-for-everything-from-9-inch-tablets-to-ipad-pro\\\/\",\"url\":\"https:\\\/\\\/www.k-m.de\\\/brand\\\/us\\\/a-holder-for-everything-from-9-inch-tablets-to-ipad-pro\\\/\",\"name\":\"A holder for everything from 9-inch tablets to iPad Pro - K\u00f6nig &amp; Meyer\",\"isPartOf\":{\"@id\":\"https:\\\/\\\/www.k-m.de\\\/brand\\\/de\\\/#website\"},\"primaryImageOfPage\":{\"@id\":\"https:\\\/\\\/www.k-m.de\\\/brand\\\/us\\\/a-holder-for-everything-from-9-inch-tablets-to-ipad-pro\\\/#primaryimage\"},\"image\":{\"@id\":\"https:\\\/\\\/www.k-m.de\\\/brand\\\/us\\\/a-holder-for-everything-from-9-inch-tablets-to-ipad-pro\\\/#primaryimage\"},\"thumbnailUrl\":\"https:\\\/\\\/www.k-m.de\\\/brand\\\/wp-content\\\/uploads\\\/news\\\/Foto_KM_Tablet-PC-Halter-news.jpg\",\"datePublished\":\"2015-11-29T11:50:29+00:00\",\"dateModified\":\"2021-12-19T15:35:23+00:00\",\"breadcrumb\":{\"@id\":\"https:\\\/\\\/www.k-m.de\\\/brand\\\/us\\\/a-holder-for-everything-from-9-inch-tablets-to-ipad-pro\\\/#breadcrumb\"},\"inLanguage\":\"en-US\",\"potentialAction\":[{\"@type\":\"ReadAction\",\"target\":[\"https:\\\/\\\/www.k-m.de\\\/brand\\\/us\\\/a-holder-for-everything-from-9-inch-tablets-to-ipad-pro\\\/\"]}]},{\"@type\":\"ImageObject\",\"inLanguage\":\"en-US\",\"@id\":\"https:\\\/\\\/www.k-m.de\\\/brand\\\/us\\\/a-holder-for-everything-from-9-inch-tablets-to-ipad-pro\\\/#primaryimage\",\"url\":\"https:\\\/\\\/www.k-m.de\\\/brand\\\/wp-content\\\/uploads\\\/news\\\/Foto_KM_Tablet-PC-Halter-news.jpg\",\"contentUrl\":\"https:\\\/\\\/www.k-m.de\\\/brand\\\/wp-content\\\/uploads\\\/news\\\/Foto_KM_Tablet-PC-Halter-news.jpg\",\"width\":456,\"height\":346},{\"@type\":\"BreadcrumbList\",\"@id\":\"https:\\\/\\\/www.k-m.de\\\/brand\\\/us\\\/a-holder-for-everything-from-9-inch-tablets-to-ipad-pro\\\/#breadcrumb\",\"itemListElement\":[{\"@type\":\"ListItem\",\"position\":1,\"name\":\"Startseite\",\"item\":\"https:\\\/\\\/www.k-m.de\\\/brand\\\/us\\\/\"},{\"@type\":\"ListItem\",\"position\":2,\"name\":\"A holder for everything from 9-inch tablets to iPad Pro\"}]},{\"@type\":\"WebSite\",\"@id\":\"https:\\\/\\\/www.k-m.de\\\/brand\\\/de\\\/#website\",\"url\":\"https:\\\/\\\/www.k-m.de\\\/brand\\\/de\\\/\",\"name\":\"K\u00f6nig & Meyer\",\"description\":\"K\u00f6nig &amp; Meyer ist ein weltweit f\u00fchrender Hersteller f\u00fcr Musikzubeh\u00f6r. Seit \u00fcber 65 Jahren steht K&amp;M f\u00fcr qualitativ hochwertige Produkte.\",\"publisher\":{\"@id\":\"https:\\\/\\\/www.k-m.de\\\/brand\\\/de\\\/#organization\"},\"potentialAction\":[{\"@type\":\"SearchAction\",\"target\":{\"@type\":\"EntryPoint\",\"urlTemplate\":\"https:\\\/\\\/www.k-m.de\\\/brand\\\/de\\\/?s={search_term_string}\"},\"query-input\":{\"@type\":\"PropertyValueSpecification\",\"valueRequired\":true,\"valueName\":\"search_term_string\"}}],\"inLanguage\":\"en-US\"},{\"@type\":\"Organization\",\"@id\":\"https:\\\/\\\/www.k-m.de\\\/brand\\\/de\\\/#organization\",\"name\":\"K\u00f6nig & Meyer\",\"url\":\"https:\\\/\\\/www.k-m.de\\\/brand\\\/de\\\/\",\"logo\":{\"@type\":\"ImageObject\",\"inLanguage\":\"en-US\",\"@id\":\"https:\\\/\\\/www.k-m.de\\\/brand\\\/de\\\/#\\\/schema\\\/logo\\\/image\\\/\",\"url\":\"https:\\\/\\\/www.k-m.de\\\/brand\\\/wp-content\\\/uploads\\\/2023\\\/01\\\/KM_1c.tif\",\"contentUrl\":\"https:\\\/\\\/www.k-m.de\\\/brand\\\/wp-content\\\/uploads\\\/2023\\\/01\\\/KM_1c.tif\",\"width\":1,\"height\":1,\"caption\":\"K\u00f6nig & Meyer\"},\"image\":{\"@id\":\"https:\\\/\\\/www.k-m.de\\\/brand\\\/de\\\/#\\\/schema\\\/logo\\\/image\\\/\"}},{\"@type\":\"Person\",\"@id\":\"https:\\\/\\\/www.k-m.de\\\/brand\\\/de\\\/#\\\/schema\\\/person\\\/3ff4ea52479c68168f700a9de51034c6\",\"name\":\"GabrielaKoenig\",\"description\":\"CEO\",\"url\":\"https:\\\/\\\/www.k-m.de\\\/brand\\\/us\\\/author\\\/gabrielakoenig\\\/\"}]}<\/script>\n<!-- \/ Yoast SEO Premium plugin. -->","yoast_head_json":{"title":"A holder for everything from 9-inch tablets to iPad Pro - K\u00f6nig &amp; Meyer","robots":{"index":"index","follow":"follow","max-snippet":"max-snippet:-1","max-image-preview":"max-image-preview:large","max-video-preview":"max-video-preview:-1"},"canonical":"https:\/\/www.k-m.de\/brand\/us\/a-holder-for-everything-from-9-inch-tablets-to-ipad-pro\/","og_locale":"en_US","og_type":"article","og_title":"A holder for everything from 9-inch tablets to iPad Pro","og_description":"Right in time to accompany the holders made to fit the current iPad models, K\u00f6nig &amp; Meyer launched a newMehr erfahren","og_url":"https:\/\/www.k-m.de\/brand\/us\/a-holder-for-everything-from-9-inch-tablets-to-ipad-pro\/","og_site_name":"K\u00f6nig &amp; Meyer","article_published_time":"2015-11-29T11:50:29+00:00","article_modified_time":"2021-12-19T15:35:23+00:00","og_image":[{"width":456,"height":346,"url":"https:\/\/www.k-m.de\/brand\/wp-content\/uploads\/news\/Foto_KM_Tablet-PC-Halter-news.jpg","type":"image\/jpeg"}],"author":"GabrielaKoenig","twitter_card":"summary_large_image","twitter_misc":{"Written by":"GabrielaKoenig","Est. reading time":"1 minute"},"schema":{"@context":"https:\/\/schema.org","@graph":[{"@type":"Article","@id":"https:\/\/www.k-m.de\/brand\/us\/a-holder-for-everything-from-9-inch-tablets-to-ipad-pro\/#article","isPartOf":{"@id":"https:\/\/www.k-m.de\/brand\/us\/a-holder-for-everything-from-9-inch-tablets-to-ipad-pro\/"},"author":{"name":"GabrielaKoenig","@id":"https:\/\/www.k-m.de\/brand\/de\/#\/schema\/person\/3ff4ea52479c68168f700a9de51034c6"},"headline":"A holder for everything from 9-inch tablets to iPad Pro","datePublished":"2015-11-29T11:50:29+00:00","dateModified":"2021-12-19T15:35:23+00:00","mainEntityOfPage":{"@id":"https:\/\/www.k-m.de\/brand\/us\/a-holder-for-everything-from-9-inch-tablets-to-ipad-pro\/"},"wordCount":220,"commentCount":0,"publisher":{"@id":"https:\/\/www.k-m.de\/brand\/de\/#organization"},"image":{"@id":"https:\/\/www.k-m.de\/brand\/us\/a-holder-for-everything-from-9-inch-tablets-to-ipad-pro\/#primaryimage"},"thumbnailUrl":"https:\/\/www.k-m.de\/brand\/wp-content\/uploads\/news\/Foto_KM_Tablet-PC-Halter-news.jpg","articleSection":["Company News","Product Know How"],"inLanguage":"en-US","potentialAction":[{"@type":"CommentAction","name":"Comment","target":["https:\/\/www.k-m.de\/brand\/us\/a-holder-for-everything-from-9-inch-tablets-to-ipad-pro\/#respond"]}]},{"@type":"WebPage","@id":"https:\/\/www.k-m.de\/brand\/us\/a-holder-for-everything-from-9-inch-tablets-to-ipad-pro\/","url":"https:\/\/www.k-m.de\/brand\/us\/a-holder-for-everything-from-9-inch-tablets-to-ipad-pro\/","name":"A holder for everything from 9-inch tablets to iPad Pro - K\u00f6nig &amp; Meyer","isPartOf":{"@id":"https:\/\/www.k-m.de\/brand\/de\/#website"},"primaryImageOfPage":{"@id":"https:\/\/www.k-m.de\/brand\/us\/a-holder-for-everything-from-9-inch-tablets-to-ipad-pro\/#primaryimage"},"image":{"@id":"https:\/\/www.k-m.de\/brand\/us\/a-holder-for-everything-from-9-inch-tablets-to-ipad-pro\/#primaryimage"},"thumbnailUrl":"https:\/\/www.k-m.de\/brand\/wp-content\/uploads\/news\/Foto_KM_Tablet-PC-Halter-news.jpg","datePublished":"2015-11-29T11:50:29+00:00","dateModified":"2021-12-19T15:35:23+00:00","breadcrumb":{"@id":"https:\/\/www.k-m.de\/brand\/us\/a-holder-for-everything-from-9-inch-tablets-to-ipad-pro\/#breadcrumb"},"inLanguage":"en-US","potentialAction":[{"@type":"ReadAction","target":["https:\/\/www.k-m.de\/brand\/us\/a-holder-for-everything-from-9-inch-tablets-to-ipad-pro\/"]}]},{"@type":"ImageObject","inLanguage":"en-US","@id":"https:\/\/www.k-m.de\/brand\/us\/a-holder-for-everything-from-9-inch-tablets-to-ipad-pro\/#primaryimage","url":"https:\/\/www.k-m.de\/brand\/wp-content\/uploads\/news\/Foto_KM_Tablet-PC-Halter-news.jpg","contentUrl":"https:\/\/www.k-m.de\/brand\/wp-content\/uploads\/news\/Foto_KM_Tablet-PC-Halter-news.jpg","width":456,"height":346},{"@type":"BreadcrumbList","@id":"https:\/\/www.k-m.de\/brand\/us\/a-holder-for-everything-from-9-inch-tablets-to-ipad-pro\/#breadcrumb","itemListElement":[{"@type":"ListItem","position":1,"name":"Startseite","item":"https:\/\/www.k-m.de\/brand\/us\/"},{"@type":"ListItem","position":2,"name":"A holder for everything from 9-inch tablets to iPad Pro"}]},{"@type":"WebSite","@id":"https:\/\/www.k-m.de\/brand\/de\/#website","url":"https:\/\/www.k-m.de\/brand\/de\/","name":"K\u00f6nig & Meyer","description":"K\u00f6nig &amp; Meyer ist ein weltweit f\u00fchrender Hersteller f\u00fcr Musikzubeh\u00f6r. Seit \u00fcber 65 Jahren steht K&amp;M f\u00fcr qualitativ hochwertige Produkte.","publisher":{"@id":"https:\/\/www.k-m.de\/brand\/de\/#organization"},"potentialAction":[{"@type":"SearchAction","target":{"@type":"EntryPoint","urlTemplate":"https:\/\/www.k-m.de\/brand\/de\/?s={search_term_string}"},"query-input":{"@type":"PropertyValueSpecification","valueRequired":true,"valueName":"search_term_string"}}],"inLanguage":"en-US"},{"@type":"Organization","@id":"https:\/\/www.k-m.de\/brand\/de\/#organization","name":"K\u00f6nig & Meyer","url":"https:\/\/www.k-m.de\/brand\/de\/","logo":{"@type":"ImageObject","inLanguage":"en-US","@id":"https:\/\/www.k-m.de\/brand\/de\/#\/schema\/logo\/image\/","url":"https:\/\/www.k-m.de\/brand\/wp-content\/uploads\/2023\/01\/KM_1c.tif","contentUrl":"https:\/\/www.k-m.de\/brand\/wp-content\/uploads\/2023\/01\/KM_1c.tif","width":1,"height":1,"caption":"K\u00f6nig & Meyer"},"image":{"@id":"https:\/\/www.k-m.de\/brand\/de\/#\/schema\/logo\/image\/"}},{"@type":"Person","@id":"https:\/\/www.k-m.de\/brand\/de\/#\/schema\/person\/3ff4ea52479c68168f700a9de51034c6","name":"GabrielaKoenig","description":"CEO","url":"https:\/\/www.k-m.de\/brand\/us\/author\/gabrielakoenig\/"}]}},"_links":{"self":[{"href":"https:\/\/www.k-m.de\/brand\/us\/wp-json\/wp\/v2\/posts\/13684","targetHints":{"allow":["GET"]}}],"collection":[{"href":"https:\/\/www.k-m.de\/brand\/us\/wp-json\/wp\/v2\/posts"}],"about":[{"href":"https:\/\/www.k-m.de\/brand\/us\/wp-json\/wp\/v2\/types\/post"}],"author":[{"embeddable":true,"href":"https:\/\/www.k-m.de\/brand\/us\/wp-json\/wp\/v2\/users\/11"}],"replies":[{"embeddable":true,"href":"https:\/\/www.k-m.de\/brand\/us\/wp-json\/wp\/v2\/comments?post=13684"}],"version-history":[{"count":2,"href":"https:\/\/www.k-m.de\/brand\/us\/wp-json\/wp\/v2\/posts\/13684\/revisions"}],"predecessor-version":[{"id":13905,"href":"https:\/\/www.k-m.de\/brand\/us\/wp-json\/wp\/v2\/posts\/13684\/revisions\/13905"}],"wp:featuredmedia":[{"embeddable":true,"href":"https:\/\/www.k-m.de\/brand\/us\/wp-json\/wp\/v2\/media\/10194"}],"wp:attachment":[{"href":"https:\/\/www.k-m.de\/brand\/us\/wp-json\/wp\/v2\/media?parent=13684"}],"wp:term":[{"taxonomy":"category","embeddable":true,"href":"https:\/\/www.k-m.de\/brand\/us\/wp-json\/wp\/v2\/categories?post=13684"},{"taxonomy":"post_tag","embeddable":true,"href":"https:\/\/www.k-m.de\/brand\/us\/wp-json\/wp\/v2\/tags?post=13684"}],"curies":[{"name":"wp","href":"https:\/\/api.w.org\/{rel}","templated":true}]}}